{"id":10047,"date":"2018-04-06T12:47:39","date_gmt":"2018-04-06T10:47:39","guid":{"rendered":"http:\/\/www.altercampagne.net\/?p=10047"},"modified":"2018-05-25T07:34:19","modified_gmt":"2018-05-25T05:34:19","slug":"on-nattend-pas-lete-pour-rever","status":"publish","type":"post","link":"https:\/\/www.altercampagne.net\/?p=10047","title":{"rendered":"On n\u2019attend pas l\u2019\u00e9t\u00e9 pour r\u00eaver"},"content":{"rendered":"<p>Ce 24-25 mars, l\u2019AlterTour rencontrait les accueillants de cet \u00e9t\u00e9\u00a0! Pour r\u00eaver et pr\u00e9parer les aventures de cet \u00e9t\u00e9, ce WE de pr\u00e9paration se tenait duplex, \u00e0 Paris et Nancy.<\/p>\n<h5>A Paris, on rencontre les acteurs de\u00a0la pr\u00e9servation des terres agricoles<\/h5>\n<p>A Paris, nous avons rencontr\u00e9 Elo\u00efse et Julien des <a href=\"https:\/\/lesfermiersdelafrancilienne.fr\/La-fermeuniversitaire-P13\">fermiers de la Francilienne de Villetaneuse<\/a> et Alain, qui nous accueillera \u00e0 Magny-les-Hameaux, Cyril, des <a href=\"http:\/\/www.lesjardinsdeceres.net\/\">Jardins de C\u00e9res<\/a>, Axelle et sa famille de <a href=\"https:\/\/beauvais-en-transition.info\/\">Beauvais en transition<\/a>,\u00a0 Claudine de <a href=\"http:\/\/terresfertiles.com\/\">Terres Fertiles Saclay<\/a>, Val\u00e9rie de <a href=\"http:\/\/notreparcnestpasavendre.blogspot.fr\/\">notre parc n\u2019est pas \u00e0 vendre<\/a> et Pascal des <a href=\"https:\/\/mursapeches.wordpress.com\/\">Murs \u00e0 P\u00eaches<\/a>.<\/p>\n<p>Nous avons pu faire connaissance, \u00a0et en apprendre plus sur la pr\u00e9servation des zones agricoles en r\u00e9gion parisienne, un combat commun \u00e0 toutes ces alternatives enthousiasmantes\u00a0! Nous avons aussi \u00e9chang\u00e9 sur les pr\u00e9paratifs pour cet \u00e9t\u00e9, en termes de planning, de logistique ou de communication. Samedi soir nous avons continu\u00e9 les discussions autour d\u2019un verre, en \u00e9coutant la musique Klezmer du groupe <a href=\"http:\/\/klezmanne.wixsite.com\/klezmanne\">Klez\u2019manne<\/a> \u00e0 la Bellevilloise.<\/p>\n<p><a href=\"http:\/\/www.altercampagne.net\/?attachment_id=10061\"><img loading=\"lazy\" decoding=\"async\" class=\"alignnone wp-image-10061 size-full\" src=\"http:\/\/www.altercampagne.net\/wp-content\/uploads\/2018\/04\/2018-03-25_0001IMG_7816.jpg\" alt=\"\" width=\"850\" height=\"566\" srcset=\"https:\/\/www.altercampagne.net\/wp-content\/uploads\/2018\/04\/2018-03-25_0001IMG_7816.jpg 850w, https:\/\/www.altercampagne.net\/wp-content\/uploads\/2018\/04\/2018-03-25_0001IMG_7816-300x200.jpg 300w, https:\/\/www.altercampagne.net\/wp-content\/uploads\/2018\/04\/2018-03-25_0001IMG_7816-768x511.jpg 768w, https:\/\/www.altercampagne.net\/wp-content\/uploads\/2018\/04\/2018-03-25_0001IMG_7816-610x406.jpg 610w, https:\/\/www.altercampagne.net\/wp-content\/uploads\/2018\/04\/2018-03-25_0001IMG_7816-100x67.jpg 100w\" sizes=\"auto, (max-width: 850px) 100vw, 850px\" \/><\/a><\/p>\n<h5>A Nancy, nos accueillants du Grand Est viennent se raconter<\/h5>\n<p>A Nancy, nous avons rencontr\u00e9 Oph\u00e9lie et Eug\u00e9nie de la <a href=\"http:\/\/maison-mimir.com\/\">Maison Mimir<\/a>, Murielle et Lucile de la <a href=\"http:\/\/www.mjc3maisons.fr\/\">MJC des 3 Maisons<\/a>, Guillaume et Bruno de <a href=\"https:\/\/gcononmerci.org\/\">GCO non merci<\/a>, Fran\u00e7ois de <a href=\"http:\/\/www.alterboutique.com\/la-faille\/\">La Faille<\/a>, Patrick des <a href=\"https:\/\/colibris-nancy.fr\/le-jardin-de-centauree\/\">Jardins de Centaur\u00e9e.<\/a> En fin de journ\u00e9e, Lucile et Murielle ont guid\u00e9 le groupe \u00e0 la d\u00e9couverte des jardins partag\u00e9s et des ateliers des artistes en r\u00e9sidence \u00e0 la MJC. La journ\u00e9e c\u2019est conclue par le concert de la chanteuse <a href=\"https:\/\/www.facebook.com\/Aissate-Ba-268322919962850\/\">Aissate<\/a> dans le cadre de l\u2019\u00e9v\u00e8nement \u00ab\u00a0Autour d\u2019Ailes\u00a0\u00bb.<\/p>\n<p>Dimanche c\u2019\u00e9tait au tour d\u2019Ir\u00e8ne de <a href=\"http:\/\/burestop.free.fr\/spip\/\">Bure Stop<\/a>, Axel de l\u2019<a href=\"https:\/\/atelierdynamo.fr\/\">Atelier Dynamo<\/a>, Christophe et Anne d\u2019<a href=\"https:\/\/ecolline.wordpress.com\/\">Ecolline<\/a>, No\u00eblle de la <a href=\"http:\/\/www.mjc3maisons.fr\/\">MJC des 3 maisons<\/a>, Fran\u00e7ois de <a href=\"https:\/\/terredeliens.org\/lorraine.html\">Terre de Liens Lorraine<\/a>, Didier et Nathalie des <a href=\"http:\/\/lesgrandsjardins.canalblog.com\/\">Grands Jardins<\/a> de nous raconter leurs projets. De grandes discussions pour tisser du lien avec les accueillant\u00b7es de l\u2019AlterTour 2018, mais aussi entre ces diff\u00e9rents acteurs\u00a0! La matin\u00e9e a \u00e9t\u00e9 marqu\u00e9e par l\u2019appel d\u2019Ir\u00e8ne sur l\u2019urgence de rejoindre la mobilisation contre le projet d\u2019enfouissement de d\u00e9chets nucl\u00e9aires \u00e0 Bure. Les \u00e9changes se sont poursuivis autour d\u2019un repas partag\u00e9, d\u00e9licieux et convivial\u00a0!<\/p>\n<p>A Paris et \u00e0 Nancy, nous avons rencontr\u00e9 de belles personnes, passionn\u00e9es et passionnantes. L\u2019AlterTour 2018 est entre de bonnes mains\u00a0!<\/p>\n","protected":false},"excerpt":{"rendered":"<p>Ce 24-25 mars, l\u2019AlterTour rencontrait les accueillants de cet \u00e9t\u00e9\u00a0! Pour r\u00eaver et pr\u00e9parer les aventures de cet \u00e9t\u00e9, ce WE de pr\u00e9paration se tenait duplex, \u00e0 Paris et Nancy. A Paris, on rencontre les acteurs de\u00a0la pr\u00e9servation des terres agricoles A Paris, nous avons rencontr\u00e9 Elo\u00efse et Julien des &#8230; <\/p>\n<div><a href=\"https:\/\/www.altercampagne.net\/?p=10047\" class=\"more-link\">Read More<\/a><\/div>\n","protected":false},"author":209,"featured_media":10056,"comment_status":"closed","ping_status":"closed","sticky":false,"template":"","format":"standard","meta":{"footnotes":""},"categories":[3483,3475,3470,3477,3539],"tags":[3335,3565,3550,3549,3548,3547,3546,3545,3544,3543,3455,3338,3337,26,3334,3324,3319,3317,3221,1137,476,434,354,240,173,68],"class_list":["post-10047","post","type-post","status-publish","format-standard","has-post-thumbnail","hentry","category-agriculture","category-grand-est","category-edition-2018","category-ile-de-france","category-we-de-preparation","tag-mjc-des-3-maisons","tag-week-end","tag-jardins-de-centauree","tag-gco-non-merci","tag-maison-mimir","tag-notre-parc-nest-pas-a-vendre","tag-saclay","tag-terres-fertiles-saclay","tag-magny-les-hameaux","tag-villetaneuse","tag-fermiers-de-la-francilienne","tag-ecolline","tag-la-faille","tag-nancy","tag-grands-jardins","tag-murs-a-peches","tag-jardins-de-ceres","tag-beauvais-en-transition","tag-altertour-2018","tag-beauvais","tag-reunion","tag-pleniere","tag-terre-de-liens-lorraine","tag-bure-stop","tag-atelier-dynamo","tag-paris"],"yoast_head":"<!-- This site is optimized with the Yoast SEO plugin v27.3 - https:\/\/yoast.com\/product\/yoast-seo-wordpress\/ -->\n<title>On n\u2019attend pas l\u2019\u00e9t\u00e9 pour r\u00eaver - AlterTour<\/title>\n<meta name=\"robots\" content=\"index, follow, max-snippet:-1, max-image-preview:large, max-video-preview:-1\" \/>\n<link rel=\"canonical\" href=\"https:\/\/www.altercampagne.net\/?p=10047\" \/>\n<meta property=\"og:locale\" content=\"fr_FR\" \/>\n<meta property=\"og:type\" content=\"article\" \/>\n<meta property=\"og:title\" content=\"On n\u2019attend pas l\u2019\u00e9t\u00e9 pour r\u00eaver - AlterTour\" \/>\n<meta property=\"og:description\" content=\"Ce 24-25 mars, l\u2019AlterTour rencontrait les accueillants de cet \u00e9t\u00e9\u00a0! Pour r\u00eaver et pr\u00e9parer les aventures de cet \u00e9t\u00e9, ce WE de pr\u00e9paration se tenait duplex, \u00e0 Paris et Nancy. A Paris, on rencontre les acteurs de\u00a0la pr\u00e9servation des terres agricoles A Paris, nous avons rencontr\u00e9 Elo\u00efse et Julien des ... Read More\" \/>\n<meta property=\"og:url\" content=\"https:\/\/www.altercampagne.net\/?p=10047\" \/>\n<meta property=\"og:site_name\" content=\"AlterTour\" \/>\n<meta property=\"article:published_time\" content=\"2018-04-06T10:47:39+00:00\" \/>\n<meta property=\"article:modified_time\" content=\"2018-05-25T05:34:19+00:00\" \/>\n<meta property=\"og:image\" content=\"https:\/\/www.altercampagne.net\/wp-content\/uploads\/2018\/04\/Pleniere_mars_Paris2-copie.png\" \/>\n\t<meta property=\"og:image:width\" content=\"566\" \/>\n\t<meta property=\"og:image:height\" content=\"277\" \/>\n\t<meta property=\"og:image:type\" content=\"image\/png\" \/>\n<meta name=\"author\" content=\"Vincent\" \/>\n<meta name=\"twitter:card\" content=\"summary_large_image\" \/>\n<meta name=\"twitter:label1\" content=\"\u00c9crit par\" \/>\n\t<meta name=\"twitter:data1\" content=\"Vincent\" \/>\n\t<meta name=\"twitter:label2\" content=\"Dur\u00e9e de lecture estim\u00e9e\" \/>\n\t<meta name=\"twitter:data2\" content=\"2 minutes\" \/>\n<script type=\"application\/ld+json\" class=\"yoast-schema-graph\">{\"@context\":\"https:\\\/\\\/schema.org\",\"@graph\":[{\"@type\":\"Article\",\"@id\":\"https:\\\/\\\/www.altercampagne.net\\\/?p=10047#article\",\"isPartOf\":{\"@id\":\"https:\\\/\\\/www.altercampagne.net\\\/?p=10047\"},\"author\":{\"name\":\"Vincent\",\"@id\":\"https:\\\/\\\/www.altercampagne.net\\\/#\\\/schema\\\/person\\\/7c299acaf3c77c51c6adfd4b5de88c6e\"},\"headline\":\"On n\u2019attend pas l\u2019\u00e9t\u00e9 pour r\u00eaver\",\"datePublished\":\"2018-04-06T10:47:39+00:00\",\"dateModified\":\"2018-05-25T05:34:19+00:00\",\"mainEntityOfPage\":{\"@id\":\"https:\\\/\\\/www.altercampagne.net\\\/?p=10047\"},\"wordCount\":415,\"image\":{\"@id\":\"https:\\\/\\\/www.altercampagne.net\\\/?p=10047#primaryimage\"},\"thumbnailUrl\":\"https:\\\/\\\/www.altercampagne.net\\\/wp-content\\\/uploads\\\/2018\\\/04\\\/Pleniere_mars_Paris2-copie.png\",\"keywords\":[\"MJC des 3 Maisons\",\"week-end\",\"Jardins de Centaur\u00e9e\",\"GCO non merci\",\"Maison Mimir\",\"notre parc n\u2019est pas \u00e0 vendre\",\"Saclay\",\"Terres Fertiles Saclay\",\"Magny-les-Hameaux\",\"Villetaneuse\",\"fermiers de la francilienne\",\"Ecolline\",\"La Faille\",\"Nancy\",\"Grands Jardins\",\"Murs \u00e0 P\u00eaches\",\"Jardins de C\u00e9r\u00e8s\",\"Beauvais en Transition\",\"AlterTour 2018\",\"beauvais\",\"r\u00e9union\",\"pl\u00e9ni\u00e8re\",\"Terre de Liens Lorraine\",\"bure-stop\",\"Atelier Dynamo\",\"paris\"],\"articleSection\":[\"Agriculture\",\"Grand Est\",\"\u00c9dition 2018\",\"\u00cele-de-France\",\"WE de pr\u00e9paration\"],\"inLanguage\":\"fr-FR\"},{\"@type\":\"WebPage\",\"@id\":\"https:\\\/\\\/www.altercampagne.net\\\/?p=10047\",\"url\":\"https:\\\/\\\/www.altercampagne.net\\\/?p=10047\",\"name\":\"On n\u2019attend pas l\u2019\u00e9t\u00e9 pour r\u00eaver - AlterTour\",\"isPartOf\":{\"@id\":\"https:\\\/\\\/www.altercampagne.net\\\/#website\"},\"primaryImageOfPage\":{\"@id\":\"https:\\\/\\\/www.altercampagne.net\\\/?p=10047#primaryimage\"},\"image\":{\"@id\":\"https:\\\/\\\/www.altercampagne.net\\\/?p=10047#primaryimage\"},\"thumbnailUrl\":\"https:\\\/\\\/www.altercampagne.net\\\/wp-content\\\/uploads\\\/2018\\\/04\\\/Pleniere_mars_Paris2-copie.png\",\"datePublished\":\"2018-04-06T10:47:39+00:00\",\"dateModified\":\"2018-05-25T05:34:19+00:00\",\"author\":{\"@id\":\"https:\\\/\\\/www.altercampagne.net\\\/#\\\/schema\\\/person\\\/7c299acaf3c77c51c6adfd4b5de88c6e\"},\"breadcrumb\":{\"@id\":\"https:\\\/\\\/www.altercampagne.net\\\/?p=10047#breadcrumb\"},\"inLanguage\":\"fr-FR\",\"potentialAction\":[{\"@type\":\"ReadAction\",\"target\":[\"https:\\\/\\\/www.altercampagne.net\\\/?p=10047\"]}]},{\"@type\":\"ImageObject\",\"inLanguage\":\"fr-FR\",\"@id\":\"https:\\\/\\\/www.altercampagne.net\\\/?p=10047#primaryimage\",\"url\":\"https:\\\/\\\/www.altercampagne.net\\\/wp-content\\\/uploads\\\/2018\\\/04\\\/Pleniere_mars_Paris2-copie.png\",\"contentUrl\":\"https:\\\/\\\/www.altercampagne.net\\\/wp-content\\\/uploads\\\/2018\\\/04\\\/Pleniere_mars_Paris2-copie.png\",\"width\":566,\"height\":277},{\"@type\":\"BreadcrumbList\",\"@id\":\"https:\\\/\\\/www.altercampagne.net\\\/?p=10047#breadcrumb\",\"itemListElement\":[{\"@type\":\"ListItem\",\"position\":1,\"name\":\"Accueil\",\"item\":\"https:\\\/\\\/www.altercampagne.net\\\/\"},{\"@type\":\"ListItem\",\"position\":2,\"name\":\"On n\u2019attend pas l\u2019\u00e9t\u00e9 pour r\u00eaver\"}]},{\"@type\":\"WebSite\",\"@id\":\"https:\\\/\\\/www.altercampagne.net\\\/#website\",\"url\":\"https:\\\/\\\/www.altercampagne.net\\\/\",\"name\":\"AlterTour\",\"description\":\"Reliez les Alternatives \u00e0 v\u00e9lo\",\"potentialAction\":[{\"@type\":\"SearchAction\",\"target\":{\"@type\":\"EntryPoint\",\"urlTemplate\":\"https:\\\/\\\/www.altercampagne.net\\\/?s={search_term_string}\"},\"query-input\":{\"@type\":\"PropertyValueSpecification\",\"valueRequired\":true,\"valueName\":\"search_term_string\"}}],\"inLanguage\":\"fr-FR\"},{\"@type\":\"Person\",\"@id\":\"https:\\\/\\\/www.altercampagne.net\\\/#\\\/schema\\\/person\\\/7c299acaf3c77c51c6adfd4b5de88c6e\",\"name\":\"Vincent\",\"image\":{\"@type\":\"ImageObject\",\"inLanguage\":\"fr-FR\",\"@id\":\"https:\\\/\\\/secure.gravatar.com\\\/avatar\\\/f461b4b95c70112e36d8b4abf020c8231a3fa729bdccb05f4f7c9974a0bf24cd?s=96&d=mm&r=g\",\"url\":\"https:\\\/\\\/secure.gravatar.com\\\/avatar\\\/f461b4b95c70112e36d8b4abf020c8231a3fa729bdccb05f4f7c9974a0bf24cd?s=96&d=mm&r=g\",\"contentUrl\":\"https:\\\/\\\/secure.gravatar.com\\\/avatar\\\/f461b4b95c70112e36d8b4abf020c8231a3fa729bdccb05f4f7c9974a0bf24cd?s=96&d=mm&r=g\",\"caption\":\"Vincent\"},\"url\":\"https:\\\/\\\/www.altercampagne.net\\\/?author=209\"}]}<\/script>\n<!-- \/ Yoast SEO plugin. -->","yoast_head_json":{"title":"On n\u2019attend pas l\u2019\u00e9t\u00e9 pour r\u00eaver - AlterTour","robots":{"index":"index","follow":"follow","max-snippet":"max-snippet:-1","max-image-preview":"max-image-preview:large","max-video-preview":"max-video-preview:-1"},"canonical":"https:\/\/www.altercampagne.net\/?p=10047","og_locale":"fr_FR","og_type":"article","og_title":"On n\u2019attend pas l\u2019\u00e9t\u00e9 pour r\u00eaver - AlterTour","og_description":"Ce 24-25 mars, l\u2019AlterTour rencontrait les accueillants de cet \u00e9t\u00e9\u00a0! Pour r\u00eaver et pr\u00e9parer les aventures de cet \u00e9t\u00e9, ce WE de pr\u00e9paration se tenait duplex, \u00e0 Paris et Nancy. A Paris, on rencontre les acteurs de\u00a0la pr\u00e9servation des terres agricoles A Paris, nous avons rencontr\u00e9 Elo\u00efse et Julien des ... Read More","og_url":"https:\/\/www.altercampagne.net\/?p=10047","og_site_name":"AlterTour","article_published_time":"2018-04-06T10:47:39+00:00","article_modified_time":"2018-05-25T05:34:19+00:00","og_image":[{"width":566,"height":277,"url":"https:\/\/www.altercampagne.net\/wp-content\/uploads\/2018\/04\/Pleniere_mars_Paris2-copie.png","type":"image\/png"}],"author":"Vincent","twitter_card":"summary_large_image","twitter_misc":{"\u00c9crit par":"Vincent","Dur\u00e9e de lecture estim\u00e9e":"2 minutes"},"schema":{"@context":"https:\/\/schema.org","@graph":[{"@type":"Article","@id":"https:\/\/www.altercampagne.net\/?p=10047#article","isPartOf":{"@id":"https:\/\/www.altercampagne.net\/?p=10047"},"author":{"name":"Vincent","@id":"https:\/\/www.altercampagne.net\/#\/schema\/person\/7c299acaf3c77c51c6adfd4b5de88c6e"},"headline":"On n\u2019attend pas l\u2019\u00e9t\u00e9 pour r\u00eaver","datePublished":"2018-04-06T10:47:39+00:00","dateModified":"2018-05-25T05:34:19+00:00","mainEntityOfPage":{"@id":"https:\/\/www.altercampagne.net\/?p=10047"},"wordCount":415,"image":{"@id":"https:\/\/www.altercampagne.net\/?p=10047#primaryimage"},"thumbnailUrl":"https:\/\/www.altercampagne.net\/wp-content\/uploads\/2018\/04\/Pleniere_mars_Paris2-copie.png","keywords":["MJC des 3 Maisons","week-end","Jardins de Centaur\u00e9e","GCO non merci","Maison Mimir","notre parc n\u2019est pas \u00e0 vendre","Saclay","Terres Fertiles Saclay","Magny-les-Hameaux","Villetaneuse","fermiers de la francilienne","Ecolline","La Faille","Nancy","Grands Jardins","Murs \u00e0 P\u00eaches","Jardins de C\u00e9r\u00e8s","Beauvais en Transition","AlterTour 2018","beauvais","r\u00e9union","pl\u00e9ni\u00e8re","Terre de Liens Lorraine","bure-stop","Atelier Dynamo","paris"],"articleSection":["Agriculture","Grand Est","\u00c9dition 2018","\u00cele-de-France","WE de pr\u00e9paration"],"inLanguage":"fr-FR"},{"@type":"WebPage","@id":"https:\/\/www.altercampagne.net\/?p=10047","url":"https:\/\/www.altercampagne.net\/?p=10047","name":"On n\u2019attend pas l\u2019\u00e9t\u00e9 pour r\u00eaver - AlterTour","isPartOf":{"@id":"https:\/\/www.altercampagne.net\/#website"},"primaryImageOfPage":{"@id":"https:\/\/www.altercampagne.net\/?p=10047#primaryimage"},"image":{"@id":"https:\/\/www.altercampagne.net\/?p=10047#primaryimage"},"thumbnailUrl":"https:\/\/www.altercampagne.net\/wp-content\/uploads\/2018\/04\/Pleniere_mars_Paris2-copie.png","datePublished":"2018-04-06T10:47:39+00:00","dateModified":"2018-05-25T05:34:19+00:00","author":{"@id":"https:\/\/www.altercampagne.net\/#\/schema\/person\/7c299acaf3c77c51c6adfd4b5de88c6e"},"breadcrumb":{"@id":"https:\/\/www.altercampagne.net\/?p=10047#breadcrumb"},"inLanguage":"fr-FR","potentialAction":[{"@type":"ReadAction","target":["https:\/\/www.altercampagne.net\/?p=10047"]}]},{"@type":"ImageObject","inLanguage":"fr-FR","@id":"https:\/\/www.altercampagne.net\/?p=10047#primaryimage","url":"https:\/\/www.altercampagne.net\/wp-content\/uploads\/2018\/04\/Pleniere_mars_Paris2-copie.png","contentUrl":"https:\/\/www.altercampagne.net\/wp-content\/uploads\/2018\/04\/Pleniere_mars_Paris2-copie.png","width":566,"height":277},{"@type":"BreadcrumbList","@id":"https:\/\/www.altercampagne.net\/?p=10047#breadcrumb","itemListElement":[{"@type":"ListItem","position":1,"name":"Accueil","item":"https:\/\/www.altercampagne.net\/"},{"@type":"ListItem","position":2,"name":"On n\u2019attend pas l\u2019\u00e9t\u00e9 pour r\u00eaver"}]},{"@type":"WebSite","@id":"https:\/\/www.altercampagne.net\/#website","url":"https:\/\/www.altercampagne.net\/","name":"AlterTour","description":"Reliez les Alternatives \u00e0 v\u00e9lo","potentialAction":[{"@type":"SearchAction","target":{"@type":"EntryPoint","urlTemplate":"https:\/\/www.altercampagne.net\/?s={search_term_string}"},"query-input":{"@type":"PropertyValueSpecification","valueRequired":true,"valueName":"search_term_string"}}],"inLanguage":"fr-FR"},{"@type":"Person","@id":"https:\/\/www.altercampagne.net\/#\/schema\/person\/7c299acaf3c77c51c6adfd4b5de88c6e","name":"Vincent","image":{"@type":"ImageObject","inLanguage":"fr-FR","@id":"https:\/\/secure.gravatar.com\/avatar\/f461b4b95c70112e36d8b4abf020c8231a3fa729bdccb05f4f7c9974a0bf24cd?s=96&d=mm&r=g","url":"https:\/\/secure.gravatar.com\/avatar\/f461b4b95c70112e36d8b4abf020c8231a3fa729bdccb05f4f7c9974a0bf24cd?s=96&d=mm&r=g","contentUrl":"https:\/\/secure.gravatar.com\/avatar\/f461b4b95c70112e36d8b4abf020c8231a3fa729bdccb05f4f7c9974a0bf24cd?s=96&d=mm&r=g","caption":"Vincent"},"url":"https:\/\/www.altercampagne.net\/?author=209"}]}},"_links":{"self":[{"href":"https:\/\/www.altercampagne.net\/index.php?rest_route=\/wp\/v2\/posts\/10047","targetHints":{"allow":["GET"]}}],"collection":[{"href":"https:\/\/www.altercampagne.net\/index.php?rest_route=\/wp\/v2\/posts"}],"about":[{"href":"https:\/\/www.altercampagne.net\/index.php?rest_route=\/wp\/v2\/types\/post"}],"author":[{"embeddable":true,"href":"https:\/\/www.altercampagne.net\/index.php?rest_route=\/wp\/v2\/users\/209"}],"replies":[{"embeddable":true,"href":"https:\/\/www.altercampagne.net\/index.php?rest_route=%2Fwp%2Fv2%2Fcomments&post=10047"}],"version-history":[{"count":0,"href":"https:\/\/www.altercampagne.net\/index.php?rest_route=\/wp\/v2\/posts\/10047\/revisions"}],"wp:featuredmedia":[{"embeddable":true,"href":"https:\/\/www.altercampagne.net\/index.php?rest_route=\/wp\/v2\/media\/10056"}],"wp:attachment":[{"href":"https:\/\/www.altercampagne.net\/index.php?rest_route=%2Fwp%2Fv2%2Fmedia&parent=10047"}],"wp:term":[{"taxonomy":"category","embeddable":true,"href":"https:\/\/www.altercampagne.net\/index.php?rest_route=%2Fwp%2Fv2%2Fcategories&post=10047"},{"taxonomy":"post_tag","embeddable":true,"href":"https:\/\/www.altercampagne.net\/index.php?rest_route=%2Fwp%2Fv2%2Ftags&post=10047"}],"curies":[{"name":"wp","href":"https:\/\/api.w.org\/{rel}","templated":true}]}}