{"id":10103,"date":"2018-04-18T08:31:28","date_gmt":"2018-04-18T06:31:28","guid":{"rendered":"http:\/\/www.altercampagne.net\/?p=10103"},"modified":"2018-05-25T07:33:40","modified_gmt":"2018-05-25T05:33:40","slug":"pedaler-un-moyen-singulier-de-fabriquer-du-collectif","status":"publish","type":"post","link":"https:\/\/www.altercampagne.net\/?p=10103","title":{"rendered":"P\u00e9daler, un moyen singulier de fabriquer du collectif"},"content":{"rendered":"<p>AlterTour, Tour Alternatiba, Rando V\u00e9lo Coco : ces randonn\u00e9es militantes proposent de passer de bon moments ensemble, d&rsquo;aller \u00e0 la rencontre des \u00ab\u00a0alternatives\u00a0\u00bb de revendiquer plus de justice sociale et \u00e9cologique. Autant de pieds de nez \u00e0 la comp\u00e9tition, au dopage et au matraquage publicitaire du Tour de France officiel.<\/p>\n<p><a href=\"http:\/\/www.altercampagne.net\/wp-content\/uploads\/2018\/04\/Article_lAgeDeFaire2.png\" rel=\"attachment wp-att-10104\"><img loading=\"lazy\" decoding=\"async\" class=\"alignnone wp-image-10104 size-large\" src=\"http:\/\/www.altercampagne.net\/wp-content\/uploads\/2018\/04\/Article_lAgeDeFaire2-923x1024.png\" alt=\"\" width=\"742\" height=\"823\" srcset=\"https:\/\/www.altercampagne.net\/wp-content\/uploads\/2018\/04\/Article_lAgeDeFaire2-923x1024.png 923w, https:\/\/www.altercampagne.net\/wp-content\/uploads\/2018\/04\/Article_lAgeDeFaire2-270x300.png 270w, https:\/\/www.altercampagne.net\/wp-content\/uploads\/2018\/04\/Article_lAgeDeFaire2-768x852.png 768w, https:\/\/www.altercampagne.net\/wp-content\/uploads\/2018\/04\/Article_lAgeDeFaire2-610x677.png 610w, https:\/\/www.altercampagne.net\/wp-content\/uploads\/2018\/04\/Article_lAgeDeFaire2-100x111.png 100w, https:\/\/www.altercampagne.net\/wp-content\/uploads\/2018\/04\/Article_lAgeDeFaire2-862x957.png 862w, https:\/\/www.altercampagne.net\/wp-content\/uploads\/2018\/04\/Article_lAgeDeFaire2-1080x1199.png 1080w, https:\/\/www.altercampagne.net\/wp-content\/uploads\/2018\/04\/Article_lAgeDeFaire2.png 1783w\" sizes=\"auto, (max-width: 742px) 100vw, 742px\" \/><\/a><\/p>\n<p>&nbsp;<\/p>\n","protected":false},"excerpt":{"rendered":"<p>AlterTour, Tour Alternatiba, Rando V\u00e9lo Coco : ces randonn\u00e9es militantes proposent de passer de bon moments ensemble, d&rsquo;aller \u00e0 la rencontre des \u00ab\u00a0alternatives\u00a0\u00bb de revendiquer plus de justice sociale et \u00e9cologique. Autant de pieds de nez \u00e0 la comp\u00e9tition, au dopage et au matraquage publicitaire du Tour de France officiel. &#8230; <\/p>\n<div><a href=\"https:\/\/www.altercampagne.net\/?p=10103\" class=\"more-link\">Read More<\/a><\/div>\n","protected":false},"author":214,"featured_media":10106,"comment_status":"closed","ping_status":"closed","sticky":false,"template":"","format":"standard","meta":{"footnotes":""},"categories":[239,3470],"tags":[419,3221,3551],"class_list":["post-10103","post","type-post","status-publish","format-standard","has-post-thumbnail","hentry","category-revue-de-presse","category-edition-2018","tag-age-de-faire","tag-altertour-2018","tag-lisa-giachino"],"yoast_head":"<!-- This site is optimized with the Yoast SEO plugin v27.3 - https:\/\/yoast.com\/product\/yoast-seo-wordpress\/ -->\n<title>P\u00e9daler, un moyen singulier de fabriquer du collectif - AlterTour<\/title>\n<meta name=\"robots\" content=\"index, follow, max-snippet:-1, max-image-preview:large, max-video-preview:-1\" \/>\n<link rel=\"canonical\" href=\"https:\/\/www.altercampagne.net\/?p=10103\" \/>\n<meta property=\"og:locale\" content=\"fr_FR\" \/>\n<meta property=\"og:type\" content=\"article\" \/>\n<meta property=\"og:title\" content=\"P\u00e9daler, un moyen singulier de fabriquer du collectif - AlterTour\" \/>\n<meta property=\"og:description\" content=\"AlterTour, Tour Alternatiba, Rando V\u00e9lo Coco : ces randonn\u00e9es militantes proposent de passer de bon moments ensemble, d&rsquo;aller \u00e0 la rencontre des \u00ab\u00a0alternatives\u00a0\u00bb de revendiquer plus de justice sociale et \u00e9cologique. Autant de pieds de nez \u00e0 la comp\u00e9tition, au dopage et au matraquage publicitaire du Tour de France officiel. ... Read More\" \/>\n<meta property=\"og:url\" content=\"https:\/\/www.altercampagne.net\/?p=10103\" \/>\n<meta property=\"og:site_name\" content=\"AlterTour\" \/>\n<meta property=\"article:published_time\" content=\"2018-04-18T06:31:28+00:00\" \/>\n<meta property=\"article:modified_time\" content=\"2018-05-25T05:33:40+00:00\" \/>\n<meta property=\"og:image\" content=\"https:\/\/www.altercampagne.net\/wp-content\/uploads\/2018\/04\/Article-Age-de-Faire.jpg\" \/>\n\t<meta property=\"og:image:width\" content=\"1200\" \/>\n\t<meta property=\"og:image:height\" content=\"627\" \/>\n\t<meta property=\"og:image:type\" content=\"image\/jpeg\" \/>\n<meta name=\"author\" content=\"Mathieu\" \/>\n<meta name=\"twitter:card\" content=\"summary_large_image\" \/>\n<meta name=\"twitter:label1\" content=\"\u00c9crit par\" \/>\n\t<meta name=\"twitter:data1\" content=\"Mathieu\" \/>\n<script type=\"application\/ld+json\" class=\"yoast-schema-graph\">{\"@context\":\"https:\\\/\\\/schema.org\",\"@graph\":[{\"@type\":\"Article\",\"@id\":\"https:\\\/\\\/www.altercampagne.net\\\/?p=10103#article\",\"isPartOf\":{\"@id\":\"https:\\\/\\\/www.altercampagne.net\\\/?p=10103\"},\"author\":{\"name\":\"Mathieu\",\"@id\":\"https:\\\/\\\/www.altercampagne.net\\\/#\\\/schema\\\/person\\\/0f261460c09e430caa0f9bcffa319109\"},\"headline\":\"P\u00e9daler, un moyen singulier de fabriquer du collectif\",\"datePublished\":\"2018-04-18T06:31:28+00:00\",\"dateModified\":\"2018-05-25T05:33:40+00:00\",\"mainEntityOfPage\":{\"@id\":\"https:\\\/\\\/www.altercampagne.net\\\/?p=10103\"},\"wordCount\":61,\"image\":{\"@id\":\"https:\\\/\\\/www.altercampagne.net\\\/?p=10103#primaryimage\"},\"thumbnailUrl\":\"https:\\\/\\\/www.altercampagne.net\\\/wp-content\\\/uploads\\\/2018\\\/04\\\/Article-Age-de-Faire.jpg\",\"keywords\":[\"age de faire\",\"AlterTour 2018\",\"Lisa Giachino\"],\"articleSection\":[\"Revue de presse\",\"\u00c9dition 2018\"],\"inLanguage\":\"fr-FR\"},{\"@type\":\"WebPage\",\"@id\":\"https:\\\/\\\/www.altercampagne.net\\\/?p=10103\",\"url\":\"https:\\\/\\\/www.altercampagne.net\\\/?p=10103\",\"name\":\"P\u00e9daler, un moyen singulier de fabriquer du collectif - AlterTour\",\"isPartOf\":{\"@id\":\"https:\\\/\\\/www.altercampagne.net\\\/#website\"},\"primaryImageOfPage\":{\"@id\":\"https:\\\/\\\/www.altercampagne.net\\\/?p=10103#primaryimage\"},\"image\":{\"@id\":\"https:\\\/\\\/www.altercampagne.net\\\/?p=10103#primaryimage\"},\"thumbnailUrl\":\"https:\\\/\\\/www.altercampagne.net\\\/wp-content\\\/uploads\\\/2018\\\/04\\\/Article-Age-de-Faire.jpg\",\"datePublished\":\"2018-04-18T06:31:28+00:00\",\"dateModified\":\"2018-05-25T05:33:40+00:00\",\"author\":{\"@id\":\"https:\\\/\\\/www.altercampagne.net\\\/#\\\/schema\\\/person\\\/0f261460c09e430caa0f9bcffa319109\"},\"breadcrumb\":{\"@id\":\"https:\\\/\\\/www.altercampagne.net\\\/?p=10103#breadcrumb\"},\"inLanguage\":\"fr-FR\",\"potentialAction\":[{\"@type\":\"ReadAction\",\"target\":[\"https:\\\/\\\/www.altercampagne.net\\\/?p=10103\"]}]},{\"@type\":\"ImageObject\",\"inLanguage\":\"fr-FR\",\"@id\":\"https:\\\/\\\/www.altercampagne.net\\\/?p=10103#primaryimage\",\"url\":\"https:\\\/\\\/www.altercampagne.net\\\/wp-content\\\/uploads\\\/2018\\\/04\\\/Article-Age-de-Faire.jpg\",\"contentUrl\":\"https:\\\/\\\/www.altercampagne.net\\\/wp-content\\\/uploads\\\/2018\\\/04\\\/Article-Age-de-Faire.jpg\",\"width\":1200,\"height\":627},{\"@type\":\"BreadcrumbList\",\"@id\":\"https:\\\/\\\/www.altercampagne.net\\\/?p=10103#breadcrumb\",\"itemListElement\":[{\"@type\":\"ListItem\",\"position\":1,\"name\":\"Accueil\",\"item\":\"https:\\\/\\\/www.altercampagne.net\\\/\"},{\"@type\":\"ListItem\",\"position\":2,\"name\":\"P\u00e9daler, un moyen singulier de fabriquer du collectif\"}]},{\"@type\":\"WebSite\",\"@id\":\"https:\\\/\\\/www.altercampagne.net\\\/#website\",\"url\":\"https:\\\/\\\/www.altercampagne.net\\\/\",\"name\":\"AlterTour\",\"description\":\"Reliez les Alternatives \u00e0 v\u00e9lo\",\"potentialAction\":[{\"@type\":\"SearchAction\",\"target\":{\"@type\":\"EntryPoint\",\"urlTemplate\":\"https:\\\/\\\/www.altercampagne.net\\\/?s={search_term_string}\"},\"query-input\":{\"@type\":\"PropertyValueSpecification\",\"valueRequired\":true,\"valueName\":\"search_term_string\"}}],\"inLanguage\":\"fr-FR\"},{\"@type\":\"Person\",\"@id\":\"https:\\\/\\\/www.altercampagne.net\\\/#\\\/schema\\\/person\\\/0f261460c09e430caa0f9bcffa319109\",\"name\":\"Mathieu\",\"image\":{\"@type\":\"ImageObject\",\"inLanguage\":\"fr-FR\",\"@id\":\"https:\\\/\\\/secure.gravatar.com\\\/avatar\\\/aa9d3d24c83f2141e5e2709d0f63d09a99f6be6bb7a50abc4915838d9f54501a?s=96&d=mm&r=g\",\"url\":\"https:\\\/\\\/secure.gravatar.com\\\/avatar\\\/aa9d3d24c83f2141e5e2709d0f63d09a99f6be6bb7a50abc4915838d9f54501a?s=96&d=mm&r=g\",\"contentUrl\":\"https:\\\/\\\/secure.gravatar.com\\\/avatar\\\/aa9d3d24c83f2141e5e2709d0f63d09a99f6be6bb7a50abc4915838d9f54501a?s=96&d=mm&r=g\",\"caption\":\"Mathieu\"},\"url\":\"https:\\\/\\\/www.altercampagne.net\\\/?author=214\"}]}<\/script>\n<!-- \/ Yoast SEO plugin. -->","yoast_head_json":{"title":"P\u00e9daler, un moyen singulier de fabriquer du collectif - AlterTour","robots":{"index":"index","follow":"follow","max-snippet":"max-snippet:-1","max-image-preview":"max-image-preview:large","max-video-preview":"max-video-preview:-1"},"canonical":"https:\/\/www.altercampagne.net\/?p=10103","og_locale":"fr_FR","og_type":"article","og_title":"P\u00e9daler, un moyen singulier de fabriquer du collectif - AlterTour","og_description":"AlterTour, Tour Alternatiba, Rando V\u00e9lo Coco : ces randonn\u00e9es militantes proposent de passer de bon moments ensemble, d&rsquo;aller \u00e0 la rencontre des \u00ab\u00a0alternatives\u00a0\u00bb de revendiquer plus de justice sociale et \u00e9cologique. Autant de pieds de nez \u00e0 la comp\u00e9tition, au dopage et au matraquage publicitaire du Tour de France officiel. ... Read More","og_url":"https:\/\/www.altercampagne.net\/?p=10103","og_site_name":"AlterTour","article_published_time":"2018-04-18T06:31:28+00:00","article_modified_time":"2018-05-25T05:33:40+00:00","og_image":[{"width":1200,"height":627,"url":"https:\/\/www.altercampagne.net\/wp-content\/uploads\/2018\/04\/Article-Age-de-Faire.jpg","type":"image\/jpeg"}],"author":"Mathieu","twitter_card":"summary_large_image","twitter_misc":{"\u00c9crit par":"Mathieu"},"schema":{"@context":"https:\/\/schema.org","@graph":[{"@type":"Article","@id":"https:\/\/www.altercampagne.net\/?p=10103#article","isPartOf":{"@id":"https:\/\/www.altercampagne.net\/?p=10103"},"author":{"name":"Mathieu","@id":"https:\/\/www.altercampagne.net\/#\/schema\/person\/0f261460c09e430caa0f9bcffa319109"},"headline":"P\u00e9daler, un moyen singulier de fabriquer du collectif","datePublished":"2018-04-18T06:31:28+00:00","dateModified":"2018-05-25T05:33:40+00:00","mainEntityOfPage":{"@id":"https:\/\/www.altercampagne.net\/?p=10103"},"wordCount":61,"image":{"@id":"https:\/\/www.altercampagne.net\/?p=10103#primaryimage"},"thumbnailUrl":"https:\/\/www.altercampagne.net\/wp-content\/uploads\/2018\/04\/Article-Age-de-Faire.jpg","keywords":["age de faire","AlterTour 2018","Lisa Giachino"],"articleSection":["Revue de presse","\u00c9dition 2018"],"inLanguage":"fr-FR"},{"@type":"WebPage","@id":"https:\/\/www.altercampagne.net\/?p=10103","url":"https:\/\/www.altercampagne.net\/?p=10103","name":"P\u00e9daler, un moyen singulier de fabriquer du collectif - AlterTour","isPartOf":{"@id":"https:\/\/www.altercampagne.net\/#website"},"primaryImageOfPage":{"@id":"https:\/\/www.altercampagne.net\/?p=10103#primaryimage"},"image":{"@id":"https:\/\/www.altercampagne.net\/?p=10103#primaryimage"},"thumbnailUrl":"https:\/\/www.altercampagne.net\/wp-content\/uploads\/2018\/04\/Article-Age-de-Faire.jpg","datePublished":"2018-04-18T06:31:28+00:00","dateModified":"2018-05-25T05:33:40+00:00","author":{"@id":"https:\/\/www.altercampagne.net\/#\/schema\/person\/0f261460c09e430caa0f9bcffa319109"},"breadcrumb":{"@id":"https:\/\/www.altercampagne.net\/?p=10103#breadcrumb"},"inLanguage":"fr-FR","potentialAction":[{"@type":"ReadAction","target":["https:\/\/www.altercampagne.net\/?p=10103"]}]},{"@type":"ImageObject","inLanguage":"fr-FR","@id":"https:\/\/www.altercampagne.net\/?p=10103#primaryimage","url":"https:\/\/www.altercampagne.net\/wp-content\/uploads\/2018\/04\/Article-Age-de-Faire.jpg","contentUrl":"https:\/\/www.altercampagne.net\/wp-content\/uploads\/2018\/04\/Article-Age-de-Faire.jpg","width":1200,"height":627},{"@type":"BreadcrumbList","@id":"https:\/\/www.altercampagne.net\/?p=10103#breadcrumb","itemListElement":[{"@type":"ListItem","position":1,"name":"Accueil","item":"https:\/\/www.altercampagne.net\/"},{"@type":"ListItem","position":2,"name":"P\u00e9daler, un moyen singulier de fabriquer du collectif"}]},{"@type":"WebSite","@id":"https:\/\/www.altercampagne.net\/#website","url":"https:\/\/www.altercampagne.net\/","name":"AlterTour","description":"Reliez les Alternatives \u00e0 v\u00e9lo","potentialAction":[{"@type":"SearchAction","target":{"@type":"EntryPoint","urlTemplate":"https:\/\/www.altercampagne.net\/?s={search_term_string}"},"query-input":{"@type":"PropertyValueSpecification","valueRequired":true,"valueName":"search_term_string"}}],"inLanguage":"fr-FR"},{"@type":"Person","@id":"https:\/\/www.altercampagne.net\/#\/schema\/person\/0f261460c09e430caa0f9bcffa319109","name":"Mathieu","image":{"@type":"ImageObject","inLanguage":"fr-FR","@id":"https:\/\/secure.gravatar.com\/avatar\/aa9d3d24c83f2141e5e2709d0f63d09a99f6be6bb7a50abc4915838d9f54501a?s=96&d=mm&r=g","url":"https:\/\/secure.gravatar.com\/avatar\/aa9d3d24c83f2141e5e2709d0f63d09a99f6be6bb7a50abc4915838d9f54501a?s=96&d=mm&r=g","contentUrl":"https:\/\/secure.gravatar.com\/avatar\/aa9d3d24c83f2141e5e2709d0f63d09a99f6be6bb7a50abc4915838d9f54501a?s=96&d=mm&r=g","caption":"Mathieu"},"url":"https:\/\/www.altercampagne.net\/?author=214"}]}},"_links":{"self":[{"href":"https:\/\/www.altercampagne.net\/index.php?rest_route=\/wp\/v2\/posts\/10103","targetHints":{"allow":["GET"]}}],"collection":[{"href":"https:\/\/www.altercampagne.net\/index.php?rest_route=\/wp\/v2\/posts"}],"about":[{"href":"https:\/\/www.altercampagne.net\/index.php?rest_route=\/wp\/v2\/types\/post"}],"author":[{"embeddable":true,"href":"https:\/\/www.altercampagne.net\/index.php?rest_route=\/wp\/v2\/users\/214"}],"replies":[{"embeddable":true,"href":"https:\/\/www.altercampagne.net\/index.php?rest_route=%2Fwp%2Fv2%2Fcomments&post=10103"}],"version-history":[{"count":0,"href":"https:\/\/www.altercampagne.net\/index.php?rest_route=\/wp\/v2\/posts\/10103\/revisions"}],"wp:featuredmedia":[{"embeddable":true,"href":"https:\/\/www.altercampagne.net\/index.php?rest_route=\/wp\/v2\/media\/10106"}],"wp:attachment":[{"href":"https:\/\/www.altercampagne.net\/index.php?rest_route=%2Fwp%2Fv2%2Fmedia&parent=10103"}],"wp:term":[{"taxonomy":"category","embeddable":true,"href":"https:\/\/www.altercampagne.net\/index.php?rest_route=%2Fwp%2Fv2%2Fcategories&post=10103"},{"taxonomy":"post_tag","embeddable":true,"href":"https:\/\/www.altercampagne.net\/index.php?rest_route=%2Fwp%2Fv2%2Ftags&post=10103"}],"curies":[{"name":"wp","href":"https:\/\/api.w.org\/{rel}","templated":true}]}}