{"id":10181,"date":"2018-04-23T07:18:35","date_gmt":"2018-04-23T05:18:35","guid":{"rendered":"http:\/\/www.altercampagne.net\/?p=10181"},"modified":"2018-05-30T10:06:35","modified_gmt":"2018-05-30T08:06:35","slug":"n-de-silence-de-mai-le-syndicalisme-peut-il-etre-ecolo","status":"publish","type":"post","link":"https:\/\/www.altercampagne.net\/?p=10181","title":{"rendered":"Le syndicalisme peut-il \u00eatre \u00e9colo ?"},"content":{"rendered":"<p><strong>Revue Silence &#8211; N\u00b0 Mai 2018.\u00a0<\/strong><\/p>\n<p><span style=\"text-decoration: underline;\">Syndicats : d\u00e9passer le productivisme<\/span> ?<br \/>\nAuteur d&rsquo;ouvrages sur la d\u00e9croissance, Didier Harpag\u00e8s revient sur le riche h\u00e9ritage du syndicalisme et questionne les difficult\u00e9s de celui-ci \u00e0 se transformer pour \u00e9pouser la n\u00e9cessaire r\u00e9volution \u00e9cologique \u00e0 mettre en \u0153uvre.<\/p>\n<p><span style=\"text-decoration: underline;\">Les syndicalistes \u00e9colos prennent la parole<\/span><br \/>\nSilence a rassembl\u00e9 des membres des syndicats SUD-Solidaires, FSU et CGT pour discuter de syndicalisme et d\u2019\u00e9cologie. L&rsquo;occasion de mettre l&rsquo;accent sur les perspectives de convergences au-del\u00e0 des clivages souvent affich\u00e9s.<\/p>\n<p><span style=\"text-decoration: underline;\">Campagne pour un million d\u2019emplois climatiques : construire la convergence<\/span><br \/>\nLa crise climatique, et plus globalement environnementale, remet en cause notre \u00e9cosyst\u00e8me et modifie d\u00e9j\u00e0 les conditions de vie sur notre plan\u00e8te. Pour limiter le r\u00e9chauffement, nos mod\u00e8les de production doivent imm\u00e9diatement s&rsquo;engager dans un processus de transition radicale.<\/p>\n<p><span style=\"text-decoration: underline;\">Ce syndicaliste, un vrai poison pour les empoisonneurs<\/span> !<br \/>\nDepuis 2010, Serge Le Qu\u00e9au, irr\u00e9ductible militant du syndicat Solidaires dans les C\u00f4tes-d&rsquo;Armor, se bat aux c\u00f4t\u00e9s d&rsquo;ouvrier\u00b7es de l&rsquo;agroalimentaire empoisonn\u00e9\u00b7es par des pesticides.<\/p>\n<p><strong>Des articles<\/strong><\/p>\n<p>Ard\u00e8che : l\u2019immigration de l\u2019utopie<br \/>\nEntrer en piraterie \u00e9ducative !<br \/>\nD\u2019autres visions de l\u2019avenir du rail<br \/>\nO\u00f9 en sont les luttes contre les Center Parcs ?<br \/>\nMauvaises Herbes : voyage au c\u0153ur de la gastronomie sauvage cr\u00e9toise<br \/>\nLes visages de Silence<\/p>\n<p><strong>Des chroniques et des br\u00e8ves<\/strong><br \/>\nBonnes nouvelles de la Terre : Cantines bio : c\u2019est meilleur et moins cher !<br \/>\nChroniques terriennes : Cig\u00e9o : ce n\u2019est qu\u2019un d\u00e9bat\u2026 continuons le combat !<br \/>\nL&rsquo;action non-violente, mode d&#8217;emploi : L&rsquo;encha\u00eenement<br \/>\nEn direct de nos colonies : Nouvelle-Cal\u00e9donie : 30 ans apr\u00e8s Ouv\u00e9a<\/p>\n<p>Belle journ\u00e9e et bonne lecture !<\/p>\n<p>Retrouvez la Revue Silence en Biocoop et\/ou abonnez-vous directement sur leur site : <a href=\"http:\/\/www.revuesilence.net\/\" target=\"_blank\" rel=\"noopener\">http:\/\/www.revuesilence.net\/<\/a><\/p>\n<p><a href=\"http:\/\/www.altercampagne.net\/?attachment_id=10182\" rel=\"attachment wp-att-10182\"><img loading=\"lazy\" decoding=\"async\" class=\"aligncenter size-full wp-image-10182\" src=\"http:\/\/www.altercampagne.net\/wp-content\/uploads\/2018\/04\/467BD.jpg\" alt=\"\" width=\"595\" height=\"842\" srcset=\"https:\/\/www.altercampagne.net\/wp-content\/uploads\/2018\/04\/467BD.jpg 595w, https:\/\/www.altercampagne.net\/wp-content\/uploads\/2018\/04\/467BD-212x300.jpg 212w, https:\/\/www.altercampagne.net\/wp-content\/uploads\/2018\/04\/467BD-100x142.jpg 100w\" sizes=\"auto, (max-width: 595px) 100vw, 595px\" \/><\/a><\/p>\n","protected":false},"excerpt":{"rendered":"<p>Revue Silence &#8211; N\u00b0 Mai 2018.\u00a0 Syndicats : d\u00e9passer le productivisme ? Auteur d&rsquo;ouvrages sur la d\u00e9croissance, Didier Harpag\u00e8s revient sur le riche h\u00e9ritage du syndicalisme et questionne les difficult\u00e9s de celui-ci \u00e0 se transformer pour \u00e9pouser la n\u00e9cessaire r\u00e9volution \u00e9cologique \u00e0 mettre en \u0153uvre. Les syndicalistes \u00e9colos prennent la &#8230; <\/p>\n<div><a href=\"https:\/\/www.altercampagne.net\/?p=10181\" class=\"more-link\">Read More<\/a><\/div>\n","protected":false},"author":214,"featured_media":10183,"comment_status":"closed","ping_status":"closed","sticky":false,"template":"","format":"standard","meta":{"footnotes":""},"categories":[3248],"tags":[217,811,1336,3552,3553,3554,3555],"class_list":["post-10181","post","type-post","status-publish","format-standard","has-post-thumbnail","hentry","category-silence","tag-decroissance","tag-center-parcs","tag-convergence","tag-mai-2018","tag-cantines-bio","tag-syndicalistes-ecolos","tag-productivisme"],"yoast_head":"<!-- This site is optimized with the Yoast SEO plugin v27.3 - https:\/\/yoast.com\/product\/yoast-seo-wordpress\/ -->\n<title>Le syndicalisme peut-il \u00eatre \u00e9colo ? - AlterTour<\/title>\n<meta name=\"robots\" content=\"index, follow, max-snippet:-1, max-image-preview:large, max-video-preview:-1\" \/>\n<link rel=\"canonical\" href=\"https:\/\/www.altercampagne.net\/?p=10181\" \/>\n<meta property=\"og:locale\" content=\"fr_FR\" \/>\n<meta property=\"og:type\" content=\"article\" \/>\n<meta property=\"og:title\" content=\"Le syndicalisme peut-il \u00eatre \u00e9colo ? - AlterTour\" \/>\n<meta property=\"og:description\" content=\"Revue Silence &#8211; N\u00b0 Mai 2018.\u00a0 Syndicats : d\u00e9passer le productivisme ? Auteur d&rsquo;ouvrages sur la d\u00e9croissance, Didier Harpag\u00e8s revient sur le riche h\u00e9ritage du syndicalisme et questionne les difficult\u00e9s de celui-ci \u00e0 se transformer pour \u00e9pouser la n\u00e9cessaire r\u00e9volution \u00e9cologique \u00e0 mettre en \u0153uvre. Les syndicalistes \u00e9colos prennent la ... Read More\" \/>\n<meta property=\"og:url\" content=\"https:\/\/www.altercampagne.net\/?p=10181\" \/>\n<meta property=\"og:site_name\" content=\"AlterTour\" \/>\n<meta property=\"article:published_time\" content=\"2018-04-23T05:18:35+00:00\" \/>\n<meta property=\"article:modified_time\" content=\"2018-05-30T08:06:35+00:00\" \/>\n<meta property=\"og:image\" content=\"https:\/\/www.altercampagne.net\/wp-content\/uploads\/2018\/04\/467BD-couv.jpg\" \/>\n\t<meta property=\"og:image:width\" content=\"595\" \/>\n\t<meta property=\"og:image:height\" content=\"311\" \/>\n\t<meta property=\"og:image:type\" content=\"image\/jpeg\" \/>\n<meta name=\"author\" content=\"Mathieu\" \/>\n<meta name=\"twitter:card\" content=\"summary_large_image\" \/>\n<meta name=\"twitter:label1\" content=\"\u00c9crit par\" \/>\n\t<meta name=\"twitter:data1\" content=\"Mathieu\" \/>\n\t<meta name=\"twitter:label2\" content=\"Dur\u00e9e de lecture estim\u00e9e\" \/>\n\t<meta name=\"twitter:data2\" content=\"1 minute\" \/>\n<script type=\"application\/ld+json\" class=\"yoast-schema-graph\">{\"@context\":\"https:\\\/\\\/schema.org\",\"@graph\":[{\"@type\":\"Article\",\"@id\":\"https:\\\/\\\/www.altercampagne.net\\\/?p=10181#article\",\"isPartOf\":{\"@id\":\"https:\\\/\\\/www.altercampagne.net\\\/?p=10181\"},\"author\":{\"name\":\"Mathieu\",\"@id\":\"https:\\\/\\\/www.altercampagne.net\\\/#\\\/schema\\\/person\\\/0f261460c09e430caa0f9bcffa319109\"},\"headline\":\"Le syndicalisme peut-il \u00eatre \u00e9colo ?\",\"datePublished\":\"2018-04-23T05:18:35+00:00\",\"dateModified\":\"2018-05-30T08:06:35+00:00\",\"mainEntityOfPage\":{\"@id\":\"https:\\\/\\\/www.altercampagne.net\\\/?p=10181\"},\"wordCount\":314,\"image\":{\"@id\":\"https:\\\/\\\/www.altercampagne.net\\\/?p=10181#primaryimage\"},\"thumbnailUrl\":\"https:\\\/\\\/www.altercampagne.net\\\/wp-content\\\/uploads\\\/2018\\\/04\\\/467BD-couv.jpg\",\"keywords\":[\"d\u00e9croissance\",\"center parcs\",\"convergence\",\"mai 2018\",\"Cantines bio\",\"syndicalistes \u00e9colos\",\"productivisme\"],\"articleSection\":[\"Silence\"],\"inLanguage\":\"fr-FR\"},{\"@type\":\"WebPage\",\"@id\":\"https:\\\/\\\/www.altercampagne.net\\\/?p=10181\",\"url\":\"https:\\\/\\\/www.altercampagne.net\\\/?p=10181\",\"name\":\"Le syndicalisme peut-il \u00eatre \u00e9colo ? - AlterTour\",\"isPartOf\":{\"@id\":\"https:\\\/\\\/www.altercampagne.net\\\/#website\"},\"primaryImageOfPage\":{\"@id\":\"https:\\\/\\\/www.altercampagne.net\\\/?p=10181#primaryimage\"},\"image\":{\"@id\":\"https:\\\/\\\/www.altercampagne.net\\\/?p=10181#primaryimage\"},\"thumbnailUrl\":\"https:\\\/\\\/www.altercampagne.net\\\/wp-content\\\/uploads\\\/2018\\\/04\\\/467BD-couv.jpg\",\"datePublished\":\"2018-04-23T05:18:35+00:00\",\"dateModified\":\"2018-05-30T08:06:35+00:00\",\"author\":{\"@id\":\"https:\\\/\\\/www.altercampagne.net\\\/#\\\/schema\\\/person\\\/0f261460c09e430caa0f9bcffa319109\"},\"breadcrumb\":{\"@id\":\"https:\\\/\\\/www.altercampagne.net\\\/?p=10181#breadcrumb\"},\"inLanguage\":\"fr-FR\",\"potentialAction\":[{\"@type\":\"ReadAction\",\"target\":[\"https:\\\/\\\/www.altercampagne.net\\\/?p=10181\"]}]},{\"@type\":\"ImageObject\",\"inLanguage\":\"fr-FR\",\"@id\":\"https:\\\/\\\/www.altercampagne.net\\\/?p=10181#primaryimage\",\"url\":\"https:\\\/\\\/www.altercampagne.net\\\/wp-content\\\/uploads\\\/2018\\\/04\\\/467BD-couv.jpg\",\"contentUrl\":\"https:\\\/\\\/www.altercampagne.net\\\/wp-content\\\/uploads\\\/2018\\\/04\\\/467BD-couv.jpg\",\"width\":595,\"height\":311},{\"@type\":\"BreadcrumbList\",\"@id\":\"https:\\\/\\\/www.altercampagne.net\\\/?p=10181#breadcrumb\",\"itemListElement\":[{\"@type\":\"ListItem\",\"position\":1,\"name\":\"Accueil\",\"item\":\"https:\\\/\\\/www.altercampagne.net\\\/\"},{\"@type\":\"ListItem\",\"position\":2,\"name\":\"Le syndicalisme peut-il \u00eatre \u00e9colo ?\"}]},{\"@type\":\"WebSite\",\"@id\":\"https:\\\/\\\/www.altercampagne.net\\\/#website\",\"url\":\"https:\\\/\\\/www.altercampagne.net\\\/\",\"name\":\"AlterTour\",\"description\":\"Reliez les Alternatives \u00e0 v\u00e9lo\",\"potentialAction\":[{\"@type\":\"SearchAction\",\"target\":{\"@type\":\"EntryPoint\",\"urlTemplate\":\"https:\\\/\\\/www.altercampagne.net\\\/?s={search_term_string}\"},\"query-input\":{\"@type\":\"PropertyValueSpecification\",\"valueRequired\":true,\"valueName\":\"search_term_string\"}}],\"inLanguage\":\"fr-FR\"},{\"@type\":\"Person\",\"@id\":\"https:\\\/\\\/www.altercampagne.net\\\/#\\\/schema\\\/person\\\/0f261460c09e430caa0f9bcffa319109\",\"name\":\"Mathieu\",\"image\":{\"@type\":\"ImageObject\",\"inLanguage\":\"fr-FR\",\"@id\":\"https:\\\/\\\/secure.gravatar.com\\\/avatar\\\/aa9d3d24c83f2141e5e2709d0f63d09a99f6be6bb7a50abc4915838d9f54501a?s=96&d=mm&r=g\",\"url\":\"https:\\\/\\\/secure.gravatar.com\\\/avatar\\\/aa9d3d24c83f2141e5e2709d0f63d09a99f6be6bb7a50abc4915838d9f54501a?s=96&d=mm&r=g\",\"contentUrl\":\"https:\\\/\\\/secure.gravatar.com\\\/avatar\\\/aa9d3d24c83f2141e5e2709d0f63d09a99f6be6bb7a50abc4915838d9f54501a?s=96&d=mm&r=g\",\"caption\":\"Mathieu\"},\"url\":\"https:\\\/\\\/www.altercampagne.net\\\/?author=214\"}]}<\/script>\n<!-- \/ Yoast SEO plugin. -->","yoast_head_json":{"title":"Le syndicalisme peut-il \u00eatre \u00e9colo ? - AlterTour","robots":{"index":"index","follow":"follow","max-snippet":"max-snippet:-1","max-image-preview":"max-image-preview:large","max-video-preview":"max-video-preview:-1"},"canonical":"https:\/\/www.altercampagne.net\/?p=10181","og_locale":"fr_FR","og_type":"article","og_title":"Le syndicalisme peut-il \u00eatre \u00e9colo ? - AlterTour","og_description":"Revue Silence &#8211; N\u00b0 Mai 2018.\u00a0 Syndicats : d\u00e9passer le productivisme ? Auteur d&rsquo;ouvrages sur la d\u00e9croissance, Didier Harpag\u00e8s revient sur le riche h\u00e9ritage du syndicalisme et questionne les difficult\u00e9s de celui-ci \u00e0 se transformer pour \u00e9pouser la n\u00e9cessaire r\u00e9volution \u00e9cologique \u00e0 mettre en \u0153uvre. Les syndicalistes \u00e9colos prennent la ... Read More","og_url":"https:\/\/www.altercampagne.net\/?p=10181","og_site_name":"AlterTour","article_published_time":"2018-04-23T05:18:35+00:00","article_modified_time":"2018-05-30T08:06:35+00:00","og_image":[{"width":595,"height":311,"url":"https:\/\/www.altercampagne.net\/wp-content\/uploads\/2018\/04\/467BD-couv.jpg","type":"image\/jpeg"}],"author":"Mathieu","twitter_card":"summary_large_image","twitter_misc":{"\u00c9crit par":"Mathieu","Dur\u00e9e de lecture estim\u00e9e":"1 minute"},"schema":{"@context":"https:\/\/schema.org","@graph":[{"@type":"Article","@id":"https:\/\/www.altercampagne.net\/?p=10181#article","isPartOf":{"@id":"https:\/\/www.altercampagne.net\/?p=10181"},"author":{"name":"Mathieu","@id":"https:\/\/www.altercampagne.net\/#\/schema\/person\/0f261460c09e430caa0f9bcffa319109"},"headline":"Le syndicalisme peut-il \u00eatre \u00e9colo ?","datePublished":"2018-04-23T05:18:35+00:00","dateModified":"2018-05-30T08:06:35+00:00","mainEntityOfPage":{"@id":"https:\/\/www.altercampagne.net\/?p=10181"},"wordCount":314,"image":{"@id":"https:\/\/www.altercampagne.net\/?p=10181#primaryimage"},"thumbnailUrl":"https:\/\/www.altercampagne.net\/wp-content\/uploads\/2018\/04\/467BD-couv.jpg","keywords":["d\u00e9croissance","center parcs","convergence","mai 2018","Cantines bio","syndicalistes \u00e9colos","productivisme"],"articleSection":["Silence"],"inLanguage":"fr-FR"},{"@type":"WebPage","@id":"https:\/\/www.altercampagne.net\/?p=10181","url":"https:\/\/www.altercampagne.net\/?p=10181","name":"Le syndicalisme peut-il \u00eatre \u00e9colo ? - AlterTour","isPartOf":{"@id":"https:\/\/www.altercampagne.net\/#website"},"primaryImageOfPage":{"@id":"https:\/\/www.altercampagne.net\/?p=10181#primaryimage"},"image":{"@id":"https:\/\/www.altercampagne.net\/?p=10181#primaryimage"},"thumbnailUrl":"https:\/\/www.altercampagne.net\/wp-content\/uploads\/2018\/04\/467BD-couv.jpg","datePublished":"2018-04-23T05:18:35+00:00","dateModified":"2018-05-30T08:06:35+00:00","author":{"@id":"https:\/\/www.altercampagne.net\/#\/schema\/person\/0f261460c09e430caa0f9bcffa319109"},"breadcrumb":{"@id":"https:\/\/www.altercampagne.net\/?p=10181#breadcrumb"},"inLanguage":"fr-FR","potentialAction":[{"@type":"ReadAction","target":["https:\/\/www.altercampagne.net\/?p=10181"]}]},{"@type":"ImageObject","inLanguage":"fr-FR","@id":"https:\/\/www.altercampagne.net\/?p=10181#primaryimage","url":"https:\/\/www.altercampagne.net\/wp-content\/uploads\/2018\/04\/467BD-couv.jpg","contentUrl":"https:\/\/www.altercampagne.net\/wp-content\/uploads\/2018\/04\/467BD-couv.jpg","width":595,"height":311},{"@type":"BreadcrumbList","@id":"https:\/\/www.altercampagne.net\/?p=10181#breadcrumb","itemListElement":[{"@type":"ListItem","position":1,"name":"Accueil","item":"https:\/\/www.altercampagne.net\/"},{"@type":"ListItem","position":2,"name":"Le syndicalisme peut-il \u00eatre \u00e9colo ?"}]},{"@type":"WebSite","@id":"https:\/\/www.altercampagne.net\/#website","url":"https:\/\/www.altercampagne.net\/","name":"AlterTour","description":"Reliez les Alternatives \u00e0 v\u00e9lo","potentialAction":[{"@type":"SearchAction","target":{"@type":"EntryPoint","urlTemplate":"https:\/\/www.altercampagne.net\/?s={search_term_string}"},"query-input":{"@type":"PropertyValueSpecification","valueRequired":true,"valueName":"search_term_string"}}],"inLanguage":"fr-FR"},{"@type":"Person","@id":"https:\/\/www.altercampagne.net\/#\/schema\/person\/0f261460c09e430caa0f9bcffa319109","name":"Mathieu","image":{"@type":"ImageObject","inLanguage":"fr-FR","@id":"https:\/\/secure.gravatar.com\/avatar\/aa9d3d24c83f2141e5e2709d0f63d09a99f6be6bb7a50abc4915838d9f54501a?s=96&d=mm&r=g","url":"https:\/\/secure.gravatar.com\/avatar\/aa9d3d24c83f2141e5e2709d0f63d09a99f6be6bb7a50abc4915838d9f54501a?s=96&d=mm&r=g","contentUrl":"https:\/\/secure.gravatar.com\/avatar\/aa9d3d24c83f2141e5e2709d0f63d09a99f6be6bb7a50abc4915838d9f54501a?s=96&d=mm&r=g","caption":"Mathieu"},"url":"https:\/\/www.altercampagne.net\/?author=214"}]}},"_links":{"self":[{"href":"https:\/\/www.altercampagne.net\/index.php?rest_route=\/wp\/v2\/posts\/10181","targetHints":{"allow":["GET"]}}],"collection":[{"href":"https:\/\/www.altercampagne.net\/index.php?rest_route=\/wp\/v2\/posts"}],"about":[{"href":"https:\/\/www.altercampagne.net\/index.php?rest_route=\/wp\/v2\/types\/post"}],"author":[{"embeddable":true,"href":"https:\/\/www.altercampagne.net\/index.php?rest_route=\/wp\/v2\/users\/214"}],"replies":[{"embeddable":true,"href":"https:\/\/www.altercampagne.net\/index.php?rest_route=%2Fwp%2Fv2%2Fcomments&post=10181"}],"version-history":[{"count":0,"href":"https:\/\/www.altercampagne.net\/index.php?rest_route=\/wp\/v2\/posts\/10181\/revisions"}],"wp:featuredmedia":[{"embeddable":true,"href":"https:\/\/www.altercampagne.net\/index.php?rest_route=\/wp\/v2\/media\/10183"}],"wp:attachment":[{"href":"https:\/\/www.altercampagne.net\/index.php?rest_route=%2Fwp%2Fv2%2Fmedia&parent=10181"}],"wp:term":[{"taxonomy":"category","embeddable":true,"href":"https:\/\/www.altercampagne.net\/index.php?rest_route=%2Fwp%2Fv2%2Fcategories&post=10181"},{"taxonomy":"post_tag","embeddable":true,"href":"https:\/\/www.altercampagne.net\/index.php?rest_route=%2Fwp%2Fv2%2Ftags&post=10181"}],"curies":[{"name":"wp","href":"https:\/\/api.w.org\/{rel}","templated":true}]}}