{"id":10244,"date":"2018-05-03T09:38:11","date_gmt":"2018-05-03T07:38:11","guid":{"rendered":"http:\/\/www.altercampagne.net\/?p=10244"},"modified":"2018-05-28T22:54:44","modified_gmt":"2018-05-28T20:54:44","slug":"10244","status":"publish","type":"post","link":"https:\/\/www.altercampagne.net\/?p=10244","title":{"rendered":"Toul : p\u00e9daler pour une autre soci\u00e9t\u00e9"},"content":{"rendered":"<p>Les cyclistes de l\u2019AlterTour 2018 poseront pied \u00e0 terre \u00e0 Moutrot d\u00e9but ao\u00fbt\u2026 Mais qu\u2019est-ce que l\u2019AlterTour\u00a0? Un tour de France des alternatives \u00e0 notre mode de vie actuelle.<\/p>\n<p>Depuis 11 ans, des hommes et des femmes enfourchent un biclou durant six semaines pour passer de villes en villages \u00e0 la rencontre d\u2019habitants qui misent sur le collectif, l\u2019entraide, le retour \u00e0 une vie simple\u2026 Ces altercyclistes vont ainsi \u00e0 la rencontre de producteurs bio, d\u2019AMAP. Au niveau \u00e9co, ils visitent des entreprises coop\u00e9ratives, se font pr\u00e9senter des syst\u00e8mes d\u2019\u00e9changes locaux, d\u2019habitat partag\u00e9, de maisons passives et de jardins collectifs. Ils c\u00f4toient aussi des membres d\u2019associations de protection de la biodiversit\u00e9 et de sites naturels. Au chapitre \u00ab\u00a0conso\u00a0\u00bb, ils se penchent sur ces familles \u00ab\u00a0z\u00e9ro d\u00e9chet\u00a0\u00bb, ces ressourceries et autres ateliers participatifs de r\u00e9parations de v\u00e9los. Ce peloton, qui rassemble aux alentours de 350 participants, passe \u00e9galement par les lieux de r\u00e9sistance aux grands projets\u00a0: Bure, autoroutes\u2026<\/p>\n<p>Pour suivre le groupe, aucun niveau sportif n\u2019est requis. Les participants parcourent entre 3 et 4 heures de v\u00e9lo par jour. Des visites fractionnent les coups de p\u00e9dales, et un minibus est \u00e0 la disposition de ceux qui fatiguent.<\/p>\n<p>Cette ann\u00e9e, le d\u00e9part sera donn\u00e9 le 16\u00a0juillet d\u2019Amiens, du si\u00e8ge du journal Fakir, pour une fin de \u00ab\u00a0course\u00a0\u00bb le 26\u00a0ao\u00fbt en Alsace, \u00e0 Kolbsheim. Entre temps, une \u00e9tape sera faite le 7\u00a0ao\u00fbt \u00e0 la ferme \u2018\u2019Les grands Jardins\u2019\u2019, \u00e0 Moutrot. Les altercyclistes y seront attendus pour midi, visiteront les installations du g\u00e9rant Didier Mouchette \u2013 qui \u00e9l\u00e8ve entre autres des porcs bio \u2013 et en soir\u00e9e, participeront \u00e0 un \u00e9change avec l\u2019association Terre de Liens qui a notamment permis la collecte de fonds pour \u00e9pauler le d\u00e9veloppement de l\u2019infrastructure l\u2019\u00e9leveur.<\/p>\n<p>Alors, pr\u00e9parez vos mollets et vos sacs \u00e0 dos\u00a0! Les inscriptions pour cet AlterTour court jusqu\u2019au 7\u00a0juillet.<\/p>\n<p style=\"text-align: right;\"><strong><a href=\"https:\/\/www.estrepublicain.fr\/edition-de-toul\/2018\/05\/03\/pedaler-pour-une-autre-societe\" target=\"_blank\" rel=\"noopener\">S.M. &#8211; Est R\u00e9publicain<\/a><br \/>\n<\/strong><\/p>\n","protected":false},"excerpt":{"rendered":"<p>Les cyclistes de l\u2019AlterTour 2018 poseront pied \u00e0 terre \u00e0 Moutrot d\u00e9but ao\u00fbt\u2026 Mais qu\u2019est-ce que l\u2019AlterTour\u00a0? Un tour de France des alternatives \u00e0 notre mode de vie actuelle. Depuis 11 ans, des hommes et des femmes enfourchent un biclou durant six semaines pour passer de villes en villages \u00e0 &#8230; <\/p>\n<div><a href=\"https:\/\/www.altercampagne.net\/?p=10244\" class=\"more-link\">Read More<\/a><\/div>\n","protected":false},"author":214,"featured_media":10517,"comment_status":"closed","ping_status":"closed","sticky":false,"template":"","format":"standard","meta":{"footnotes":""},"categories":[3483,3475,239,3470],"tags":[247,429,609,1540,3221,3368,3382,3556],"class_list":["post-10244","post","type-post","status-publish","format-standard","has-post-thumbnail","hentry","category-agriculture","category-grand-est","category-revue-de-presse","category-edition-2018","tag-lorraine","tag-terre-de-liens","tag-est-republicain","tag-meurthe-et-moselle","tag-altertour-2018","tag-moutrot","tag-grand-est","tag-les-grands-jardins"],"yoast_head":"<!-- This site is optimized with the Yoast SEO plugin v27.3 - https:\/\/yoast.com\/product\/yoast-seo-wordpress\/ -->\n<title>Toul : p\u00e9daler pour une autre soci\u00e9t\u00e9 - AlterTour<\/title>\n<meta name=\"robots\" content=\"index, follow, max-snippet:-1, max-image-preview:large, max-video-preview:-1\" \/>\n<link rel=\"canonical\" href=\"https:\/\/www.altercampagne.net\/?p=10244\" \/>\n<meta property=\"og:locale\" content=\"fr_FR\" \/>\n<meta property=\"og:type\" content=\"article\" \/>\n<meta property=\"og:title\" content=\"Toul : p\u00e9daler pour une autre soci\u00e9t\u00e9 - AlterTour\" \/>\n<meta property=\"og:description\" content=\"Les cyclistes de l\u2019AlterTour 2018 poseront pied \u00e0 terre \u00e0 Moutrot d\u00e9but ao\u00fbt\u2026 Mais qu\u2019est-ce que l\u2019AlterTour\u00a0? Un tour de France des alternatives \u00e0 notre mode de vie actuelle. Depuis 11 ans, des hommes et des femmes enfourchent un biclou durant six semaines pour passer de villes en villages \u00e0 ... Read More\" \/>\n<meta property=\"og:url\" content=\"https:\/\/www.altercampagne.net\/?p=10244\" \/>\n<meta property=\"og:site_name\" content=\"AlterTour\" \/>\n<meta property=\"article:published_time\" content=\"2018-05-03T07:38:11+00:00\" \/>\n<meta property=\"article:modified_time\" content=\"2018-05-28T20:54:44+00:00\" \/>\n<meta property=\"og:image\" content=\"https:\/\/www.altercampagne.net\/wp-content\/uploads\/2018\/05\/EstR\u00e9publicain_image-ok.png\" \/>\n\t<meta property=\"og:image:width\" content=\"567\" \/>\n\t<meta property=\"og:image:height\" content=\"298\" \/>\n\t<meta property=\"og:image:type\" content=\"image\/png\" \/>\n<meta name=\"author\" content=\"Mathieu\" \/>\n<meta name=\"twitter:card\" content=\"summary_large_image\" \/>\n<meta name=\"twitter:label1\" content=\"\u00c9crit par\" \/>\n\t<meta name=\"twitter:data1\" content=\"Mathieu\" \/>\n\t<meta name=\"twitter:label2\" content=\"Dur\u00e9e de lecture estim\u00e9e\" \/>\n\t<meta name=\"twitter:data2\" content=\"2 minutes\" \/>\n<script type=\"application\/ld+json\" class=\"yoast-schema-graph\">{\"@context\":\"https:\\\/\\\/schema.org\",\"@graph\":[{\"@type\":\"Article\",\"@id\":\"https:\\\/\\\/www.altercampagne.net\\\/?p=10244#article\",\"isPartOf\":{\"@id\":\"https:\\\/\\\/www.altercampagne.net\\\/?p=10244\"},\"author\":{\"name\":\"Mathieu\",\"@id\":\"https:\\\/\\\/www.altercampagne.net\\\/#\\\/schema\\\/person\\\/0f261460c09e430caa0f9bcffa319109\"},\"headline\":\"Toul : p\u00e9daler pour une autre soci\u00e9t\u00e9\",\"datePublished\":\"2018-05-03T07:38:11+00:00\",\"dateModified\":\"2018-05-28T20:54:44+00:00\",\"mainEntityOfPage\":{\"@id\":\"https:\\\/\\\/www.altercampagne.net\\\/?p=10244\"},\"wordCount\":337,\"image\":{\"@id\":\"https:\\\/\\\/www.altercampagne.net\\\/?p=10244#primaryimage\"},\"thumbnailUrl\":\"https:\\\/\\\/www.altercampagne.net\\\/wp-content\\\/uploads\\\/2018\\\/05\\\/EstR\u00e9publicain_image-ok.png\",\"keywords\":[\"Lorraine\",\"terre de liens\",\"est republicain\",\"Meurthe-et-Moselle\",\"AlterTour 2018\",\"Moutrot\",\"Grand Est\",\"Les grands Jardins\"],\"articleSection\":[\"Agriculture\",\"Grand Est\",\"Revue de presse\",\"\u00c9dition 2018\"],\"inLanguage\":\"fr-FR\"},{\"@type\":\"WebPage\",\"@id\":\"https:\\\/\\\/www.altercampagne.net\\\/?p=10244\",\"url\":\"https:\\\/\\\/www.altercampagne.net\\\/?p=10244\",\"name\":\"Toul : p\u00e9daler pour une autre soci\u00e9t\u00e9 - AlterTour\",\"isPartOf\":{\"@id\":\"https:\\\/\\\/www.altercampagne.net\\\/#website\"},\"primaryImageOfPage\":{\"@id\":\"https:\\\/\\\/www.altercampagne.net\\\/?p=10244#primaryimage\"},\"image\":{\"@id\":\"https:\\\/\\\/www.altercampagne.net\\\/?p=10244#primaryimage\"},\"thumbnailUrl\":\"https:\\\/\\\/www.altercampagne.net\\\/wp-content\\\/uploads\\\/2018\\\/05\\\/EstR\u00e9publicain_image-ok.png\",\"datePublished\":\"2018-05-03T07:38:11+00:00\",\"dateModified\":\"2018-05-28T20:54:44+00:00\",\"author\":{\"@id\":\"https:\\\/\\\/www.altercampagne.net\\\/#\\\/schema\\\/person\\\/0f261460c09e430caa0f9bcffa319109\"},\"breadcrumb\":{\"@id\":\"https:\\\/\\\/www.altercampagne.net\\\/?p=10244#breadcrumb\"},\"inLanguage\":\"fr-FR\",\"potentialAction\":[{\"@type\":\"ReadAction\",\"target\":[\"https:\\\/\\\/www.altercampagne.net\\\/?p=10244\"]}]},{\"@type\":\"ImageObject\",\"inLanguage\":\"fr-FR\",\"@id\":\"https:\\\/\\\/www.altercampagne.net\\\/?p=10244#primaryimage\",\"url\":\"https:\\\/\\\/www.altercampagne.net\\\/wp-content\\\/uploads\\\/2018\\\/05\\\/EstR\u00e9publicain_image-ok.png\",\"contentUrl\":\"https:\\\/\\\/www.altercampagne.net\\\/wp-content\\\/uploads\\\/2018\\\/05\\\/EstR\u00e9publicain_image-ok.png\",\"width\":567,\"height\":298},{\"@type\":\"BreadcrumbList\",\"@id\":\"https:\\\/\\\/www.altercampagne.net\\\/?p=10244#breadcrumb\",\"itemListElement\":[{\"@type\":\"ListItem\",\"position\":1,\"name\":\"Accueil\",\"item\":\"https:\\\/\\\/www.altercampagne.net\\\/\"},{\"@type\":\"ListItem\",\"position\":2,\"name\":\"Toul : p\u00e9daler pour une autre soci\u00e9t\u00e9\"}]},{\"@type\":\"WebSite\",\"@id\":\"https:\\\/\\\/www.altercampagne.net\\\/#website\",\"url\":\"https:\\\/\\\/www.altercampagne.net\\\/\",\"name\":\"AlterTour\",\"description\":\"Reliez les Alternatives \u00e0 v\u00e9lo\",\"potentialAction\":[{\"@type\":\"SearchAction\",\"target\":{\"@type\":\"EntryPoint\",\"urlTemplate\":\"https:\\\/\\\/www.altercampagne.net\\\/?s={search_term_string}\"},\"query-input\":{\"@type\":\"PropertyValueSpecification\",\"valueRequired\":true,\"valueName\":\"search_term_string\"}}],\"inLanguage\":\"fr-FR\"},{\"@type\":\"Person\",\"@id\":\"https:\\\/\\\/www.altercampagne.net\\\/#\\\/schema\\\/person\\\/0f261460c09e430caa0f9bcffa319109\",\"name\":\"Mathieu\",\"image\":{\"@type\":\"ImageObject\",\"inLanguage\":\"fr-FR\",\"@id\":\"https:\\\/\\\/secure.gravatar.com\\\/avatar\\\/aa9d3d24c83f2141e5e2709d0f63d09a99f6be6bb7a50abc4915838d9f54501a?s=96&d=mm&r=g\",\"url\":\"https:\\\/\\\/secure.gravatar.com\\\/avatar\\\/aa9d3d24c83f2141e5e2709d0f63d09a99f6be6bb7a50abc4915838d9f54501a?s=96&d=mm&r=g\",\"contentUrl\":\"https:\\\/\\\/secure.gravatar.com\\\/avatar\\\/aa9d3d24c83f2141e5e2709d0f63d09a99f6be6bb7a50abc4915838d9f54501a?s=96&d=mm&r=g\",\"caption\":\"Mathieu\"},\"url\":\"https:\\\/\\\/www.altercampagne.net\\\/?author=214\"}]}<\/script>\n<!-- \/ Yoast SEO plugin. -->","yoast_head_json":{"title":"Toul : p\u00e9daler pour une autre soci\u00e9t\u00e9 - AlterTour","robots":{"index":"index","follow":"follow","max-snippet":"max-snippet:-1","max-image-preview":"max-image-preview:large","max-video-preview":"max-video-preview:-1"},"canonical":"https:\/\/www.altercampagne.net\/?p=10244","og_locale":"fr_FR","og_type":"article","og_title":"Toul : p\u00e9daler pour une autre soci\u00e9t\u00e9 - AlterTour","og_description":"Les cyclistes de l\u2019AlterTour 2018 poseront pied \u00e0 terre \u00e0 Moutrot d\u00e9but ao\u00fbt\u2026 Mais qu\u2019est-ce que l\u2019AlterTour\u00a0? Un tour de France des alternatives \u00e0 notre mode de vie actuelle. Depuis 11 ans, des hommes et des femmes enfourchent un biclou durant six semaines pour passer de villes en villages \u00e0 ... Read More","og_url":"https:\/\/www.altercampagne.net\/?p=10244","og_site_name":"AlterTour","article_published_time":"2018-05-03T07:38:11+00:00","article_modified_time":"2018-05-28T20:54:44+00:00","og_image":[{"width":567,"height":298,"url":"https:\/\/www.altercampagne.net\/wp-content\/uploads\/2018\/05\/EstR\u00e9publicain_image-ok.png","type":"image\/png"}],"author":"Mathieu","twitter_card":"summary_large_image","twitter_misc":{"\u00c9crit par":"Mathieu","Dur\u00e9e de lecture estim\u00e9e":"2 minutes"},"schema":{"@context":"https:\/\/schema.org","@graph":[{"@type":"Article","@id":"https:\/\/www.altercampagne.net\/?p=10244#article","isPartOf":{"@id":"https:\/\/www.altercampagne.net\/?p=10244"},"author":{"name":"Mathieu","@id":"https:\/\/www.altercampagne.net\/#\/schema\/person\/0f261460c09e430caa0f9bcffa319109"},"headline":"Toul : p\u00e9daler pour une autre soci\u00e9t\u00e9","datePublished":"2018-05-03T07:38:11+00:00","dateModified":"2018-05-28T20:54:44+00:00","mainEntityOfPage":{"@id":"https:\/\/www.altercampagne.net\/?p=10244"},"wordCount":337,"image":{"@id":"https:\/\/www.altercampagne.net\/?p=10244#primaryimage"},"thumbnailUrl":"https:\/\/www.altercampagne.net\/wp-content\/uploads\/2018\/05\/EstR\u00e9publicain_image-ok.png","keywords":["Lorraine","terre de liens","est republicain","Meurthe-et-Moselle","AlterTour 2018","Moutrot","Grand Est","Les grands Jardins"],"articleSection":["Agriculture","Grand Est","Revue de presse","\u00c9dition 2018"],"inLanguage":"fr-FR"},{"@type":"WebPage","@id":"https:\/\/www.altercampagne.net\/?p=10244","url":"https:\/\/www.altercampagne.net\/?p=10244","name":"Toul : p\u00e9daler pour une autre soci\u00e9t\u00e9 - AlterTour","isPartOf":{"@id":"https:\/\/www.altercampagne.net\/#website"},"primaryImageOfPage":{"@id":"https:\/\/www.altercampagne.net\/?p=10244#primaryimage"},"image":{"@id":"https:\/\/www.altercampagne.net\/?p=10244#primaryimage"},"thumbnailUrl":"https:\/\/www.altercampagne.net\/wp-content\/uploads\/2018\/05\/EstR\u00e9publicain_image-ok.png","datePublished":"2018-05-03T07:38:11+00:00","dateModified":"2018-05-28T20:54:44+00:00","author":{"@id":"https:\/\/www.altercampagne.net\/#\/schema\/person\/0f261460c09e430caa0f9bcffa319109"},"breadcrumb":{"@id":"https:\/\/www.altercampagne.net\/?p=10244#breadcrumb"},"inLanguage":"fr-FR","potentialAction":[{"@type":"ReadAction","target":["https:\/\/www.altercampagne.net\/?p=10244"]}]},{"@type":"ImageObject","inLanguage":"fr-FR","@id":"https:\/\/www.altercampagne.net\/?p=10244#primaryimage","url":"https:\/\/www.altercampagne.net\/wp-content\/uploads\/2018\/05\/EstR\u00e9publicain_image-ok.png","contentUrl":"https:\/\/www.altercampagne.net\/wp-content\/uploads\/2018\/05\/EstR\u00e9publicain_image-ok.png","width":567,"height":298},{"@type":"BreadcrumbList","@id":"https:\/\/www.altercampagne.net\/?p=10244#breadcrumb","itemListElement":[{"@type":"ListItem","position":1,"name":"Accueil","item":"https:\/\/www.altercampagne.net\/"},{"@type":"ListItem","position":2,"name":"Toul : p\u00e9daler pour une autre soci\u00e9t\u00e9"}]},{"@type":"WebSite","@id":"https:\/\/www.altercampagne.net\/#website","url":"https:\/\/www.altercampagne.net\/","name":"AlterTour","description":"Reliez les Alternatives \u00e0 v\u00e9lo","potentialAction":[{"@type":"SearchAction","target":{"@type":"EntryPoint","urlTemplate":"https:\/\/www.altercampagne.net\/?s={search_term_string}"},"query-input":{"@type":"PropertyValueSpecification","valueRequired":true,"valueName":"search_term_string"}}],"inLanguage":"fr-FR"},{"@type":"Person","@id":"https:\/\/www.altercampagne.net\/#\/schema\/person\/0f261460c09e430caa0f9bcffa319109","name":"Mathieu","image":{"@type":"ImageObject","inLanguage":"fr-FR","@id":"https:\/\/secure.gravatar.com\/avatar\/aa9d3d24c83f2141e5e2709d0f63d09a99f6be6bb7a50abc4915838d9f54501a?s=96&d=mm&r=g","url":"https:\/\/secure.gravatar.com\/avatar\/aa9d3d24c83f2141e5e2709d0f63d09a99f6be6bb7a50abc4915838d9f54501a?s=96&d=mm&r=g","contentUrl":"https:\/\/secure.gravatar.com\/avatar\/aa9d3d24c83f2141e5e2709d0f63d09a99f6be6bb7a50abc4915838d9f54501a?s=96&d=mm&r=g","caption":"Mathieu"},"url":"https:\/\/www.altercampagne.net\/?author=214"}]}},"_links":{"self":[{"href":"https:\/\/www.altercampagne.net\/index.php?rest_route=\/wp\/v2\/posts\/10244","targetHints":{"allow":["GET"]}}],"collection":[{"href":"https:\/\/www.altercampagne.net\/index.php?rest_route=\/wp\/v2\/posts"}],"about":[{"href":"https:\/\/www.altercampagne.net\/index.php?rest_route=\/wp\/v2\/types\/post"}],"author":[{"embeddable":true,"href":"https:\/\/www.altercampagne.net\/index.php?rest_route=\/wp\/v2\/users\/214"}],"replies":[{"embeddable":true,"href":"https:\/\/www.altercampagne.net\/index.php?rest_route=%2Fwp%2Fv2%2Fcomments&post=10244"}],"version-history":[{"count":0,"href":"https:\/\/www.altercampagne.net\/index.php?rest_route=\/wp\/v2\/posts\/10244\/revisions"}],"wp:featuredmedia":[{"embeddable":true,"href":"https:\/\/www.altercampagne.net\/index.php?rest_route=\/wp\/v2\/media\/10517"}],"wp:attachment":[{"href":"https:\/\/www.altercampagne.net\/index.php?rest_route=%2Fwp%2Fv2%2Fmedia&parent=10244"}],"wp:term":[{"taxonomy":"category","embeddable":true,"href":"https:\/\/www.altercampagne.net\/index.php?rest_route=%2Fwp%2Fv2%2Fcategories&post=10244"},{"taxonomy":"post_tag","embeddable":true,"href":"https:\/\/www.altercampagne.net\/index.php?rest_route=%2Fwp%2Fv2%2Ftags&post=10244"}],"curies":[{"name":"wp","href":"https:\/\/api.w.org\/{rel}","templated":true}]}}