{"id":10260,"date":"2018-05-07T14:38:25","date_gmt":"2018-05-07T12:38:25","guid":{"rendered":"http:\/\/www.altercampagne.net\/?p=10260"},"modified":"2018-05-25T12:20:14","modified_gmt":"2018-05-25T10:20:14","slug":"les-inscriptions-sont-ouvertes","status":"publish","type":"post","link":"https:\/\/www.altercampagne.net\/?p=10260","title":{"rendered":"Les inscriptions sont ouvertes !"},"content":{"rendered":"<p><strong>AlterTour<\/strong><br \/>\nDu 14 juillet au 26 ao\u00fbt, d\u2019Amiens \u00e0 Strasbourg, l\u2019AlterTour 2018 rendra visite aux alternatives des Hauts-de-France, d\u2019\u00cele-de-France et du Grand Est. Au programme : visite d&rsquo;\u00e9co-lieux et d&rsquo;ateliers d\u2019auto-r\u00e9paration de v\u00e9los, des chantiers collectifs, des manifs \u00e0 v\u00e9lo, des conf\u00e9rences gesticul\u00e9es, des concerts\u2026<\/p>\n<p><strong>\u00c9chapp\u00e9es Belles<\/strong><br \/>\nPour les plus aventuriers, rendez-vous sur les \u00c9chapp\u00e9es Belles : trois parcours parall\u00e8les \u00e0 l\u2019AlterTour, en petit groupe (25 personnes) et sans assistance moteur. Chacun porte sa tente et ses bagages, une partie de la nourriture commune et du mat\u00e9riel n\u00e9cessaire \u00e0 la r\u00e9paration des v\u00e9los. Le reste ne change pas, \u00e0 chaque \u00e9tape la d\u00e9couverte d\u2019Alternative(s) !<\/p>\n<ul>\n<li><a href=\"http:\/\/www.altercampagne.net\/?page_id=10029\" target=\"_blank\" rel=\"noopener\" data-cke-saved-href=\"http:\/\/www.altercampagne.net\/?page_id=10029\">Programme de l&rsquo;AlterTour<\/a><\/li>\n<li><u><a href=\"http:\/\/www.altercampagne.net\/?page_id=10157\" target=\"_blank\" rel=\"noopener\" data-cke-saved-href=\"http:\/\/www.altercampagne.net\/?page_id=10157\">Programme des \u00c9chapp\u00e9es Belles<\/a><\/u><\/li>\n<\/ul>\n<p><strong>Bi\u00e8reTour<\/strong><br \/>\nNous avons la joie de vous proposer un nouveau projet, le Bi\u00e8reTour ! Un petit tour th\u00e9matique sur fili\u00e8re la brassicole : <em>du champ \u00e0 la chope<\/em> ! A mi-chemin entre l&rsquo;AlterTour et les \u00c9chapp\u00e9es Belles. Chacun porte sa tente et ses bagages sur son v\u00e9lo, un v\u00e9hicule transporte et pr\u00e9pare la nourriture.<\/p>\n<p>Pour s&rsquo;inscrire : <a href=\"http:\/\/www.altercampagne.net\/?page_id=178\">rendez-vous ici<\/a><\/p>\n","protected":false},"excerpt":{"rendered":"<p>AlterTour Du 14 juillet au 26 ao\u00fbt, d\u2019Amiens \u00e0 Strasbourg, l\u2019AlterTour 2018 rendra visite aux alternatives des Hauts-de-France, d\u2019\u00cele-de-France et du Grand Est. Au programme : visite d&rsquo;\u00e9co-lieux et d&rsquo;ateliers d\u2019auto-r\u00e9paration de v\u00e9los, des chantiers collectifs, des manifs \u00e0 v\u00e9lo, des conf\u00e9rences gesticul\u00e9es, des concerts\u2026 \u00c9chapp\u00e9es Belles Pour les plus &#8230; <\/p>\n<div><a href=\"https:\/\/www.altercampagne.net\/?p=10260\" class=\"more-link\">Read More<\/a><\/div>\n","protected":false},"author":214,"featured_media":10261,"comment_status":"closed","ping_status":"closed","sticky":false,"template":"","format":"standard","meta":{"footnotes":""},"categories":[3574,3475,3470,3476,3477],"tags":[53,210,406,2782,3221,3567,3568,3569],"class_list":["post-10260","post","type-post","status-publish","format-standard","has-post-thumbnail","hentry","category-bieretour","category-grand-est","category-edition-2018","category-hauts-de-france","category-ile-de-france","tag-alternatives","tag-inscription","tag-non-violence","tag-echappees-belles","tag-altertour-2018","tag-bieretour","tag-bieretour-2018","tag-echappee-belles-2018"],"yoast_head":"<!-- This site is optimized with the Yoast SEO plugin v27.3 - https:\/\/yoast.com\/product\/yoast-seo-wordpress\/ -->\n<title>Les inscriptions sont ouvertes ! - AlterTour<\/title>\n<meta name=\"robots\" content=\"index, follow, max-snippet:-1, max-image-preview:large, max-video-preview:-1\" \/>\n<link rel=\"canonical\" href=\"https:\/\/www.altercampagne.net\/?p=10260\" \/>\n<meta property=\"og:locale\" content=\"fr_FR\" \/>\n<meta property=\"og:type\" content=\"article\" \/>\n<meta property=\"og:title\" content=\"Les inscriptions sont ouvertes ! - AlterTour\" \/>\n<meta property=\"og:description\" content=\"AlterTour Du 14 juillet au 26 ao\u00fbt, d\u2019Amiens \u00e0 Strasbourg, l\u2019AlterTour 2018 rendra visite aux alternatives des Hauts-de-France, d\u2019\u00cele-de-France et du Grand Est. Au programme : visite d&rsquo;\u00e9co-lieux et d&rsquo;ateliers d\u2019auto-r\u00e9paration de v\u00e9los, des chantiers collectifs, des manifs \u00e0 v\u00e9lo, des conf\u00e9rences gesticul\u00e9es, des concerts\u2026 \u00c9chapp\u00e9es Belles Pour les plus ... Read More\" \/>\n<meta property=\"og:url\" content=\"https:\/\/www.altercampagne.net\/?p=10260\" \/>\n<meta property=\"og:site_name\" content=\"AlterTour\" \/>\n<meta property=\"article:published_time\" content=\"2018-05-07T12:38:25+00:00\" \/>\n<meta property=\"article:modified_time\" content=\"2018-05-25T10:20:14+00:00\" \/>\n<meta property=\"og:image\" content=\"https:\/\/www.altercampagne.net\/wp-content\/uploads\/2018\/05\/AT2018-Ouverture-inscriptions.jpg\" \/>\n\t<meta property=\"og:image:width\" content=\"595\" \/>\n\t<meta property=\"og:image:height\" content=\"311\" \/>\n\t<meta property=\"og:image:type\" content=\"image\/jpeg\" \/>\n<meta name=\"author\" content=\"Mathieu\" \/>\n<meta name=\"twitter:card\" content=\"summary_large_image\" \/>\n<meta name=\"twitter:label1\" content=\"\u00c9crit par\" \/>\n\t<meta name=\"twitter:data1\" content=\"Mathieu\" \/>\n\t<meta name=\"twitter:label2\" content=\"Dur\u00e9e de lecture estim\u00e9e\" \/>\n\t<meta name=\"twitter:data2\" content=\"1 minute\" \/>\n<script type=\"application\/ld+json\" class=\"yoast-schema-graph\">{\"@context\":\"https:\\\/\\\/schema.org\",\"@graph\":[{\"@type\":\"Article\",\"@id\":\"https:\\\/\\\/www.altercampagne.net\\\/?p=10260#article\",\"isPartOf\":{\"@id\":\"https:\\\/\\\/www.altercampagne.net\\\/?p=10260\"},\"author\":{\"name\":\"Mathieu\",\"@id\":\"https:\\\/\\\/www.altercampagne.net\\\/#\\\/schema\\\/person\\\/0f261460c09e430caa0f9bcffa319109\"},\"headline\":\"Les inscriptions sont ouvertes !\",\"datePublished\":\"2018-05-07T12:38:25+00:00\",\"dateModified\":\"2018-05-25T10:20:14+00:00\",\"mainEntityOfPage\":{\"@id\":\"https:\\\/\\\/www.altercampagne.net\\\/?p=10260\"},\"wordCount\":193,\"image\":{\"@id\":\"https:\\\/\\\/www.altercampagne.net\\\/?p=10260#primaryimage\"},\"thumbnailUrl\":\"https:\\\/\\\/www.altercampagne.net\\\/wp-content\\\/uploads\\\/2018\\\/05\\\/AT2018-Ouverture-inscriptions.jpg\",\"keywords\":[\"Alternatives\",\"inscription\",\"non-violence\",\"\u00c9chapp\u00e9es Belles\",\"AlterTour 2018\",\"Bi\u00e8reTour\",\"Bi\u00e8reTour 2018\",\"Echapp\u00e9e Belles 2018\"],\"articleSection\":[\"Bi\u00e8reTour\",\"Grand Est\",\"\u00c9dition 2018\",\"Hauts-de-France\",\"\u00cele-de-France\"],\"inLanguage\":\"fr-FR\"},{\"@type\":\"WebPage\",\"@id\":\"https:\\\/\\\/www.altercampagne.net\\\/?p=10260\",\"url\":\"https:\\\/\\\/www.altercampagne.net\\\/?p=10260\",\"name\":\"Les inscriptions sont ouvertes ! - AlterTour\",\"isPartOf\":{\"@id\":\"https:\\\/\\\/www.altercampagne.net\\\/#website\"},\"primaryImageOfPage\":{\"@id\":\"https:\\\/\\\/www.altercampagne.net\\\/?p=10260#primaryimage\"},\"image\":{\"@id\":\"https:\\\/\\\/www.altercampagne.net\\\/?p=10260#primaryimage\"},\"thumbnailUrl\":\"https:\\\/\\\/www.altercampagne.net\\\/wp-content\\\/uploads\\\/2018\\\/05\\\/AT2018-Ouverture-inscriptions.jpg\",\"datePublished\":\"2018-05-07T12:38:25+00:00\",\"dateModified\":\"2018-05-25T10:20:14+00:00\",\"author\":{\"@id\":\"https:\\\/\\\/www.altercampagne.net\\\/#\\\/schema\\\/person\\\/0f261460c09e430caa0f9bcffa319109\"},\"breadcrumb\":{\"@id\":\"https:\\\/\\\/www.altercampagne.net\\\/?p=10260#breadcrumb\"},\"inLanguage\":\"fr-FR\",\"potentialAction\":[{\"@type\":\"ReadAction\",\"target\":[\"https:\\\/\\\/www.altercampagne.net\\\/?p=10260\"]}]},{\"@type\":\"ImageObject\",\"inLanguage\":\"fr-FR\",\"@id\":\"https:\\\/\\\/www.altercampagne.net\\\/?p=10260#primaryimage\",\"url\":\"https:\\\/\\\/www.altercampagne.net\\\/wp-content\\\/uploads\\\/2018\\\/05\\\/AT2018-Ouverture-inscriptions.jpg\",\"contentUrl\":\"https:\\\/\\\/www.altercampagne.net\\\/wp-content\\\/uploads\\\/2018\\\/05\\\/AT2018-Ouverture-inscriptions.jpg\",\"width\":595,\"height\":311},{\"@type\":\"BreadcrumbList\",\"@id\":\"https:\\\/\\\/www.altercampagne.net\\\/?p=10260#breadcrumb\",\"itemListElement\":[{\"@type\":\"ListItem\",\"position\":1,\"name\":\"Accueil\",\"item\":\"https:\\\/\\\/www.altercampagne.net\\\/\"},{\"@type\":\"ListItem\",\"position\":2,\"name\":\"Les inscriptions sont ouvertes !\"}]},{\"@type\":\"WebSite\",\"@id\":\"https:\\\/\\\/www.altercampagne.net\\\/#website\",\"url\":\"https:\\\/\\\/www.altercampagne.net\\\/\",\"name\":\"AlterTour\",\"description\":\"Reliez les Alternatives \u00e0 v\u00e9lo\",\"potentialAction\":[{\"@type\":\"SearchAction\",\"target\":{\"@type\":\"EntryPoint\",\"urlTemplate\":\"https:\\\/\\\/www.altercampagne.net\\\/?s={search_term_string}\"},\"query-input\":{\"@type\":\"PropertyValueSpecification\",\"valueRequired\":true,\"valueName\":\"search_term_string\"}}],\"inLanguage\":\"fr-FR\"},{\"@type\":\"Person\",\"@id\":\"https:\\\/\\\/www.altercampagne.net\\\/#\\\/schema\\\/person\\\/0f261460c09e430caa0f9bcffa319109\",\"name\":\"Mathieu\",\"image\":{\"@type\":\"ImageObject\",\"inLanguage\":\"fr-FR\",\"@id\":\"https:\\\/\\\/secure.gravatar.com\\\/avatar\\\/aa9d3d24c83f2141e5e2709d0f63d09a99f6be6bb7a50abc4915838d9f54501a?s=96&d=mm&r=g\",\"url\":\"https:\\\/\\\/secure.gravatar.com\\\/avatar\\\/aa9d3d24c83f2141e5e2709d0f63d09a99f6be6bb7a50abc4915838d9f54501a?s=96&d=mm&r=g\",\"contentUrl\":\"https:\\\/\\\/secure.gravatar.com\\\/avatar\\\/aa9d3d24c83f2141e5e2709d0f63d09a99f6be6bb7a50abc4915838d9f54501a?s=96&d=mm&r=g\",\"caption\":\"Mathieu\"},\"url\":\"https:\\\/\\\/www.altercampagne.net\\\/?author=214\"}]}<\/script>\n<!-- \/ Yoast SEO plugin. -->","yoast_head_json":{"title":"Les inscriptions sont ouvertes ! - AlterTour","robots":{"index":"index","follow":"follow","max-snippet":"max-snippet:-1","max-image-preview":"max-image-preview:large","max-video-preview":"max-video-preview:-1"},"canonical":"https:\/\/www.altercampagne.net\/?p=10260","og_locale":"fr_FR","og_type":"article","og_title":"Les inscriptions sont ouvertes ! - AlterTour","og_description":"AlterTour Du 14 juillet au 26 ao\u00fbt, d\u2019Amiens \u00e0 Strasbourg, l\u2019AlterTour 2018 rendra visite aux alternatives des Hauts-de-France, d\u2019\u00cele-de-France et du Grand Est. Au programme : visite d&rsquo;\u00e9co-lieux et d&rsquo;ateliers d\u2019auto-r\u00e9paration de v\u00e9los, des chantiers collectifs, des manifs \u00e0 v\u00e9lo, des conf\u00e9rences gesticul\u00e9es, des concerts\u2026 \u00c9chapp\u00e9es Belles Pour les plus ... Read More","og_url":"https:\/\/www.altercampagne.net\/?p=10260","og_site_name":"AlterTour","article_published_time":"2018-05-07T12:38:25+00:00","article_modified_time":"2018-05-25T10:20:14+00:00","og_image":[{"width":595,"height":311,"url":"https:\/\/www.altercampagne.net\/wp-content\/uploads\/2018\/05\/AT2018-Ouverture-inscriptions.jpg","type":"image\/jpeg"}],"author":"Mathieu","twitter_card":"summary_large_image","twitter_misc":{"\u00c9crit par":"Mathieu","Dur\u00e9e de lecture estim\u00e9e":"1 minute"},"schema":{"@context":"https:\/\/schema.org","@graph":[{"@type":"Article","@id":"https:\/\/www.altercampagne.net\/?p=10260#article","isPartOf":{"@id":"https:\/\/www.altercampagne.net\/?p=10260"},"author":{"name":"Mathieu","@id":"https:\/\/www.altercampagne.net\/#\/schema\/person\/0f261460c09e430caa0f9bcffa319109"},"headline":"Les inscriptions sont ouvertes !","datePublished":"2018-05-07T12:38:25+00:00","dateModified":"2018-05-25T10:20:14+00:00","mainEntityOfPage":{"@id":"https:\/\/www.altercampagne.net\/?p=10260"},"wordCount":193,"image":{"@id":"https:\/\/www.altercampagne.net\/?p=10260#primaryimage"},"thumbnailUrl":"https:\/\/www.altercampagne.net\/wp-content\/uploads\/2018\/05\/AT2018-Ouverture-inscriptions.jpg","keywords":["Alternatives","inscription","non-violence","\u00c9chapp\u00e9es Belles","AlterTour 2018","Bi\u00e8reTour","Bi\u00e8reTour 2018","Echapp\u00e9e Belles 2018"],"articleSection":["Bi\u00e8reTour","Grand Est","\u00c9dition 2018","Hauts-de-France","\u00cele-de-France"],"inLanguage":"fr-FR"},{"@type":"WebPage","@id":"https:\/\/www.altercampagne.net\/?p=10260","url":"https:\/\/www.altercampagne.net\/?p=10260","name":"Les inscriptions sont ouvertes ! - AlterTour","isPartOf":{"@id":"https:\/\/www.altercampagne.net\/#website"},"primaryImageOfPage":{"@id":"https:\/\/www.altercampagne.net\/?p=10260#primaryimage"},"image":{"@id":"https:\/\/www.altercampagne.net\/?p=10260#primaryimage"},"thumbnailUrl":"https:\/\/www.altercampagne.net\/wp-content\/uploads\/2018\/05\/AT2018-Ouverture-inscriptions.jpg","datePublished":"2018-05-07T12:38:25+00:00","dateModified":"2018-05-25T10:20:14+00:00","author":{"@id":"https:\/\/www.altercampagne.net\/#\/schema\/person\/0f261460c09e430caa0f9bcffa319109"},"breadcrumb":{"@id":"https:\/\/www.altercampagne.net\/?p=10260#breadcrumb"},"inLanguage":"fr-FR","potentialAction":[{"@type":"ReadAction","target":["https:\/\/www.altercampagne.net\/?p=10260"]}]},{"@type":"ImageObject","inLanguage":"fr-FR","@id":"https:\/\/www.altercampagne.net\/?p=10260#primaryimage","url":"https:\/\/www.altercampagne.net\/wp-content\/uploads\/2018\/05\/AT2018-Ouverture-inscriptions.jpg","contentUrl":"https:\/\/www.altercampagne.net\/wp-content\/uploads\/2018\/05\/AT2018-Ouverture-inscriptions.jpg","width":595,"height":311},{"@type":"BreadcrumbList","@id":"https:\/\/www.altercampagne.net\/?p=10260#breadcrumb","itemListElement":[{"@type":"ListItem","position":1,"name":"Accueil","item":"https:\/\/www.altercampagne.net\/"},{"@type":"ListItem","position":2,"name":"Les inscriptions sont ouvertes !"}]},{"@type":"WebSite","@id":"https:\/\/www.altercampagne.net\/#website","url":"https:\/\/www.altercampagne.net\/","name":"AlterTour","description":"Reliez les Alternatives \u00e0 v\u00e9lo","potentialAction":[{"@type":"SearchAction","target":{"@type":"EntryPoint","urlTemplate":"https:\/\/www.altercampagne.net\/?s={search_term_string}"},"query-input":{"@type":"PropertyValueSpecification","valueRequired":true,"valueName":"search_term_string"}}],"inLanguage":"fr-FR"},{"@type":"Person","@id":"https:\/\/www.altercampagne.net\/#\/schema\/person\/0f261460c09e430caa0f9bcffa319109","name":"Mathieu","image":{"@type":"ImageObject","inLanguage":"fr-FR","@id":"https:\/\/secure.gravatar.com\/avatar\/aa9d3d24c83f2141e5e2709d0f63d09a99f6be6bb7a50abc4915838d9f54501a?s=96&d=mm&r=g","url":"https:\/\/secure.gravatar.com\/avatar\/aa9d3d24c83f2141e5e2709d0f63d09a99f6be6bb7a50abc4915838d9f54501a?s=96&d=mm&r=g","contentUrl":"https:\/\/secure.gravatar.com\/avatar\/aa9d3d24c83f2141e5e2709d0f63d09a99f6be6bb7a50abc4915838d9f54501a?s=96&d=mm&r=g","caption":"Mathieu"},"url":"https:\/\/www.altercampagne.net\/?author=214"}]}},"_links":{"self":[{"href":"https:\/\/www.altercampagne.net\/index.php?rest_route=\/wp\/v2\/posts\/10260","targetHints":{"allow":["GET"]}}],"collection":[{"href":"https:\/\/www.altercampagne.net\/index.php?rest_route=\/wp\/v2\/posts"}],"about":[{"href":"https:\/\/www.altercampagne.net\/index.php?rest_route=\/wp\/v2\/types\/post"}],"author":[{"embeddable":true,"href":"https:\/\/www.altercampagne.net\/index.php?rest_route=\/wp\/v2\/users\/214"}],"replies":[{"embeddable":true,"href":"https:\/\/www.altercampagne.net\/index.php?rest_route=%2Fwp%2Fv2%2Fcomments&post=10260"}],"version-history":[{"count":0,"href":"https:\/\/www.altercampagne.net\/index.php?rest_route=\/wp\/v2\/posts\/10260\/revisions"}],"wp:featuredmedia":[{"embeddable":true,"href":"https:\/\/www.altercampagne.net\/index.php?rest_route=\/wp\/v2\/media\/10261"}],"wp:attachment":[{"href":"https:\/\/www.altercampagne.net\/index.php?rest_route=%2Fwp%2Fv2%2Fmedia&parent=10260"}],"wp:term":[{"taxonomy":"category","embeddable":true,"href":"https:\/\/www.altercampagne.net\/index.php?rest_route=%2Fwp%2Fv2%2Fcategories&post=10260"},{"taxonomy":"post_tag","embeddable":true,"href":"https:\/\/www.altercampagne.net\/index.php?rest_route=%2Fwp%2Fv2%2Ftags&post=10260"}],"curies":[{"name":"wp","href":"https:\/\/api.w.org\/{rel}","templated":true}]}}