{"id":10270,"date":"2018-05-10T08:13:08","date_gmt":"2018-05-10T06:13:08","guid":{"rendered":"http:\/\/www.altercampagne.net\/?p=10270"},"modified":"2019-09-13T11:28:45","modified_gmt":"2019-09-13T09:28:45","slug":"week-ende-de-lancement-de-laltertour-2018","status":"publish","type":"post","link":"https:\/\/www.altercampagne.net\/?p=10270","title":{"rendered":"Week-end de lancement de l&rsquo;AlterTour 2018"},"content":{"rendered":"<p>Le week-end de lancement de l&rsquo;AlterTour aura lieu du samedi 19 au lundi 21 mai inclus, \u00e0 Monni\u00e8res dans le Jura<\/p>\n<h4>\u00c7a concerne qui ?<\/h4>\n<p>Qui veut ! Ce week-end est ouvert \u00e0 toute personne voulant donner un coup de main \u00e0 l&rsquo;AlterTour. Vous pouvez venir avec vos ami\u00b7es, la famille, des personnes de votre r\u00e9seau&#8230; l&rsquo;id\u00e9e est que chacun\u00b7e y trouve son compte, selon ses envies, ses comp\u00e9tences&#8230;<\/p>\n<h4>On y fait quoi ?<\/h4>\n<p>Ce week-end, c&rsquo;est un moment o\u00f9&#8230;<br \/>\n&#8211; On r\u00e9vise et r\u00e9pare les v\u00e9los et on se forme les un\u00b7e\u00b7s les autres<br \/>\n&#8211; On am\u00e9liore les rangements du fourgon<br \/>\n&#8211; On fait des petits ateliers concrets (pour faire des drapeaux, r\u00e9viser les recettes,&#8230;) et on partage des id\u00e9es et comp\u00e9tences (la prise de d\u00e9cision collective, la compta quotidienne,&#8230;)<br \/>\n&#8211; On pr\u00e9pare des animations artistiques pour l&rsquo;AlterTour : Conf\u00e9rence gesticul\u00e9, concerts&#8230;<br \/>\n&#8211; On peaufine les \u00e9tapes de l&rsquo;AlterTour<br \/>\n&#8211; Et puis on se retrouve, on rigole, on profite du printemps et on fait la f\u00eate !<br \/>\n&#8230; et tout \u00e7a en autogestion ! (accompagn\u00e9e par le p&rsquo;tit groupe d&rsquo;orga)<\/p>\n<h4>C&rsquo;est o\u00f9, je viens comment ?<\/h4>\n<p>Voici l&rsquo;adresse : 1 Rue du Clo\u00eetre &#8211; 39100 Monni\u00e8res. A 3,3 km de la Gare de Dole<br \/>\nTu peux bien s\u00fbr venir pour 1 jour comme pour 3, en fonction de tes disponibilit\u00e9s.<br \/>\nNous organiserons des navettes depuis la gare pour les personnes arrivant en train.<\/p>\n<p>\/!\\ Il y a un appel \u00e0 la gr\u00e8ve \u00e0 la SNCF les vendredi 18 et samedi 19 mai 2018. Il est possible que certains trains circulent mais au cas o\u00f9, nous avons mis en place un co-voiturage. Pour t&rsquo;inscrire au week-end et au co-voiturage : <a href=\"mailto:contact@altertour.net\">contact@altertour.net<\/a><\/p>\n<h4>On dort o\u00f9, on mange quoi ?<\/h4>\n<p>On pourra planter nos tentes sur le grand terrain attenant \u00e0 la maison.<br \/>\nNous aurons acc\u00e8s \u00e0 la maison d\u00e8s vendredi apr\u00e8s-midi.<\/p>\n<p>Au niveau repas, c&rsquo;est l&rsquo;AlterTour qui prend en charge les courses, mais les Altercyclistes qui les feront et pr\u00e9pareront les repas, on s&rsquo;organisera sur place avec un petit tableau des t\u00e2ches !<\/p>\n<h4>Faut que je pense \u00e0 apporter quelque chose ?<\/h4>\n<p>&gt; Tes affaires de camping (tente, sac de couchage, matelas, oreiller, doudou&#8230;)<br \/>\n&gt; Un instrument, un truc qui fait du bruit, un carnet de chants&#8230; si tu as<br \/>\n&gt; Des jeux (p\u00e9tanque, m\u00f6lkki, jeux de soci\u00e9t\u00e9&#8230;), une cl\u00e9 USB avec musique\/docus que tu as envie de partager, pour les soir\u00e9es ou moments tranquilles<br \/>\n&gt; Tes id\u00e9es de nouvelles recettes pour l&rsquo;AlterTour &#8211; notamment pour des pique-niques le midi &#8211; et ce week-end<br \/>\n&gt; Pied de maintien pour les v\u00e9los et de quoi les bricoler si tu as<br \/>\n<a href=\"http:\/\/www.altercampagne.net\/?attachment_id=10273\" rel=\"attachment wp-att-10273\"><img loading=\"lazy\" decoding=\"async\" class=\"aligncenter size-full wp-image-10273\" src=\"http:\/\/www.altercampagne.net\/wp-content\/uploads\/2018\/05\/AT2018-Week-end-de-lancement.jpg\" alt=\"\" width=\"800\" height=\"800\" srcset=\"https:\/\/www.altercampagne.net\/wp-content\/uploads\/2018\/05\/AT2018-Week-end-de-lancement.jpg 800w, https:\/\/www.altercampagne.net\/wp-content\/uploads\/2018\/05\/AT2018-Week-end-de-lancement-150x150.jpg 150w, https:\/\/www.altercampagne.net\/wp-content\/uploads\/2018\/05\/AT2018-Week-end-de-lancement-300x300.jpg 300w, https:\/\/www.altercampagne.net\/wp-content\/uploads\/2018\/05\/AT2018-Week-end-de-lancement-768x768.jpg 768w, https:\/\/www.altercampagne.net\/wp-content\/uploads\/2018\/05\/AT2018-Week-end-de-lancement-610x610.jpg 610w, https:\/\/www.altercampagne.net\/wp-content\/uploads\/2018\/05\/AT2018-Week-end-de-lancement-100x100.jpg 100w\" sizes=\"auto, (max-width: 800px) 100vw, 800px\" \/><\/a><\/p>\n","protected":false},"excerpt":{"rendered":"<p>Le week-end de lancement de l&rsquo;AlterTour aura lieu du samedi 19 au lundi 21 mai inclus, \u00e0 Monni\u00e8res dans le Jura \u00c7a concerne qui ? Qui veut ! Ce week-end est ouvert \u00e0 toute personne voulant donner un coup de main \u00e0 l&rsquo;AlterTour. Vous pouvez venir avec vos ami\u00b7es, la &#8230; <\/p>\n<div><a href=\"https:\/\/www.altercampagne.net\/?p=10270\" class=\"more-link\">Read More<\/a><\/div>\n","protected":false},"author":214,"featured_media":10271,"comment_status":"closed","ping_status":"closed","sticky":false,"template":"","format":"standard","meta":{"footnotes":""},"categories":[3470,3539,3932],"tags":[434,476,827,2090,2092,3221,3564,3565],"class_list":["post-10270","post","type-post","status-publish","format-standard","has-post-thumbnail","hentry","category-edition-2018","category-we-de-preparation","category-velo","tag-pleniere","tag-reunion","tag-velo","tag-werva","tag-week-end-de-reparation-des-velos-de-laltertour","tag-altertour-2018","tag-reparation-des-velos","tag-week-end"],"yoast_head":"<!-- This site is optimized with the Yoast SEO plugin v27.3 - https:\/\/yoast.com\/product\/yoast-seo-wordpress\/ -->\n<title>Week-end de lancement de l&#039;AlterTour 2018 - AlterTour<\/title>\n<meta name=\"robots\" content=\"index, follow, max-snippet:-1, max-image-preview:large, max-video-preview:-1\" \/>\n<link rel=\"canonical\" href=\"https:\/\/www.altercampagne.net\/?p=10270\" \/>\n<meta property=\"og:locale\" content=\"fr_FR\" \/>\n<meta property=\"og:type\" content=\"article\" \/>\n<meta property=\"og:title\" content=\"Week-end de lancement de l&#039;AlterTour 2018 - AlterTour\" \/>\n<meta property=\"og:description\" content=\"Le week-end de lancement de l&rsquo;AlterTour aura lieu du samedi 19 au lundi 21 mai inclus, \u00e0 Monni\u00e8res dans le Jura \u00c7a concerne qui ? Qui veut ! Ce week-end est ouvert \u00e0 toute personne voulant donner un coup de main \u00e0 l&rsquo;AlterTour. Vous pouvez venir avec vos ami\u00b7es, la ... Read More\" \/>\n<meta property=\"og:url\" content=\"https:\/\/www.altercampagne.net\/?p=10270\" \/>\n<meta property=\"og:site_name\" content=\"AlterTour\" \/>\n<meta property=\"article:published_time\" content=\"2018-05-10T06:13:08+00:00\" \/>\n<meta property=\"article:modified_time\" content=\"2019-09-13T09:28:45+00:00\" \/>\n<meta property=\"og:image\" content=\"https:\/\/www.altercampagne.net\/wp-content\/uploads\/2018\/05\/AT2018-WE-de-lancement.jpg\" \/>\n\t<meta property=\"og:image:width\" content=\"837\" \/>\n\t<meta property=\"og:image:height\" content=\"437\" \/>\n\t<meta property=\"og:image:type\" content=\"image\/jpeg\" \/>\n<meta name=\"author\" content=\"Mathieu\" \/>\n<meta name=\"twitter:card\" content=\"summary_large_image\" \/>\n<meta name=\"twitter:label1\" content=\"\u00c9crit par\" \/>\n\t<meta name=\"twitter:data1\" content=\"Mathieu\" \/>\n\t<meta name=\"twitter:label2\" content=\"Dur\u00e9e de lecture estim\u00e9e\" \/>\n\t<meta name=\"twitter:data2\" content=\"2 minutes\" \/>\n<script type=\"application\/ld+json\" class=\"yoast-schema-graph\">{\"@context\":\"https:\\\/\\\/schema.org\",\"@graph\":[{\"@type\":\"Article\",\"@id\":\"https:\\\/\\\/www.altercampagne.net\\\/?p=10270#article\",\"isPartOf\":{\"@id\":\"https:\\\/\\\/www.altercampagne.net\\\/?p=10270\"},\"author\":{\"name\":\"Mathieu\",\"@id\":\"https:\\\/\\\/www.altercampagne.net\\\/#\\\/schema\\\/person\\\/0f261460c09e430caa0f9bcffa319109\"},\"headline\":\"Week-end de lancement de l&rsquo;AlterTour 2018\",\"datePublished\":\"2018-05-10T06:13:08+00:00\",\"dateModified\":\"2019-09-13T09:28:45+00:00\",\"mainEntityOfPage\":{\"@id\":\"https:\\\/\\\/www.altercampagne.net\\\/?p=10270\"},\"wordCount\":466,\"image\":{\"@id\":\"https:\\\/\\\/www.altercampagne.net\\\/?p=10270#primaryimage\"},\"thumbnailUrl\":\"https:\\\/\\\/www.altercampagne.net\\\/wp-content\\\/uploads\\\/2018\\\/05\\\/AT2018-WE-de-lancement.jpg\",\"keywords\":[\"pl\u00e9ni\u00e8re\",\"r\u00e9union\",\"v\u00e9lo\",\"werva\",\"Week-end de r\u00e9paration des v\u00e9los de l'AlterTour\",\"AlterTour 2018\",\"r\u00e9paration des v\u00e9los\",\"week-end\"],\"articleSection\":[\"\u00c9dition 2018\",\"WE de pr\u00e9paration\",\"V\u00e9lo\"],\"inLanguage\":\"fr-FR\"},{\"@type\":\"WebPage\",\"@id\":\"https:\\\/\\\/www.altercampagne.net\\\/?p=10270\",\"url\":\"https:\\\/\\\/www.altercampagne.net\\\/?p=10270\",\"name\":\"Week-end de lancement de l'AlterTour 2018 - AlterTour\",\"isPartOf\":{\"@id\":\"https:\\\/\\\/www.altercampagne.net\\\/#website\"},\"primaryImageOfPage\":{\"@id\":\"https:\\\/\\\/www.altercampagne.net\\\/?p=10270#primaryimage\"},\"image\":{\"@id\":\"https:\\\/\\\/www.altercampagne.net\\\/?p=10270#primaryimage\"},\"thumbnailUrl\":\"https:\\\/\\\/www.altercampagne.net\\\/wp-content\\\/uploads\\\/2018\\\/05\\\/AT2018-WE-de-lancement.jpg\",\"datePublished\":\"2018-05-10T06:13:08+00:00\",\"dateModified\":\"2019-09-13T09:28:45+00:00\",\"author\":{\"@id\":\"https:\\\/\\\/www.altercampagne.net\\\/#\\\/schema\\\/person\\\/0f261460c09e430caa0f9bcffa319109\"},\"breadcrumb\":{\"@id\":\"https:\\\/\\\/www.altercampagne.net\\\/?p=10270#breadcrumb\"},\"inLanguage\":\"fr-FR\",\"potentialAction\":[{\"@type\":\"ReadAction\",\"target\":[\"https:\\\/\\\/www.altercampagne.net\\\/?p=10270\"]}]},{\"@type\":\"ImageObject\",\"inLanguage\":\"fr-FR\",\"@id\":\"https:\\\/\\\/www.altercampagne.net\\\/?p=10270#primaryimage\",\"url\":\"https:\\\/\\\/www.altercampagne.net\\\/wp-content\\\/uploads\\\/2018\\\/05\\\/AT2018-WE-de-lancement.jpg\",\"contentUrl\":\"https:\\\/\\\/www.altercampagne.net\\\/wp-content\\\/uploads\\\/2018\\\/05\\\/AT2018-WE-de-lancement.jpg\",\"width\":837,\"height\":437},{\"@type\":\"BreadcrumbList\",\"@id\":\"https:\\\/\\\/www.altercampagne.net\\\/?p=10270#breadcrumb\",\"itemListElement\":[{\"@type\":\"ListItem\",\"position\":1,\"name\":\"Accueil\",\"item\":\"https:\\\/\\\/www.altercampagne.net\\\/\"},{\"@type\":\"ListItem\",\"position\":2,\"name\":\"Week-end de lancement de l&rsquo;AlterTour 2018\"}]},{\"@type\":\"WebSite\",\"@id\":\"https:\\\/\\\/www.altercampagne.net\\\/#website\",\"url\":\"https:\\\/\\\/www.altercampagne.net\\\/\",\"name\":\"AlterTour\",\"description\":\"Reliez les Alternatives \u00e0 v\u00e9lo\",\"potentialAction\":[{\"@type\":\"SearchAction\",\"target\":{\"@type\":\"EntryPoint\",\"urlTemplate\":\"https:\\\/\\\/www.altercampagne.net\\\/?s={search_term_string}\"},\"query-input\":{\"@type\":\"PropertyValueSpecification\",\"valueRequired\":true,\"valueName\":\"search_term_string\"}}],\"inLanguage\":\"fr-FR\"},{\"@type\":\"Person\",\"@id\":\"https:\\\/\\\/www.altercampagne.net\\\/#\\\/schema\\\/person\\\/0f261460c09e430caa0f9bcffa319109\",\"name\":\"Mathieu\",\"image\":{\"@type\":\"ImageObject\",\"inLanguage\":\"fr-FR\",\"@id\":\"https:\\\/\\\/secure.gravatar.com\\\/avatar\\\/aa9d3d24c83f2141e5e2709d0f63d09a99f6be6bb7a50abc4915838d9f54501a?s=96&d=mm&r=g\",\"url\":\"https:\\\/\\\/secure.gravatar.com\\\/avatar\\\/aa9d3d24c83f2141e5e2709d0f63d09a99f6be6bb7a50abc4915838d9f54501a?s=96&d=mm&r=g\",\"contentUrl\":\"https:\\\/\\\/secure.gravatar.com\\\/avatar\\\/aa9d3d24c83f2141e5e2709d0f63d09a99f6be6bb7a50abc4915838d9f54501a?s=96&d=mm&r=g\",\"caption\":\"Mathieu\"},\"url\":\"https:\\\/\\\/www.altercampagne.net\\\/?author=214\"}]}<\/script>\n<!-- \/ Yoast SEO plugin. -->","yoast_head_json":{"title":"Week-end de lancement de l'AlterTour 2018 - AlterTour","robots":{"index":"index","follow":"follow","max-snippet":"max-snippet:-1","max-image-preview":"max-image-preview:large","max-video-preview":"max-video-preview:-1"},"canonical":"https:\/\/www.altercampagne.net\/?p=10270","og_locale":"fr_FR","og_type":"article","og_title":"Week-end de lancement de l'AlterTour 2018 - AlterTour","og_description":"Le week-end de lancement de l&rsquo;AlterTour aura lieu du samedi 19 au lundi 21 mai inclus, \u00e0 Monni\u00e8res dans le Jura \u00c7a concerne qui ? Qui veut ! Ce week-end est ouvert \u00e0 toute personne voulant donner un coup de main \u00e0 l&rsquo;AlterTour. Vous pouvez venir avec vos ami\u00b7es, la ... Read More","og_url":"https:\/\/www.altercampagne.net\/?p=10270","og_site_name":"AlterTour","article_published_time":"2018-05-10T06:13:08+00:00","article_modified_time":"2019-09-13T09:28:45+00:00","og_image":[{"width":837,"height":437,"url":"https:\/\/www.altercampagne.net\/wp-content\/uploads\/2018\/05\/AT2018-WE-de-lancement.jpg","type":"image\/jpeg"}],"author":"Mathieu","twitter_card":"summary_large_image","twitter_misc":{"\u00c9crit par":"Mathieu","Dur\u00e9e de lecture estim\u00e9e":"2 minutes"},"schema":{"@context":"https:\/\/schema.org","@graph":[{"@type":"Article","@id":"https:\/\/www.altercampagne.net\/?p=10270#article","isPartOf":{"@id":"https:\/\/www.altercampagne.net\/?p=10270"},"author":{"name":"Mathieu","@id":"https:\/\/www.altercampagne.net\/#\/schema\/person\/0f261460c09e430caa0f9bcffa319109"},"headline":"Week-end de lancement de l&rsquo;AlterTour 2018","datePublished":"2018-05-10T06:13:08+00:00","dateModified":"2019-09-13T09:28:45+00:00","mainEntityOfPage":{"@id":"https:\/\/www.altercampagne.net\/?p=10270"},"wordCount":466,"image":{"@id":"https:\/\/www.altercampagne.net\/?p=10270#primaryimage"},"thumbnailUrl":"https:\/\/www.altercampagne.net\/wp-content\/uploads\/2018\/05\/AT2018-WE-de-lancement.jpg","keywords":["pl\u00e9ni\u00e8re","r\u00e9union","v\u00e9lo","werva","Week-end de r\u00e9paration des v\u00e9los de l'AlterTour","AlterTour 2018","r\u00e9paration des v\u00e9los","week-end"],"articleSection":["\u00c9dition 2018","WE de pr\u00e9paration","V\u00e9lo"],"inLanguage":"fr-FR"},{"@type":"WebPage","@id":"https:\/\/www.altercampagne.net\/?p=10270","url":"https:\/\/www.altercampagne.net\/?p=10270","name":"Week-end de lancement de l'AlterTour 2018 - AlterTour","isPartOf":{"@id":"https:\/\/www.altercampagne.net\/#website"},"primaryImageOfPage":{"@id":"https:\/\/www.altercampagne.net\/?p=10270#primaryimage"},"image":{"@id":"https:\/\/www.altercampagne.net\/?p=10270#primaryimage"},"thumbnailUrl":"https:\/\/www.altercampagne.net\/wp-content\/uploads\/2018\/05\/AT2018-WE-de-lancement.jpg","datePublished":"2018-05-10T06:13:08+00:00","dateModified":"2019-09-13T09:28:45+00:00","author":{"@id":"https:\/\/www.altercampagne.net\/#\/schema\/person\/0f261460c09e430caa0f9bcffa319109"},"breadcrumb":{"@id":"https:\/\/www.altercampagne.net\/?p=10270#breadcrumb"},"inLanguage":"fr-FR","potentialAction":[{"@type":"ReadAction","target":["https:\/\/www.altercampagne.net\/?p=10270"]}]},{"@type":"ImageObject","inLanguage":"fr-FR","@id":"https:\/\/www.altercampagne.net\/?p=10270#primaryimage","url":"https:\/\/www.altercampagne.net\/wp-content\/uploads\/2018\/05\/AT2018-WE-de-lancement.jpg","contentUrl":"https:\/\/www.altercampagne.net\/wp-content\/uploads\/2018\/05\/AT2018-WE-de-lancement.jpg","width":837,"height":437},{"@type":"BreadcrumbList","@id":"https:\/\/www.altercampagne.net\/?p=10270#breadcrumb","itemListElement":[{"@type":"ListItem","position":1,"name":"Accueil","item":"https:\/\/www.altercampagne.net\/"},{"@type":"ListItem","position":2,"name":"Week-end de lancement de l&rsquo;AlterTour 2018"}]},{"@type":"WebSite","@id":"https:\/\/www.altercampagne.net\/#website","url":"https:\/\/www.altercampagne.net\/","name":"AlterTour","description":"Reliez les Alternatives \u00e0 v\u00e9lo","potentialAction":[{"@type":"SearchAction","target":{"@type":"EntryPoint","urlTemplate":"https:\/\/www.altercampagne.net\/?s={search_term_string}"},"query-input":{"@type":"PropertyValueSpecification","valueRequired":true,"valueName":"search_term_string"}}],"inLanguage":"fr-FR"},{"@type":"Person","@id":"https:\/\/www.altercampagne.net\/#\/schema\/person\/0f261460c09e430caa0f9bcffa319109","name":"Mathieu","image":{"@type":"ImageObject","inLanguage":"fr-FR","@id":"https:\/\/secure.gravatar.com\/avatar\/aa9d3d24c83f2141e5e2709d0f63d09a99f6be6bb7a50abc4915838d9f54501a?s=96&d=mm&r=g","url":"https:\/\/secure.gravatar.com\/avatar\/aa9d3d24c83f2141e5e2709d0f63d09a99f6be6bb7a50abc4915838d9f54501a?s=96&d=mm&r=g","contentUrl":"https:\/\/secure.gravatar.com\/avatar\/aa9d3d24c83f2141e5e2709d0f63d09a99f6be6bb7a50abc4915838d9f54501a?s=96&d=mm&r=g","caption":"Mathieu"},"url":"https:\/\/www.altercampagne.net\/?author=214"}]}},"_links":{"self":[{"href":"https:\/\/www.altercampagne.net\/index.php?rest_route=\/wp\/v2\/posts\/10270","targetHints":{"allow":["GET"]}}],"collection":[{"href":"https:\/\/www.altercampagne.net\/index.php?rest_route=\/wp\/v2\/posts"}],"about":[{"href":"https:\/\/www.altercampagne.net\/index.php?rest_route=\/wp\/v2\/types\/post"}],"author":[{"embeddable":true,"href":"https:\/\/www.altercampagne.net\/index.php?rest_route=\/wp\/v2\/users\/214"}],"replies":[{"embeddable":true,"href":"https:\/\/www.altercampagne.net\/index.php?rest_route=%2Fwp%2Fv2%2Fcomments&post=10270"}],"version-history":[{"count":0,"href":"https:\/\/www.altercampagne.net\/index.php?rest_route=\/wp\/v2\/posts\/10270\/revisions"}],"wp:featuredmedia":[{"embeddable":true,"href":"https:\/\/www.altercampagne.net\/index.php?rest_route=\/wp\/v2\/media\/10271"}],"wp:attachment":[{"href":"https:\/\/www.altercampagne.net\/index.php?rest_route=%2Fwp%2Fv2%2Fmedia&parent=10270"}],"wp:term":[{"taxonomy":"category","embeddable":true,"href":"https:\/\/www.altercampagne.net\/index.php?rest_route=%2Fwp%2Fv2%2Fcategories&post=10270"},{"taxonomy":"post_tag","embeddable":true,"href":"https:\/\/www.altercampagne.net\/index.php?rest_route=%2Fwp%2Fv2%2Ftags&post=10270"}],"curies":[{"name":"wp","href":"https:\/\/api.w.org\/{rel}","templated":true}]}}