{"id":10401,"date":"2018-05-24T16:48:25","date_gmt":"2018-05-24T14:48:25","guid":{"rendered":"http:\/\/www.altercampagne.net\/?p=10401"},"modified":"2018-06-12T09:50:31","modified_gmt":"2018-06-12T07:50:31","slug":"le-gaec-des-franches-terres-les-14-et-15-juillet-a-pont-de-metz-80","status":"publish","type":"post","link":"https:\/\/www.altercampagne.net\/?p=10401","title":{"rendered":"Au GAEC des Franches Terres, l\u2019oignon fait la force!"},"content":{"rendered":"<p>Le Gaec des Franches Terres accueillera l&rsquo;AlterTour les 14 et 15 juillet \u00e0 Pont-de-Metz (80)<\/p>\n<p>La production l\u00e9gumi\u00e8re bio d\u2019Emmanuel et Ga\u00ebtan s\u2019\u00e9coule en tr\u00e8s grande proximit\u00e9 autour d\u2019Amiens, au sein d\u2019une AMAP, en vente \u00e0 la ferme et \u00e0 la cuisine centrale ou par le syst\u00e8me \u00ab\u00a0Paniers SMS\u00a0\u00bb. Anciens animateurs dans des associations \u00e9colo-agricoles, les 2 mara\u00eechers ont actionn\u00e9 tous les leviers pour leur projet : rendre rapidement viable le <a href=\"http:\/\/www.franches-terres.fr\/\" target=\"_blank\" rel=\"noopener\"><strong>GAEC des Franches Terres<\/strong><\/a> cr\u00e9\u00e9 en avril 2013. Un hydrog\u00e9ologue mandat\u00e9 a \u00e9valu\u00e9 l\u2019impact de l\u2019installation en zone de captage d\u2019eau potable. Le soutien de l\u2019association Terre de Liens a permis de mobiliser l\u2019agglom\u00e9ration ami\u00e9noise. Le vice-pr\u00e9sident \u00e0 l\u2019\u00e9conomie, cl\u00e9 de l\u2019acc\u00e8s aux services d\u2019une agglom\u00e9ration, a mobilis\u00e9 le service Eau et Foncier pour valider la comptabilit\u00e9 du projet avec les r\u00e8gles d\u2019urbanisme. Le service \u00e9conomique a organis\u00e9 une m\u00e9diation via la chambre d\u2019agriculture, pour mettre en place une politique de protection d\u2019espaces agricoles sur d\u00e9sormais 650 ha et faire accepter un tel projet aux agriculteurs locaux. L\u2019oignon fait la force !<\/p>\n<p>\u201cNotre projet a \u00e9t\u00e9 port\u00e9 par le vice-pr\u00e9sident d\u2019Amiens m\u00e9tropole. Sans cette volont\u00e9 politique, on aurait pas r\u00e9ussi.\u00a0C\u2019est tr\u00e8s difficile de trouver du foncier si on n\u2019a pas de la famille dans le milieu. En Picardie, r\u00e9gion qui a connu une forte industrialisation de son agriculture, les soci\u00e9t\u00e9s agricoles s\u2019agrandissent de mani\u00e8re exponentielle.<br \/>\nIci, la plupart des agriculteurs cultivent des patates, des betteraves sucri\u00e8res et du bl\u00e9. Ces trois grandes cultures, tr\u00e8s sp\u00e9culatives, sont entre\u00a0les mains de la FNSEA, syndicat qui dit repr\u00e9senter les paysans dans leur diversit\u00e9 mais qui d\u00e9fend en r\u00e9alit\u00e9 les politiques lib\u00e9rales et ne favorise qu\u2019un seul type d\u2019agriculture.\u201d<\/p>\n<p style=\"text-align: right;\"><strong>Ga\u00ebtan, mara\u00eecher, co-g\u00e9rant<\/strong><\/p>\n<p>Les Gaec des Franches Terres accueillera l&rsquo;AlterTour les 14 et 15 juillet \u00e0 Pont-de-Metz (80). Pour plus d\u2019infos consultez le <a href=\"http:\/\/www.altercampagne.net\/?page_id=10352\">programme<\/a>.<\/p>\n","protected":false},"excerpt":{"rendered":"<p>Le Gaec des Franches Terres accueillera l&rsquo;AlterTour les 14 et 15 juillet \u00e0 Pont-de-Metz (80) La production l\u00e9gumi\u00e8re bio d\u2019Emmanuel et Ga\u00ebtan s\u2019\u00e9coule en tr\u00e8s grande proximit\u00e9 autour d\u2019Amiens, au sein d\u2019une AMAP, en vente \u00e0 la ferme et \u00e0 la cuisine centrale ou par le syst\u00e8me \u00ab\u00a0Paniers SMS\u00a0\u00bb. Anciens &#8230; <\/p>\n<div><a href=\"https:\/\/www.altercampagne.net\/?p=10401\" class=\"more-link\">Read More<\/a><\/div>\n","protected":false},"author":196,"featured_media":10407,"comment_status":"closed","ping_status":"closed","sticky":false,"template":"","format":"standard","meta":{"footnotes":""},"categories":[3483,3470,3476,3486],"tags":[254,3221,3241,3353,3557,3558,3559],"class_list":["post-10401","post","type-post","status-publish","format-standard","has-post-thumbnail","hentry","category-agriculture","category-edition-2018","category-hauts-de-france","category-environnement","tag-amap","tag-altertour-2018","tag-somme","tag-amiens","tag-gaec-des-franches-terres","tag-pont-de-metz","tag-picardie"],"yoast_head":"<!-- This site is optimized with the Yoast SEO plugin v27.3 - https:\/\/yoast.com\/product\/yoast-seo-wordpress\/ -->\n<title>Au GAEC des Franches Terres, l\u2019oignon fait la force! - AlterTour<\/title>\n<meta name=\"robots\" content=\"index, follow, max-snippet:-1, max-image-preview:large, max-video-preview:-1\" \/>\n<link rel=\"canonical\" href=\"https:\/\/www.altercampagne.net\/?p=10401\" \/>\n<meta property=\"og:locale\" content=\"fr_FR\" \/>\n<meta property=\"og:type\" content=\"article\" \/>\n<meta property=\"og:title\" content=\"Au GAEC des Franches Terres, l\u2019oignon fait la force! - AlterTour\" \/>\n<meta property=\"og:description\" content=\"Le Gaec des Franches Terres accueillera l&rsquo;AlterTour les 14 et 15 juillet \u00e0 Pont-de-Metz (80) La production l\u00e9gumi\u00e8re bio d\u2019Emmanuel et Ga\u00ebtan s\u2019\u00e9coule en tr\u00e8s grande proximit\u00e9 autour d\u2019Amiens, au sein d\u2019une AMAP, en vente \u00e0 la ferme et \u00e0 la cuisine centrale ou par le syst\u00e8me \u00ab\u00a0Paniers SMS\u00a0\u00bb. Anciens ... Read More\" \/>\n<meta property=\"og:url\" content=\"https:\/\/www.altercampagne.net\/?p=10401\" \/>\n<meta property=\"og:site_name\" content=\"AlterTour\" \/>\n<meta property=\"article:published_time\" content=\"2018-05-24T14:48:25+00:00\" \/>\n<meta property=\"article:modified_time\" content=\"2018-06-12T07:50:31+00:00\" \/>\n<meta property=\"og:image\" content=\"https:\/\/www.altercampagne.net\/wp-content\/uploads\/2018\/05\/2018-07-14-GAEC-des-Franches-Terres.jpg\" \/>\n\t<meta property=\"og:image:width\" content=\"1000\" \/>\n\t<meta property=\"og:image:height\" content=\"523\" \/>\n\t<meta property=\"og:image:type\" content=\"image\/jpeg\" \/>\n<meta name=\"author\" content=\"Ludovic\" \/>\n<meta name=\"twitter:card\" content=\"summary_large_image\" \/>\n<meta name=\"twitter:label1\" content=\"\u00c9crit par\" \/>\n\t<meta name=\"twitter:data1\" content=\"Ludovic\" \/>\n\t<meta name=\"twitter:label2\" content=\"Dur\u00e9e de lecture estim\u00e9e\" \/>\n\t<meta name=\"twitter:data2\" content=\"2 minutes\" \/>\n<script type=\"application\/ld+json\" class=\"yoast-schema-graph\">{\"@context\":\"https:\\\/\\\/schema.org\",\"@graph\":[{\"@type\":\"Article\",\"@id\":\"https:\\\/\\\/www.altercampagne.net\\\/?p=10401#article\",\"isPartOf\":{\"@id\":\"https:\\\/\\\/www.altercampagne.net\\\/?p=10401\"},\"author\":{\"name\":\"Ludovic\",\"@id\":\"https:\\\/\\\/www.altercampagne.net\\\/#\\\/schema\\\/person\\\/25b7a57b43dd73a0abb4e00eeaeecce0\"},\"headline\":\"Au GAEC des Franches Terres, l\u2019oignon fait la force!\",\"datePublished\":\"2018-05-24T14:48:25+00:00\",\"dateModified\":\"2018-06-12T07:50:31+00:00\",\"mainEntityOfPage\":{\"@id\":\"https:\\\/\\\/www.altercampagne.net\\\/?p=10401\"},\"wordCount\":354,\"image\":{\"@id\":\"https:\\\/\\\/www.altercampagne.net\\\/?p=10401#primaryimage\"},\"thumbnailUrl\":\"https:\\\/\\\/www.altercampagne.net\\\/wp-content\\\/uploads\\\/2018\\\/05\\\/2018-07-14-GAEC-des-Franches-Terres.jpg\",\"keywords\":[\"AMAP\",\"AlterTour 2018\",\"Somme\",\"Amiens\",\"GAEC des Franches Terres\",\"Pont-de-Metz\",\"Picardie\"],\"articleSection\":[\"Agriculture\",\"\u00c9dition 2018\",\"Hauts-de-France\",\"Environnement\"],\"inLanguage\":\"fr-FR\"},{\"@type\":\"WebPage\",\"@id\":\"https:\\\/\\\/www.altercampagne.net\\\/?p=10401\",\"url\":\"https:\\\/\\\/www.altercampagne.net\\\/?p=10401\",\"name\":\"Au GAEC des Franches Terres, l\u2019oignon fait la force! - AlterTour\",\"isPartOf\":{\"@id\":\"https:\\\/\\\/www.altercampagne.net\\\/#website\"},\"primaryImageOfPage\":{\"@id\":\"https:\\\/\\\/www.altercampagne.net\\\/?p=10401#primaryimage\"},\"image\":{\"@id\":\"https:\\\/\\\/www.altercampagne.net\\\/?p=10401#primaryimage\"},\"thumbnailUrl\":\"https:\\\/\\\/www.altercampagne.net\\\/wp-content\\\/uploads\\\/2018\\\/05\\\/2018-07-14-GAEC-des-Franches-Terres.jpg\",\"datePublished\":\"2018-05-24T14:48:25+00:00\",\"dateModified\":\"2018-06-12T07:50:31+00:00\",\"author\":{\"@id\":\"https:\\\/\\\/www.altercampagne.net\\\/#\\\/schema\\\/person\\\/25b7a57b43dd73a0abb4e00eeaeecce0\"},\"breadcrumb\":{\"@id\":\"https:\\\/\\\/www.altercampagne.net\\\/?p=10401#breadcrumb\"},\"inLanguage\":\"fr-FR\",\"potentialAction\":[{\"@type\":\"ReadAction\",\"target\":[\"https:\\\/\\\/www.altercampagne.net\\\/?p=10401\"]}]},{\"@type\":\"ImageObject\",\"inLanguage\":\"fr-FR\",\"@id\":\"https:\\\/\\\/www.altercampagne.net\\\/?p=10401#primaryimage\",\"url\":\"https:\\\/\\\/www.altercampagne.net\\\/wp-content\\\/uploads\\\/2018\\\/05\\\/2018-07-14-GAEC-des-Franches-Terres.jpg\",\"contentUrl\":\"https:\\\/\\\/www.altercampagne.net\\\/wp-content\\\/uploads\\\/2018\\\/05\\\/2018-07-14-GAEC-des-Franches-Terres.jpg\",\"width\":1000,\"height\":523},{\"@type\":\"BreadcrumbList\",\"@id\":\"https:\\\/\\\/www.altercampagne.net\\\/?p=10401#breadcrumb\",\"itemListElement\":[{\"@type\":\"ListItem\",\"position\":1,\"name\":\"Accueil\",\"item\":\"https:\\\/\\\/www.altercampagne.net\\\/\"},{\"@type\":\"ListItem\",\"position\":2,\"name\":\"Au GAEC des Franches Terres, l\u2019oignon fait la force!\"}]},{\"@type\":\"WebSite\",\"@id\":\"https:\\\/\\\/www.altercampagne.net\\\/#website\",\"url\":\"https:\\\/\\\/www.altercampagne.net\\\/\",\"name\":\"AlterTour\",\"description\":\"Reliez les Alternatives \u00e0 v\u00e9lo\",\"potentialAction\":[{\"@type\":\"SearchAction\",\"target\":{\"@type\":\"EntryPoint\",\"urlTemplate\":\"https:\\\/\\\/www.altercampagne.net\\\/?s={search_term_string}\"},\"query-input\":{\"@type\":\"PropertyValueSpecification\",\"valueRequired\":true,\"valueName\":\"search_term_string\"}}],\"inLanguage\":\"fr-FR\"},{\"@type\":\"Person\",\"@id\":\"https:\\\/\\\/www.altercampagne.net\\\/#\\\/schema\\\/person\\\/25b7a57b43dd73a0abb4e00eeaeecce0\",\"name\":\"Ludovic\",\"image\":{\"@type\":\"ImageObject\",\"inLanguage\":\"fr-FR\",\"@id\":\"https:\\\/\\\/secure.gravatar.com\\\/avatar\\\/6a66f95f655136f499f268873cd0ab861346d4b8e2838c19091fa1bb904f5bd1?s=96&d=mm&r=g\",\"url\":\"https:\\\/\\\/secure.gravatar.com\\\/avatar\\\/6a66f95f655136f499f268873cd0ab861346d4b8e2838c19091fa1bb904f5bd1?s=96&d=mm&r=g\",\"contentUrl\":\"https:\\\/\\\/secure.gravatar.com\\\/avatar\\\/6a66f95f655136f499f268873cd0ab861346d4b8e2838c19091fa1bb904f5bd1?s=96&d=mm&r=g\",\"caption\":\"Ludovic\"},\"url\":\"https:\\\/\\\/www.altercampagne.net\\\/?author=196\"}]}<\/script>\n<!-- \/ Yoast SEO plugin. -->","yoast_head_json":{"title":"Au GAEC des Franches Terres, l\u2019oignon fait la force! - AlterTour","robots":{"index":"index","follow":"follow","max-snippet":"max-snippet:-1","max-image-preview":"max-image-preview:large","max-video-preview":"max-video-preview:-1"},"canonical":"https:\/\/www.altercampagne.net\/?p=10401","og_locale":"fr_FR","og_type":"article","og_title":"Au GAEC des Franches Terres, l\u2019oignon fait la force! - AlterTour","og_description":"Le Gaec des Franches Terres accueillera l&rsquo;AlterTour les 14 et 15 juillet \u00e0 Pont-de-Metz (80) La production l\u00e9gumi\u00e8re bio d\u2019Emmanuel et Ga\u00ebtan s\u2019\u00e9coule en tr\u00e8s grande proximit\u00e9 autour d\u2019Amiens, au sein d\u2019une AMAP, en vente \u00e0 la ferme et \u00e0 la cuisine centrale ou par le syst\u00e8me \u00ab\u00a0Paniers SMS\u00a0\u00bb. Anciens ... Read More","og_url":"https:\/\/www.altercampagne.net\/?p=10401","og_site_name":"AlterTour","article_published_time":"2018-05-24T14:48:25+00:00","article_modified_time":"2018-06-12T07:50:31+00:00","og_image":[{"width":1000,"height":523,"url":"https:\/\/www.altercampagne.net\/wp-content\/uploads\/2018\/05\/2018-07-14-GAEC-des-Franches-Terres.jpg","type":"image\/jpeg"}],"author":"Ludovic","twitter_card":"summary_large_image","twitter_misc":{"\u00c9crit par":"Ludovic","Dur\u00e9e de lecture estim\u00e9e":"2 minutes"},"schema":{"@context":"https:\/\/schema.org","@graph":[{"@type":"Article","@id":"https:\/\/www.altercampagne.net\/?p=10401#article","isPartOf":{"@id":"https:\/\/www.altercampagne.net\/?p=10401"},"author":{"name":"Ludovic","@id":"https:\/\/www.altercampagne.net\/#\/schema\/person\/25b7a57b43dd73a0abb4e00eeaeecce0"},"headline":"Au GAEC des Franches Terres, l\u2019oignon fait la force!","datePublished":"2018-05-24T14:48:25+00:00","dateModified":"2018-06-12T07:50:31+00:00","mainEntityOfPage":{"@id":"https:\/\/www.altercampagne.net\/?p=10401"},"wordCount":354,"image":{"@id":"https:\/\/www.altercampagne.net\/?p=10401#primaryimage"},"thumbnailUrl":"https:\/\/www.altercampagne.net\/wp-content\/uploads\/2018\/05\/2018-07-14-GAEC-des-Franches-Terres.jpg","keywords":["AMAP","AlterTour 2018","Somme","Amiens","GAEC des Franches Terres","Pont-de-Metz","Picardie"],"articleSection":["Agriculture","\u00c9dition 2018","Hauts-de-France","Environnement"],"inLanguage":"fr-FR"},{"@type":"WebPage","@id":"https:\/\/www.altercampagne.net\/?p=10401","url":"https:\/\/www.altercampagne.net\/?p=10401","name":"Au GAEC des Franches Terres, l\u2019oignon fait la force! - AlterTour","isPartOf":{"@id":"https:\/\/www.altercampagne.net\/#website"},"primaryImageOfPage":{"@id":"https:\/\/www.altercampagne.net\/?p=10401#primaryimage"},"image":{"@id":"https:\/\/www.altercampagne.net\/?p=10401#primaryimage"},"thumbnailUrl":"https:\/\/www.altercampagne.net\/wp-content\/uploads\/2018\/05\/2018-07-14-GAEC-des-Franches-Terres.jpg","datePublished":"2018-05-24T14:48:25+00:00","dateModified":"2018-06-12T07:50:31+00:00","author":{"@id":"https:\/\/www.altercampagne.net\/#\/schema\/person\/25b7a57b43dd73a0abb4e00eeaeecce0"},"breadcrumb":{"@id":"https:\/\/www.altercampagne.net\/?p=10401#breadcrumb"},"inLanguage":"fr-FR","potentialAction":[{"@type":"ReadAction","target":["https:\/\/www.altercampagne.net\/?p=10401"]}]},{"@type":"ImageObject","inLanguage":"fr-FR","@id":"https:\/\/www.altercampagne.net\/?p=10401#primaryimage","url":"https:\/\/www.altercampagne.net\/wp-content\/uploads\/2018\/05\/2018-07-14-GAEC-des-Franches-Terres.jpg","contentUrl":"https:\/\/www.altercampagne.net\/wp-content\/uploads\/2018\/05\/2018-07-14-GAEC-des-Franches-Terres.jpg","width":1000,"height":523},{"@type":"BreadcrumbList","@id":"https:\/\/www.altercampagne.net\/?p=10401#breadcrumb","itemListElement":[{"@type":"ListItem","position":1,"name":"Accueil","item":"https:\/\/www.altercampagne.net\/"},{"@type":"ListItem","position":2,"name":"Au GAEC des Franches Terres, l\u2019oignon fait la force!"}]},{"@type":"WebSite","@id":"https:\/\/www.altercampagne.net\/#website","url":"https:\/\/www.altercampagne.net\/","name":"AlterTour","description":"Reliez les Alternatives \u00e0 v\u00e9lo","potentialAction":[{"@type":"SearchAction","target":{"@type":"EntryPoint","urlTemplate":"https:\/\/www.altercampagne.net\/?s={search_term_string}"},"query-input":{"@type":"PropertyValueSpecification","valueRequired":true,"valueName":"search_term_string"}}],"inLanguage":"fr-FR"},{"@type":"Person","@id":"https:\/\/www.altercampagne.net\/#\/schema\/person\/25b7a57b43dd73a0abb4e00eeaeecce0","name":"Ludovic","image":{"@type":"ImageObject","inLanguage":"fr-FR","@id":"https:\/\/secure.gravatar.com\/avatar\/6a66f95f655136f499f268873cd0ab861346d4b8e2838c19091fa1bb904f5bd1?s=96&d=mm&r=g","url":"https:\/\/secure.gravatar.com\/avatar\/6a66f95f655136f499f268873cd0ab861346d4b8e2838c19091fa1bb904f5bd1?s=96&d=mm&r=g","contentUrl":"https:\/\/secure.gravatar.com\/avatar\/6a66f95f655136f499f268873cd0ab861346d4b8e2838c19091fa1bb904f5bd1?s=96&d=mm&r=g","caption":"Ludovic"},"url":"https:\/\/www.altercampagne.net\/?author=196"}]}},"_links":{"self":[{"href":"https:\/\/www.altercampagne.net\/index.php?rest_route=\/wp\/v2\/posts\/10401","targetHints":{"allow":["GET"]}}],"collection":[{"href":"https:\/\/www.altercampagne.net\/index.php?rest_route=\/wp\/v2\/posts"}],"about":[{"href":"https:\/\/www.altercampagne.net\/index.php?rest_route=\/wp\/v2\/types\/post"}],"author":[{"embeddable":true,"href":"https:\/\/www.altercampagne.net\/index.php?rest_route=\/wp\/v2\/users\/196"}],"replies":[{"embeddable":true,"href":"https:\/\/www.altercampagne.net\/index.php?rest_route=%2Fwp%2Fv2%2Fcomments&post=10401"}],"version-history":[{"count":0,"href":"https:\/\/www.altercampagne.net\/index.php?rest_route=\/wp\/v2\/posts\/10401\/revisions"}],"wp:featuredmedia":[{"embeddable":true,"href":"https:\/\/www.altercampagne.net\/index.php?rest_route=\/wp\/v2\/media\/10407"}],"wp:attachment":[{"href":"https:\/\/www.altercampagne.net\/index.php?rest_route=%2Fwp%2Fv2%2Fmedia&parent=10401"}],"wp:term":[{"taxonomy":"category","embeddable":true,"href":"https:\/\/www.altercampagne.net\/index.php?rest_route=%2Fwp%2Fv2%2Fcategories&post=10401"},{"taxonomy":"post_tag","embeddable":true,"href":"https:\/\/www.altercampagne.net\/index.php?rest_route=%2Fwp%2Fv2%2Ftags&post=10401"}],"curies":[{"name":"wp","href":"https:\/\/api.w.org\/{rel}","templated":true}]}}