{"id":10410,"date":"2018-05-31T08:01:46","date_gmt":"2018-05-31T06:01:46","guid":{"rendered":"http:\/\/www.altercampagne.net\/?p=10410"},"modified":"2018-06-12T00:25:22","modified_gmt":"2018-06-11T22:25:22","slug":"la-bergerie-de-villarceaux-les-19-et-20-juillet-a-chaussy-95","status":"publish","type":"post","link":"https:\/\/www.altercampagne.net\/?p=10410","title":{"rendered":"La Bergerie de Villarceaux, pionni\u00e8re de l&rsquo;agro\u00e9cologie"},"content":{"rendered":"<p>Les 19 et 20 juillet \u00e0 Chaussy (95).<\/p>\n<p>Depuis 1995 la <a href=\"http:\/\/www.bergerie-villarceaux.org\/\" target=\"_blank\" rel=\"noopener\"><strong>Bergerie de Villarceaux<\/strong><\/a> accueille l\u2019une des plus vastes exp\u00e9riences de transition agr\u00e9ocologique de France. Propri\u00e9taire des lieux, la Fondation pour le Progr\u00e8s de l\u2019Homme a lanc\u00e9 ce prototype de transition agricole afin de d\u00e9noncer les incoh\u00e9rences de la politique europ\u00e9enne en la mati\u00e8re. Elle a mis \u00e0 disposition son domaine de 400 ha qui compte parmi les terres les plus fertiles du pays. Depuis 2006, ce projet s\u2019organise en 3 parties : la ferme, un \u00e9co-centre accueillant du public (stage, restaurant, g\u00eetes) et une coop\u00e9rative de consommateurs qui \u00e9coule les produits du domaine.<\/p>\n<p>D\u2019une monoculture c\u00e9r\u00e9ali\u00e8re intensive, la ferme est pass\u00e9e \u00e0 des activit\u00e9s tr\u00e8s diversifi\u00e9es pour tendre vers une fili\u00e8re int\u00e9gr\u00e9e et se passer ainsi le plus possible de fournisseurs ext\u00e9rieurs. Aujourd\u2019hui, 15 personnes travaillent sur le site situ\u00e9 dans le parc naturel r\u00e9gional du Vexin fran\u00e7ais, \u00e0 70 km au nord-ouest de Paris.<\/p>\n<p>\u201cJe travaille \u00e0 l\u2019\u00e9cocentre de la Bergerie de Villarceaux en tant qu\u2019animatrice. J\u2019accompagne les projets agricoles vers des pratiques plus \u00e9cologiques. Avec ce terme \u00ab\u00a0\u0152cocentre\u00a0\u00bb &#8211; \u0152conomie peut se traduire comme \u00ab\u00a0la bonne gestion des ressources\u00a0\u00bb-, nous soulignons notre attachement \u00e0 g\u00e9rer \u00e9cologiquement toutes les ressources naturelles au sein de l&rsquo;\u0152cocentre de la Bergerie : d\u00e9chets, alimentations, \u00e9nergie, etc&#8230;\u201d<\/p>\n<p style=\"text-align: right;\"><strong>H\u00e9lo\u00efse, animatrice \u00e0 l\u2019Oecocentre<\/strong><\/p>\n<p>La Bergerie de Villarceaux accueillera l\u2019AlterTour les 19 et 20 juillet \u00e0 Chaussy (95). Pour plus d\u2019infos consultez le <a href=\"http:\/\/www.altercampagne.net\/?page_id=10352\">programme<\/a>.<\/p>\n","protected":false},"excerpt":{"rendered":"<p>Les 19 et 20 juillet \u00e0 Chaussy (95). Depuis 1995 la Bergerie de Villarceaux accueille l\u2019une des plus vastes exp\u00e9riences de transition agr\u00e9ocologique de France. Propri\u00e9taire des lieux, la Fondation pour le Progr\u00e8s de l\u2019Homme a lanc\u00e9 ce prototype de transition agricole afin de d\u00e9noncer les incoh\u00e9rences de la politique &#8230; <\/p>\n<div><a href=\"https:\/\/www.altercampagne.net\/?p=10410\" class=\"more-link\">Read More<\/a><\/div>\n","protected":false},"author":215,"featured_media":10411,"comment_status":"closed","ping_status":"closed","sticky":false,"template":"","format":"standard","meta":{"footnotes":""},"categories":[3483,3470,3477,3486],"tags":[73,406,1490,2110,2756,3221,3356,3560,3561,3562,3563],"class_list":["post-10410","post","type-post","status-publish","format-standard","has-post-thumbnail","hentry","category-agriculture","category-edition-2018","category-ile-de-france","category-environnement","tag-transition","tag-non-violence","tag-ile-de-france","tag-val-doise","tag-bergerie-de-villarceaux","tag-altertour-2018","tag-chaussy","tag-oecocentre","tag-agreocologique","tag-fondation-pour-le-progres-de-lhomme","tag-ecosite"],"yoast_head":"<!-- This site is optimized with the Yoast SEO plugin v27.3 - https:\/\/yoast.com\/product\/yoast-seo-wordpress\/ -->\n<title>La Bergerie de Villarceaux, pionni\u00e8re de l&#039;agro\u00e9cologie - AlterTour<\/title>\n<meta name=\"robots\" content=\"index, follow, max-snippet:-1, max-image-preview:large, max-video-preview:-1\" \/>\n<link rel=\"canonical\" href=\"https:\/\/www.altercampagne.net\/?p=10410\" \/>\n<meta property=\"og:locale\" content=\"fr_FR\" \/>\n<meta property=\"og:type\" content=\"article\" \/>\n<meta property=\"og:title\" content=\"La Bergerie de Villarceaux, pionni\u00e8re de l&#039;agro\u00e9cologie - AlterTour\" \/>\n<meta property=\"og:description\" content=\"Les 19 et 20 juillet \u00e0 Chaussy (95). Depuis 1995 la Bergerie de Villarceaux accueille l\u2019une des plus vastes exp\u00e9riences de transition agr\u00e9ocologique de France. Propri\u00e9taire des lieux, la Fondation pour le Progr\u00e8s de l\u2019Homme a lanc\u00e9 ce prototype de transition agricole afin de d\u00e9noncer les incoh\u00e9rences de la politique ... Read More\" \/>\n<meta property=\"og:url\" content=\"https:\/\/www.altercampagne.net\/?p=10410\" \/>\n<meta property=\"og:site_name\" content=\"AlterTour\" \/>\n<meta property=\"article:published_time\" content=\"2018-05-31T06:01:46+00:00\" \/>\n<meta property=\"article:modified_time\" content=\"2018-06-11T22:25:22+00:00\" \/>\n<meta property=\"og:image\" content=\"https:\/\/www.altercampagne.net\/wp-content\/uploads\/2018\/05\/2018-07-19-Oecocentre-de-la-Bergerie.jpg\" \/>\n\t<meta property=\"og:image:width\" content=\"1000\" \/>\n\t<meta property=\"og:image:height\" content=\"523\" \/>\n\t<meta property=\"og:image:type\" content=\"image\/jpeg\" \/>\n<meta name=\"author\" content=\"AlterTour\" \/>\n<meta name=\"twitter:card\" content=\"summary_large_image\" \/>\n<meta name=\"twitter:label1\" content=\"\u00c9crit par\" \/>\n\t<meta name=\"twitter:data1\" content=\"AlterTour\" \/>\n\t<meta name=\"twitter:label2\" content=\"Dur\u00e9e de lecture estim\u00e9e\" \/>\n\t<meta name=\"twitter:data2\" content=\"1 minute\" \/>\n<script type=\"application\/ld+json\" class=\"yoast-schema-graph\">{\"@context\":\"https:\\\/\\\/schema.org\",\"@graph\":[{\"@type\":\"Article\",\"@id\":\"https:\\\/\\\/www.altercampagne.net\\\/?p=10410#article\",\"isPartOf\":{\"@id\":\"https:\\\/\\\/www.altercampagne.net\\\/?p=10410\"},\"author\":{\"name\":\"AlterTour\",\"@id\":\"https:\\\/\\\/www.altercampagne.net\\\/#\\\/schema\\\/person\\\/e5b68c803196f649c2152249d262d94a\"},\"headline\":\"La Bergerie de Villarceaux, pionni\u00e8re de l&rsquo;agro\u00e9cologie\",\"datePublished\":\"2018-05-31T06:01:46+00:00\",\"dateModified\":\"2018-06-11T22:25:22+00:00\",\"mainEntityOfPage\":{\"@id\":\"https:\\\/\\\/www.altercampagne.net\\\/?p=10410\"},\"wordCount\":267,\"image\":{\"@id\":\"https:\\\/\\\/www.altercampagne.net\\\/?p=10410#primaryimage\"},\"thumbnailUrl\":\"https:\\\/\\\/www.altercampagne.net\\\/wp-content\\\/uploads\\\/2018\\\/05\\\/2018-07-19-Oecocentre-de-la-Bergerie.jpg\",\"keywords\":[\"Transition\",\"non-violence\",\"ile-de-france\",\"Val-d\u2019Oise\",\"Bergerie de Villarceaux\",\"AlterTour 2018\",\"Chaussy\",\"Oecocentre\",\"agr\u00e9ocologique\",\"fondation pour le Progr\u00e8s de l\u2019Homme\",\"\u00e9cosite\"],\"articleSection\":[\"Agriculture\",\"\u00c9dition 2018\",\"\u00cele-de-France\",\"Environnement\"],\"inLanguage\":\"fr-FR\"},{\"@type\":\"WebPage\",\"@id\":\"https:\\\/\\\/www.altercampagne.net\\\/?p=10410\",\"url\":\"https:\\\/\\\/www.altercampagne.net\\\/?p=10410\",\"name\":\"La Bergerie de Villarceaux, pionni\u00e8re de l'agro\u00e9cologie - AlterTour\",\"isPartOf\":{\"@id\":\"https:\\\/\\\/www.altercampagne.net\\\/#website\"},\"primaryImageOfPage\":{\"@id\":\"https:\\\/\\\/www.altercampagne.net\\\/?p=10410#primaryimage\"},\"image\":{\"@id\":\"https:\\\/\\\/www.altercampagne.net\\\/?p=10410#primaryimage\"},\"thumbnailUrl\":\"https:\\\/\\\/www.altercampagne.net\\\/wp-content\\\/uploads\\\/2018\\\/05\\\/2018-07-19-Oecocentre-de-la-Bergerie.jpg\",\"datePublished\":\"2018-05-31T06:01:46+00:00\",\"dateModified\":\"2018-06-11T22:25:22+00:00\",\"author\":{\"@id\":\"https:\\\/\\\/www.altercampagne.net\\\/#\\\/schema\\\/person\\\/e5b68c803196f649c2152249d262d94a\"},\"breadcrumb\":{\"@id\":\"https:\\\/\\\/www.altercampagne.net\\\/?p=10410#breadcrumb\"},\"inLanguage\":\"fr-FR\",\"potentialAction\":[{\"@type\":\"ReadAction\",\"target\":[\"https:\\\/\\\/www.altercampagne.net\\\/?p=10410\"]}]},{\"@type\":\"ImageObject\",\"inLanguage\":\"fr-FR\",\"@id\":\"https:\\\/\\\/www.altercampagne.net\\\/?p=10410#primaryimage\",\"url\":\"https:\\\/\\\/www.altercampagne.net\\\/wp-content\\\/uploads\\\/2018\\\/05\\\/2018-07-19-Oecocentre-de-la-Bergerie.jpg\",\"contentUrl\":\"https:\\\/\\\/www.altercampagne.net\\\/wp-content\\\/uploads\\\/2018\\\/05\\\/2018-07-19-Oecocentre-de-la-Bergerie.jpg\",\"width\":1000,\"height\":523},{\"@type\":\"BreadcrumbList\",\"@id\":\"https:\\\/\\\/www.altercampagne.net\\\/?p=10410#breadcrumb\",\"itemListElement\":[{\"@type\":\"ListItem\",\"position\":1,\"name\":\"Accueil\",\"item\":\"https:\\\/\\\/www.altercampagne.net\\\/\"},{\"@type\":\"ListItem\",\"position\":2,\"name\":\"La Bergerie de Villarceaux, pionni\u00e8re de l&rsquo;agro\u00e9cologie\"}]},{\"@type\":\"WebSite\",\"@id\":\"https:\\\/\\\/www.altercampagne.net\\\/#website\",\"url\":\"https:\\\/\\\/www.altercampagne.net\\\/\",\"name\":\"AlterTour\",\"description\":\"Reliez les Alternatives \u00e0 v\u00e9lo\",\"potentialAction\":[{\"@type\":\"SearchAction\",\"target\":{\"@type\":\"EntryPoint\",\"urlTemplate\":\"https:\\\/\\\/www.altercampagne.net\\\/?s={search_term_string}\"},\"query-input\":{\"@type\":\"PropertyValueSpecification\",\"valueRequired\":true,\"valueName\":\"search_term_string\"}}],\"inLanguage\":\"fr-FR\"},{\"@type\":\"Person\",\"@id\":\"https:\\\/\\\/www.altercampagne.net\\\/#\\\/schema\\\/person\\\/e5b68c803196f649c2152249d262d94a\",\"name\":\"AlterTour\",\"image\":{\"@type\":\"ImageObject\",\"inLanguage\":\"fr-FR\",\"@id\":\"https:\\\/\\\/secure.gravatar.com\\\/avatar\\\/3f2ed77f8506b8ea264ad5938bb0114bfa10f35b64086a66dfbb6e9f58ad9693?s=96&d=mm&r=g\",\"url\":\"https:\\\/\\\/secure.gravatar.com\\\/avatar\\\/3f2ed77f8506b8ea264ad5938bb0114bfa10f35b64086a66dfbb6e9f58ad9693?s=96&d=mm&r=g\",\"contentUrl\":\"https:\\\/\\\/secure.gravatar.com\\\/avatar\\\/3f2ed77f8506b8ea264ad5938bb0114bfa10f35b64086a66dfbb6e9f58ad9693?s=96&d=mm&r=g\",\"caption\":\"AlterTour\"},\"url\":\"https:\\\/\\\/www.altercampagne.net\\\/?author=215\"}]}<\/script>\n<!-- \/ Yoast SEO plugin. -->","yoast_head_json":{"title":"La Bergerie de Villarceaux, pionni\u00e8re de l'agro\u00e9cologie - AlterTour","robots":{"index":"index","follow":"follow","max-snippet":"max-snippet:-1","max-image-preview":"max-image-preview:large","max-video-preview":"max-video-preview:-1"},"canonical":"https:\/\/www.altercampagne.net\/?p=10410","og_locale":"fr_FR","og_type":"article","og_title":"La Bergerie de Villarceaux, pionni\u00e8re de l'agro\u00e9cologie - AlterTour","og_description":"Les 19 et 20 juillet \u00e0 Chaussy (95). Depuis 1995 la Bergerie de Villarceaux accueille l\u2019une des plus vastes exp\u00e9riences de transition agr\u00e9ocologique de France. Propri\u00e9taire des lieux, la Fondation pour le Progr\u00e8s de l\u2019Homme a lanc\u00e9 ce prototype de transition agricole afin de d\u00e9noncer les incoh\u00e9rences de la politique ... Read More","og_url":"https:\/\/www.altercampagne.net\/?p=10410","og_site_name":"AlterTour","article_published_time":"2018-05-31T06:01:46+00:00","article_modified_time":"2018-06-11T22:25:22+00:00","og_image":[{"width":1000,"height":523,"url":"https:\/\/www.altercampagne.net\/wp-content\/uploads\/2018\/05\/2018-07-19-Oecocentre-de-la-Bergerie.jpg","type":"image\/jpeg"}],"author":"AlterTour","twitter_card":"summary_large_image","twitter_misc":{"\u00c9crit par":"AlterTour","Dur\u00e9e de lecture estim\u00e9e":"1 minute"},"schema":{"@context":"https:\/\/schema.org","@graph":[{"@type":"Article","@id":"https:\/\/www.altercampagne.net\/?p=10410#article","isPartOf":{"@id":"https:\/\/www.altercampagne.net\/?p=10410"},"author":{"name":"AlterTour","@id":"https:\/\/www.altercampagne.net\/#\/schema\/person\/e5b68c803196f649c2152249d262d94a"},"headline":"La Bergerie de Villarceaux, pionni\u00e8re de l&rsquo;agro\u00e9cologie","datePublished":"2018-05-31T06:01:46+00:00","dateModified":"2018-06-11T22:25:22+00:00","mainEntityOfPage":{"@id":"https:\/\/www.altercampagne.net\/?p=10410"},"wordCount":267,"image":{"@id":"https:\/\/www.altercampagne.net\/?p=10410#primaryimage"},"thumbnailUrl":"https:\/\/www.altercampagne.net\/wp-content\/uploads\/2018\/05\/2018-07-19-Oecocentre-de-la-Bergerie.jpg","keywords":["Transition","non-violence","ile-de-france","Val-d\u2019Oise","Bergerie de Villarceaux","AlterTour 2018","Chaussy","Oecocentre","agr\u00e9ocologique","fondation pour le Progr\u00e8s de l\u2019Homme","\u00e9cosite"],"articleSection":["Agriculture","\u00c9dition 2018","\u00cele-de-France","Environnement"],"inLanguage":"fr-FR"},{"@type":"WebPage","@id":"https:\/\/www.altercampagne.net\/?p=10410","url":"https:\/\/www.altercampagne.net\/?p=10410","name":"La Bergerie de Villarceaux, pionni\u00e8re de l'agro\u00e9cologie - AlterTour","isPartOf":{"@id":"https:\/\/www.altercampagne.net\/#website"},"primaryImageOfPage":{"@id":"https:\/\/www.altercampagne.net\/?p=10410#primaryimage"},"image":{"@id":"https:\/\/www.altercampagne.net\/?p=10410#primaryimage"},"thumbnailUrl":"https:\/\/www.altercampagne.net\/wp-content\/uploads\/2018\/05\/2018-07-19-Oecocentre-de-la-Bergerie.jpg","datePublished":"2018-05-31T06:01:46+00:00","dateModified":"2018-06-11T22:25:22+00:00","author":{"@id":"https:\/\/www.altercampagne.net\/#\/schema\/person\/e5b68c803196f649c2152249d262d94a"},"breadcrumb":{"@id":"https:\/\/www.altercampagne.net\/?p=10410#breadcrumb"},"inLanguage":"fr-FR","potentialAction":[{"@type":"ReadAction","target":["https:\/\/www.altercampagne.net\/?p=10410"]}]},{"@type":"ImageObject","inLanguage":"fr-FR","@id":"https:\/\/www.altercampagne.net\/?p=10410#primaryimage","url":"https:\/\/www.altercampagne.net\/wp-content\/uploads\/2018\/05\/2018-07-19-Oecocentre-de-la-Bergerie.jpg","contentUrl":"https:\/\/www.altercampagne.net\/wp-content\/uploads\/2018\/05\/2018-07-19-Oecocentre-de-la-Bergerie.jpg","width":1000,"height":523},{"@type":"BreadcrumbList","@id":"https:\/\/www.altercampagne.net\/?p=10410#breadcrumb","itemListElement":[{"@type":"ListItem","position":1,"name":"Accueil","item":"https:\/\/www.altercampagne.net\/"},{"@type":"ListItem","position":2,"name":"La Bergerie de Villarceaux, pionni\u00e8re de l&rsquo;agro\u00e9cologie"}]},{"@type":"WebSite","@id":"https:\/\/www.altercampagne.net\/#website","url":"https:\/\/www.altercampagne.net\/","name":"AlterTour","description":"Reliez les Alternatives \u00e0 v\u00e9lo","potentialAction":[{"@type":"SearchAction","target":{"@type":"EntryPoint","urlTemplate":"https:\/\/www.altercampagne.net\/?s={search_term_string}"},"query-input":{"@type":"PropertyValueSpecification","valueRequired":true,"valueName":"search_term_string"}}],"inLanguage":"fr-FR"},{"@type":"Person","@id":"https:\/\/www.altercampagne.net\/#\/schema\/person\/e5b68c803196f649c2152249d262d94a","name":"AlterTour","image":{"@type":"ImageObject","inLanguage":"fr-FR","@id":"https:\/\/secure.gravatar.com\/avatar\/3f2ed77f8506b8ea264ad5938bb0114bfa10f35b64086a66dfbb6e9f58ad9693?s=96&d=mm&r=g","url":"https:\/\/secure.gravatar.com\/avatar\/3f2ed77f8506b8ea264ad5938bb0114bfa10f35b64086a66dfbb6e9f58ad9693?s=96&d=mm&r=g","contentUrl":"https:\/\/secure.gravatar.com\/avatar\/3f2ed77f8506b8ea264ad5938bb0114bfa10f35b64086a66dfbb6e9f58ad9693?s=96&d=mm&r=g","caption":"AlterTour"},"url":"https:\/\/www.altercampagne.net\/?author=215"}]}},"_links":{"self":[{"href":"https:\/\/www.altercampagne.net\/index.php?rest_route=\/wp\/v2\/posts\/10410","targetHints":{"allow":["GET"]}}],"collection":[{"href":"https:\/\/www.altercampagne.net\/index.php?rest_route=\/wp\/v2\/posts"}],"about":[{"href":"https:\/\/www.altercampagne.net\/index.php?rest_route=\/wp\/v2\/types\/post"}],"author":[{"embeddable":true,"href":"https:\/\/www.altercampagne.net\/index.php?rest_route=\/wp\/v2\/users\/215"}],"replies":[{"embeddable":true,"href":"https:\/\/www.altercampagne.net\/index.php?rest_route=%2Fwp%2Fv2%2Fcomments&post=10410"}],"version-history":[{"count":0,"href":"https:\/\/www.altercampagne.net\/index.php?rest_route=\/wp\/v2\/posts\/10410\/revisions"}],"wp:featuredmedia":[{"embeddable":true,"href":"https:\/\/www.altercampagne.net\/index.php?rest_route=\/wp\/v2\/media\/10411"}],"wp:attachment":[{"href":"https:\/\/www.altercampagne.net\/index.php?rest_route=%2Fwp%2Fv2%2Fmedia&parent=10410"}],"wp:term":[{"taxonomy":"category","embeddable":true,"href":"https:\/\/www.altercampagne.net\/index.php?rest_route=%2Fwp%2Fv2%2Fcategories&post=10410"},{"taxonomy":"post_tag","embeddable":true,"href":"https:\/\/www.altercampagne.net\/index.php?rest_route=%2Fwp%2Fv2%2Ftags&post=10410"}],"curies":[{"name":"wp","href":"https:\/\/api.w.org\/{rel}","templated":true}]}}