{"id":10477,"date":"2018-05-28T19:09:45","date_gmt":"2018-05-28T17:09:45","guid":{"rendered":"http:\/\/www.altercampagne.net\/?p=10477"},"modified":"2019-03-16T11:41:02","modified_gmt":"2019-03-16T10:41:02","slug":"3-trucs-chouettes-que-jai-appris-au-werva","status":"publish","type":"post","link":"https:\/\/www.altercampagne.net\/?p=10477","title":{"rendered":"Ce que j\u2019ai appris au WE de lancement de l&rsquo;AlterTour"},"content":{"rendered":"<p>Le 19-20-21 mai, c&rsquo;\u00e9tait le WE de R\u00e9paration des V\u00e9los de l\u2019AlterTour !<\/p>\n<p>Pour les v\u00e9los c\u2019est r\u00e9vision g\u00e9n\u00e9rale, pour le camion, c\u2019est le grand m\u00e9nage de printemps, et pour les pr\u00e9parateurs d\u2019\u00e9tapes&#8230; \u00e7a sent le concret des derniers pr\u00e9paratifs&nbsp;!<\/p>\n<p>Chacun participe \u00e0 ce qu\u2019il veut, c\u2019est le principe&nbsp;! Moi j\u2019ai appris \u00e0 :<\/p>\n<ul>\n<li><strong>R\u00e9viser un v\u00e9lo de fond en comble&nbsp;<\/strong>: d\u00e9graisser, changer une cha\u00eene, un patin de frein, et m\u00eame un cable de d\u00e9railleur. Au total 25 v\u00e9los r\u00e9vis\u00e9s par la petite \u00e9quipe&nbsp;! Pour apprendre \u00e0 changer un roulement \u00e0 billes, je reviendrai l\u2019an prochain&nbsp;!<\/li>\n<li><strong>V\u00e9rifier notre matos de l&rsquo;AlterTour :<\/strong> dans le camion, le matos d\u2019animation tri\u00e9, les verres sont marqu\u00e9s,&nbsp;les caisses sont num\u00e9rot\u00e9es\u2026 Pour les 6 semaines, notre cher IVECO est par\u00e9&nbsp;!<\/li>\n<li><strong>Utiliser la communication non-violente&nbsp;<\/strong>: Virginie nous a fait un petit topo, fort utile pour fonctionner en autogestion ! Des faits, du ressenti, un besoin et une demande\u2026 une m\u00e9thode en 4 \u00e9tapes, y a plus qu\u2019\u00e0&nbsp;!<\/li>\n<\/ul>\n<p>&nbsp;<\/p>\n<p>Mais il y a tout ce qui s\u2019est fait autour de moi !<\/p>\n<p>La pr\u00e9paration du spectacle de l\u2019AlterTour, &nbsp;&nbsp;le bapt\u00eame des v\u00e9los \u00e0 l\u2019ap\u00e9ro,<\/p>\n<p><a href=\"http:\/\/www.altercampagne.net\/wp-content\/uploads\/2018\/05\/11.IMG_0149.jpg\"><img loading=\"lazy\" decoding=\"async\" class=\"alignnone size-medium wp-image-10492\" src=\"http:\/\/www.altercampagne.net\/wp-content\/uploads\/2018\/05\/11.IMG_0149-300x224.jpg\" alt=\"\" width=\"300\" height=\"224\" srcset=\"https:\/\/www.altercampagne.net\/wp-content\/uploads\/2018\/05\/11.IMG_0149-300x224.jpg 300w, https:\/\/www.altercampagne.net\/wp-content\/uploads\/2018\/05\/11.IMG_0149-100x75.jpg 100w, https:\/\/www.altercampagne.net\/wp-content\/uploads\/2018\/05\/11.IMG_0149.jpg 567w\" sizes=\"auto, (max-width: 300px) 100vw, 300px\" \/><\/a>&nbsp; &nbsp; &nbsp;&nbsp;<a href=\"http:\/\/www.altercampagne.net\/wp-content\/uploads\/2018\/05\/1.IMG_0061-copie-1.jpg\"><img loading=\"lazy\" decoding=\"async\" class=\"alignnone size-medium wp-image-10483\" src=\"http:\/\/www.altercampagne.net\/wp-content\/uploads\/2018\/05\/1.IMG_0061-copie-1-300x226.jpg\" alt=\"\" width=\"300\" height=\"226\" srcset=\"https:\/\/www.altercampagne.net\/wp-content\/uploads\/2018\/05\/1.IMG_0061-copie-1-300x226.jpg 300w, https:\/\/www.altercampagne.net\/wp-content\/uploads\/2018\/05\/1.IMG_0061-copie-1-610x459.jpg 610w, https:\/\/www.altercampagne.net\/wp-content\/uploads\/2018\/05\/1.IMG_0061-copie-1-100x75.jpg 100w, https:\/\/www.altercampagne.net\/wp-content\/uploads\/2018\/05\/1.IMG_0061-copie-1.jpg 624w\" sizes=\"auto, (max-width: 300px) 100vw, 300px\" \/><\/a><\/p>\n<p>l\u2019examen du prototype de la remorque,&nbsp;&nbsp; le marquage des 150 nouveaux verres de l&rsquo;AlterTour<\/p>\n<p><a href=\"http:\/\/www.altercampagne.net\/wp-content\/uploads\/2018\/05\/14.IMG_0147.jpg\"><img loading=\"lazy\" decoding=\"async\" class=\"alignnone size-medium wp-image-10489\" src=\"http:\/\/www.altercampagne.net\/wp-content\/uploads\/2018\/05\/14.IMG_0147-300x224.jpg\" alt=\"\" width=\"300\" height=\"224\" srcset=\"https:\/\/www.altercampagne.net\/wp-content\/uploads\/2018\/05\/14.IMG_0147-300x224.jpg 300w, https:\/\/www.altercampagne.net\/wp-content\/uploads\/2018\/05\/14.IMG_0147-100x75.jpg 100w, https:\/\/www.altercampagne.net\/wp-content\/uploads\/2018\/05\/14.IMG_0147.jpg 567w\" sizes=\"auto, (max-width: 300px) 100vw, 300px\" \/><\/a>&nbsp; &nbsp; &nbsp;&nbsp;<a href=\"http:\/\/www.altercampagne.net\/wp-content\/uploads\/2018\/05\/9.IMG_0080-1.jpg\"><img loading=\"lazy\" decoding=\"async\" class=\"alignnone size-medium wp-image-10487\" src=\"http:\/\/www.altercampagne.net\/wp-content\/uploads\/2018\/05\/9.IMG_0080-1-300x224.jpg\" alt=\"\" width=\"300\" height=\"224\" srcset=\"https:\/\/www.altercampagne.net\/wp-content\/uploads\/2018\/05\/9.IMG_0080-1-300x224.jpg 300w, https:\/\/www.altercampagne.net\/wp-content\/uploads\/2018\/05\/9.IMG_0080-1-610x456.jpg 610w, https:\/\/www.altercampagne.net\/wp-content\/uploads\/2018\/05\/9.IMG_0080-1-100x75.jpg 100w, https:\/\/www.altercampagne.net\/wp-content\/uploads\/2018\/05\/9.IMG_0080-1.jpg 624w\" sizes=\"auto, (max-width: 300px) 100vw, 300px\" \/><\/a><\/p>\n<p>les pochoirs pour les fanions, les essais artistiques des th\u00e9\u00e2treux&#8230;<\/p>\n<p><a href=\"http:\/\/www.altercampagne.net\/wp-content\/uploads\/2018\/05\/12.IMG_0074.jpg\"><img loading=\"lazy\" decoding=\"async\" class=\"alignnone size-medium wp-image-10506\" src=\"http:\/\/www.altercampagne.net\/wp-content\/uploads\/2018\/05\/12.IMG_0074-224x300.jpg\" alt=\"\" width=\"224\" height=\"300\" srcset=\"https:\/\/www.altercampagne.net\/wp-content\/uploads\/2018\/05\/12.IMG_0074-224x300.jpg 224w, https:\/\/www.altercampagne.net\/wp-content\/uploads\/2018\/05\/12.IMG_0074-100x134.jpg 100w, https:\/\/www.altercampagne.net\/wp-content\/uploads\/2018\/05\/12.IMG_0074.jpg 482w\" sizes=\"auto, (max-width: 224px) 100vw, 224px\" \/><\/a><a href=\"http:\/\/www.altercampagne.net\/wp-content\/uploads\/2018\/05\/8.IMG_0120-1.jpg\"><img loading=\"lazy\" decoding=\"async\" class=\"size-medium wp-image-10488 alignleft\" src=\"http:\/\/www.altercampagne.net\/wp-content\/uploads\/2018\/05\/8.IMG_0120-1-224x300.jpg\" alt=\"\" width=\"224\" height=\"300\" srcset=\"https:\/\/www.altercampagne.net\/wp-content\/uploads\/2018\/05\/8.IMG_0120-1-224x300.jpg 224w, https:\/\/www.altercampagne.net\/wp-content\/uploads\/2018\/05\/8.IMG_0120-1-100x134.jpg 100w, https:\/\/www.altercampagne.net\/wp-content\/uploads\/2018\/05\/8.IMG_0120-1.jpg 567w\" sizes=\"auto, (max-width: 224px) 100vw, 224px\" \/><\/a><\/p>\n<p>Et j\u2019en oublie et j\u2019en oublie, mais \u00e0 tous, merci&nbsp;!<\/p>\n<p style=\"text-align: center;\"><a href=\"http:\/\/www.altercampagne.net\/wp-content\/uploads\/2018\/05\/4.-IMG_0088-copie-2-1.jpg\"><img loading=\"lazy\" decoding=\"async\" class=\"size-medium wp-image-10485 alignleft\" src=\"http:\/\/www.altercampagne.net\/wp-content\/uploads\/2018\/05\/4.-IMG_0088-copie-2-1-300x206.jpg\" alt=\"\" width=\"300\" height=\"206\" srcset=\"https:\/\/www.altercampagne.net\/wp-content\/uploads\/2018\/05\/4.-IMG_0088-copie-2-1-300x206.jpg 300w, https:\/\/www.altercampagne.net\/wp-content\/uploads\/2018\/05\/4.-IMG_0088-copie-2-1-610x419.jpg 610w, https:\/\/www.altercampagne.net\/wp-content\/uploads\/2018\/05\/4.-IMG_0088-copie-2-1-100x69.jpg 100w, https:\/\/www.altercampagne.net\/wp-content\/uploads\/2018\/05\/4.-IMG_0088-copie-2-1.jpg 709w\" sizes=\"auto, (max-width: 300px) 100vw, 300px\" \/><\/a><\/p>\n","protected":false},"excerpt":{"rendered":"<p>Le 19-20-21 mai, c&rsquo;\u00e9tait le WE de R\u00e9paration des V\u00e9los de l\u2019AlterTour ! Pour les v\u00e9los c\u2019est r\u00e9vision g\u00e9n\u00e9rale, pour le camion, c\u2019est le grand m\u00e9nage de printemps, et pour les pr\u00e9parateurs d\u2019\u00e9tapes&#8230; \u00e7a sent le concret des derniers pr\u00e9paratifs&nbsp;! Chacun participe \u00e0 ce qu\u2019il veut, c\u2019est le principe&nbsp;! Moi &#8230; <\/p>\n<div><a href=\"https:\/\/www.altercampagne.net\/?p=10477\" class=\"more-link\">Read More<\/a><\/div>\n","protected":false},"author":192,"featured_media":10476,"comment_status":"closed","ping_status":"closed","sticky":false,"template":"","format":"standard","meta":{"footnotes":""},"categories":[3495,3470,3539],"tags":[2090,2092,3564,3903],"class_list":["post-10477","post","type-post","status-publish","format-standard","has-post-thumbnail","hentry","category-bourgogne-franche-comte","category-edition-2018","category-we-de-preparation","tag-werva","tag-week-end-de-reparation-des-velos-de-laltertour","tag-reparation-des-velos","tag-lancement"],"yoast_head":"<!-- This site is optimized with the Yoast SEO plugin v27.3 - https:\/\/yoast.com\/product\/yoast-seo-wordpress\/ -->\n<title>Ce que j\u2019ai appris au WE de lancement de l&#039;AlterTour - AlterTour<\/title>\n<meta name=\"robots\" content=\"index, follow, max-snippet:-1, max-image-preview:large, max-video-preview:-1\" \/>\n<link rel=\"canonical\" href=\"https:\/\/www.altercampagne.net\/?p=10477\" \/>\n<meta property=\"og:locale\" content=\"fr_FR\" \/>\n<meta property=\"og:type\" content=\"article\" \/>\n<meta property=\"og:title\" content=\"Ce que j\u2019ai appris au WE de lancement de l&#039;AlterTour - AlterTour\" \/>\n<meta property=\"og:description\" content=\"Le 19-20-21 mai, c&rsquo;\u00e9tait le WE de R\u00e9paration des V\u00e9los de l\u2019AlterTour ! Pour les v\u00e9los c\u2019est r\u00e9vision g\u00e9n\u00e9rale, pour le camion, c\u2019est le grand m\u00e9nage de printemps, et pour les pr\u00e9parateurs d\u2019\u00e9tapes&#8230; \u00e7a sent le concret des derniers pr\u00e9paratifs&nbsp;! Chacun participe \u00e0 ce qu\u2019il veut, c\u2019est le principe&nbsp;! Moi ... Read More\" \/>\n<meta property=\"og:url\" content=\"https:\/\/www.altercampagne.net\/?p=10477\" \/>\n<meta property=\"og:site_name\" content=\"AlterTour\" \/>\n<meta property=\"article:published_time\" content=\"2018-05-28T17:09:45+00:00\" \/>\n<meta property=\"article:modified_time\" content=\"2019-03-16T10:41:02+00:00\" \/>\n<meta property=\"og:image\" content=\"https:\/\/www.altercampagne.net\/wp-content\/uploads\/2018\/05\/IMG_0161-cadre.jpg\" \/>\n\t<meta property=\"og:image:width\" content=\"737\" \/>\n\t<meta property=\"og:image:height\" content=\"400\" \/>\n\t<meta property=\"og:image:type\" content=\"image\/jpeg\" \/>\n<meta name=\"author\" content=\"Julie\" \/>\n<meta name=\"twitter:card\" content=\"summary_large_image\" \/>\n<meta name=\"twitter:label1\" content=\"\u00c9crit par\" \/>\n\t<meta name=\"twitter:data1\" content=\"Julie\" \/>\n\t<meta name=\"twitter:label2\" content=\"Dur\u00e9e de lecture estim\u00e9e\" \/>\n\t<meta name=\"twitter:data2\" content=\"1 minute\" \/>\n<script type=\"application\/ld+json\" class=\"yoast-schema-graph\">{\"@context\":\"https:\\\/\\\/schema.org\",\"@graph\":[{\"@type\":\"Article\",\"@id\":\"https:\\\/\\\/www.altercampagne.net\\\/?p=10477#article\",\"isPartOf\":{\"@id\":\"https:\\\/\\\/www.altercampagne.net\\\/?p=10477\"},\"author\":{\"name\":\"Julie\",\"@id\":\"https:\\\/\\\/www.altercampagne.net\\\/#\\\/schema\\\/person\\\/ea52458af5ca10d56e01a1b53249ddc4\"},\"headline\":\"Ce que j\u2019ai appris au WE de lancement de l&rsquo;AlterTour\",\"datePublished\":\"2018-05-28T17:09:45+00:00\",\"dateModified\":\"2019-03-16T10:41:02+00:00\",\"mainEntityOfPage\":{\"@id\":\"https:\\\/\\\/www.altercampagne.net\\\/?p=10477\"},\"wordCount\":288,\"image\":{\"@id\":\"https:\\\/\\\/www.altercampagne.net\\\/?p=10477#primaryimage\"},\"thumbnailUrl\":\"https:\\\/\\\/www.altercampagne.net\\\/wp-content\\\/uploads\\\/2018\\\/05\\\/IMG_0161-cadre.jpg\",\"keywords\":[\"werva\",\"Week-end de r\u00e9paration des v\u00e9los de l'AlterTour\",\"r\u00e9paration des v\u00e9los\",\"lancement\"],\"articleSection\":[\"Bourgogne-Franche-Comt\u00e9\",\"\u00c9dition 2018\",\"WE de pr\u00e9paration\"],\"inLanguage\":\"fr-FR\"},{\"@type\":\"WebPage\",\"@id\":\"https:\\\/\\\/www.altercampagne.net\\\/?p=10477\",\"url\":\"https:\\\/\\\/www.altercampagne.net\\\/?p=10477\",\"name\":\"Ce que j\u2019ai appris au WE de lancement de l'AlterTour - AlterTour\",\"isPartOf\":{\"@id\":\"https:\\\/\\\/www.altercampagne.net\\\/#website\"},\"primaryImageOfPage\":{\"@id\":\"https:\\\/\\\/www.altercampagne.net\\\/?p=10477#primaryimage\"},\"image\":{\"@id\":\"https:\\\/\\\/www.altercampagne.net\\\/?p=10477#primaryimage\"},\"thumbnailUrl\":\"https:\\\/\\\/www.altercampagne.net\\\/wp-content\\\/uploads\\\/2018\\\/05\\\/IMG_0161-cadre.jpg\",\"datePublished\":\"2018-05-28T17:09:45+00:00\",\"dateModified\":\"2019-03-16T10:41:02+00:00\",\"author\":{\"@id\":\"https:\\\/\\\/www.altercampagne.net\\\/#\\\/schema\\\/person\\\/ea52458af5ca10d56e01a1b53249ddc4\"},\"breadcrumb\":{\"@id\":\"https:\\\/\\\/www.altercampagne.net\\\/?p=10477#breadcrumb\"},\"inLanguage\":\"fr-FR\",\"potentialAction\":[{\"@type\":\"ReadAction\",\"target\":[\"https:\\\/\\\/www.altercampagne.net\\\/?p=10477\"]}]},{\"@type\":\"ImageObject\",\"inLanguage\":\"fr-FR\",\"@id\":\"https:\\\/\\\/www.altercampagne.net\\\/?p=10477#primaryimage\",\"url\":\"https:\\\/\\\/www.altercampagne.net\\\/wp-content\\\/uploads\\\/2018\\\/05\\\/IMG_0161-cadre.jpg\",\"contentUrl\":\"https:\\\/\\\/www.altercampagne.net\\\/wp-content\\\/uploads\\\/2018\\\/05\\\/IMG_0161-cadre.jpg\",\"width\":737,\"height\":400},{\"@type\":\"BreadcrumbList\",\"@id\":\"https:\\\/\\\/www.altercampagne.net\\\/?p=10477#breadcrumb\",\"itemListElement\":[{\"@type\":\"ListItem\",\"position\":1,\"name\":\"Accueil\",\"item\":\"https:\\\/\\\/www.altercampagne.net\\\/\"},{\"@type\":\"ListItem\",\"position\":2,\"name\":\"Ce que j\u2019ai appris au WE de lancement de l&rsquo;AlterTour\"}]},{\"@type\":\"WebSite\",\"@id\":\"https:\\\/\\\/www.altercampagne.net\\\/#website\",\"url\":\"https:\\\/\\\/www.altercampagne.net\\\/\",\"name\":\"AlterTour\",\"description\":\"Reliez les Alternatives \u00e0 v\u00e9lo\",\"potentialAction\":[{\"@type\":\"SearchAction\",\"target\":{\"@type\":\"EntryPoint\",\"urlTemplate\":\"https:\\\/\\\/www.altercampagne.net\\\/?s={search_term_string}\"},\"query-input\":{\"@type\":\"PropertyValueSpecification\",\"valueRequired\":true,\"valueName\":\"search_term_string\"}}],\"inLanguage\":\"fr-FR\"},{\"@type\":\"Person\",\"@id\":\"https:\\\/\\\/www.altercampagne.net\\\/#\\\/schema\\\/person\\\/ea52458af5ca10d56e01a1b53249ddc4\",\"name\":\"Julie\",\"image\":{\"@type\":\"ImageObject\",\"inLanguage\":\"fr-FR\",\"@id\":\"https:\\\/\\\/secure.gravatar.com\\\/avatar\\\/33c4c11c34e0f9cccad9f436c1a60f900028dcdb26df84756951418faf70fa39?s=96&d=mm&r=g\",\"url\":\"https:\\\/\\\/secure.gravatar.com\\\/avatar\\\/33c4c11c34e0f9cccad9f436c1a60f900028dcdb26df84756951418faf70fa39?s=96&d=mm&r=g\",\"contentUrl\":\"https:\\\/\\\/secure.gravatar.com\\\/avatar\\\/33c4c11c34e0f9cccad9f436c1a60f900028dcdb26df84756951418faf70fa39?s=96&d=mm&r=g\",\"caption\":\"Julie\"},\"url\":\"https:\\\/\\\/www.altercampagne.net\\\/?author=192\"}]}<\/script>\n<!-- \/ Yoast SEO plugin. -->","yoast_head_json":{"title":"Ce que j\u2019ai appris au WE de lancement de l'AlterTour - AlterTour","robots":{"index":"index","follow":"follow","max-snippet":"max-snippet:-1","max-image-preview":"max-image-preview:large","max-video-preview":"max-video-preview:-1"},"canonical":"https:\/\/www.altercampagne.net\/?p=10477","og_locale":"fr_FR","og_type":"article","og_title":"Ce que j\u2019ai appris au WE de lancement de l'AlterTour - AlterTour","og_description":"Le 19-20-21 mai, c&rsquo;\u00e9tait le WE de R\u00e9paration des V\u00e9los de l\u2019AlterTour ! Pour les v\u00e9los c\u2019est r\u00e9vision g\u00e9n\u00e9rale, pour le camion, c\u2019est le grand m\u00e9nage de printemps, et pour les pr\u00e9parateurs d\u2019\u00e9tapes&#8230; \u00e7a sent le concret des derniers pr\u00e9paratifs&nbsp;! Chacun participe \u00e0 ce qu\u2019il veut, c\u2019est le principe&nbsp;! Moi ... Read More","og_url":"https:\/\/www.altercampagne.net\/?p=10477","og_site_name":"AlterTour","article_published_time":"2018-05-28T17:09:45+00:00","article_modified_time":"2019-03-16T10:41:02+00:00","og_image":[{"width":737,"height":400,"url":"https:\/\/www.altercampagne.net\/wp-content\/uploads\/2018\/05\/IMG_0161-cadre.jpg","type":"image\/jpeg"}],"author":"Julie","twitter_card":"summary_large_image","twitter_misc":{"\u00c9crit par":"Julie","Dur\u00e9e de lecture estim\u00e9e":"1 minute"},"schema":{"@context":"https:\/\/schema.org","@graph":[{"@type":"Article","@id":"https:\/\/www.altercampagne.net\/?p=10477#article","isPartOf":{"@id":"https:\/\/www.altercampagne.net\/?p=10477"},"author":{"name":"Julie","@id":"https:\/\/www.altercampagne.net\/#\/schema\/person\/ea52458af5ca10d56e01a1b53249ddc4"},"headline":"Ce que j\u2019ai appris au WE de lancement de l&rsquo;AlterTour","datePublished":"2018-05-28T17:09:45+00:00","dateModified":"2019-03-16T10:41:02+00:00","mainEntityOfPage":{"@id":"https:\/\/www.altercampagne.net\/?p=10477"},"wordCount":288,"image":{"@id":"https:\/\/www.altercampagne.net\/?p=10477#primaryimage"},"thumbnailUrl":"https:\/\/www.altercampagne.net\/wp-content\/uploads\/2018\/05\/IMG_0161-cadre.jpg","keywords":["werva","Week-end de r\u00e9paration des v\u00e9los de l'AlterTour","r\u00e9paration des v\u00e9los","lancement"],"articleSection":["Bourgogne-Franche-Comt\u00e9","\u00c9dition 2018","WE de pr\u00e9paration"],"inLanguage":"fr-FR"},{"@type":"WebPage","@id":"https:\/\/www.altercampagne.net\/?p=10477","url":"https:\/\/www.altercampagne.net\/?p=10477","name":"Ce que j\u2019ai appris au WE de lancement de l'AlterTour - AlterTour","isPartOf":{"@id":"https:\/\/www.altercampagne.net\/#website"},"primaryImageOfPage":{"@id":"https:\/\/www.altercampagne.net\/?p=10477#primaryimage"},"image":{"@id":"https:\/\/www.altercampagne.net\/?p=10477#primaryimage"},"thumbnailUrl":"https:\/\/www.altercampagne.net\/wp-content\/uploads\/2018\/05\/IMG_0161-cadre.jpg","datePublished":"2018-05-28T17:09:45+00:00","dateModified":"2019-03-16T10:41:02+00:00","author":{"@id":"https:\/\/www.altercampagne.net\/#\/schema\/person\/ea52458af5ca10d56e01a1b53249ddc4"},"breadcrumb":{"@id":"https:\/\/www.altercampagne.net\/?p=10477#breadcrumb"},"inLanguage":"fr-FR","potentialAction":[{"@type":"ReadAction","target":["https:\/\/www.altercampagne.net\/?p=10477"]}]},{"@type":"ImageObject","inLanguage":"fr-FR","@id":"https:\/\/www.altercampagne.net\/?p=10477#primaryimage","url":"https:\/\/www.altercampagne.net\/wp-content\/uploads\/2018\/05\/IMG_0161-cadre.jpg","contentUrl":"https:\/\/www.altercampagne.net\/wp-content\/uploads\/2018\/05\/IMG_0161-cadre.jpg","width":737,"height":400},{"@type":"BreadcrumbList","@id":"https:\/\/www.altercampagne.net\/?p=10477#breadcrumb","itemListElement":[{"@type":"ListItem","position":1,"name":"Accueil","item":"https:\/\/www.altercampagne.net\/"},{"@type":"ListItem","position":2,"name":"Ce que j\u2019ai appris au WE de lancement de l&rsquo;AlterTour"}]},{"@type":"WebSite","@id":"https:\/\/www.altercampagne.net\/#website","url":"https:\/\/www.altercampagne.net\/","name":"AlterTour","description":"Reliez les Alternatives \u00e0 v\u00e9lo","potentialAction":[{"@type":"SearchAction","target":{"@type":"EntryPoint","urlTemplate":"https:\/\/www.altercampagne.net\/?s={search_term_string}"},"query-input":{"@type":"PropertyValueSpecification","valueRequired":true,"valueName":"search_term_string"}}],"inLanguage":"fr-FR"},{"@type":"Person","@id":"https:\/\/www.altercampagne.net\/#\/schema\/person\/ea52458af5ca10d56e01a1b53249ddc4","name":"Julie","image":{"@type":"ImageObject","inLanguage":"fr-FR","@id":"https:\/\/secure.gravatar.com\/avatar\/33c4c11c34e0f9cccad9f436c1a60f900028dcdb26df84756951418faf70fa39?s=96&d=mm&r=g","url":"https:\/\/secure.gravatar.com\/avatar\/33c4c11c34e0f9cccad9f436c1a60f900028dcdb26df84756951418faf70fa39?s=96&d=mm&r=g","contentUrl":"https:\/\/secure.gravatar.com\/avatar\/33c4c11c34e0f9cccad9f436c1a60f900028dcdb26df84756951418faf70fa39?s=96&d=mm&r=g","caption":"Julie"},"url":"https:\/\/www.altercampagne.net\/?author=192"}]}},"_links":{"self":[{"href":"https:\/\/www.altercampagne.net\/index.php?rest_route=\/wp\/v2\/posts\/10477","targetHints":{"allow":["GET"]}}],"collection":[{"href":"https:\/\/www.altercampagne.net\/index.php?rest_route=\/wp\/v2\/posts"}],"about":[{"href":"https:\/\/www.altercampagne.net\/index.php?rest_route=\/wp\/v2\/types\/post"}],"author":[{"embeddable":true,"href":"https:\/\/www.altercampagne.net\/index.php?rest_route=\/wp\/v2\/users\/192"}],"replies":[{"embeddable":true,"href":"https:\/\/www.altercampagne.net\/index.php?rest_route=%2Fwp%2Fv2%2Fcomments&post=10477"}],"version-history":[{"count":0,"href":"https:\/\/www.altercampagne.net\/index.php?rest_route=\/wp\/v2\/posts\/10477\/revisions"}],"wp:featuredmedia":[{"embeddable":true,"href":"https:\/\/www.altercampagne.net\/index.php?rest_route=\/wp\/v2\/media\/10476"}],"wp:attachment":[{"href":"https:\/\/www.altercampagne.net\/index.php?rest_route=%2Fwp%2Fv2%2Fmedia&parent=10477"}],"wp:term":[{"taxonomy":"category","embeddable":true,"href":"https:\/\/www.altercampagne.net\/index.php?rest_route=%2Fwp%2Fv2%2Fcategories&post=10477"},{"taxonomy":"post_tag","embeddable":true,"href":"https:\/\/www.altercampagne.net\/index.php?rest_route=%2Fwp%2Fv2%2Ftags&post=10477"}],"curies":[{"name":"wp","href":"https:\/\/api.w.org\/{rel}","templated":true}]}}