{"id":10523,"date":"2018-06-08T08:00:25","date_gmt":"2018-06-08T06:00:25","guid":{"rendered":"http:\/\/www.altercampagne.net\/?p=10523"},"modified":"2019-09-13T12:52:51","modified_gmt":"2019-09-13T10:52:51","slug":"du-velo-et-du-houblon-le-bieretour-est-ne","status":"publish","type":"post","link":"https:\/\/www.altercampagne.net\/?p=10523","title":{"rendered":"J&rsquo;aime le v\u00e9lo et la bonne bi\u00e8re : je vais au Bi\u00e8reTour"},"content":{"rendered":"<h5>Le Bi\u00e8reTour c&rsquo;est quoi ?<\/h5>\n<p>Tu aimes la bonne bi\u00e8re et les vacances \u00e0 v\u00e9lo&nbsp;? le Bi\u00e8reTour est fait pour toi&nbsp;!&nbsp;Viens d\u00e9couvrir la bi\u00e8re go\u00fbteuse, ind\u00e9pendante, engag\u00e9e.<\/p>\n<p>Au programme :<\/p>\n<ul>\n<li>D\u00e9couvrir la fabrication de la bi\u00e8re&nbsp;: maltage, brassage, fermentation, maturation, filtration\u2026 n\u2019auront plus de secret pour toi.<\/li>\n<li>Visiter des microbrasseries ind\u00e9pendantes<\/li>\n<li>Rencontrer des producteurs de houblon, de malte et des brasseurs bio et ind\u00e9pendants<\/li>\n<\/ul>\n<h5>C\u2019est pour qui&nbsp;?<\/h5>\n<p>Les curieux de la fabrication de la bi\u00e8re, qui aiment aussi le v\u00e9lo.<\/p>\n<h5>\u00c7a se passe comment&nbsp;?<\/h5>\n<p>Tout comme l\u2019AlterTour&nbsp;! On roule 3 \u00e0 4 heures de v\u00e9lo, et on rencontre une alternative. Chacun participe aux t\u00e2ches quotidiennes pour la vie du groupe (cuisine, vaisselle, etc..). Le<strong> <a href=\"http:\/\/www.altercampagne.net\/?page_id=148\" target=\"_blank\" rel=\"noopener noreferrer\">Guide de l\u2019AlterCycliste<\/a> <\/strong>r\u00e9pond \u00e0 toutes tes questions&nbsp;!<\/p>\n<p>2 pr\u00e9cisions : chacun vient avec son v\u00e9lo, sa tente et&nbsp;portera ses affaires. La nourriture sera transport\u00e9e par un v\u00e9hicule.<\/p>\n<h5>C\u2019est quand&nbsp;?<\/h5>\n<p>Du 2 au 14 ao\u00fbt, le Bi\u00e8reTour roulera de Strasbourg \u00e0 St Die de Vosges.&nbsp;Retrouve ici le d\u00e9tail du <strong><a href=\"http:\/\/www.altercampagne.net\/?page_id=150\" target=\"_blank\" rel=\"noopener noreferrer\">parcours<\/a><\/strong> et du <strong><a href=\"http:\/\/www.altercampagne.net\/?page_id=10188\" target=\"_blank\" rel=\"noopener noreferrer\">programme<\/a><\/strong>.&nbsp;Tu viens et repars quand tu veux&nbsp;!<\/p>\n<h5>Comment s\u2019inscrire&nbsp;?<\/h5>\n<p>Sur la Page <strong><a href=\"http:\/\/www.altercampagne.net\/?page_id=178\" target=\"_blank\" rel=\"noopener noreferrer\">Inscriptions<\/a><\/strong>, en choisissant \u00ab&nbsp;Bi\u00e8reTour&nbsp;\u00bb dans le menu d\u00e9roulant (section \u00ab&nbsp;Votre venue&nbsp;\u00bb).&nbsp;Les inscriptions sont ouvertes !<\/p>\n<h5><a href=\"http:\/\/www.altercampagne.net\/wp-content\/uploads\/2018\/06\/2018-06-21-Parcours-BiereTour.jpg\"><img loading=\"lazy\" decoding=\"async\" class=\"wp-image-11009 aligncenter\" src=\"http:\/\/www.altercampagne.net\/wp-content\/uploads\/2018\/06\/2018-06-21-Parcours-BiereTour-300x300.jpg\" alt=\"\" width=\"386\" height=\"386\" srcset=\"https:\/\/www.altercampagne.net\/wp-content\/uploads\/2018\/06\/2018-06-21-Parcours-BiereTour-300x300.jpg 300w, https:\/\/www.altercampagne.net\/wp-content\/uploads\/2018\/06\/2018-06-21-Parcours-BiereTour-150x150.jpg 150w, https:\/\/www.altercampagne.net\/wp-content\/uploads\/2018\/06\/2018-06-21-Parcours-BiereTour-100x100.jpg 100w, https:\/\/www.altercampagne.net\/wp-content\/uploads\/2018\/06\/2018-06-21-Parcours-BiereTour.jpg 500w\" sizes=\"auto, (max-width: 386px) 100vw, 386px\" \/><\/a><\/h5>\n<h5>Tu cherches le BiereTour 2019 ?<\/h5>\n<p>C&rsquo;est par ici :<\/p>\n<h4 style=\"text-align: center;\"><a href=\"http:\/\/bieretour.net\"><strong>http:\/\/bieretour.net<\/strong><\/a><\/h4>\n","protected":false},"excerpt":{"rendered":"<p>Le Bi\u00e8reTour c&rsquo;est quoi ? Tu aimes la bonne bi\u00e8re et les vacances \u00e0 v\u00e9lo&nbsp;? le Bi\u00e8reTour est fait pour toi&nbsp;!&nbsp;Viens d\u00e9couvrir la bi\u00e8re go\u00fbteuse, ind\u00e9pendante, engag\u00e9e. Au programme : D\u00e9couvrir la fabrication de la bi\u00e8re&nbsp;: maltage, brassage, fermentation, maturation, filtration\u2026 n\u2019auront plus de secret pour toi. Visiter des microbrasseries &#8230; <\/p>\n<div><a href=\"https:\/\/www.altercampagne.net\/?p=10523\" class=\"more-link\">Read More<\/a><\/div>\n","protected":false},"author":192,"featured_media":10677,"comment_status":"closed","ping_status":"closed","sticky":false,"template":"","format":"standard","meta":{"footnotes":""},"categories":[3483,3489,3574,4037,3475,3470],"tags":[247,3568,3587,3588,3589,3590,3591,3592],"class_list":["post-10523","post","type-post","status-publish","format-standard","has-post-thumbnail","hentry","category-agriculture","category-alimentation","category-bieretour","category-biere","category-grand-est","category-edition-2018","tag-lorraine","tag-bieretour-2018","tag-producteurs-de-houblon","tag-producteurs-de-malte","tag-brasseurs-bio","tag-brasseurs-independants","tag-houblonnier","tag-alsace"],"yoast_head":"<!-- This site is optimized with the Yoast SEO plugin v27.3 - https:\/\/yoast.com\/product\/yoast-seo-wordpress\/ -->\n<title>J&#039;aime le v\u00e9lo et la bonne bi\u00e8re : je vais au Bi\u00e8reTour - AlterTour<\/title>\n<meta name=\"robots\" content=\"index, follow, max-snippet:-1, max-image-preview:large, max-video-preview:-1\" \/>\n<link rel=\"canonical\" href=\"https:\/\/www.altercampagne.net\/?p=10523\" \/>\n<meta property=\"og:locale\" content=\"fr_FR\" \/>\n<meta property=\"og:type\" content=\"article\" \/>\n<meta property=\"og:title\" content=\"J&#039;aime le v\u00e9lo et la bonne bi\u00e8re : je vais au Bi\u00e8reTour - AlterTour\" \/>\n<meta property=\"og:description\" content=\"Le Bi\u00e8reTour c&rsquo;est quoi ? Tu aimes la bonne bi\u00e8re et les vacances \u00e0 v\u00e9lo&nbsp;? le Bi\u00e8reTour est fait pour toi&nbsp;!&nbsp;Viens d\u00e9couvrir la bi\u00e8re go\u00fbteuse, ind\u00e9pendante, engag\u00e9e. Au programme : D\u00e9couvrir la fabrication de la bi\u00e8re&nbsp;: maltage, brassage, fermentation, maturation, filtration\u2026 n\u2019auront plus de secret pour toi. Visiter des microbrasseries ... Read More\" \/>\n<meta property=\"og:url\" content=\"https:\/\/www.altercampagne.net\/?p=10523\" \/>\n<meta property=\"og:site_name\" content=\"AlterTour\" \/>\n<meta property=\"article:published_time\" content=\"2018-06-08T06:00:25+00:00\" \/>\n<meta property=\"article:modified_time\" content=\"2019-09-13T10:52:51+00:00\" \/>\n<meta property=\"og:image\" content=\"https:\/\/www.altercampagne.net\/wp-content\/uploads\/2018\/06\/BiereTour-2018.jpg\" \/>\n\t<meta property=\"og:image:width\" content=\"1200\" \/>\n\t<meta property=\"og:image:height\" content=\"627\" \/>\n\t<meta property=\"og:image:type\" content=\"image\/jpeg\" \/>\n<meta name=\"author\" content=\"Julie\" \/>\n<meta name=\"twitter:card\" content=\"summary_large_image\" \/>\n<meta name=\"twitter:label1\" content=\"\u00c9crit par\" \/>\n\t<meta name=\"twitter:data1\" content=\"Julie\" \/>\n\t<meta name=\"twitter:label2\" content=\"Dur\u00e9e de lecture estim\u00e9e\" \/>\n\t<meta name=\"twitter:data2\" content=\"1 minute\" \/>\n<script type=\"application\/ld+json\" class=\"yoast-schema-graph\">{\"@context\":\"https:\\\/\\\/schema.org\",\"@graph\":[{\"@type\":\"Article\",\"@id\":\"https:\\\/\\\/www.altercampagne.net\\\/?p=10523#article\",\"isPartOf\":{\"@id\":\"https:\\\/\\\/www.altercampagne.net\\\/?p=10523\"},\"author\":{\"name\":\"Julie\",\"@id\":\"https:\\\/\\\/www.altercampagne.net\\\/#\\\/schema\\\/person\\\/ea52458af5ca10d56e01a1b53249ddc4\"},\"headline\":\"J&rsquo;aime le v\u00e9lo et la bonne bi\u00e8re : je vais au Bi\u00e8reTour\",\"datePublished\":\"2018-06-08T06:00:25+00:00\",\"dateModified\":\"2019-09-13T10:52:51+00:00\",\"mainEntityOfPage\":{\"@id\":\"https:\\\/\\\/www.altercampagne.net\\\/?p=10523\"},\"wordCount\":264,\"image\":{\"@id\":\"https:\\\/\\\/www.altercampagne.net\\\/?p=10523#primaryimage\"},\"thumbnailUrl\":\"https:\\\/\\\/www.altercampagne.net\\\/wp-content\\\/uploads\\\/2018\\\/06\\\/BiereTour-2018.jpg\",\"keywords\":[\"Lorraine\",\"Bi\u00e8reTour 2018\",\"producteurs de houblon\",\"producteurs de malte\",\"brasseurs bio\",\"brasseurs ind\u00e9pendants\",\"houblonnier\",\"Alsace\"],\"articleSection\":[\"Agriculture\",\"Alimentation\",\"Bi\u00e8reTour\",\"Bi\u00e8re\",\"Grand Est\",\"\u00c9dition 2018\"],\"inLanguage\":\"fr-FR\"},{\"@type\":\"WebPage\",\"@id\":\"https:\\\/\\\/www.altercampagne.net\\\/?p=10523\",\"url\":\"https:\\\/\\\/www.altercampagne.net\\\/?p=10523\",\"name\":\"J'aime le v\u00e9lo et la bonne bi\u00e8re : je vais au Bi\u00e8reTour - AlterTour\",\"isPartOf\":{\"@id\":\"https:\\\/\\\/www.altercampagne.net\\\/#website\"},\"primaryImageOfPage\":{\"@id\":\"https:\\\/\\\/www.altercampagne.net\\\/?p=10523#primaryimage\"},\"image\":{\"@id\":\"https:\\\/\\\/www.altercampagne.net\\\/?p=10523#primaryimage\"},\"thumbnailUrl\":\"https:\\\/\\\/www.altercampagne.net\\\/wp-content\\\/uploads\\\/2018\\\/06\\\/BiereTour-2018.jpg\",\"datePublished\":\"2018-06-08T06:00:25+00:00\",\"dateModified\":\"2019-09-13T10:52:51+00:00\",\"author\":{\"@id\":\"https:\\\/\\\/www.altercampagne.net\\\/#\\\/schema\\\/person\\\/ea52458af5ca10d56e01a1b53249ddc4\"},\"breadcrumb\":{\"@id\":\"https:\\\/\\\/www.altercampagne.net\\\/?p=10523#breadcrumb\"},\"inLanguage\":\"fr-FR\",\"potentialAction\":[{\"@type\":\"ReadAction\",\"target\":[\"https:\\\/\\\/www.altercampagne.net\\\/?p=10523\"]}]},{\"@type\":\"ImageObject\",\"inLanguage\":\"fr-FR\",\"@id\":\"https:\\\/\\\/www.altercampagne.net\\\/?p=10523#primaryimage\",\"url\":\"https:\\\/\\\/www.altercampagne.net\\\/wp-content\\\/uploads\\\/2018\\\/06\\\/BiereTour-2018.jpg\",\"contentUrl\":\"https:\\\/\\\/www.altercampagne.net\\\/wp-content\\\/uploads\\\/2018\\\/06\\\/BiereTour-2018.jpg\",\"width\":1200,\"height\":627},{\"@type\":\"BreadcrumbList\",\"@id\":\"https:\\\/\\\/www.altercampagne.net\\\/?p=10523#breadcrumb\",\"itemListElement\":[{\"@type\":\"ListItem\",\"position\":1,\"name\":\"Accueil\",\"item\":\"https:\\\/\\\/www.altercampagne.net\\\/\"},{\"@type\":\"ListItem\",\"position\":2,\"name\":\"J&rsquo;aime le v\u00e9lo et la bonne bi\u00e8re : je vais au Bi\u00e8reTour\"}]},{\"@type\":\"WebSite\",\"@id\":\"https:\\\/\\\/www.altercampagne.net\\\/#website\",\"url\":\"https:\\\/\\\/www.altercampagne.net\\\/\",\"name\":\"AlterTour\",\"description\":\"Reliez les Alternatives \u00e0 v\u00e9lo\",\"potentialAction\":[{\"@type\":\"SearchAction\",\"target\":{\"@type\":\"EntryPoint\",\"urlTemplate\":\"https:\\\/\\\/www.altercampagne.net\\\/?s={search_term_string}\"},\"query-input\":{\"@type\":\"PropertyValueSpecification\",\"valueRequired\":true,\"valueName\":\"search_term_string\"}}],\"inLanguage\":\"fr-FR\"},{\"@type\":\"Person\",\"@id\":\"https:\\\/\\\/www.altercampagne.net\\\/#\\\/schema\\\/person\\\/ea52458af5ca10d56e01a1b53249ddc4\",\"name\":\"Julie\",\"image\":{\"@type\":\"ImageObject\",\"inLanguage\":\"fr-FR\",\"@id\":\"https:\\\/\\\/secure.gravatar.com\\\/avatar\\\/33c4c11c34e0f9cccad9f436c1a60f900028dcdb26df84756951418faf70fa39?s=96&d=mm&r=g\",\"url\":\"https:\\\/\\\/secure.gravatar.com\\\/avatar\\\/33c4c11c34e0f9cccad9f436c1a60f900028dcdb26df84756951418faf70fa39?s=96&d=mm&r=g\",\"contentUrl\":\"https:\\\/\\\/secure.gravatar.com\\\/avatar\\\/33c4c11c34e0f9cccad9f436c1a60f900028dcdb26df84756951418faf70fa39?s=96&d=mm&r=g\",\"caption\":\"Julie\"},\"url\":\"https:\\\/\\\/www.altercampagne.net\\\/?author=192\"}]}<\/script>\n<!-- \/ Yoast SEO plugin. -->","yoast_head_json":{"title":"J'aime le v\u00e9lo et la bonne bi\u00e8re : je vais au Bi\u00e8reTour - AlterTour","robots":{"index":"index","follow":"follow","max-snippet":"max-snippet:-1","max-image-preview":"max-image-preview:large","max-video-preview":"max-video-preview:-1"},"canonical":"https:\/\/www.altercampagne.net\/?p=10523","og_locale":"fr_FR","og_type":"article","og_title":"J'aime le v\u00e9lo et la bonne bi\u00e8re : je vais au Bi\u00e8reTour - AlterTour","og_description":"Le Bi\u00e8reTour c&rsquo;est quoi ? Tu aimes la bonne bi\u00e8re et les vacances \u00e0 v\u00e9lo&nbsp;? le Bi\u00e8reTour est fait pour toi&nbsp;!&nbsp;Viens d\u00e9couvrir la bi\u00e8re go\u00fbteuse, ind\u00e9pendante, engag\u00e9e. Au programme : D\u00e9couvrir la fabrication de la bi\u00e8re&nbsp;: maltage, brassage, fermentation, maturation, filtration\u2026 n\u2019auront plus de secret pour toi. Visiter des microbrasseries ... Read More","og_url":"https:\/\/www.altercampagne.net\/?p=10523","og_site_name":"AlterTour","article_published_time":"2018-06-08T06:00:25+00:00","article_modified_time":"2019-09-13T10:52:51+00:00","og_image":[{"width":1200,"height":627,"url":"https:\/\/www.altercampagne.net\/wp-content\/uploads\/2018\/06\/BiereTour-2018.jpg","type":"image\/jpeg"}],"author":"Julie","twitter_card":"summary_large_image","twitter_misc":{"\u00c9crit par":"Julie","Dur\u00e9e de lecture estim\u00e9e":"1 minute"},"schema":{"@context":"https:\/\/schema.org","@graph":[{"@type":"Article","@id":"https:\/\/www.altercampagne.net\/?p=10523#article","isPartOf":{"@id":"https:\/\/www.altercampagne.net\/?p=10523"},"author":{"name":"Julie","@id":"https:\/\/www.altercampagne.net\/#\/schema\/person\/ea52458af5ca10d56e01a1b53249ddc4"},"headline":"J&rsquo;aime le v\u00e9lo et la bonne bi\u00e8re : je vais au Bi\u00e8reTour","datePublished":"2018-06-08T06:00:25+00:00","dateModified":"2019-09-13T10:52:51+00:00","mainEntityOfPage":{"@id":"https:\/\/www.altercampagne.net\/?p=10523"},"wordCount":264,"image":{"@id":"https:\/\/www.altercampagne.net\/?p=10523#primaryimage"},"thumbnailUrl":"https:\/\/www.altercampagne.net\/wp-content\/uploads\/2018\/06\/BiereTour-2018.jpg","keywords":["Lorraine","Bi\u00e8reTour 2018","producteurs de houblon","producteurs de malte","brasseurs bio","brasseurs ind\u00e9pendants","houblonnier","Alsace"],"articleSection":["Agriculture","Alimentation","Bi\u00e8reTour","Bi\u00e8re","Grand Est","\u00c9dition 2018"],"inLanguage":"fr-FR"},{"@type":"WebPage","@id":"https:\/\/www.altercampagne.net\/?p=10523","url":"https:\/\/www.altercampagne.net\/?p=10523","name":"J'aime le v\u00e9lo et la bonne bi\u00e8re : je vais au Bi\u00e8reTour - AlterTour","isPartOf":{"@id":"https:\/\/www.altercampagne.net\/#website"},"primaryImageOfPage":{"@id":"https:\/\/www.altercampagne.net\/?p=10523#primaryimage"},"image":{"@id":"https:\/\/www.altercampagne.net\/?p=10523#primaryimage"},"thumbnailUrl":"https:\/\/www.altercampagne.net\/wp-content\/uploads\/2018\/06\/BiereTour-2018.jpg","datePublished":"2018-06-08T06:00:25+00:00","dateModified":"2019-09-13T10:52:51+00:00","author":{"@id":"https:\/\/www.altercampagne.net\/#\/schema\/person\/ea52458af5ca10d56e01a1b53249ddc4"},"breadcrumb":{"@id":"https:\/\/www.altercampagne.net\/?p=10523#breadcrumb"},"inLanguage":"fr-FR","potentialAction":[{"@type":"ReadAction","target":["https:\/\/www.altercampagne.net\/?p=10523"]}]},{"@type":"ImageObject","inLanguage":"fr-FR","@id":"https:\/\/www.altercampagne.net\/?p=10523#primaryimage","url":"https:\/\/www.altercampagne.net\/wp-content\/uploads\/2018\/06\/BiereTour-2018.jpg","contentUrl":"https:\/\/www.altercampagne.net\/wp-content\/uploads\/2018\/06\/BiereTour-2018.jpg","width":1200,"height":627},{"@type":"BreadcrumbList","@id":"https:\/\/www.altercampagne.net\/?p=10523#breadcrumb","itemListElement":[{"@type":"ListItem","position":1,"name":"Accueil","item":"https:\/\/www.altercampagne.net\/"},{"@type":"ListItem","position":2,"name":"J&rsquo;aime le v\u00e9lo et la bonne bi\u00e8re : je vais au Bi\u00e8reTour"}]},{"@type":"WebSite","@id":"https:\/\/www.altercampagne.net\/#website","url":"https:\/\/www.altercampagne.net\/","name":"AlterTour","description":"Reliez les Alternatives \u00e0 v\u00e9lo","potentialAction":[{"@type":"SearchAction","target":{"@type":"EntryPoint","urlTemplate":"https:\/\/www.altercampagne.net\/?s={search_term_string}"},"query-input":{"@type":"PropertyValueSpecification","valueRequired":true,"valueName":"search_term_string"}}],"inLanguage":"fr-FR"},{"@type":"Person","@id":"https:\/\/www.altercampagne.net\/#\/schema\/person\/ea52458af5ca10d56e01a1b53249ddc4","name":"Julie","image":{"@type":"ImageObject","inLanguage":"fr-FR","@id":"https:\/\/secure.gravatar.com\/avatar\/33c4c11c34e0f9cccad9f436c1a60f900028dcdb26df84756951418faf70fa39?s=96&d=mm&r=g","url":"https:\/\/secure.gravatar.com\/avatar\/33c4c11c34e0f9cccad9f436c1a60f900028dcdb26df84756951418faf70fa39?s=96&d=mm&r=g","contentUrl":"https:\/\/secure.gravatar.com\/avatar\/33c4c11c34e0f9cccad9f436c1a60f900028dcdb26df84756951418faf70fa39?s=96&d=mm&r=g","caption":"Julie"},"url":"https:\/\/www.altercampagne.net\/?author=192"}]}},"_links":{"self":[{"href":"https:\/\/www.altercampagne.net\/index.php?rest_route=\/wp\/v2\/posts\/10523","targetHints":{"allow":["GET"]}}],"collection":[{"href":"https:\/\/www.altercampagne.net\/index.php?rest_route=\/wp\/v2\/posts"}],"about":[{"href":"https:\/\/www.altercampagne.net\/index.php?rest_route=\/wp\/v2\/types\/post"}],"author":[{"embeddable":true,"href":"https:\/\/www.altercampagne.net\/index.php?rest_route=\/wp\/v2\/users\/192"}],"replies":[{"embeddable":true,"href":"https:\/\/www.altercampagne.net\/index.php?rest_route=%2Fwp%2Fv2%2Fcomments&post=10523"}],"version-history":[{"count":0,"href":"https:\/\/www.altercampagne.net\/index.php?rest_route=\/wp\/v2\/posts\/10523\/revisions"}],"wp:featuredmedia":[{"embeddable":true,"href":"https:\/\/www.altercampagne.net\/index.php?rest_route=\/wp\/v2\/media\/10677"}],"wp:attachment":[{"href":"https:\/\/www.altercampagne.net\/index.php?rest_route=%2Fwp%2Fv2%2Fmedia&parent=10523"}],"wp:term":[{"taxonomy":"category","embeddable":true,"href":"https:\/\/www.altercampagne.net\/index.php?rest_route=%2Fwp%2Fv2%2Fcategories&post=10523"},{"taxonomy":"post_tag","embeddable":true,"href":"https:\/\/www.altercampagne.net\/index.php?rest_route=%2Fwp%2Fv2%2Ftags&post=10523"}],"curies":[{"name":"wp","href":"https:\/\/api.w.org\/{rel}","templated":true}]}}