{"id":10573,"date":"2018-05-14T20:09:36","date_gmt":"2018-05-14T18:09:36","guid":{"rendered":"http:\/\/www.altercampagne.net\/?p=10573"},"modified":"2018-09-04T11:58:05","modified_gmt":"2018-09-04T09:58:05","slug":"laltertour-un-tour-des-initiatives-ecologiques-a-velo","status":"publish","type":"post","link":"https:\/\/www.altercampagne.net\/?p=10573","title":{"rendered":"L\u2019AlterTour, un tour des initiatives \u00e9cologiques \u00e0 v\u00e9lo"},"content":{"rendered":"<p>D\u2019Amiens \u00e0 Strasbourg, l\u2019AlterTour propose aux cyclistes, exp\u00e9riment\u00e9s ou non, de d\u00e9couvrir les acteurs de la transition \u00e9cologique tout en mettant la main \u00e0 la p\u00e2te.<\/p>\n<p><strong>C\u2019est un tour \u00e0 v\u00e9lo pas comme les autres : l\u2019AlterTour propose aux cyclistes, jeunes ou vieux, d\u00e9butants ou exp\u00e9riment\u00e9s, de rouler d\u2019Amiens \u00e0 Strasbourg pour d\u00e9couvrir les acteurs de la transition \u00e9cologique. La 11\u00e8me \u00e9dition aura lieu du 14 juillet au 26 ao\u00fbt et les participants peuvent rejoindre le tour et le quitter \u00e0 tout moment.<\/strong><\/p>\n<p>C\u2019est l\u2019occasion de muscler ses mollets, mais pas seulement ! <a href=\"http:\/\/www.altertour.net\/\" target=\"_blank\" rel=\"noopener\">L\u2019AlterTour<\/a> souhaite valoriser tout ce qui a trait \u00e0 la transition \u00e9cologique et sociale (agriculture, \u00e9conomie, \u00e9nergie\u2026) mais aussi soutenir des lieux de r\u00e9sistance contre des projets dangereux, pour l\u2019homme et la plan\u00e8te.<\/p>\n<p>Ana\u00efs, ancienne participante :<\/p>\n<p style=\"text-align: center;\">\u00ab L\u2019AlterTour, \u00e7a permet de d\u00e9couvrir qu\u2019il est possible d\u2019agir autrement que ce qu\u2019on a l\u2019habitude de voir. \u00bb<\/p>\n<p>La simplicit\u00e9 volontaire et l\u2019autogestion sont aussi au c\u0153ur de ce projet. C\u2019est pourquoi les activit\u00e9s du quotidien telles que les repas ou l\u2019entretien des v\u00e9los sont organis\u00e9es de fa\u00e7on participative. Ce sera \u00e9galement l\u2019occasion de consommer \u00e9co-responsable (bio, local et v\u00e9g\u00e9tarien) et de dormir sous une tente chez les accueillants.<\/p>\n<p>Sylvie et Dominique, anciennes participantes :<\/p>\n<p style=\"text-align: center;\">\u00ab On avait un projet d\u2019habitat group\u00e9. L\u2019AlterTour, \u00e7a donne de l\u2019\u00e9nergie et une bouff\u00e9e de cr\u00e9ativit\u00e9. \u00bb<\/p>\n<p>Le lundi 16 juillet, apr\u00e8s deux jours de festivit\u00e9s, le d\u00e9part sera donn\u00e9 du journal Fakir, \u00e0 Amiens. Les \u00e9tapes que les cyclistes effectueront seront l\u2019occasion de d\u00e9couvrir des solutions locales : producteurs bio, entreprises coop\u00e9ratives, \u00e9colieux, etc.<\/p>\n<p>Pour les plus aventuriers, des \u00c9chapp\u00e9es Belles sont propos\u00e9es en parall\u00e8le \u00e0 l\u2019AlterTour. Contrairement \u00e0 l\u2019Alter tour (accompagn\u00e9 par un v\u00e9hicule) ici, les participants portent eux-m\u00eames leur tente et leurs bagages, une partie de la nourriture commune et le mat\u00e9riel n\u00e9cessaire \u00e0 la r\u00e9paration des v\u00e9los. Le tout sans v\u00e9hicule d\u2019accompagnement !<\/p>\n<p><em>Pr\u00eat \u00e0 monter en selle ? Pour s\u2019inscrire, \u00e7a se passe<a href=\"http:\/\/www.altercampagne.net\/?page_id=178\" target=\"_blank\" rel=\"noopener\"> ici<\/a>.<\/em><\/p>\n<p style=\"text-align: right;\"><a href=\"https:\/\/positivr.fr\/altertour-initiative-ecologique-velo\/\" target=\"_blank\" rel=\"noopener\"><strong>\u00c9lodie Long\u00e9p\u00e9, Positivr<\/strong><\/a><\/p>\n<div class=\"td-author-line\"><\/div>\n","protected":false},"excerpt":{"rendered":"<p>D\u2019Amiens \u00e0 Strasbourg, l\u2019AlterTour propose aux cyclistes, exp\u00e9riment\u00e9s ou non, de d\u00e9couvrir les acteurs de la transition \u00e9cologique tout en mettant la main \u00e0 la p\u00e2te. C\u2019est un tour \u00e0 v\u00e9lo pas comme les autres : l\u2019AlterTour propose aux cyclistes, jeunes ou vieux, d\u00e9butants ou exp\u00e9riment\u00e9s, de rouler d\u2019Amiens \u00e0 &#8230; <\/p>\n<div><a href=\"https:\/\/www.altercampagne.net\/?p=10573\" class=\"more-link\">Read More<\/a><\/div>\n","protected":false},"author":214,"featured_media":10579,"comment_status":"closed","ping_status":"closed","sticky":false,"template":"","format":"standard","meta":{"footnotes":""},"categories":[239,3470],"tags":[3102,3221,3575],"class_list":["post-10573","post","type-post","status-publish","format-standard","has-post-thumbnail","hentry","category-revue-de-presse","category-edition-2018","tag-positivr","tag-altertour-2018","tag-elodie-longepe"],"yoast_head":"<!-- This site is optimized with the Yoast SEO plugin v27.3 - https:\/\/yoast.com\/product\/yoast-seo-wordpress\/ -->\n<title>L\u2019AlterTour, un tour des initiatives \u00e9cologiques \u00e0 v\u00e9lo - AlterTour<\/title>\n<meta name=\"robots\" content=\"index, follow, max-snippet:-1, max-image-preview:large, max-video-preview:-1\" \/>\n<link rel=\"canonical\" href=\"https:\/\/www.altercampagne.net\/?p=10573\" \/>\n<meta property=\"og:locale\" content=\"fr_FR\" \/>\n<meta property=\"og:type\" content=\"article\" \/>\n<meta property=\"og:title\" content=\"L\u2019AlterTour, un tour des initiatives \u00e9cologiques \u00e0 v\u00e9lo - AlterTour\" \/>\n<meta property=\"og:description\" content=\"D\u2019Amiens \u00e0 Strasbourg, l\u2019AlterTour propose aux cyclistes, exp\u00e9riment\u00e9s ou non, de d\u00e9couvrir les acteurs de la transition \u00e9cologique tout en mettant la main \u00e0 la p\u00e2te. C\u2019est un tour \u00e0 v\u00e9lo pas comme les autres : l\u2019AlterTour propose aux cyclistes, jeunes ou vieux, d\u00e9butants ou exp\u00e9riment\u00e9s, de rouler d\u2019Amiens \u00e0 ... Read More\" \/>\n<meta property=\"og:url\" content=\"https:\/\/www.altercampagne.net\/?p=10573\" \/>\n<meta property=\"og:site_name\" content=\"AlterTour\" \/>\n<meta property=\"article:published_time\" content=\"2018-05-14T18:09:36+00:00\" \/>\n<meta property=\"article:modified_time\" content=\"2018-09-04T09:58:05+00:00\" \/>\n<meta property=\"og:image\" content=\"https:\/\/www.altercampagne.net\/wp-content\/uploads\/2018\/06\/AT2018-Article-positivr.jpg\" \/>\n\t<meta property=\"og:image:width\" content=\"595\" \/>\n\t<meta property=\"og:image:height\" content=\"311\" \/>\n\t<meta property=\"og:image:type\" content=\"image\/jpeg\" \/>\n<meta name=\"author\" content=\"Mathieu\" \/>\n<meta name=\"twitter:card\" content=\"summary_large_image\" \/>\n<meta name=\"twitter:label1\" content=\"\u00c9crit par\" \/>\n\t<meta name=\"twitter:data1\" content=\"Mathieu\" \/>\n\t<meta name=\"twitter:label2\" content=\"Dur\u00e9e de lecture estim\u00e9e\" \/>\n\t<meta name=\"twitter:data2\" content=\"2 minutes\" \/>\n<script type=\"application\/ld+json\" class=\"yoast-schema-graph\">{\"@context\":\"https:\\\/\\\/schema.org\",\"@graph\":[{\"@type\":\"Article\",\"@id\":\"https:\\\/\\\/www.altercampagne.net\\\/?p=10573#article\",\"isPartOf\":{\"@id\":\"https:\\\/\\\/www.altercampagne.net\\\/?p=10573\"},\"author\":{\"name\":\"Mathieu\",\"@id\":\"https:\\\/\\\/www.altercampagne.net\\\/#\\\/schema\\\/person\\\/0f261460c09e430caa0f9bcffa319109\"},\"headline\":\"L\u2019AlterTour, un tour des initiatives \u00e9cologiques \u00e0 v\u00e9lo\",\"datePublished\":\"2018-05-14T18:09:36+00:00\",\"dateModified\":\"2018-09-04T09:58:05+00:00\",\"mainEntityOfPage\":{\"@id\":\"https:\\\/\\\/www.altercampagne.net\\\/?p=10573\"},\"wordCount\":379,\"image\":{\"@id\":\"https:\\\/\\\/www.altercampagne.net\\\/?p=10573#primaryimage\"},\"thumbnailUrl\":\"https:\\\/\\\/www.altercampagne.net\\\/wp-content\\\/uploads\\\/2018\\\/06\\\/AT2018-Article-positivr.jpg\",\"keywords\":[\"Positivr\",\"AlterTour 2018\",\"\u00c9lodie Long\u00e9p\u00e9\"],\"articleSection\":[\"Revue de presse\",\"\u00c9dition 2018\"],\"inLanguage\":\"fr-FR\"},{\"@type\":\"WebPage\",\"@id\":\"https:\\\/\\\/www.altercampagne.net\\\/?p=10573\",\"url\":\"https:\\\/\\\/www.altercampagne.net\\\/?p=10573\",\"name\":\"L\u2019AlterTour, un tour des initiatives \u00e9cologiques \u00e0 v\u00e9lo - AlterTour\",\"isPartOf\":{\"@id\":\"https:\\\/\\\/www.altercampagne.net\\\/#website\"},\"primaryImageOfPage\":{\"@id\":\"https:\\\/\\\/www.altercampagne.net\\\/?p=10573#primaryimage\"},\"image\":{\"@id\":\"https:\\\/\\\/www.altercampagne.net\\\/?p=10573#primaryimage\"},\"thumbnailUrl\":\"https:\\\/\\\/www.altercampagne.net\\\/wp-content\\\/uploads\\\/2018\\\/06\\\/AT2018-Article-positivr.jpg\",\"datePublished\":\"2018-05-14T18:09:36+00:00\",\"dateModified\":\"2018-09-04T09:58:05+00:00\",\"author\":{\"@id\":\"https:\\\/\\\/www.altercampagne.net\\\/#\\\/schema\\\/person\\\/0f261460c09e430caa0f9bcffa319109\"},\"breadcrumb\":{\"@id\":\"https:\\\/\\\/www.altercampagne.net\\\/?p=10573#breadcrumb\"},\"inLanguage\":\"fr-FR\",\"potentialAction\":[{\"@type\":\"ReadAction\",\"target\":[\"https:\\\/\\\/www.altercampagne.net\\\/?p=10573\"]}]},{\"@type\":\"ImageObject\",\"inLanguage\":\"fr-FR\",\"@id\":\"https:\\\/\\\/www.altercampagne.net\\\/?p=10573#primaryimage\",\"url\":\"https:\\\/\\\/www.altercampagne.net\\\/wp-content\\\/uploads\\\/2018\\\/06\\\/AT2018-Article-positivr.jpg\",\"contentUrl\":\"https:\\\/\\\/www.altercampagne.net\\\/wp-content\\\/uploads\\\/2018\\\/06\\\/AT2018-Article-positivr.jpg\",\"width\":595,\"height\":311},{\"@type\":\"BreadcrumbList\",\"@id\":\"https:\\\/\\\/www.altercampagne.net\\\/?p=10573#breadcrumb\",\"itemListElement\":[{\"@type\":\"ListItem\",\"position\":1,\"name\":\"Accueil\",\"item\":\"https:\\\/\\\/www.altercampagne.net\\\/\"},{\"@type\":\"ListItem\",\"position\":2,\"name\":\"L\u2019AlterTour, un tour des initiatives \u00e9cologiques \u00e0 v\u00e9lo\"}]},{\"@type\":\"WebSite\",\"@id\":\"https:\\\/\\\/www.altercampagne.net\\\/#website\",\"url\":\"https:\\\/\\\/www.altercampagne.net\\\/\",\"name\":\"AlterTour\",\"description\":\"Reliez les Alternatives \u00e0 v\u00e9lo\",\"potentialAction\":[{\"@type\":\"SearchAction\",\"target\":{\"@type\":\"EntryPoint\",\"urlTemplate\":\"https:\\\/\\\/www.altercampagne.net\\\/?s={search_term_string}\"},\"query-input\":{\"@type\":\"PropertyValueSpecification\",\"valueRequired\":true,\"valueName\":\"search_term_string\"}}],\"inLanguage\":\"fr-FR\"},{\"@type\":\"Person\",\"@id\":\"https:\\\/\\\/www.altercampagne.net\\\/#\\\/schema\\\/person\\\/0f261460c09e430caa0f9bcffa319109\",\"name\":\"Mathieu\",\"image\":{\"@type\":\"ImageObject\",\"inLanguage\":\"fr-FR\",\"@id\":\"https:\\\/\\\/secure.gravatar.com\\\/avatar\\\/aa9d3d24c83f2141e5e2709d0f63d09a99f6be6bb7a50abc4915838d9f54501a?s=96&d=mm&r=g\",\"url\":\"https:\\\/\\\/secure.gravatar.com\\\/avatar\\\/aa9d3d24c83f2141e5e2709d0f63d09a99f6be6bb7a50abc4915838d9f54501a?s=96&d=mm&r=g\",\"contentUrl\":\"https:\\\/\\\/secure.gravatar.com\\\/avatar\\\/aa9d3d24c83f2141e5e2709d0f63d09a99f6be6bb7a50abc4915838d9f54501a?s=96&d=mm&r=g\",\"caption\":\"Mathieu\"},\"url\":\"https:\\\/\\\/www.altercampagne.net\\\/?author=214\"}]}<\/script>\n<!-- \/ Yoast SEO plugin. -->","yoast_head_json":{"title":"L\u2019AlterTour, un tour des initiatives \u00e9cologiques \u00e0 v\u00e9lo - AlterTour","robots":{"index":"index","follow":"follow","max-snippet":"max-snippet:-1","max-image-preview":"max-image-preview:large","max-video-preview":"max-video-preview:-1"},"canonical":"https:\/\/www.altercampagne.net\/?p=10573","og_locale":"fr_FR","og_type":"article","og_title":"L\u2019AlterTour, un tour des initiatives \u00e9cologiques \u00e0 v\u00e9lo - AlterTour","og_description":"D\u2019Amiens \u00e0 Strasbourg, l\u2019AlterTour propose aux cyclistes, exp\u00e9riment\u00e9s ou non, de d\u00e9couvrir les acteurs de la transition \u00e9cologique tout en mettant la main \u00e0 la p\u00e2te. C\u2019est un tour \u00e0 v\u00e9lo pas comme les autres : l\u2019AlterTour propose aux cyclistes, jeunes ou vieux, d\u00e9butants ou exp\u00e9riment\u00e9s, de rouler d\u2019Amiens \u00e0 ... Read More","og_url":"https:\/\/www.altercampagne.net\/?p=10573","og_site_name":"AlterTour","article_published_time":"2018-05-14T18:09:36+00:00","article_modified_time":"2018-09-04T09:58:05+00:00","og_image":[{"width":595,"height":311,"url":"https:\/\/www.altercampagne.net\/wp-content\/uploads\/2018\/06\/AT2018-Article-positivr.jpg","type":"image\/jpeg"}],"author":"Mathieu","twitter_card":"summary_large_image","twitter_misc":{"\u00c9crit par":"Mathieu","Dur\u00e9e de lecture estim\u00e9e":"2 minutes"},"schema":{"@context":"https:\/\/schema.org","@graph":[{"@type":"Article","@id":"https:\/\/www.altercampagne.net\/?p=10573#article","isPartOf":{"@id":"https:\/\/www.altercampagne.net\/?p=10573"},"author":{"name":"Mathieu","@id":"https:\/\/www.altercampagne.net\/#\/schema\/person\/0f261460c09e430caa0f9bcffa319109"},"headline":"L\u2019AlterTour, un tour des initiatives \u00e9cologiques \u00e0 v\u00e9lo","datePublished":"2018-05-14T18:09:36+00:00","dateModified":"2018-09-04T09:58:05+00:00","mainEntityOfPage":{"@id":"https:\/\/www.altercampagne.net\/?p=10573"},"wordCount":379,"image":{"@id":"https:\/\/www.altercampagne.net\/?p=10573#primaryimage"},"thumbnailUrl":"https:\/\/www.altercampagne.net\/wp-content\/uploads\/2018\/06\/AT2018-Article-positivr.jpg","keywords":["Positivr","AlterTour 2018","\u00c9lodie Long\u00e9p\u00e9"],"articleSection":["Revue de presse","\u00c9dition 2018"],"inLanguage":"fr-FR"},{"@type":"WebPage","@id":"https:\/\/www.altercampagne.net\/?p=10573","url":"https:\/\/www.altercampagne.net\/?p=10573","name":"L\u2019AlterTour, un tour des initiatives \u00e9cologiques \u00e0 v\u00e9lo - AlterTour","isPartOf":{"@id":"https:\/\/www.altercampagne.net\/#website"},"primaryImageOfPage":{"@id":"https:\/\/www.altercampagne.net\/?p=10573#primaryimage"},"image":{"@id":"https:\/\/www.altercampagne.net\/?p=10573#primaryimage"},"thumbnailUrl":"https:\/\/www.altercampagne.net\/wp-content\/uploads\/2018\/06\/AT2018-Article-positivr.jpg","datePublished":"2018-05-14T18:09:36+00:00","dateModified":"2018-09-04T09:58:05+00:00","author":{"@id":"https:\/\/www.altercampagne.net\/#\/schema\/person\/0f261460c09e430caa0f9bcffa319109"},"breadcrumb":{"@id":"https:\/\/www.altercampagne.net\/?p=10573#breadcrumb"},"inLanguage":"fr-FR","potentialAction":[{"@type":"ReadAction","target":["https:\/\/www.altercampagne.net\/?p=10573"]}]},{"@type":"ImageObject","inLanguage":"fr-FR","@id":"https:\/\/www.altercampagne.net\/?p=10573#primaryimage","url":"https:\/\/www.altercampagne.net\/wp-content\/uploads\/2018\/06\/AT2018-Article-positivr.jpg","contentUrl":"https:\/\/www.altercampagne.net\/wp-content\/uploads\/2018\/06\/AT2018-Article-positivr.jpg","width":595,"height":311},{"@type":"BreadcrumbList","@id":"https:\/\/www.altercampagne.net\/?p=10573#breadcrumb","itemListElement":[{"@type":"ListItem","position":1,"name":"Accueil","item":"https:\/\/www.altercampagne.net\/"},{"@type":"ListItem","position":2,"name":"L\u2019AlterTour, un tour des initiatives \u00e9cologiques \u00e0 v\u00e9lo"}]},{"@type":"WebSite","@id":"https:\/\/www.altercampagne.net\/#website","url":"https:\/\/www.altercampagne.net\/","name":"AlterTour","description":"Reliez les Alternatives \u00e0 v\u00e9lo","potentialAction":[{"@type":"SearchAction","target":{"@type":"EntryPoint","urlTemplate":"https:\/\/www.altercampagne.net\/?s={search_term_string}"},"query-input":{"@type":"PropertyValueSpecification","valueRequired":true,"valueName":"search_term_string"}}],"inLanguage":"fr-FR"},{"@type":"Person","@id":"https:\/\/www.altercampagne.net\/#\/schema\/person\/0f261460c09e430caa0f9bcffa319109","name":"Mathieu","image":{"@type":"ImageObject","inLanguage":"fr-FR","@id":"https:\/\/secure.gravatar.com\/avatar\/aa9d3d24c83f2141e5e2709d0f63d09a99f6be6bb7a50abc4915838d9f54501a?s=96&d=mm&r=g","url":"https:\/\/secure.gravatar.com\/avatar\/aa9d3d24c83f2141e5e2709d0f63d09a99f6be6bb7a50abc4915838d9f54501a?s=96&d=mm&r=g","contentUrl":"https:\/\/secure.gravatar.com\/avatar\/aa9d3d24c83f2141e5e2709d0f63d09a99f6be6bb7a50abc4915838d9f54501a?s=96&d=mm&r=g","caption":"Mathieu"},"url":"https:\/\/www.altercampagne.net\/?author=214"}]}},"_links":{"self":[{"href":"https:\/\/www.altercampagne.net\/index.php?rest_route=\/wp\/v2\/posts\/10573","targetHints":{"allow":["GET"]}}],"collection":[{"href":"https:\/\/www.altercampagne.net\/index.php?rest_route=\/wp\/v2\/posts"}],"about":[{"href":"https:\/\/www.altercampagne.net\/index.php?rest_route=\/wp\/v2\/types\/post"}],"author":[{"embeddable":true,"href":"https:\/\/www.altercampagne.net\/index.php?rest_route=\/wp\/v2\/users\/214"}],"replies":[{"embeddable":true,"href":"https:\/\/www.altercampagne.net\/index.php?rest_route=%2Fwp%2Fv2%2Fcomments&post=10573"}],"version-history":[{"count":0,"href":"https:\/\/www.altercampagne.net\/index.php?rest_route=\/wp\/v2\/posts\/10573\/revisions"}],"wp:featuredmedia":[{"embeddable":true,"href":"https:\/\/www.altercampagne.net\/index.php?rest_route=\/wp\/v2\/media\/10579"}],"wp:attachment":[{"href":"https:\/\/www.altercampagne.net\/index.php?rest_route=%2Fwp%2Fv2%2Fmedia&parent=10573"}],"wp:term":[{"taxonomy":"category","embeddable":true,"href":"https:\/\/www.altercampagne.net\/index.php?rest_route=%2Fwp%2Fv2%2Fcategories&post=10573"},{"taxonomy":"post_tag","embeddable":true,"href":"https:\/\/www.altercampagne.net\/index.php?rest_route=%2Fwp%2Fv2%2Ftags&post=10573"}],"curies":[{"name":"wp","href":"https:\/\/api.w.org\/{rel}","templated":true}]}}