{"id":10582,"date":"2018-06-03T08:26:11","date_gmt":"2018-06-03T06:26:11","guid":{"rendered":"http:\/\/www.altercampagne.net\/?p=10582"},"modified":"2018-06-04T12:50:58","modified_gmt":"2018-06-04T10:50:58","slug":"dernier-we-de-preparation-avant-le-grand-depart-de-laltertour","status":"publish","type":"post","link":"https:\/\/www.altercampagne.net\/?p=10582","title":{"rendered":"Dernier WE de pr\u00e9paration avant le d\u00e9part de l&rsquo;AlterTour"},"content":{"rendered":"<p>Le 23-24 juin, \u00e0 la mairie du 2e arrondissement (Paris), l&rsquo;\u00e9quipe d&rsquo;organisation se retrouvera pour le dernier WE de pr\u00e9paration de l&rsquo;AlterTour !<\/p>\n<p>Le WE est ouvert \u00e0 tous. Viens nous faire un petit bonjour !<\/p>\n<p>Au programme :<\/p>\n<p><strong>les derniers pr\u00e9paratifs de l&rsquo;\u00e9dition 2018 :<\/strong><\/p>\n<ul>\n<li>la pr\u00e9paration des \u00e9tapes<\/li>\n<li>la cuisine<\/li>\n<li>les outils de comptabilit\u00e9<\/li>\n<\/ul>\n<p><strong>un point Com&rsquo;<\/strong><\/p>\n<ul>\n<li>sweats floqu\u00e9s AlterTour<\/li>\n<li>communication via nos partenaires<\/li>\n<\/ul>\n<p><strong>les projets de cette ann\u00e9e<\/strong><\/p>\n<ul>\n<li>le Spectacle de l&rsquo;AlterTour 2018<\/li>\n<li>l&rsquo;accueil de migrants sur l&rsquo;AlterTour<\/li>\n<\/ul>\n<p><strong>des ateliers de formations<\/strong><\/p>\n<ul>\n<li>vid\u00e9o : pour les vid\u00e9astes en herbe de cet \u00e9t\u00e9<\/li>\n<li>coordinations de l&rsquo;AlterTour : pour les b\u00e9n\u00e9voles qui ont accept\u00e9 ce d\u00e9fi<\/li>\n<\/ul>\n<p>Et bien s\u00fbr : de la bonne humeur, des sp\u00e9cialit\u00e9s culinaires \u00e0 toutes les heures, et de la boisson bio qui r\u00e9chauffe les coeurs !<\/p>\n<p><a href=\"http:\/\/www.altercampagne.net\/wp-content\/uploads\/2018\/06\/Annonces7epleniere_visages.jpg\"><img loading=\"lazy\" decoding=\"async\" class=\"alignnone wp-image-10593\" src=\"http:\/\/www.altercampagne.net\/wp-content\/uploads\/2018\/06\/Annonces7epleniere_visages-300x207.jpg\" alt=\"\" width=\"286\" height=\"198\" srcset=\"https:\/\/www.altercampagne.net\/wp-content\/uploads\/2018\/06\/Annonces7epleniere_visages-300x207.jpg 300w, https:\/\/www.altercampagne.net\/wp-content\/uploads\/2018\/06\/Annonces7epleniere_visages-100x69.jpg 100w, https:\/\/www.altercampagne.net\/wp-content\/uploads\/2018\/06\/Annonces7epleniere_visages.jpg 565w\" sizes=\"auto, (max-width: 286px) 100vw, 286px\" \/><\/a>\u00a0\u00a0<a href=\"http:\/\/www.altercampagne.net\/wp-content\/uploads\/2018\/06\/Annonces7epleniere_tshirts.jpg\"><img loading=\"lazy\" decoding=\"async\" class=\"alignnone wp-image-10595\" src=\"http:\/\/www.altercampagne.net\/wp-content\/uploads\/2018\/06\/Annonces7epleniere_tshirts-300x200.jpg\" alt=\"\" width=\"293\" height=\"196\" srcset=\"https:\/\/www.altercampagne.net\/wp-content\/uploads\/2018\/06\/Annonces7epleniere_tshirts-300x200.jpg 300w, https:\/\/www.altercampagne.net\/wp-content\/uploads\/2018\/06\/Annonces7epleniere_tshirts-100x67.jpg 100w, https:\/\/www.altercampagne.net\/wp-content\/uploads\/2018\/06\/Annonces7epleniere_tshirts.jpg 574w\" sizes=\"auto, (max-width: 293px) 100vw, 293px\" \/><\/a><\/p>\n","protected":false},"excerpt":{"rendered":"<p>Le 23-24 juin, \u00e0 la mairie du 2e arrondissement (Paris), l&rsquo;\u00e9quipe d&rsquo;organisation se retrouvera pour le dernier WE de pr\u00e9paration de l&rsquo;AlterTour ! Le WE est ouvert \u00e0 tous. Viens nous faire un petit bonjour ! Au programme : les derniers pr\u00e9paratifs de l&rsquo;\u00e9dition 2018 : la pr\u00e9paration des \u00e9tapes &#8230; <\/p>\n<div><a href=\"https:\/\/www.altercampagne.net\/?p=10582\" class=\"more-link\">Read More<\/a><\/div>\n","protected":false},"author":192,"featured_media":10610,"comment_status":"closed","ping_status":"closed","sticky":false,"template":"","format":"standard","meta":{"footnotes":""},"categories":[3470,3477,3539],"tags":[68,434,476,1490,3221,3576],"class_list":["post-10582","post","type-post","status-publish","format-standard","has-post-thumbnail","hentry","category-edition-2018","category-ile-de-france","category-we-de-preparation","tag-paris","tag-pleniere","tag-reunion","tag-ile-de-france","tag-altertour-2018","tag-pleniere-juin"],"yoast_head":"<!-- This site is optimized with the Yoast SEO plugin v27.3 - https:\/\/yoast.com\/product\/yoast-seo-wordpress\/ -->\n<title>Dernier WE de pr\u00e9paration avant le d\u00e9part de l&#039;AlterTour - AlterTour<\/title>\n<meta name=\"robots\" content=\"index, follow, max-snippet:-1, max-image-preview:large, max-video-preview:-1\" \/>\n<link rel=\"canonical\" href=\"https:\/\/www.altercampagne.net\/?p=10582\" \/>\n<meta property=\"og:locale\" content=\"fr_FR\" \/>\n<meta property=\"og:type\" content=\"article\" \/>\n<meta property=\"og:title\" content=\"Dernier WE de pr\u00e9paration avant le d\u00e9part de l&#039;AlterTour - AlterTour\" \/>\n<meta property=\"og:description\" content=\"Le 23-24 juin, \u00e0 la mairie du 2e arrondissement (Paris), l&rsquo;\u00e9quipe d&rsquo;organisation se retrouvera pour le dernier WE de pr\u00e9paration de l&rsquo;AlterTour ! Le WE est ouvert \u00e0 tous. Viens nous faire un petit bonjour ! Au programme : les derniers pr\u00e9paratifs de l&rsquo;\u00e9dition 2018 : la pr\u00e9paration des \u00e9tapes ... Read More\" \/>\n<meta property=\"og:url\" content=\"https:\/\/www.altercampagne.net\/?p=10582\" \/>\n<meta property=\"og:site_name\" content=\"AlterTour\" \/>\n<meta property=\"article:published_time\" content=\"2018-06-03T06:26:11+00:00\" \/>\n<meta property=\"article:modified_time\" content=\"2018-06-04T10:50:58+00:00\" \/>\n<meta property=\"og:image\" content=\"https:\/\/www.altercampagne.net\/wp-content\/uploads\/2018\/06\/AT2018-pleniere-juin-P1020201.jpg\" \/>\n\t<meta property=\"og:image:width\" content=\"1077\" \/>\n\t<meta property=\"og:image:height\" content=\"563\" \/>\n\t<meta property=\"og:image:type\" content=\"image\/jpeg\" \/>\n<meta name=\"author\" content=\"Julie\" \/>\n<meta name=\"twitter:card\" content=\"summary_large_image\" \/>\n<meta name=\"twitter:label1\" content=\"\u00c9crit par\" \/>\n\t<meta name=\"twitter:data1\" content=\"Julie\" \/>\n\t<meta name=\"twitter:label2\" content=\"Dur\u00e9e de lecture estim\u00e9e\" \/>\n\t<meta name=\"twitter:data2\" content=\"1 minute\" \/>\n<script type=\"application\/ld+json\" class=\"yoast-schema-graph\">{\"@context\":\"https:\\\/\\\/schema.org\",\"@graph\":[{\"@type\":\"Article\",\"@id\":\"https:\\\/\\\/www.altercampagne.net\\\/?p=10582#article\",\"isPartOf\":{\"@id\":\"https:\\\/\\\/www.altercampagne.net\\\/?p=10582\"},\"author\":{\"name\":\"Julie\",\"@id\":\"https:\\\/\\\/www.altercampagne.net\\\/#\\\/schema\\\/person\\\/ea52458af5ca10d56e01a1b53249ddc4\"},\"headline\":\"Dernier WE de pr\u00e9paration avant le d\u00e9part de l&rsquo;AlterTour\",\"datePublished\":\"2018-06-03T06:26:11+00:00\",\"dateModified\":\"2018-06-04T10:50:58+00:00\",\"mainEntityOfPage\":{\"@id\":\"https:\\\/\\\/www.altercampagne.net\\\/?p=10582\"},\"wordCount\":153,\"image\":{\"@id\":\"https:\\\/\\\/www.altercampagne.net\\\/?p=10582#primaryimage\"},\"thumbnailUrl\":\"https:\\\/\\\/www.altercampagne.net\\\/wp-content\\\/uploads\\\/2018\\\/06\\\/AT2018-pleniere-juin-P1020201.jpg\",\"keywords\":[\"paris\",\"pl\u00e9ni\u00e8re\",\"r\u00e9union\",\"ile-de-france\",\"AlterTour 2018\",\"pl\u00e9ni\u00e8re juin\"],\"articleSection\":[\"\u00c9dition 2018\",\"\u00cele-de-France\",\"WE de pr\u00e9paration\"],\"inLanguage\":\"fr-FR\"},{\"@type\":\"WebPage\",\"@id\":\"https:\\\/\\\/www.altercampagne.net\\\/?p=10582\",\"url\":\"https:\\\/\\\/www.altercampagne.net\\\/?p=10582\",\"name\":\"Dernier WE de pr\u00e9paration avant le d\u00e9part de l'AlterTour - AlterTour\",\"isPartOf\":{\"@id\":\"https:\\\/\\\/www.altercampagne.net\\\/#website\"},\"primaryImageOfPage\":{\"@id\":\"https:\\\/\\\/www.altercampagne.net\\\/?p=10582#primaryimage\"},\"image\":{\"@id\":\"https:\\\/\\\/www.altercampagne.net\\\/?p=10582#primaryimage\"},\"thumbnailUrl\":\"https:\\\/\\\/www.altercampagne.net\\\/wp-content\\\/uploads\\\/2018\\\/06\\\/AT2018-pleniere-juin-P1020201.jpg\",\"datePublished\":\"2018-06-03T06:26:11+00:00\",\"dateModified\":\"2018-06-04T10:50:58+00:00\",\"author\":{\"@id\":\"https:\\\/\\\/www.altercampagne.net\\\/#\\\/schema\\\/person\\\/ea52458af5ca10d56e01a1b53249ddc4\"},\"breadcrumb\":{\"@id\":\"https:\\\/\\\/www.altercampagne.net\\\/?p=10582#breadcrumb\"},\"inLanguage\":\"fr-FR\",\"potentialAction\":[{\"@type\":\"ReadAction\",\"target\":[\"https:\\\/\\\/www.altercampagne.net\\\/?p=10582\"]}]},{\"@type\":\"ImageObject\",\"inLanguage\":\"fr-FR\",\"@id\":\"https:\\\/\\\/www.altercampagne.net\\\/?p=10582#primaryimage\",\"url\":\"https:\\\/\\\/www.altercampagne.net\\\/wp-content\\\/uploads\\\/2018\\\/06\\\/AT2018-pleniere-juin-P1020201.jpg\",\"contentUrl\":\"https:\\\/\\\/www.altercampagne.net\\\/wp-content\\\/uploads\\\/2018\\\/06\\\/AT2018-pleniere-juin-P1020201.jpg\",\"width\":1077,\"height\":563},{\"@type\":\"BreadcrumbList\",\"@id\":\"https:\\\/\\\/www.altercampagne.net\\\/?p=10582#breadcrumb\",\"itemListElement\":[{\"@type\":\"ListItem\",\"position\":1,\"name\":\"Accueil\",\"item\":\"https:\\\/\\\/www.altercampagne.net\\\/\"},{\"@type\":\"ListItem\",\"position\":2,\"name\":\"Dernier WE de pr\u00e9paration avant le d\u00e9part de l&rsquo;AlterTour\"}]},{\"@type\":\"WebSite\",\"@id\":\"https:\\\/\\\/www.altercampagne.net\\\/#website\",\"url\":\"https:\\\/\\\/www.altercampagne.net\\\/\",\"name\":\"AlterTour\",\"description\":\"Reliez les Alternatives \u00e0 v\u00e9lo\",\"potentialAction\":[{\"@type\":\"SearchAction\",\"target\":{\"@type\":\"EntryPoint\",\"urlTemplate\":\"https:\\\/\\\/www.altercampagne.net\\\/?s={search_term_string}\"},\"query-input\":{\"@type\":\"PropertyValueSpecification\",\"valueRequired\":true,\"valueName\":\"search_term_string\"}}],\"inLanguage\":\"fr-FR\"},{\"@type\":\"Person\",\"@id\":\"https:\\\/\\\/www.altercampagne.net\\\/#\\\/schema\\\/person\\\/ea52458af5ca10d56e01a1b53249ddc4\",\"name\":\"Julie\",\"image\":{\"@type\":\"ImageObject\",\"inLanguage\":\"fr-FR\",\"@id\":\"https:\\\/\\\/secure.gravatar.com\\\/avatar\\\/33c4c11c34e0f9cccad9f436c1a60f900028dcdb26df84756951418faf70fa39?s=96&d=mm&r=g\",\"url\":\"https:\\\/\\\/secure.gravatar.com\\\/avatar\\\/33c4c11c34e0f9cccad9f436c1a60f900028dcdb26df84756951418faf70fa39?s=96&d=mm&r=g\",\"contentUrl\":\"https:\\\/\\\/secure.gravatar.com\\\/avatar\\\/33c4c11c34e0f9cccad9f436c1a60f900028dcdb26df84756951418faf70fa39?s=96&d=mm&r=g\",\"caption\":\"Julie\"},\"url\":\"https:\\\/\\\/www.altercampagne.net\\\/?author=192\"}]}<\/script>\n<!-- \/ Yoast SEO plugin. -->","yoast_head_json":{"title":"Dernier WE de pr\u00e9paration avant le d\u00e9part de l'AlterTour - AlterTour","robots":{"index":"index","follow":"follow","max-snippet":"max-snippet:-1","max-image-preview":"max-image-preview:large","max-video-preview":"max-video-preview:-1"},"canonical":"https:\/\/www.altercampagne.net\/?p=10582","og_locale":"fr_FR","og_type":"article","og_title":"Dernier WE de pr\u00e9paration avant le d\u00e9part de l'AlterTour - AlterTour","og_description":"Le 23-24 juin, \u00e0 la mairie du 2e arrondissement (Paris), l&rsquo;\u00e9quipe d&rsquo;organisation se retrouvera pour le dernier WE de pr\u00e9paration de l&rsquo;AlterTour ! Le WE est ouvert \u00e0 tous. Viens nous faire un petit bonjour ! Au programme : les derniers pr\u00e9paratifs de l&rsquo;\u00e9dition 2018 : la pr\u00e9paration des \u00e9tapes ... Read More","og_url":"https:\/\/www.altercampagne.net\/?p=10582","og_site_name":"AlterTour","article_published_time":"2018-06-03T06:26:11+00:00","article_modified_time":"2018-06-04T10:50:58+00:00","og_image":[{"width":1077,"height":563,"url":"https:\/\/www.altercampagne.net\/wp-content\/uploads\/2018\/06\/AT2018-pleniere-juin-P1020201.jpg","type":"image\/jpeg"}],"author":"Julie","twitter_card":"summary_large_image","twitter_misc":{"\u00c9crit par":"Julie","Dur\u00e9e de lecture estim\u00e9e":"1 minute"},"schema":{"@context":"https:\/\/schema.org","@graph":[{"@type":"Article","@id":"https:\/\/www.altercampagne.net\/?p=10582#article","isPartOf":{"@id":"https:\/\/www.altercampagne.net\/?p=10582"},"author":{"name":"Julie","@id":"https:\/\/www.altercampagne.net\/#\/schema\/person\/ea52458af5ca10d56e01a1b53249ddc4"},"headline":"Dernier WE de pr\u00e9paration avant le d\u00e9part de l&rsquo;AlterTour","datePublished":"2018-06-03T06:26:11+00:00","dateModified":"2018-06-04T10:50:58+00:00","mainEntityOfPage":{"@id":"https:\/\/www.altercampagne.net\/?p=10582"},"wordCount":153,"image":{"@id":"https:\/\/www.altercampagne.net\/?p=10582#primaryimage"},"thumbnailUrl":"https:\/\/www.altercampagne.net\/wp-content\/uploads\/2018\/06\/AT2018-pleniere-juin-P1020201.jpg","keywords":["paris","pl\u00e9ni\u00e8re","r\u00e9union","ile-de-france","AlterTour 2018","pl\u00e9ni\u00e8re juin"],"articleSection":["\u00c9dition 2018","\u00cele-de-France","WE de pr\u00e9paration"],"inLanguage":"fr-FR"},{"@type":"WebPage","@id":"https:\/\/www.altercampagne.net\/?p=10582","url":"https:\/\/www.altercampagne.net\/?p=10582","name":"Dernier WE de pr\u00e9paration avant le d\u00e9part de l'AlterTour - AlterTour","isPartOf":{"@id":"https:\/\/www.altercampagne.net\/#website"},"primaryImageOfPage":{"@id":"https:\/\/www.altercampagne.net\/?p=10582#primaryimage"},"image":{"@id":"https:\/\/www.altercampagne.net\/?p=10582#primaryimage"},"thumbnailUrl":"https:\/\/www.altercampagne.net\/wp-content\/uploads\/2018\/06\/AT2018-pleniere-juin-P1020201.jpg","datePublished":"2018-06-03T06:26:11+00:00","dateModified":"2018-06-04T10:50:58+00:00","author":{"@id":"https:\/\/www.altercampagne.net\/#\/schema\/person\/ea52458af5ca10d56e01a1b53249ddc4"},"breadcrumb":{"@id":"https:\/\/www.altercampagne.net\/?p=10582#breadcrumb"},"inLanguage":"fr-FR","potentialAction":[{"@type":"ReadAction","target":["https:\/\/www.altercampagne.net\/?p=10582"]}]},{"@type":"ImageObject","inLanguage":"fr-FR","@id":"https:\/\/www.altercampagne.net\/?p=10582#primaryimage","url":"https:\/\/www.altercampagne.net\/wp-content\/uploads\/2018\/06\/AT2018-pleniere-juin-P1020201.jpg","contentUrl":"https:\/\/www.altercampagne.net\/wp-content\/uploads\/2018\/06\/AT2018-pleniere-juin-P1020201.jpg","width":1077,"height":563},{"@type":"BreadcrumbList","@id":"https:\/\/www.altercampagne.net\/?p=10582#breadcrumb","itemListElement":[{"@type":"ListItem","position":1,"name":"Accueil","item":"https:\/\/www.altercampagne.net\/"},{"@type":"ListItem","position":2,"name":"Dernier WE de pr\u00e9paration avant le d\u00e9part de l&rsquo;AlterTour"}]},{"@type":"WebSite","@id":"https:\/\/www.altercampagne.net\/#website","url":"https:\/\/www.altercampagne.net\/","name":"AlterTour","description":"Reliez les Alternatives \u00e0 v\u00e9lo","potentialAction":[{"@type":"SearchAction","target":{"@type":"EntryPoint","urlTemplate":"https:\/\/www.altercampagne.net\/?s={search_term_string}"},"query-input":{"@type":"PropertyValueSpecification","valueRequired":true,"valueName":"search_term_string"}}],"inLanguage":"fr-FR"},{"@type":"Person","@id":"https:\/\/www.altercampagne.net\/#\/schema\/person\/ea52458af5ca10d56e01a1b53249ddc4","name":"Julie","image":{"@type":"ImageObject","inLanguage":"fr-FR","@id":"https:\/\/secure.gravatar.com\/avatar\/33c4c11c34e0f9cccad9f436c1a60f900028dcdb26df84756951418faf70fa39?s=96&d=mm&r=g","url":"https:\/\/secure.gravatar.com\/avatar\/33c4c11c34e0f9cccad9f436c1a60f900028dcdb26df84756951418faf70fa39?s=96&d=mm&r=g","contentUrl":"https:\/\/secure.gravatar.com\/avatar\/33c4c11c34e0f9cccad9f436c1a60f900028dcdb26df84756951418faf70fa39?s=96&d=mm&r=g","caption":"Julie"},"url":"https:\/\/www.altercampagne.net\/?author=192"}]}},"_links":{"self":[{"href":"https:\/\/www.altercampagne.net\/index.php?rest_route=\/wp\/v2\/posts\/10582","targetHints":{"allow":["GET"]}}],"collection":[{"href":"https:\/\/www.altercampagne.net\/index.php?rest_route=\/wp\/v2\/posts"}],"about":[{"href":"https:\/\/www.altercampagne.net\/index.php?rest_route=\/wp\/v2\/types\/post"}],"author":[{"embeddable":true,"href":"https:\/\/www.altercampagne.net\/index.php?rest_route=\/wp\/v2\/users\/192"}],"replies":[{"embeddable":true,"href":"https:\/\/www.altercampagne.net\/index.php?rest_route=%2Fwp%2Fv2%2Fcomments&post=10582"}],"version-history":[{"count":0,"href":"https:\/\/www.altercampagne.net\/index.php?rest_route=\/wp\/v2\/posts\/10582\/revisions"}],"wp:featuredmedia":[{"embeddable":true,"href":"https:\/\/www.altercampagne.net\/index.php?rest_route=\/wp\/v2\/media\/10610"}],"wp:attachment":[{"href":"https:\/\/www.altercampagne.net\/index.php?rest_route=%2Fwp%2Fv2%2Fmedia&parent=10582"}],"wp:term":[{"taxonomy":"category","embeddable":true,"href":"https:\/\/www.altercampagne.net\/index.php?rest_route=%2Fwp%2Fv2%2Fcategories&post=10582"},{"taxonomy":"post_tag","embeddable":true,"href":"https:\/\/www.altercampagne.net\/index.php?rest_route=%2Fwp%2Fv2%2Ftags&post=10582"}],"curies":[{"name":"wp","href":"https:\/\/api.w.org\/{rel}","templated":true}]}}