{"id":10605,"date":"2018-06-05T08:14:44","date_gmt":"2018-06-05T06:14:44","guid":{"rendered":"http:\/\/www.altercampagne.net\/?p=10605"},"modified":"2018-06-12T01:12:28","modified_gmt":"2018-06-11T23:12:28","slug":"la-propriete-collective-peut-elle-faire-barrage-aux-tractopelles","status":"publish","type":"post","link":"https:\/\/www.altercampagne.net\/?p=10605","title":{"rendered":"La propri\u00e9t\u00e9 collective peut-elle faire barrage aux tractopelles ?"},"content":{"rendered":"<p>Les 21 et 22 juillet \u00e0 Magny les Hameaux (78) et Chateaufort (78)<\/p>\n<p>Il faut bien les pouvoirs de la d\u00e9esse romaine de l\u2019agriculture et des moissons pour prot\u00e9ger des terres aussi convoit\u00e9es que celles du Plateau de Saclay. C\u2019est ce qu\u2019a d\u00fb se dire la bande de r\u00eaveurs \u00e9veill\u00e9s qui a cr\u00e9\u00e9 en 2003 l\u2019une des premi\u00e8res AMAP franciliennes, <a href=\"http:\/\/www.lesjardinsdeceres.net\/\" target=\"_blank\" rel=\"noopener\"><strong>Les Jardins de C\u00e9r\u00e8s<\/strong><\/a>. L\u2019ambition de ces pionniers : d\u00e9fendre les terres du plateau de Saclay et d\u00e9montrer qu\u2019une agriculture paysanne en p\u00e9riph\u00e9rie des villes est un projet d\u2019avenir. L\u00e9gumes, farine, pain, viande, fromage\u2026<br \/>\nAujourd\u2019hui, les Jardins de C\u00e9r\u00e8s nourrissent 240 familles en circuit-court. Et le r\u00e9seau des AMAP d\u2019Ile-de-France plus de 15000. Face \u00e0 la b\u00e9tonisation impos\u00e9e par le projet Paris-Saclay, 20 hectares ont par ailleurs \u00e9t\u00e9 achet\u00e9s par 1260 souscripteurs via une soci\u00e9t\u00e9 civile immobili\u00e8re (SCI).<br \/>\nLa propri\u00e9t\u00e9 collective peut-elle faire barrage aux tractopelles ? Si elle s\u2019accompagne de bonnes nouvelles comme l\u2019annulation, en f\u00e9vrier dernier, de l\u2019exposition universelle pr\u00e9vue sur le plateau, tous les espoirs sont permis !<\/p>\n<p><strong>Quand les cow-boys arrivent, on met les indiens dans des r\u00e9serves.<\/strong><\/p>\n<p>\u201cL\u2019Op\u00e9ration d\u2019Int\u00e9r\u00eat National (OIN), d\u00e9cr\u00e9t\u00e9e sans consulter la population locale ni commission nationale de d\u00e9bat public. C\u2019est pourtant obligatoire pour les projets de plus de 300 millions d\u2019euros. Or l\u2019am\u00e9nagement de Saclay, c\u2019est plus de 5 milliards. Ici, le pouvoir de Paris a d\u00e9cid\u00e9 de coloniser tout un territoire. Quand les cow-boys arrivent, on met les Indiens dans des r\u00e9serves.<\/p>\n<p>Nous essayons de d\u00e9fendre ce territoire agricole, mais face \u00e0 nous il y a toute une \u00e9conomie du BTP, un rouleau compresseur contre lequel on a beaucoup de mal \u00e0 lutter. Les enqu\u00eates publiques nous paraissent totalement pip\u00e9es. Malgr\u00e9 tout cela, on a quand m\u00eame obtenu deux victoires importantes \u00e0 Saclay : l\u2019annulation de l\u2019exposition universelle 2025 et la cr\u00e9ation d\u2019une zone de protection naturelle, agricole et foresti\u00e8re (ZPNAF) de 2300 hectares.\u201d<\/p>\n<p style=\"text-align: right;\"><strong>Cyril, co-fondateur<\/strong><\/p>\n<p>Les Jardins de C\u00e9r\u00e8s accueilleront l\u2019AlterTour les 21 et 22 juillet \u00e0 Magny les Hameaux (78) et Chateaufort (78). Pour plus d\u2019infos consultez le <strong><a href=\"http:\/\/www.altercampagne.net\/?page_id=10352\">programme<\/a><\/strong>.<\/p>\n","protected":false},"excerpt":{"rendered":"<p>Les 21 et 22 juillet \u00e0 Magny les Hameaux (78) et Chateaufort (78) Il faut bien les pouvoirs de la d\u00e9esse romaine de l\u2019agriculture et des moissons pour prot\u00e9ger des terres aussi convoit\u00e9es que celles du Plateau de Saclay. C\u2019est ce qu\u2019a d\u00fb se dire la bande de r\u00eaveurs \u00e9veill\u00e9s &#8230; <\/p>\n<div><a href=\"https:\/\/www.altercampagne.net\/?p=10605\" class=\"more-link\">Read More<\/a><\/div>\n","protected":false},"author":204,"featured_media":10606,"comment_status":"closed","ping_status":"closed","sticky":false,"template":"","format":"standard","meta":{"footnotes":""},"categories":[3483,3489,3470,3477,3542],"tags":[254,1490,2120,2127,3221,3319,3357,3544,3546,3577],"class_list":["post-10605","post","type-post","status-publish","format-standard","has-post-thumbnail","hentry","category-agriculture","category-alimentation","category-edition-2018","category-ile-de-france","category-lutte","tag-amap","tag-ile-de-france","tag-yvelines","tag-essonne","tag-altertour-2018","tag-jardins-de-ceres","tag-chateaufort","tag-magny-les-hameaux","tag-saclay","tag-plateau-de-saclay"],"yoast_head":"<!-- This site is optimized with the Yoast SEO plugin v27.3 - https:\/\/yoast.com\/product\/yoast-seo-wordpress\/ -->\n<title>La propri\u00e9t\u00e9 collective peut-elle faire barrage aux tractopelles ? - AlterTour<\/title>\n<meta name=\"robots\" content=\"index, follow, max-snippet:-1, max-image-preview:large, max-video-preview:-1\" \/>\n<link rel=\"canonical\" href=\"https:\/\/www.altercampagne.net\/?p=10605\" \/>\n<meta property=\"og:locale\" content=\"fr_FR\" \/>\n<meta property=\"og:type\" content=\"article\" \/>\n<meta property=\"og:title\" content=\"La propri\u00e9t\u00e9 collective peut-elle faire barrage aux tractopelles ? - AlterTour\" \/>\n<meta property=\"og:description\" content=\"Les 21 et 22 juillet \u00e0 Magny les Hameaux (78) et Chateaufort (78) Il faut bien les pouvoirs de la d\u00e9esse romaine de l\u2019agriculture et des moissons pour prot\u00e9ger des terres aussi convoit\u00e9es que celles du Plateau de Saclay. C\u2019est ce qu\u2019a d\u00fb se dire la bande de r\u00eaveurs \u00e9veill\u00e9s ... Read More\" \/>\n<meta property=\"og:url\" content=\"https:\/\/www.altercampagne.net\/?p=10605\" \/>\n<meta property=\"og:site_name\" content=\"AlterTour\" \/>\n<meta property=\"article:published_time\" content=\"2018-06-05T06:14:44+00:00\" \/>\n<meta property=\"article:modified_time\" content=\"2018-06-11T23:12:28+00:00\" \/>\n<meta property=\"og:image\" content=\"https:\/\/www.altercampagne.net\/wp-content\/uploads\/2018\/06\/AT2018-Jardins-de-Ceres.jpg\" \/>\n\t<meta property=\"og:image:width\" content=\"1092\" \/>\n\t<meta property=\"og:image:height\" content=\"570\" \/>\n\t<meta property=\"og:image:type\" content=\"image\/jpeg\" \/>\n<meta name=\"author\" content=\"Samy\" \/>\n<meta name=\"twitter:card\" content=\"summary_large_image\" \/>\n<meta name=\"twitter:label1\" content=\"\u00c9crit par\" \/>\n\t<meta name=\"twitter:data1\" content=\"Samy\" \/>\n\t<meta name=\"twitter:label2\" content=\"Dur\u00e9e de lecture estim\u00e9e\" \/>\n\t<meta name=\"twitter:data2\" content=\"2 minutes\" \/>\n<script type=\"application\/ld+json\" class=\"yoast-schema-graph\">{\"@context\":\"https:\\\/\\\/schema.org\",\"@graph\":[{\"@type\":\"Article\",\"@id\":\"https:\\\/\\\/www.altercampagne.net\\\/?p=10605#article\",\"isPartOf\":{\"@id\":\"https:\\\/\\\/www.altercampagne.net\\\/?p=10605\"},\"author\":{\"name\":\"Samy\",\"@id\":\"https:\\\/\\\/www.altercampagne.net\\\/#\\\/schema\\\/person\\\/349e2885b46b5f4b7d0d9be5b9c8672c\"},\"headline\":\"La propri\u00e9t\u00e9 collective peut-elle faire barrage aux tractopelles ?\",\"datePublished\":\"2018-06-05T06:14:44+00:00\",\"dateModified\":\"2018-06-11T23:12:28+00:00\",\"mainEntityOfPage\":{\"@id\":\"https:\\\/\\\/www.altercampagne.net\\\/?p=10605\"},\"wordCount\":389,\"image\":{\"@id\":\"https:\\\/\\\/www.altercampagne.net\\\/?p=10605#primaryimage\"},\"thumbnailUrl\":\"https:\\\/\\\/www.altercampagne.net\\\/wp-content\\\/uploads\\\/2018\\\/06\\\/AT2018-Jardins-de-Ceres.jpg\",\"keywords\":[\"AMAP\",\"ile-de-france\",\"Yvelines\",\"Essonne\",\"AlterTour 2018\",\"Jardins de C\u00e9r\u00e8s\",\"Ch\u00e2teaufort\",\"Magny-les-Hameaux\",\"Saclay\",\"plateau de Saclay\"],\"articleSection\":[\"Agriculture\",\"Alimentation\",\"\u00c9dition 2018\",\"\u00cele-de-France\",\"Lutte\"],\"inLanguage\":\"fr-FR\"},{\"@type\":\"WebPage\",\"@id\":\"https:\\\/\\\/www.altercampagne.net\\\/?p=10605\",\"url\":\"https:\\\/\\\/www.altercampagne.net\\\/?p=10605\",\"name\":\"La propri\u00e9t\u00e9 collective peut-elle faire barrage aux tractopelles ? - AlterTour\",\"isPartOf\":{\"@id\":\"https:\\\/\\\/www.altercampagne.net\\\/#website\"},\"primaryImageOfPage\":{\"@id\":\"https:\\\/\\\/www.altercampagne.net\\\/?p=10605#primaryimage\"},\"image\":{\"@id\":\"https:\\\/\\\/www.altercampagne.net\\\/?p=10605#primaryimage\"},\"thumbnailUrl\":\"https:\\\/\\\/www.altercampagne.net\\\/wp-content\\\/uploads\\\/2018\\\/06\\\/AT2018-Jardins-de-Ceres.jpg\",\"datePublished\":\"2018-06-05T06:14:44+00:00\",\"dateModified\":\"2018-06-11T23:12:28+00:00\",\"author\":{\"@id\":\"https:\\\/\\\/www.altercampagne.net\\\/#\\\/schema\\\/person\\\/349e2885b46b5f4b7d0d9be5b9c8672c\"},\"breadcrumb\":{\"@id\":\"https:\\\/\\\/www.altercampagne.net\\\/?p=10605#breadcrumb\"},\"inLanguage\":\"fr-FR\",\"potentialAction\":[{\"@type\":\"ReadAction\",\"target\":[\"https:\\\/\\\/www.altercampagne.net\\\/?p=10605\"]}]},{\"@type\":\"ImageObject\",\"inLanguage\":\"fr-FR\",\"@id\":\"https:\\\/\\\/www.altercampagne.net\\\/?p=10605#primaryimage\",\"url\":\"https:\\\/\\\/www.altercampagne.net\\\/wp-content\\\/uploads\\\/2018\\\/06\\\/AT2018-Jardins-de-Ceres.jpg\",\"contentUrl\":\"https:\\\/\\\/www.altercampagne.net\\\/wp-content\\\/uploads\\\/2018\\\/06\\\/AT2018-Jardins-de-Ceres.jpg\",\"width\":1092,\"height\":570},{\"@type\":\"BreadcrumbList\",\"@id\":\"https:\\\/\\\/www.altercampagne.net\\\/?p=10605#breadcrumb\",\"itemListElement\":[{\"@type\":\"ListItem\",\"position\":1,\"name\":\"Accueil\",\"item\":\"https:\\\/\\\/www.altercampagne.net\\\/\"},{\"@type\":\"ListItem\",\"position\":2,\"name\":\"La propri\u00e9t\u00e9 collective peut-elle faire barrage aux tractopelles ?\"}]},{\"@type\":\"WebSite\",\"@id\":\"https:\\\/\\\/www.altercampagne.net\\\/#website\",\"url\":\"https:\\\/\\\/www.altercampagne.net\\\/\",\"name\":\"AlterTour\",\"description\":\"Reliez les Alternatives \u00e0 v\u00e9lo\",\"potentialAction\":[{\"@type\":\"SearchAction\",\"target\":{\"@type\":\"EntryPoint\",\"urlTemplate\":\"https:\\\/\\\/www.altercampagne.net\\\/?s={search_term_string}\"},\"query-input\":{\"@type\":\"PropertyValueSpecification\",\"valueRequired\":true,\"valueName\":\"search_term_string\"}}],\"inLanguage\":\"fr-FR\"},{\"@type\":\"Person\",\"@id\":\"https:\\\/\\\/www.altercampagne.net\\\/#\\\/schema\\\/person\\\/349e2885b46b5f4b7d0d9be5b9c8672c\",\"name\":\"Samy\",\"image\":{\"@type\":\"ImageObject\",\"inLanguage\":\"fr-FR\",\"@id\":\"https:\\\/\\\/secure.gravatar.com\\\/avatar\\\/d97191fc70ef9e74c69fe5933391243affe997eefb5a8695034b51cd67d48869?s=96&d=mm&r=g\",\"url\":\"https:\\\/\\\/secure.gravatar.com\\\/avatar\\\/d97191fc70ef9e74c69fe5933391243affe997eefb5a8695034b51cd67d48869?s=96&d=mm&r=g\",\"contentUrl\":\"https:\\\/\\\/secure.gravatar.com\\\/avatar\\\/d97191fc70ef9e74c69fe5933391243affe997eefb5a8695034b51cd67d48869?s=96&d=mm&r=g\",\"caption\":\"Samy\"},\"url\":\"https:\\\/\\\/www.altercampagne.net\\\/?author=204\"}]}<\/script>\n<!-- \/ Yoast SEO plugin. -->","yoast_head_json":{"title":"La propri\u00e9t\u00e9 collective peut-elle faire barrage aux tractopelles ? - AlterTour","robots":{"index":"index","follow":"follow","max-snippet":"max-snippet:-1","max-image-preview":"max-image-preview:large","max-video-preview":"max-video-preview:-1"},"canonical":"https:\/\/www.altercampagne.net\/?p=10605","og_locale":"fr_FR","og_type":"article","og_title":"La propri\u00e9t\u00e9 collective peut-elle faire barrage aux tractopelles ? - AlterTour","og_description":"Les 21 et 22 juillet \u00e0 Magny les Hameaux (78) et Chateaufort (78) Il faut bien les pouvoirs de la d\u00e9esse romaine de l\u2019agriculture et des moissons pour prot\u00e9ger des terres aussi convoit\u00e9es que celles du Plateau de Saclay. C\u2019est ce qu\u2019a d\u00fb se dire la bande de r\u00eaveurs \u00e9veill\u00e9s ... Read More","og_url":"https:\/\/www.altercampagne.net\/?p=10605","og_site_name":"AlterTour","article_published_time":"2018-06-05T06:14:44+00:00","article_modified_time":"2018-06-11T23:12:28+00:00","og_image":[{"width":1092,"height":570,"url":"https:\/\/www.altercampagne.net\/wp-content\/uploads\/2018\/06\/AT2018-Jardins-de-Ceres.jpg","type":"image\/jpeg"}],"author":"Samy","twitter_card":"summary_large_image","twitter_misc":{"\u00c9crit par":"Samy","Dur\u00e9e de lecture estim\u00e9e":"2 minutes"},"schema":{"@context":"https:\/\/schema.org","@graph":[{"@type":"Article","@id":"https:\/\/www.altercampagne.net\/?p=10605#article","isPartOf":{"@id":"https:\/\/www.altercampagne.net\/?p=10605"},"author":{"name":"Samy","@id":"https:\/\/www.altercampagne.net\/#\/schema\/person\/349e2885b46b5f4b7d0d9be5b9c8672c"},"headline":"La propri\u00e9t\u00e9 collective peut-elle faire barrage aux tractopelles ?","datePublished":"2018-06-05T06:14:44+00:00","dateModified":"2018-06-11T23:12:28+00:00","mainEntityOfPage":{"@id":"https:\/\/www.altercampagne.net\/?p=10605"},"wordCount":389,"image":{"@id":"https:\/\/www.altercampagne.net\/?p=10605#primaryimage"},"thumbnailUrl":"https:\/\/www.altercampagne.net\/wp-content\/uploads\/2018\/06\/AT2018-Jardins-de-Ceres.jpg","keywords":["AMAP","ile-de-france","Yvelines","Essonne","AlterTour 2018","Jardins de C\u00e9r\u00e8s","Ch\u00e2teaufort","Magny-les-Hameaux","Saclay","plateau de Saclay"],"articleSection":["Agriculture","Alimentation","\u00c9dition 2018","\u00cele-de-France","Lutte"],"inLanguage":"fr-FR"},{"@type":"WebPage","@id":"https:\/\/www.altercampagne.net\/?p=10605","url":"https:\/\/www.altercampagne.net\/?p=10605","name":"La propri\u00e9t\u00e9 collective peut-elle faire barrage aux tractopelles ? - AlterTour","isPartOf":{"@id":"https:\/\/www.altercampagne.net\/#website"},"primaryImageOfPage":{"@id":"https:\/\/www.altercampagne.net\/?p=10605#primaryimage"},"image":{"@id":"https:\/\/www.altercampagne.net\/?p=10605#primaryimage"},"thumbnailUrl":"https:\/\/www.altercampagne.net\/wp-content\/uploads\/2018\/06\/AT2018-Jardins-de-Ceres.jpg","datePublished":"2018-06-05T06:14:44+00:00","dateModified":"2018-06-11T23:12:28+00:00","author":{"@id":"https:\/\/www.altercampagne.net\/#\/schema\/person\/349e2885b46b5f4b7d0d9be5b9c8672c"},"breadcrumb":{"@id":"https:\/\/www.altercampagne.net\/?p=10605#breadcrumb"},"inLanguage":"fr-FR","potentialAction":[{"@type":"ReadAction","target":["https:\/\/www.altercampagne.net\/?p=10605"]}]},{"@type":"ImageObject","inLanguage":"fr-FR","@id":"https:\/\/www.altercampagne.net\/?p=10605#primaryimage","url":"https:\/\/www.altercampagne.net\/wp-content\/uploads\/2018\/06\/AT2018-Jardins-de-Ceres.jpg","contentUrl":"https:\/\/www.altercampagne.net\/wp-content\/uploads\/2018\/06\/AT2018-Jardins-de-Ceres.jpg","width":1092,"height":570},{"@type":"BreadcrumbList","@id":"https:\/\/www.altercampagne.net\/?p=10605#breadcrumb","itemListElement":[{"@type":"ListItem","position":1,"name":"Accueil","item":"https:\/\/www.altercampagne.net\/"},{"@type":"ListItem","position":2,"name":"La propri\u00e9t\u00e9 collective peut-elle faire barrage aux tractopelles ?"}]},{"@type":"WebSite","@id":"https:\/\/www.altercampagne.net\/#website","url":"https:\/\/www.altercampagne.net\/","name":"AlterTour","description":"Reliez les Alternatives \u00e0 v\u00e9lo","potentialAction":[{"@type":"SearchAction","target":{"@type":"EntryPoint","urlTemplate":"https:\/\/www.altercampagne.net\/?s={search_term_string}"},"query-input":{"@type":"PropertyValueSpecification","valueRequired":true,"valueName":"search_term_string"}}],"inLanguage":"fr-FR"},{"@type":"Person","@id":"https:\/\/www.altercampagne.net\/#\/schema\/person\/349e2885b46b5f4b7d0d9be5b9c8672c","name":"Samy","image":{"@type":"ImageObject","inLanguage":"fr-FR","@id":"https:\/\/secure.gravatar.com\/avatar\/d97191fc70ef9e74c69fe5933391243affe997eefb5a8695034b51cd67d48869?s=96&d=mm&r=g","url":"https:\/\/secure.gravatar.com\/avatar\/d97191fc70ef9e74c69fe5933391243affe997eefb5a8695034b51cd67d48869?s=96&d=mm&r=g","contentUrl":"https:\/\/secure.gravatar.com\/avatar\/d97191fc70ef9e74c69fe5933391243affe997eefb5a8695034b51cd67d48869?s=96&d=mm&r=g","caption":"Samy"},"url":"https:\/\/www.altercampagne.net\/?author=204"}]}},"_links":{"self":[{"href":"https:\/\/www.altercampagne.net\/index.php?rest_route=\/wp\/v2\/posts\/10605","targetHints":{"allow":["GET"]}}],"collection":[{"href":"https:\/\/www.altercampagne.net\/index.php?rest_route=\/wp\/v2\/posts"}],"about":[{"href":"https:\/\/www.altercampagne.net\/index.php?rest_route=\/wp\/v2\/types\/post"}],"author":[{"embeddable":true,"href":"https:\/\/www.altercampagne.net\/index.php?rest_route=\/wp\/v2\/users\/204"}],"replies":[{"embeddable":true,"href":"https:\/\/www.altercampagne.net\/index.php?rest_route=%2Fwp%2Fv2%2Fcomments&post=10605"}],"version-history":[{"count":0,"href":"https:\/\/www.altercampagne.net\/index.php?rest_route=\/wp\/v2\/posts\/10605\/revisions"}],"wp:featuredmedia":[{"embeddable":true,"href":"https:\/\/www.altercampagne.net\/index.php?rest_route=\/wp\/v2\/media\/10606"}],"wp:attachment":[{"href":"https:\/\/www.altercampagne.net\/index.php?rest_route=%2Fwp%2Fv2%2Fmedia&parent=10605"}],"wp:term":[{"taxonomy":"category","embeddable":true,"href":"https:\/\/www.altercampagne.net\/index.php?rest_route=%2Fwp%2Fv2%2Fcategories&post=10605"},{"taxonomy":"post_tag","embeddable":true,"href":"https:\/\/www.altercampagne.net\/index.php?rest_route=%2Fwp%2Fv2%2Ftags&post=10605"}],"curies":[{"name":"wp","href":"https:\/\/api.w.org\/{rel}","templated":true}]}}