{"id":10619,"date":"2018-07-26T08:02:52","date_gmt":"2018-07-26T06:02:52","guid":{"rendered":"http:\/\/www.altercampagne.net\/?p=10619"},"modified":"2018-07-27T19:25:17","modified_gmt":"2018-07-27T17:25:17","slug":"des-radis-pas-de-bitume-sur-le-triangle-de-gonesse","status":"publish","type":"post","link":"https:\/\/www.altercampagne.net\/?p=10619","title":{"rendered":"Des l\u00e9gumes, pas du bitume pour le Triangle de Gonesse !"},"content":{"rendered":"<p>Le <a href=\"http:\/\/nonaeuropacity.com\/\" target=\"_blank\" rel=\"noopener\"><strong>Collectif pour le triangle de Gonesse<\/strong><\/a>\u00a0a accueilli l\u2019AlterTour le 26 juillet \u00e0 Gonesse (95).<\/p>\n<p><strong>\u00ab\u00a0Des l\u00e9gumes, pas du bitume !\u00a0\u00bb.<\/strong> Le Collectif pour le triangle de Gonesse existe depuis mars 2011 en r\u00e9action \u00e0 l\u2019annonce du projet de centre commercial et de loisirs \u201cEuropaCity\u201d. Projet qui pr\u00e9voit m\u00eame une piste de ski sous cloche climatis\u00e9e ! Sacrifiant 280 hectares de terres agricoles fertiles, elles sont parmi les meilleures de France. Elles permettent de r\u00e9guler la temp\u00e9rature et luttent contre les inondations. Quel g\u00e2chis !<\/p>\n<p><strong>Oui au projet alternatif CARMA, laboratoire de la transition \u00e9cologique.<\/strong> Depuis 2016, la mobilisation gagne en ampleur. De nombreuses associations ont rejoint la lutte. Elles forment \u201cLa convergence\u201d qui se r\u00e9unit r\u00e9guli\u00e8rement \u00e0 Paris. L\u2019objectif : f\u00e9d\u00e9rer, car pour les membres du Collectif, EuropaCity n\u2019est pas un projet local mais bien international avec 31 millions de visiteurs cosmopolites pr\u00e9vus, proximit\u00e9 de Roissy oblige. Recours juridiques, manifestations, plantations collectives, soupes militantes, ce Collectif fait vivre et d\u00e9fend une alternative, le projet Carma : Coop\u00e9ration pour une Ambition Rurale M\u00e9tropolitaine et Agricole.<\/p>\n<p><strong>Notre puissance, c\u2019est notre volont\u00e9, notre d\u00e9termination<\/strong><\/p>\n<p>\u201cLe grand pouvoir, c\u2019est la violence du fric. Ici, c\u2019est avant tout une affaire de sp\u00e9culation immobilo-financi\u00e8re. L\u2019\u00e9tablissement public ach\u00e8terait les terres au prix agricole de 5\/6\u20ac le m\u00b2 aux paysans. Une fois urbanisables, elles se vendront 350\u20ac\/m\u00b2 \u00e0 Mulliez qui les transformera en boutiques de luxe \u00e0 5 000\u20ac\/m\u00b2 ! La violence du politique, c\u2019est le Maire qui fait voter la modification du Plan Local d\u2019Urbanisme contre l\u2019avis d\u00e9favorable du commissaire-enqu\u00eateur. En plus, il fait venir la police pour sortir les opposants ! Mais il y a aussi la puissance des vouloirs bien s\u00fbr.<\/p>\n<p>Notre puissance, c\u2019est notre volont\u00e9 d\u00e9termin\u00e9e. On ne se d\u00e9courage pas, jamais ! On se f\u00e9d\u00e8re, se soutient. On ne l\u00e2che pas gr\u00e2ce \u00e0 la force du collectif. Il faut une bonne dose de t\u00e9nacit\u00e9, d\u2019ing\u00e9niosit\u00e9 cr\u00e9ative et beaucoup d\u2019humour pour lutter contre un tel g\u00e9ant. D\u2019o\u00f9 notre plantation d\u2019une \u201cParcelle d\u2019humour\u201d. On a pris au mot Mulliez, propri\u00e9taire d\u2019Auchan et on a mis l\u2019argent dans les terres : des billets de 20, de l\u2019oseille et du bl\u00e9 du Larzac !\u201d<\/p>\n<p style=\"text-align: right;\"><strong>Dominique, membre du CA<\/strong><\/p>\n<p>Le Collectif pour le triangle de Gonesse accueillera l\u2019AlterTour le 26 juillet \u00e0 Gonesse (95).\u00a0Manif \u00e0 v\u00e9lo contre le projet Europacity, conf\u00e9rence gesticul\u00e9e \u00a0\u00ab\u00a0Grands Projets Inutiles et Impos\u00e9s\u00a0\u00bb, et sc\u00e8ne ouverte au menu !\u00a0Pour plus d\u2019infos consultez le <strong><a href=\"http:\/\/www.altercampagne.net\/?page_id=10352\">programme<\/a><\/strong>.<\/p>\n","protected":false},"excerpt":{"rendered":"<p>Le Collectif pour le triangle de Gonesse\u00a0a accueilli l\u2019AlterTour le 26 juillet \u00e0 Gonesse (95). \u00ab\u00a0Des l\u00e9gumes, pas du bitume !\u00a0\u00bb. Le Collectif pour le triangle de Gonesse existe depuis mars 2011 en r\u00e9action \u00e0 l\u2019annonce du projet de centre commercial et de loisirs \u201cEuropaCity\u201d. Projet qui pr\u00e9voit m\u00eame une &#8230; <\/p>\n<div><a href=\"https:\/\/www.altercampagne.net\/?p=10619\" class=\"more-link\">Read More<\/a><\/div>\n","protected":false},"author":215,"featured_media":11690,"comment_status":"closed","ping_status":"closed","sticky":false,"template":"","format":"standard","meta":{"footnotes":""},"categories":[3483,3489,3470,3477,3486,3542],"tags":[1490,2110,3221,3327,3359,3384,3580,3581,3582],"class_list":["post-10619","post","type-post","status-publish","format-standard","has-post-thumbnail","hentry","category-agriculture","category-alimentation","category-edition-2018","category-ile-de-france","category-environnement","category-lutte","tag-ile-de-france","tag-val-doise","tag-altertour-2018","tag-collectif-pour-le-triangle-de-gonesse","tag-gonesse","tag-europacity","tag-non-a-europacity","tag-mulliez","tag-projet-carma"],"yoast_head":"<!-- This site is optimized with the Yoast SEO plugin v27.3 - https:\/\/yoast.com\/product\/yoast-seo-wordpress\/ -->\n<title>Des l\u00e9gumes, pas du bitume pour le Triangle de Gonesse ! - AlterTour<\/title>\n<meta name=\"robots\" content=\"index, follow, max-snippet:-1, max-image-preview:large, max-video-preview:-1\" \/>\n<link rel=\"canonical\" href=\"https:\/\/www.altercampagne.net\/?p=10619\" \/>\n<meta property=\"og:locale\" content=\"fr_FR\" \/>\n<meta property=\"og:type\" content=\"article\" \/>\n<meta property=\"og:title\" content=\"Des l\u00e9gumes, pas du bitume pour le Triangle de Gonesse ! - AlterTour\" \/>\n<meta property=\"og:description\" content=\"Le Collectif pour le triangle de Gonesse\u00a0a accueilli l\u2019AlterTour le 26 juillet \u00e0 Gonesse (95). \u00ab\u00a0Des l\u00e9gumes, pas du bitume !\u00a0\u00bb. Le Collectif pour le triangle de Gonesse existe depuis mars 2011 en r\u00e9action \u00e0 l\u2019annonce du projet de centre commercial et de loisirs \u201cEuropaCity\u201d. Projet qui pr\u00e9voit m\u00eame une ... Read More\" \/>\n<meta property=\"og:url\" content=\"https:\/\/www.altercampagne.net\/?p=10619\" \/>\n<meta property=\"og:site_name\" content=\"AlterTour\" \/>\n<meta property=\"article:published_time\" content=\"2018-07-26T06:02:52+00:00\" \/>\n<meta property=\"article:modified_time\" content=\"2018-07-27T17:25:17+00:00\" \/>\n<meta property=\"og:image\" content=\"https:\/\/www.altercampagne.net\/wp-content\/uploads\/2018\/07\/NonAEuropacity.jpg\" \/>\n\t<meta property=\"og:image:width\" content=\"850\" \/>\n\t<meta property=\"og:image:height\" content=\"472\" \/>\n\t<meta property=\"og:image:type\" content=\"image\/jpeg\" \/>\n<meta name=\"author\" content=\"AlterTour\" \/>\n<meta name=\"twitter:card\" content=\"summary_large_image\" \/>\n<meta name=\"twitter:label1\" content=\"\u00c9crit par\" \/>\n\t<meta name=\"twitter:data1\" content=\"AlterTour\" \/>\n\t<meta name=\"twitter:label2\" content=\"Dur\u00e9e de lecture estim\u00e9e\" \/>\n\t<meta name=\"twitter:data2\" content=\"2 minutes\" \/>\n<script type=\"application\/ld+json\" class=\"yoast-schema-graph\">{\"@context\":\"https:\\\/\\\/schema.org\",\"@graph\":[{\"@type\":\"Article\",\"@id\":\"https:\\\/\\\/www.altercampagne.net\\\/?p=10619#article\",\"isPartOf\":{\"@id\":\"https:\\\/\\\/www.altercampagne.net\\\/?p=10619\"},\"author\":{\"name\":\"AlterTour\",\"@id\":\"https:\\\/\\\/www.altercampagne.net\\\/#\\\/schema\\\/person\\\/e5b68c803196f649c2152249d262d94a\"},\"headline\":\"Des l\u00e9gumes, pas du bitume pour le Triangle de Gonesse !\",\"datePublished\":\"2018-07-26T06:02:52+00:00\",\"dateModified\":\"2018-07-27T17:25:17+00:00\",\"mainEntityOfPage\":{\"@id\":\"https:\\\/\\\/www.altercampagne.net\\\/?p=10619\"},\"wordCount\":448,\"image\":{\"@id\":\"https:\\\/\\\/www.altercampagne.net\\\/?p=10619#primaryimage\"},\"thumbnailUrl\":\"https:\\\/\\\/www.altercampagne.net\\\/wp-content\\\/uploads\\\/2018\\\/07\\\/NonAEuropacity.jpg\",\"keywords\":[\"ile-de-france\",\"Val-d\u2019Oise\",\"AlterTour 2018\",\"Collectif pour le triangle de Gonesse\",\"Gonesse\",\"Europacity\",\"Non \u00e0 EuropaCity\",\"Mulliez\",\"projet Carma\"],\"articleSection\":[\"Agriculture\",\"Alimentation\",\"\u00c9dition 2018\",\"\u00cele-de-France\",\"Environnement\",\"Lutte\"],\"inLanguage\":\"fr-FR\"},{\"@type\":\"WebPage\",\"@id\":\"https:\\\/\\\/www.altercampagne.net\\\/?p=10619\",\"url\":\"https:\\\/\\\/www.altercampagne.net\\\/?p=10619\",\"name\":\"Des l\u00e9gumes, pas du bitume pour le Triangle de Gonesse ! - AlterTour\",\"isPartOf\":{\"@id\":\"https:\\\/\\\/www.altercampagne.net\\\/#website\"},\"primaryImageOfPage\":{\"@id\":\"https:\\\/\\\/www.altercampagne.net\\\/?p=10619#primaryimage\"},\"image\":{\"@id\":\"https:\\\/\\\/www.altercampagne.net\\\/?p=10619#primaryimage\"},\"thumbnailUrl\":\"https:\\\/\\\/www.altercampagne.net\\\/wp-content\\\/uploads\\\/2018\\\/07\\\/NonAEuropacity.jpg\",\"datePublished\":\"2018-07-26T06:02:52+00:00\",\"dateModified\":\"2018-07-27T17:25:17+00:00\",\"author\":{\"@id\":\"https:\\\/\\\/www.altercampagne.net\\\/#\\\/schema\\\/person\\\/e5b68c803196f649c2152249d262d94a\"},\"breadcrumb\":{\"@id\":\"https:\\\/\\\/www.altercampagne.net\\\/?p=10619#breadcrumb\"},\"inLanguage\":\"fr-FR\",\"potentialAction\":[{\"@type\":\"ReadAction\",\"target\":[\"https:\\\/\\\/www.altercampagne.net\\\/?p=10619\"]}]},{\"@type\":\"ImageObject\",\"inLanguage\":\"fr-FR\",\"@id\":\"https:\\\/\\\/www.altercampagne.net\\\/?p=10619#primaryimage\",\"url\":\"https:\\\/\\\/www.altercampagne.net\\\/wp-content\\\/uploads\\\/2018\\\/07\\\/NonAEuropacity.jpg\",\"contentUrl\":\"https:\\\/\\\/www.altercampagne.net\\\/wp-content\\\/uploads\\\/2018\\\/07\\\/NonAEuropacity.jpg\",\"width\":850,\"height\":472},{\"@type\":\"BreadcrumbList\",\"@id\":\"https:\\\/\\\/www.altercampagne.net\\\/?p=10619#breadcrumb\",\"itemListElement\":[{\"@type\":\"ListItem\",\"position\":1,\"name\":\"Accueil\",\"item\":\"https:\\\/\\\/www.altercampagne.net\\\/\"},{\"@type\":\"ListItem\",\"position\":2,\"name\":\"Des l\u00e9gumes, pas du bitume pour le Triangle de Gonesse !\"}]},{\"@type\":\"WebSite\",\"@id\":\"https:\\\/\\\/www.altercampagne.net\\\/#website\",\"url\":\"https:\\\/\\\/www.altercampagne.net\\\/\",\"name\":\"AlterTour\",\"description\":\"Reliez les Alternatives \u00e0 v\u00e9lo\",\"potentialAction\":[{\"@type\":\"SearchAction\",\"target\":{\"@type\":\"EntryPoint\",\"urlTemplate\":\"https:\\\/\\\/www.altercampagne.net\\\/?s={search_term_string}\"},\"query-input\":{\"@type\":\"PropertyValueSpecification\",\"valueRequired\":true,\"valueName\":\"search_term_string\"}}],\"inLanguage\":\"fr-FR\"},{\"@type\":\"Person\",\"@id\":\"https:\\\/\\\/www.altercampagne.net\\\/#\\\/schema\\\/person\\\/e5b68c803196f649c2152249d262d94a\",\"name\":\"AlterTour\",\"image\":{\"@type\":\"ImageObject\",\"inLanguage\":\"fr-FR\",\"@id\":\"https:\\\/\\\/secure.gravatar.com\\\/avatar\\\/3f2ed77f8506b8ea264ad5938bb0114bfa10f35b64086a66dfbb6e9f58ad9693?s=96&d=mm&r=g\",\"url\":\"https:\\\/\\\/secure.gravatar.com\\\/avatar\\\/3f2ed77f8506b8ea264ad5938bb0114bfa10f35b64086a66dfbb6e9f58ad9693?s=96&d=mm&r=g\",\"contentUrl\":\"https:\\\/\\\/secure.gravatar.com\\\/avatar\\\/3f2ed77f8506b8ea264ad5938bb0114bfa10f35b64086a66dfbb6e9f58ad9693?s=96&d=mm&r=g\",\"caption\":\"AlterTour\"},\"url\":\"https:\\\/\\\/www.altercampagne.net\\\/?author=215\"}]}<\/script>\n<!-- \/ Yoast SEO plugin. -->","yoast_head_json":{"title":"Des l\u00e9gumes, pas du bitume pour le Triangle de Gonesse ! - AlterTour","robots":{"index":"index","follow":"follow","max-snippet":"max-snippet:-1","max-image-preview":"max-image-preview:large","max-video-preview":"max-video-preview:-1"},"canonical":"https:\/\/www.altercampagne.net\/?p=10619","og_locale":"fr_FR","og_type":"article","og_title":"Des l\u00e9gumes, pas du bitume pour le Triangle de Gonesse ! - AlterTour","og_description":"Le Collectif pour le triangle de Gonesse\u00a0a accueilli l\u2019AlterTour le 26 juillet \u00e0 Gonesse (95). \u00ab\u00a0Des l\u00e9gumes, pas du bitume !\u00a0\u00bb. Le Collectif pour le triangle de Gonesse existe depuis mars 2011 en r\u00e9action \u00e0 l\u2019annonce du projet de centre commercial et de loisirs \u201cEuropaCity\u201d. Projet qui pr\u00e9voit m\u00eame une ... Read More","og_url":"https:\/\/www.altercampagne.net\/?p=10619","og_site_name":"AlterTour","article_published_time":"2018-07-26T06:02:52+00:00","article_modified_time":"2018-07-27T17:25:17+00:00","og_image":[{"width":850,"height":472,"url":"https:\/\/www.altercampagne.net\/wp-content\/uploads\/2018\/07\/NonAEuropacity.jpg","type":"image\/jpeg"}],"author":"AlterTour","twitter_card":"summary_large_image","twitter_misc":{"\u00c9crit par":"AlterTour","Dur\u00e9e de lecture estim\u00e9e":"2 minutes"},"schema":{"@context":"https:\/\/schema.org","@graph":[{"@type":"Article","@id":"https:\/\/www.altercampagne.net\/?p=10619#article","isPartOf":{"@id":"https:\/\/www.altercampagne.net\/?p=10619"},"author":{"name":"AlterTour","@id":"https:\/\/www.altercampagne.net\/#\/schema\/person\/e5b68c803196f649c2152249d262d94a"},"headline":"Des l\u00e9gumes, pas du bitume pour le Triangle de Gonesse !","datePublished":"2018-07-26T06:02:52+00:00","dateModified":"2018-07-27T17:25:17+00:00","mainEntityOfPage":{"@id":"https:\/\/www.altercampagne.net\/?p=10619"},"wordCount":448,"image":{"@id":"https:\/\/www.altercampagne.net\/?p=10619#primaryimage"},"thumbnailUrl":"https:\/\/www.altercampagne.net\/wp-content\/uploads\/2018\/07\/NonAEuropacity.jpg","keywords":["ile-de-france","Val-d\u2019Oise","AlterTour 2018","Collectif pour le triangle de Gonesse","Gonesse","Europacity","Non \u00e0 EuropaCity","Mulliez","projet Carma"],"articleSection":["Agriculture","Alimentation","\u00c9dition 2018","\u00cele-de-France","Environnement","Lutte"],"inLanguage":"fr-FR"},{"@type":"WebPage","@id":"https:\/\/www.altercampagne.net\/?p=10619","url":"https:\/\/www.altercampagne.net\/?p=10619","name":"Des l\u00e9gumes, pas du bitume pour le Triangle de Gonesse ! - AlterTour","isPartOf":{"@id":"https:\/\/www.altercampagne.net\/#website"},"primaryImageOfPage":{"@id":"https:\/\/www.altercampagne.net\/?p=10619#primaryimage"},"image":{"@id":"https:\/\/www.altercampagne.net\/?p=10619#primaryimage"},"thumbnailUrl":"https:\/\/www.altercampagne.net\/wp-content\/uploads\/2018\/07\/NonAEuropacity.jpg","datePublished":"2018-07-26T06:02:52+00:00","dateModified":"2018-07-27T17:25:17+00:00","author":{"@id":"https:\/\/www.altercampagne.net\/#\/schema\/person\/e5b68c803196f649c2152249d262d94a"},"breadcrumb":{"@id":"https:\/\/www.altercampagne.net\/?p=10619#breadcrumb"},"inLanguage":"fr-FR","potentialAction":[{"@type":"ReadAction","target":["https:\/\/www.altercampagne.net\/?p=10619"]}]},{"@type":"ImageObject","inLanguage":"fr-FR","@id":"https:\/\/www.altercampagne.net\/?p=10619#primaryimage","url":"https:\/\/www.altercampagne.net\/wp-content\/uploads\/2018\/07\/NonAEuropacity.jpg","contentUrl":"https:\/\/www.altercampagne.net\/wp-content\/uploads\/2018\/07\/NonAEuropacity.jpg","width":850,"height":472},{"@type":"BreadcrumbList","@id":"https:\/\/www.altercampagne.net\/?p=10619#breadcrumb","itemListElement":[{"@type":"ListItem","position":1,"name":"Accueil","item":"https:\/\/www.altercampagne.net\/"},{"@type":"ListItem","position":2,"name":"Des l\u00e9gumes, pas du bitume pour le Triangle de Gonesse !"}]},{"@type":"WebSite","@id":"https:\/\/www.altercampagne.net\/#website","url":"https:\/\/www.altercampagne.net\/","name":"AlterTour","description":"Reliez les Alternatives \u00e0 v\u00e9lo","potentialAction":[{"@type":"SearchAction","target":{"@type":"EntryPoint","urlTemplate":"https:\/\/www.altercampagne.net\/?s={search_term_string}"},"query-input":{"@type":"PropertyValueSpecification","valueRequired":true,"valueName":"search_term_string"}}],"inLanguage":"fr-FR"},{"@type":"Person","@id":"https:\/\/www.altercampagne.net\/#\/schema\/person\/e5b68c803196f649c2152249d262d94a","name":"AlterTour","image":{"@type":"ImageObject","inLanguage":"fr-FR","@id":"https:\/\/secure.gravatar.com\/avatar\/3f2ed77f8506b8ea264ad5938bb0114bfa10f35b64086a66dfbb6e9f58ad9693?s=96&d=mm&r=g","url":"https:\/\/secure.gravatar.com\/avatar\/3f2ed77f8506b8ea264ad5938bb0114bfa10f35b64086a66dfbb6e9f58ad9693?s=96&d=mm&r=g","contentUrl":"https:\/\/secure.gravatar.com\/avatar\/3f2ed77f8506b8ea264ad5938bb0114bfa10f35b64086a66dfbb6e9f58ad9693?s=96&d=mm&r=g","caption":"AlterTour"},"url":"https:\/\/www.altercampagne.net\/?author=215"}]}},"_links":{"self":[{"href":"https:\/\/www.altercampagne.net\/index.php?rest_route=\/wp\/v2\/posts\/10619","targetHints":{"allow":["GET"]}}],"collection":[{"href":"https:\/\/www.altercampagne.net\/index.php?rest_route=\/wp\/v2\/posts"}],"about":[{"href":"https:\/\/www.altercampagne.net\/index.php?rest_route=\/wp\/v2\/types\/post"}],"author":[{"embeddable":true,"href":"https:\/\/www.altercampagne.net\/index.php?rest_route=\/wp\/v2\/users\/215"}],"replies":[{"embeddable":true,"href":"https:\/\/www.altercampagne.net\/index.php?rest_route=%2Fwp%2Fv2%2Fcomments&post=10619"}],"version-history":[{"count":0,"href":"https:\/\/www.altercampagne.net\/index.php?rest_route=\/wp\/v2\/posts\/10619\/revisions"}],"wp:featuredmedia":[{"embeddable":true,"href":"https:\/\/www.altercampagne.net\/index.php?rest_route=\/wp\/v2\/media\/11690"}],"wp:attachment":[{"href":"https:\/\/www.altercampagne.net\/index.php?rest_route=%2Fwp%2Fv2%2Fmedia&parent=10619"}],"wp:term":[{"taxonomy":"category","embeddable":true,"href":"https:\/\/www.altercampagne.net\/index.php?rest_route=%2Fwp%2Fv2%2Fcategories&post=10619"},{"taxonomy":"post_tag","embeddable":true,"href":"https:\/\/www.altercampagne.net\/index.php?rest_route=%2Fwp%2Fv2%2Ftags&post=10619"}],"curies":[{"name":"wp","href":"https:\/\/api.w.org\/{rel}","templated":true}]}}