{"id":10636,"date":"2018-06-07T13:18:22","date_gmt":"2018-06-07T11:18:22","guid":{"rendered":"http:\/\/www.altercampagne.net\/?p=10636"},"modified":"2018-06-12T01:30:59","modified_gmt":"2018-06-11T23:30:59","slug":"triangle-de-gonesse-oui-au-projet-carma","status":"publish","type":"post","link":"https:\/\/www.altercampagne.net\/?p=10636","title":{"rendered":"Triangle de Gonesse : Oui au projet CARMA"},"content":{"rendered":"<h5>L&rsquo;AlterTour \u00e9tait \u00e0 Gonesse ce dimanche 27 mai<\/h5>\n<p>pour\u00a0 dire NON \u00e0 Europacity et OUI au projet alternatif CARMA. Des stands militants, une immense tour en bois &#8211; la \u00ab\u00a0girafe\u00a0\u00bb, de la musique, de la bonne humeur sous le soleil. On pouvait fabriquer son panneau, faire son pain, boire de la bi\u00e8re locale, et bien d&rsquo;autres choses. Sous le chapiteau on se pressait pour \u00e9couter les d\u00e9bats, et Marie-Monique Robin nous a bien faire rire avec son texte sur le monde en 2038, si \u2026, si on prenait le bon virage !<\/p>\n<p style=\"text-align: center;\"><a href=\"http:\/\/www.altercampagne.net\/wp-content\/uploads\/2018\/06\/Ariane-copie.png\"><img loading=\"lazy\" decoding=\"async\" class=\"wp-image-10642 aligncenter\" src=\"http:\/\/www.altercampagne.net\/wp-content\/uploads\/2018\/06\/Ariane-copie-300x214.png\" alt=\"\" width=\"399\" height=\"284\" srcset=\"https:\/\/www.altercampagne.net\/wp-content\/uploads\/2018\/06\/Ariane-copie-300x214.png 300w, https:\/\/www.altercampagne.net\/wp-content\/uploads\/2018\/06\/Ariane-copie-100x71.png 100w, https:\/\/www.altercampagne.net\/wp-content\/uploads\/2018\/06\/Ariane-copie.png 354w\" sizes=\"auto, (max-width: 399px) 100vw, 399px\" \/><\/a>Au stand de l&rsquo;AlterTour, bien s\u00fbr on expliquait le concept, mais surtout, on annon\u00e7ait notre venue le 26 juillet.<\/p>\n<h5>Jeudi 26 juillet : v\u00e9lorution pour les terres agricoles !<\/h5>\n<p>Rendez-vous dans Gonesse \u00e0 18h, pour une v\u00e9lorution avec l&rsquo;AlterTour renforc\u00e9 des cyclistes franciliens, puis une conf\u00e9rence gesticul\u00e9e par Etienne Lecomte et une soir\u00e9e festive organis\u00e9e par Jean-Robin. Venez nombreux ! Apportez un plat \u00e0 partager.<\/p>\n<p>&nbsp;<\/p>\n<p>La mobilisation du 27 mai \u00a0:<\/p>\n<div class=\"x-embed x-is-unknown x-is-unknown\">\n<div id=\"fb-root\"><\/div>\n<p><script>(function(d, s, id) {  var js, fjs = d.getElementsByTagName(s)[0];  if (d.getElementById(id)) return;  js = d.createElement(s); js.id = id;  js.src = 'https:\/\/connect.facebook.net\/fr_FR\/sdk.js#xfbml=1&version=v3.2';  fjs.parentNode.insertBefore(js, fjs);}(document, 'script', 'facebook-jssdk'));<\/script><\/p>\n<div class=\"fb-video\" data-href=\"https:\/\/www.facebook.com\/nonaeuropacity.cptg\/videos\/604803379882581\/\" data-width=\"742\">\n<blockquote cite=\"https:\/\/www.facebook.com\/nonaeuropacity.cptg\/videos\/604803379882581\/\" class=\"fb-xfbml-parse-ignore\"><p><a href=\"https:\/\/www.facebook.com\/nonaeuropacity.cptg\/videos\/604803379882581\/\">F\u00eate des terres de Gonesse le 27 mai 2018<\/a><\/p>\n<p>une journ\u00e9e exceptionnelle !<\/p>\n<p>Publi\u00e9e par <a href=\"https:\/\/www.facebook.com\/nonaeuropacity.cptg\/\">Non \u00e0 Europa City, Un autre projet est possible<\/a> sur Mardi 29 mai 2018<\/p><\/blockquote>\n<\/div>\n<\/div>\n<p>&nbsp;<\/p>\n<p>NON \u00e0 EuropaCity : plus d&rsquo;infos sur le <strong><a href=\"http:\/\/nonaeuropacity.com\" target=\"_blank\" rel=\"noopener\">Collectif Pour le Triangle de Gonesse<\/a><\/strong><\/p>\n","protected":false},"excerpt":{"rendered":"<p>L&rsquo;AlterTour \u00e9tait \u00e0 Gonesse ce dimanche 27 mai pour\u00a0 dire NON \u00e0 Europacity et OUI au projet alternatif CARMA. Des stands militants, une immense tour en bois &#8211; la \u00ab\u00a0girafe\u00a0\u00bb, de la musique, de la bonne humeur sous le soleil. On pouvait fabriquer son panneau, faire son pain, boire de &#8230; <\/p>\n<div><a href=\"https:\/\/www.altercampagne.net\/?p=10636\" class=\"more-link\">Read More<\/a><\/div>\n","protected":false},"author":206,"featured_media":10638,"comment_status":"closed","ping_status":"closed","sticky":false,"template":"","format":"standard","meta":{"footnotes":""},"categories":[3483,3470,3477,3486,3542],"tags":[68,1490,3327,3359,3580,3586],"class_list":["post-10636","post","type-post","status-publish","format-standard","has-post-thumbnail","hentry","category-agriculture","category-edition-2018","category-ile-de-france","category-environnement","category-lutte","tag-paris","tag-ile-de-france","tag-collectif-pour-le-triangle-de-gonesse","tag-gonesse","tag-non-a-europacity","tag-terres-agricoles"],"yoast_head":"<!-- This site is optimized with the Yoast SEO plugin v27.3 - https:\/\/yoast.com\/product\/yoast-seo-wordpress\/ -->\n<title>Triangle de Gonesse : Oui au projet CARMA - AlterTour<\/title>\n<meta name=\"robots\" content=\"index, follow, max-snippet:-1, max-image-preview:large, max-video-preview:-1\" \/>\n<link rel=\"canonical\" href=\"https:\/\/www.altercampagne.net\/?p=10636\" \/>\n<meta property=\"og:locale\" content=\"fr_FR\" \/>\n<meta property=\"og:type\" content=\"article\" \/>\n<meta property=\"og:title\" content=\"Triangle de Gonesse : Oui au projet CARMA - AlterTour\" \/>\n<meta property=\"og:description\" content=\"L&rsquo;AlterTour \u00e9tait \u00e0 Gonesse ce dimanche 27 mai pour\u00a0 dire NON \u00e0 Europacity et OUI au projet alternatif CARMA. Des stands militants, une immense tour en bois &#8211; la \u00ab\u00a0girafe\u00a0\u00bb, de la musique, de la bonne humeur sous le soleil. On pouvait fabriquer son panneau, faire son pain, boire de ... Read More\" \/>\n<meta property=\"og:url\" content=\"https:\/\/www.altercampagne.net\/?p=10636\" \/>\n<meta property=\"og:site_name\" content=\"AlterTour\" \/>\n<meta property=\"article:published_time\" content=\"2018-06-07T11:18:22+00:00\" \/>\n<meta property=\"article:modified_time\" content=\"2018-06-11T23:30:59+00:00\" \/>\n<meta property=\"og:image\" content=\"https:\/\/www.altercampagne.net\/wp-content\/uploads\/2018\/06\/MM_Robin-copie2.png\" \/>\n\t<meta property=\"og:image:width\" content=\"472\" \/>\n\t<meta property=\"og:image:height\" content=\"251\" \/>\n\t<meta property=\"og:image:type\" content=\"image\/png\" \/>\n<meta name=\"author\" content=\"Sylvie F\" \/>\n<meta name=\"twitter:card\" content=\"summary_large_image\" \/>\n<meta name=\"twitter:label1\" content=\"\u00c9crit par\" \/>\n\t<meta name=\"twitter:data1\" content=\"Sylvie F\" \/>\n\t<meta name=\"twitter:label2\" content=\"Dur\u00e9e de lecture estim\u00e9e\" \/>\n\t<meta name=\"twitter:data2\" content=\"1 minute\" \/>\n<script type=\"application\/ld+json\" class=\"yoast-schema-graph\">{\"@context\":\"https:\\\/\\\/schema.org\",\"@graph\":[{\"@type\":\"Article\",\"@id\":\"https:\\\/\\\/www.altercampagne.net\\\/?p=10636#article\",\"isPartOf\":{\"@id\":\"https:\\\/\\\/www.altercampagne.net\\\/?p=10636\"},\"author\":{\"name\":\"Sylvie F\",\"@id\":\"https:\\\/\\\/www.altercampagne.net\\\/#\\\/schema\\\/person\\\/fad5b6595876359c96e756d4d478f820\"},\"headline\":\"Triangle de Gonesse : Oui au projet CARMA\",\"datePublished\":\"2018-06-07T11:18:22+00:00\",\"dateModified\":\"2018-06-11T23:30:59+00:00\",\"mainEntityOfPage\":{\"@id\":\"https:\\\/\\\/www.altercampagne.net\\\/?p=10636\"},\"wordCount\":191,\"image\":{\"@id\":\"https:\\\/\\\/www.altercampagne.net\\\/?p=10636#primaryimage\"},\"thumbnailUrl\":\"https:\\\/\\\/www.altercampagne.net\\\/wp-content\\\/uploads\\\/2018\\\/06\\\/MM_Robin-copie2.png\",\"keywords\":[\"paris\",\"ile-de-france\",\"Collectif pour le triangle de Gonesse\",\"Gonesse\",\"Non \u00e0 EuropaCity\",\"terres agricoles\"],\"articleSection\":[\"Agriculture\",\"\u00c9dition 2018\",\"\u00cele-de-France\",\"Environnement\",\"Lutte\"],\"inLanguage\":\"fr-FR\"},{\"@type\":\"WebPage\",\"@id\":\"https:\\\/\\\/www.altercampagne.net\\\/?p=10636\",\"url\":\"https:\\\/\\\/www.altercampagne.net\\\/?p=10636\",\"name\":\"Triangle de Gonesse : Oui au projet CARMA - AlterTour\",\"isPartOf\":{\"@id\":\"https:\\\/\\\/www.altercampagne.net\\\/#website\"},\"primaryImageOfPage\":{\"@id\":\"https:\\\/\\\/www.altercampagne.net\\\/?p=10636#primaryimage\"},\"image\":{\"@id\":\"https:\\\/\\\/www.altercampagne.net\\\/?p=10636#primaryimage\"},\"thumbnailUrl\":\"https:\\\/\\\/www.altercampagne.net\\\/wp-content\\\/uploads\\\/2018\\\/06\\\/MM_Robin-copie2.png\",\"datePublished\":\"2018-06-07T11:18:22+00:00\",\"dateModified\":\"2018-06-11T23:30:59+00:00\",\"author\":{\"@id\":\"https:\\\/\\\/www.altercampagne.net\\\/#\\\/schema\\\/person\\\/fad5b6595876359c96e756d4d478f820\"},\"breadcrumb\":{\"@id\":\"https:\\\/\\\/www.altercampagne.net\\\/?p=10636#breadcrumb\"},\"inLanguage\":\"fr-FR\",\"potentialAction\":[{\"@type\":\"ReadAction\",\"target\":[\"https:\\\/\\\/www.altercampagne.net\\\/?p=10636\"]}]},{\"@type\":\"ImageObject\",\"inLanguage\":\"fr-FR\",\"@id\":\"https:\\\/\\\/www.altercampagne.net\\\/?p=10636#primaryimage\",\"url\":\"https:\\\/\\\/www.altercampagne.net\\\/wp-content\\\/uploads\\\/2018\\\/06\\\/MM_Robin-copie2.png\",\"contentUrl\":\"https:\\\/\\\/www.altercampagne.net\\\/wp-content\\\/uploads\\\/2018\\\/06\\\/MM_Robin-copie2.png\",\"width\":472,\"height\":251},{\"@type\":\"BreadcrumbList\",\"@id\":\"https:\\\/\\\/www.altercampagne.net\\\/?p=10636#breadcrumb\",\"itemListElement\":[{\"@type\":\"ListItem\",\"position\":1,\"name\":\"Accueil\",\"item\":\"https:\\\/\\\/www.altercampagne.net\\\/\"},{\"@type\":\"ListItem\",\"position\":2,\"name\":\"Triangle de Gonesse : Oui au projet CARMA\"}]},{\"@type\":\"WebSite\",\"@id\":\"https:\\\/\\\/www.altercampagne.net\\\/#website\",\"url\":\"https:\\\/\\\/www.altercampagne.net\\\/\",\"name\":\"AlterTour\",\"description\":\"Reliez les Alternatives \u00e0 v\u00e9lo\",\"potentialAction\":[{\"@type\":\"SearchAction\",\"target\":{\"@type\":\"EntryPoint\",\"urlTemplate\":\"https:\\\/\\\/www.altercampagne.net\\\/?s={search_term_string}\"},\"query-input\":{\"@type\":\"PropertyValueSpecification\",\"valueRequired\":true,\"valueName\":\"search_term_string\"}}],\"inLanguage\":\"fr-FR\"},{\"@type\":\"Person\",\"@id\":\"https:\\\/\\\/www.altercampagne.net\\\/#\\\/schema\\\/person\\\/fad5b6595876359c96e756d4d478f820\",\"name\":\"Sylvie F\",\"image\":{\"@type\":\"ImageObject\",\"inLanguage\":\"fr-FR\",\"@id\":\"https:\\\/\\\/secure.gravatar.com\\\/avatar\\\/16b2d5f6a1293ef16eadfdd15315bab8d4a87db50333f39a9b9b7a1b269a713f?s=96&d=mm&r=g\",\"url\":\"https:\\\/\\\/secure.gravatar.com\\\/avatar\\\/16b2d5f6a1293ef16eadfdd15315bab8d4a87db50333f39a9b9b7a1b269a713f?s=96&d=mm&r=g\",\"contentUrl\":\"https:\\\/\\\/secure.gravatar.com\\\/avatar\\\/16b2d5f6a1293ef16eadfdd15315bab8d4a87db50333f39a9b9b7a1b269a713f?s=96&d=mm&r=g\",\"caption\":\"Sylvie F\"},\"url\":\"https:\\\/\\\/www.altercampagne.net\\\/?author=206\"}]}<\/script>\n<!-- \/ Yoast SEO plugin. -->","yoast_head_json":{"title":"Triangle de Gonesse : Oui au projet CARMA - AlterTour","robots":{"index":"index","follow":"follow","max-snippet":"max-snippet:-1","max-image-preview":"max-image-preview:large","max-video-preview":"max-video-preview:-1"},"canonical":"https:\/\/www.altercampagne.net\/?p=10636","og_locale":"fr_FR","og_type":"article","og_title":"Triangle de Gonesse : Oui au projet CARMA - AlterTour","og_description":"L&rsquo;AlterTour \u00e9tait \u00e0 Gonesse ce dimanche 27 mai pour\u00a0 dire NON \u00e0 Europacity et OUI au projet alternatif CARMA. Des stands militants, une immense tour en bois &#8211; la \u00ab\u00a0girafe\u00a0\u00bb, de la musique, de la bonne humeur sous le soleil. On pouvait fabriquer son panneau, faire son pain, boire de ... Read More","og_url":"https:\/\/www.altercampagne.net\/?p=10636","og_site_name":"AlterTour","article_published_time":"2018-06-07T11:18:22+00:00","article_modified_time":"2018-06-11T23:30:59+00:00","og_image":[{"width":472,"height":251,"url":"https:\/\/www.altercampagne.net\/wp-content\/uploads\/2018\/06\/MM_Robin-copie2.png","type":"image\/png"}],"author":"Sylvie F","twitter_card":"summary_large_image","twitter_misc":{"\u00c9crit par":"Sylvie F","Dur\u00e9e de lecture estim\u00e9e":"1 minute"},"schema":{"@context":"https:\/\/schema.org","@graph":[{"@type":"Article","@id":"https:\/\/www.altercampagne.net\/?p=10636#article","isPartOf":{"@id":"https:\/\/www.altercampagne.net\/?p=10636"},"author":{"name":"Sylvie F","@id":"https:\/\/www.altercampagne.net\/#\/schema\/person\/fad5b6595876359c96e756d4d478f820"},"headline":"Triangle de Gonesse : Oui au projet CARMA","datePublished":"2018-06-07T11:18:22+00:00","dateModified":"2018-06-11T23:30:59+00:00","mainEntityOfPage":{"@id":"https:\/\/www.altercampagne.net\/?p=10636"},"wordCount":191,"image":{"@id":"https:\/\/www.altercampagne.net\/?p=10636#primaryimage"},"thumbnailUrl":"https:\/\/www.altercampagne.net\/wp-content\/uploads\/2018\/06\/MM_Robin-copie2.png","keywords":["paris","ile-de-france","Collectif pour le triangle de Gonesse","Gonesse","Non \u00e0 EuropaCity","terres agricoles"],"articleSection":["Agriculture","\u00c9dition 2018","\u00cele-de-France","Environnement","Lutte"],"inLanguage":"fr-FR"},{"@type":"WebPage","@id":"https:\/\/www.altercampagne.net\/?p=10636","url":"https:\/\/www.altercampagne.net\/?p=10636","name":"Triangle de Gonesse : Oui au projet CARMA - AlterTour","isPartOf":{"@id":"https:\/\/www.altercampagne.net\/#website"},"primaryImageOfPage":{"@id":"https:\/\/www.altercampagne.net\/?p=10636#primaryimage"},"image":{"@id":"https:\/\/www.altercampagne.net\/?p=10636#primaryimage"},"thumbnailUrl":"https:\/\/www.altercampagne.net\/wp-content\/uploads\/2018\/06\/MM_Robin-copie2.png","datePublished":"2018-06-07T11:18:22+00:00","dateModified":"2018-06-11T23:30:59+00:00","author":{"@id":"https:\/\/www.altercampagne.net\/#\/schema\/person\/fad5b6595876359c96e756d4d478f820"},"breadcrumb":{"@id":"https:\/\/www.altercampagne.net\/?p=10636#breadcrumb"},"inLanguage":"fr-FR","potentialAction":[{"@type":"ReadAction","target":["https:\/\/www.altercampagne.net\/?p=10636"]}]},{"@type":"ImageObject","inLanguage":"fr-FR","@id":"https:\/\/www.altercampagne.net\/?p=10636#primaryimage","url":"https:\/\/www.altercampagne.net\/wp-content\/uploads\/2018\/06\/MM_Robin-copie2.png","contentUrl":"https:\/\/www.altercampagne.net\/wp-content\/uploads\/2018\/06\/MM_Robin-copie2.png","width":472,"height":251},{"@type":"BreadcrumbList","@id":"https:\/\/www.altercampagne.net\/?p=10636#breadcrumb","itemListElement":[{"@type":"ListItem","position":1,"name":"Accueil","item":"https:\/\/www.altercampagne.net\/"},{"@type":"ListItem","position":2,"name":"Triangle de Gonesse : Oui au projet CARMA"}]},{"@type":"WebSite","@id":"https:\/\/www.altercampagne.net\/#website","url":"https:\/\/www.altercampagne.net\/","name":"AlterTour","description":"Reliez les Alternatives \u00e0 v\u00e9lo","potentialAction":[{"@type":"SearchAction","target":{"@type":"EntryPoint","urlTemplate":"https:\/\/www.altercampagne.net\/?s={search_term_string}"},"query-input":{"@type":"PropertyValueSpecification","valueRequired":true,"valueName":"search_term_string"}}],"inLanguage":"fr-FR"},{"@type":"Person","@id":"https:\/\/www.altercampagne.net\/#\/schema\/person\/fad5b6595876359c96e756d4d478f820","name":"Sylvie F","image":{"@type":"ImageObject","inLanguage":"fr-FR","@id":"https:\/\/secure.gravatar.com\/avatar\/16b2d5f6a1293ef16eadfdd15315bab8d4a87db50333f39a9b9b7a1b269a713f?s=96&d=mm&r=g","url":"https:\/\/secure.gravatar.com\/avatar\/16b2d5f6a1293ef16eadfdd15315bab8d4a87db50333f39a9b9b7a1b269a713f?s=96&d=mm&r=g","contentUrl":"https:\/\/secure.gravatar.com\/avatar\/16b2d5f6a1293ef16eadfdd15315bab8d4a87db50333f39a9b9b7a1b269a713f?s=96&d=mm&r=g","caption":"Sylvie F"},"url":"https:\/\/www.altercampagne.net\/?author=206"}]}},"_links":{"self":[{"href":"https:\/\/www.altercampagne.net\/index.php?rest_route=\/wp\/v2\/posts\/10636","targetHints":{"allow":["GET"]}}],"collection":[{"href":"https:\/\/www.altercampagne.net\/index.php?rest_route=\/wp\/v2\/posts"}],"about":[{"href":"https:\/\/www.altercampagne.net\/index.php?rest_route=\/wp\/v2\/types\/post"}],"author":[{"embeddable":true,"href":"https:\/\/www.altercampagne.net\/index.php?rest_route=\/wp\/v2\/users\/206"}],"replies":[{"embeddable":true,"href":"https:\/\/www.altercampagne.net\/index.php?rest_route=%2Fwp%2Fv2%2Fcomments&post=10636"}],"version-history":[{"count":0,"href":"https:\/\/www.altercampagne.net\/index.php?rest_route=\/wp\/v2\/posts\/10636\/revisions"}],"wp:featuredmedia":[{"embeddable":true,"href":"https:\/\/www.altercampagne.net\/index.php?rest_route=\/wp\/v2\/media\/10638"}],"wp:attachment":[{"href":"https:\/\/www.altercampagne.net\/index.php?rest_route=%2Fwp%2Fv2%2Fmedia&parent=10636"}],"wp:term":[{"taxonomy":"category","embeddable":true,"href":"https:\/\/www.altercampagne.net\/index.php?rest_route=%2Fwp%2Fv2%2Fcategories&post=10636"},{"taxonomy":"post_tag","embeddable":true,"href":"https:\/\/www.altercampagne.net\/index.php?rest_route=%2Fwp%2Fv2%2Ftags&post=10636"}],"curies":[{"name":"wp","href":"https:\/\/api.w.org\/{rel}","templated":true}]}}