{"id":10730,"date":"2018-06-12T10:00:11","date_gmt":"2018-06-12T08:00:11","guid":{"rendered":"http:\/\/www.altercampagne.net\/?p=10730"},"modified":"2018-06-14T10:34:03","modified_gmt":"2018-06-14T08:34:03","slug":"fils-dagriculteurs-conventionnels-je-serai-apiculteur-bio","status":"publish","type":"post","link":"https:\/\/www.altercampagne.net\/?p=10730","title":{"rendered":"Fils d\u2019agriculteurs conventionnels, je serai apiculteur bio"},"content":{"rendered":"<p>Les <strong><a href=\"https:\/\/mielsdelachampagne.jimdo.com\" target=\"_blank\" rel=\"noopener\">Miels de la Champagne<\/a> <\/strong>accueilleront l\u2019AlterTour le 1er ao\u00fbt \u00e0 Maisons-en-Champagne (51).<\/p>\n<p><strong>Une histoire de famille, de passion et d\u2019engagement. <\/strong><\/p>\n<p>Pierre devient apiculteur en 1991. Au d\u00e9but, ses ruches \u00e9taient h\u00e9berg\u00e9es sur les terres de ses parents, ses voisins et ses fr\u00e8res. En 1996, il s\u2019installe \u00e0 Ponthion, \u00e0 quelques kilom\u00e8tres de Vitry-le-Fran\u00e7ois, dans la Marne. Fils d\u2019agriculteurs conventionnels, il s\u2019est tourn\u00e9 vers l\u2019apiculture bio, comme Jean-Luc son fr\u00e8re a\u00een\u00e9. Le d\u00e9clic est venu pendant son BTS Productions animales. En cours, il se passionne pour l\u2019ornithologie, une belle porte d\u2019entr\u00e9e sur la biodiversit\u00e9. Et pendant les vacances scolaires, il travaille sur l\u2019exploitation apicole de Jean-Luc. Une vocation est n\u00e9e ! Dans les ann\u00e9es 1990, le milieu apicole traverse une grande crise, le prix du miel est au plus bas. Bon nombre de confr\u00e8res vendent exploitations, mat\u00e9riel, ruches et essaims. Finalement une chance pour s\u2019\u00e9quiper et d\u00e9marrer son activit\u00e9. Aujourd\u2019hui, ses 300 ruches lui permettent de vivre. Il ne compte pas s\u2019agrandir : Pierre pr\u00e9f\u00e8re voir s\u2019installer les jeunes.<\/p>\n<p><strong>Je ne cherche pas \u00e0 opposer deux visions de l\u2019agriculture<\/strong><\/p>\n<p>\u201cPour obtenir la certification bio sur mes miels, je dois placer mes ruches \u00e0 une distance sup\u00e9rieure \u00e0 3 kms des cultures trait\u00e9es, des grosses agglom\u00e9rations, des industries polluantes, des autoroutes, des a\u00e9roports&#8230; En Champagne crayeuse, l\u2019agrochimie monopolise l\u2019espace, elle est pr\u00e9sente partout. Mes miels issus de fleurs de colza et de tournesol sont de fait exclus du label. Je connais bien le milieu agricole conventionnel et les raisons qui ont amen\u00e9 mes parents \u00e0 utiliser la chimie. Je ne cherche pas \u00e0 opposer ces deux visions de l\u2019agriculture. Ce qui ne m\u2019emp\u00eache pas d\u2019esp\u00e9rer que les pratiques finiront par \u00e9voluer dans le bon sens. De mon c\u00f4t\u00e9, je soutiens l\u2019action du Conservatoire d\u2019espaces naturels de Champagne-Ardenne sur le marais de Saint-Gond et les vall\u00e9es de Champagne. En pr\u00e9servant la biodiversit\u00e9, je prot\u00e8ge les ressources mellif\u00e8res. \u201d<\/p>\n<div class=\"page\" title=\"Page 5\">\n<div class=\"section\">\n<div class=\"layoutArea\">\n<div class=\"column\">\n<p style=\"text-align: right;\"><strong>Pierre, apiculteur<\/strong><\/p>\n<p>Les <strong>Miels de la Champagne <\/strong>accueilleront l\u2019AlterTour le 1er ao\u00fbt \u00e0 Maisons-en-Champagne (51). Pour plus d\u2019infos consultez le <strong><a href=\"http:\/\/www.altercampagne.net\/?page_id=10352\">programme<\/a><\/strong>.<\/p>\n<\/div>\n<\/div>\n<\/div>\n<\/div>\n","protected":false},"excerpt":{"rendered":"<p>Les Miels de la Champagne accueilleront l\u2019AlterTour le 1er ao\u00fbt \u00e0 Maisons-en-Champagne (51). Une histoire de famille, de passion et d\u2019engagement. Pierre devient apiculteur en 1991. Au d\u00e9but, ses ruches \u00e9taient h\u00e9berg\u00e9es sur les terres de ses parents, ses voisins et ses fr\u00e8res. En 1996, il s\u2019installe \u00e0 Ponthion, \u00e0 &#8230; <\/p>\n<div><a href=\"https:\/\/www.altercampagne.net\/?p=10730\" class=\"more-link\">Read More<\/a><\/div>\n","protected":false},"author":214,"featured_media":10746,"comment_status":"closed","ping_status":"closed","sticky":false,"template":"","format":"standard","meta":{"footnotes":""},"categories":[3483,3475,3470,3486],"tags":[573,651,1881,2774,3221,3235,3530,3593,3599,3600],"class_list":["post-10730","post","type-post","status-publish","format-standard","has-post-thumbnail","hentry","category-agriculture","category-grand-est","category-edition-2018","category-environnement","tag-biodiversite","tag-producteurs-bio","tag-abeille","tag-champagne-ardenne","tag-altertour-2018","tag-marne","tag-les-miels-de-la-champagne","tag-champagne","tag-maisons-en-champagne","tag-apiculture"],"yoast_head":"<!-- This site is optimized with the Yoast SEO plugin v27.3 - https:\/\/yoast.com\/product\/yoast-seo-wordpress\/ -->\n<title>Fils d\u2019agriculteurs conventionnels, je serai apiculteur bio - AlterTour<\/title>\n<meta name=\"robots\" content=\"index, follow, max-snippet:-1, max-image-preview:large, max-video-preview:-1\" \/>\n<link rel=\"canonical\" href=\"https:\/\/www.altercampagne.net\/?p=10730\" \/>\n<meta property=\"og:locale\" content=\"fr_FR\" \/>\n<meta property=\"og:type\" content=\"article\" \/>\n<meta property=\"og:title\" content=\"Fils d\u2019agriculteurs conventionnels, je serai apiculteur bio - AlterTour\" \/>\n<meta property=\"og:description\" content=\"Les Miels de la Champagne accueilleront l\u2019AlterTour le 1er ao\u00fbt \u00e0 Maisons-en-Champagne (51). Une histoire de famille, de passion et d\u2019engagement. Pierre devient apiculteur en 1991. Au d\u00e9but, ses ruches \u00e9taient h\u00e9berg\u00e9es sur les terres de ses parents, ses voisins et ses fr\u00e8res. En 1996, il s\u2019installe \u00e0 Ponthion, \u00e0 ... Read More\" \/>\n<meta property=\"og:url\" content=\"https:\/\/www.altercampagne.net\/?p=10730\" \/>\n<meta property=\"og:site_name\" content=\"AlterTour\" \/>\n<meta property=\"article:published_time\" content=\"2018-06-12T08:00:11+00:00\" \/>\n<meta property=\"article:modified_time\" content=\"2018-06-14T08:34:03+00:00\" \/>\n<meta property=\"og:image\" content=\"https:\/\/www.altercampagne.net\/wp-content\/uploads\/2018\/06\/Les-miels-de-la-champagne-DSC_0448.jpg\" \/>\n\t<meta property=\"og:image:width\" content=\"1029\" \/>\n\t<meta property=\"og:image:height\" content=\"538\" \/>\n\t<meta property=\"og:image:type\" content=\"image\/jpeg\" \/>\n<meta name=\"author\" content=\"Mathieu\" \/>\n<meta name=\"twitter:card\" content=\"summary_large_image\" \/>\n<meta name=\"twitter:label1\" content=\"\u00c9crit par\" \/>\n\t<meta name=\"twitter:data1\" content=\"Mathieu\" \/>\n\t<meta name=\"twitter:label2\" content=\"Dur\u00e9e de lecture estim\u00e9e\" \/>\n\t<meta name=\"twitter:data2\" content=\"2 minutes\" \/>\n<script type=\"application\/ld+json\" class=\"yoast-schema-graph\">{\"@context\":\"https:\\\/\\\/schema.org\",\"@graph\":[{\"@type\":\"Article\",\"@id\":\"https:\\\/\\\/www.altercampagne.net\\\/?p=10730#article\",\"isPartOf\":{\"@id\":\"https:\\\/\\\/www.altercampagne.net\\\/?p=10730\"},\"author\":{\"name\":\"Mathieu\",\"@id\":\"https:\\\/\\\/www.altercampagne.net\\\/#\\\/schema\\\/person\\\/0f261460c09e430caa0f9bcffa319109\"},\"headline\":\"Fils d\u2019agriculteurs conventionnels, je serai apiculteur bio\",\"datePublished\":\"2018-06-12T08:00:11+00:00\",\"dateModified\":\"2018-06-14T08:34:03+00:00\",\"mainEntityOfPage\":{\"@id\":\"https:\\\/\\\/www.altercampagne.net\\\/?p=10730\"},\"wordCount\":380,\"image\":{\"@id\":\"https:\\\/\\\/www.altercampagne.net\\\/?p=10730#primaryimage\"},\"thumbnailUrl\":\"https:\\\/\\\/www.altercampagne.net\\\/wp-content\\\/uploads\\\/2018\\\/06\\\/Les-miels-de-la-champagne-DSC_0448.jpg\",\"keywords\":[\"biodiversit\u00e9\",\"producteurs bio\",\"Abeille\",\"champagne-Ardenne\",\"AlterTour 2018\",\"Marne\",\"Les miels de la Champagne\",\"Champagne\",\"Maisons-en-Champagne\",\"apiculture\"],\"articleSection\":[\"Agriculture\",\"Grand Est\",\"\u00c9dition 2018\",\"Environnement\"],\"inLanguage\":\"fr-FR\"},{\"@type\":\"WebPage\",\"@id\":\"https:\\\/\\\/www.altercampagne.net\\\/?p=10730\",\"url\":\"https:\\\/\\\/www.altercampagne.net\\\/?p=10730\",\"name\":\"Fils d\u2019agriculteurs conventionnels, je serai apiculteur bio - AlterTour\",\"isPartOf\":{\"@id\":\"https:\\\/\\\/www.altercampagne.net\\\/#website\"},\"primaryImageOfPage\":{\"@id\":\"https:\\\/\\\/www.altercampagne.net\\\/?p=10730#primaryimage\"},\"image\":{\"@id\":\"https:\\\/\\\/www.altercampagne.net\\\/?p=10730#primaryimage\"},\"thumbnailUrl\":\"https:\\\/\\\/www.altercampagne.net\\\/wp-content\\\/uploads\\\/2018\\\/06\\\/Les-miels-de-la-champagne-DSC_0448.jpg\",\"datePublished\":\"2018-06-12T08:00:11+00:00\",\"dateModified\":\"2018-06-14T08:34:03+00:00\",\"author\":{\"@id\":\"https:\\\/\\\/www.altercampagne.net\\\/#\\\/schema\\\/person\\\/0f261460c09e430caa0f9bcffa319109\"},\"breadcrumb\":{\"@id\":\"https:\\\/\\\/www.altercampagne.net\\\/?p=10730#breadcrumb\"},\"inLanguage\":\"fr-FR\",\"potentialAction\":[{\"@type\":\"ReadAction\",\"target\":[\"https:\\\/\\\/www.altercampagne.net\\\/?p=10730\"]}]},{\"@type\":\"ImageObject\",\"inLanguage\":\"fr-FR\",\"@id\":\"https:\\\/\\\/www.altercampagne.net\\\/?p=10730#primaryimage\",\"url\":\"https:\\\/\\\/www.altercampagne.net\\\/wp-content\\\/uploads\\\/2018\\\/06\\\/Les-miels-de-la-champagne-DSC_0448.jpg\",\"contentUrl\":\"https:\\\/\\\/www.altercampagne.net\\\/wp-content\\\/uploads\\\/2018\\\/06\\\/Les-miels-de-la-champagne-DSC_0448.jpg\",\"width\":1029,\"height\":538},{\"@type\":\"BreadcrumbList\",\"@id\":\"https:\\\/\\\/www.altercampagne.net\\\/?p=10730#breadcrumb\",\"itemListElement\":[{\"@type\":\"ListItem\",\"position\":1,\"name\":\"Accueil\",\"item\":\"https:\\\/\\\/www.altercampagne.net\\\/\"},{\"@type\":\"ListItem\",\"position\":2,\"name\":\"Fils d\u2019agriculteurs conventionnels, je serai apiculteur bio\"}]},{\"@type\":\"WebSite\",\"@id\":\"https:\\\/\\\/www.altercampagne.net\\\/#website\",\"url\":\"https:\\\/\\\/www.altercampagne.net\\\/\",\"name\":\"AlterTour\",\"description\":\"Reliez les Alternatives \u00e0 v\u00e9lo\",\"potentialAction\":[{\"@type\":\"SearchAction\",\"target\":{\"@type\":\"EntryPoint\",\"urlTemplate\":\"https:\\\/\\\/www.altercampagne.net\\\/?s={search_term_string}\"},\"query-input\":{\"@type\":\"PropertyValueSpecification\",\"valueRequired\":true,\"valueName\":\"search_term_string\"}}],\"inLanguage\":\"fr-FR\"},{\"@type\":\"Person\",\"@id\":\"https:\\\/\\\/www.altercampagne.net\\\/#\\\/schema\\\/person\\\/0f261460c09e430caa0f9bcffa319109\",\"name\":\"Mathieu\",\"image\":{\"@type\":\"ImageObject\",\"inLanguage\":\"fr-FR\",\"@id\":\"https:\\\/\\\/secure.gravatar.com\\\/avatar\\\/aa9d3d24c83f2141e5e2709d0f63d09a99f6be6bb7a50abc4915838d9f54501a?s=96&d=mm&r=g\",\"url\":\"https:\\\/\\\/secure.gravatar.com\\\/avatar\\\/aa9d3d24c83f2141e5e2709d0f63d09a99f6be6bb7a50abc4915838d9f54501a?s=96&d=mm&r=g\",\"contentUrl\":\"https:\\\/\\\/secure.gravatar.com\\\/avatar\\\/aa9d3d24c83f2141e5e2709d0f63d09a99f6be6bb7a50abc4915838d9f54501a?s=96&d=mm&r=g\",\"caption\":\"Mathieu\"},\"url\":\"https:\\\/\\\/www.altercampagne.net\\\/?author=214\"}]}<\/script>\n<!-- \/ Yoast SEO plugin. -->","yoast_head_json":{"title":"Fils d\u2019agriculteurs conventionnels, je serai apiculteur bio - AlterTour","robots":{"index":"index","follow":"follow","max-snippet":"max-snippet:-1","max-image-preview":"max-image-preview:large","max-video-preview":"max-video-preview:-1"},"canonical":"https:\/\/www.altercampagne.net\/?p=10730","og_locale":"fr_FR","og_type":"article","og_title":"Fils d\u2019agriculteurs conventionnels, je serai apiculteur bio - AlterTour","og_description":"Les Miels de la Champagne accueilleront l\u2019AlterTour le 1er ao\u00fbt \u00e0 Maisons-en-Champagne (51). Une histoire de famille, de passion et d\u2019engagement. Pierre devient apiculteur en 1991. Au d\u00e9but, ses ruches \u00e9taient h\u00e9berg\u00e9es sur les terres de ses parents, ses voisins et ses fr\u00e8res. En 1996, il s\u2019installe \u00e0 Ponthion, \u00e0 ... Read More","og_url":"https:\/\/www.altercampagne.net\/?p=10730","og_site_name":"AlterTour","article_published_time":"2018-06-12T08:00:11+00:00","article_modified_time":"2018-06-14T08:34:03+00:00","og_image":[{"width":1029,"height":538,"url":"https:\/\/www.altercampagne.net\/wp-content\/uploads\/2018\/06\/Les-miels-de-la-champagne-DSC_0448.jpg","type":"image\/jpeg"}],"author":"Mathieu","twitter_card":"summary_large_image","twitter_misc":{"\u00c9crit par":"Mathieu","Dur\u00e9e de lecture estim\u00e9e":"2 minutes"},"schema":{"@context":"https:\/\/schema.org","@graph":[{"@type":"Article","@id":"https:\/\/www.altercampagne.net\/?p=10730#article","isPartOf":{"@id":"https:\/\/www.altercampagne.net\/?p=10730"},"author":{"name":"Mathieu","@id":"https:\/\/www.altercampagne.net\/#\/schema\/person\/0f261460c09e430caa0f9bcffa319109"},"headline":"Fils d\u2019agriculteurs conventionnels, je serai apiculteur bio","datePublished":"2018-06-12T08:00:11+00:00","dateModified":"2018-06-14T08:34:03+00:00","mainEntityOfPage":{"@id":"https:\/\/www.altercampagne.net\/?p=10730"},"wordCount":380,"image":{"@id":"https:\/\/www.altercampagne.net\/?p=10730#primaryimage"},"thumbnailUrl":"https:\/\/www.altercampagne.net\/wp-content\/uploads\/2018\/06\/Les-miels-de-la-champagne-DSC_0448.jpg","keywords":["biodiversit\u00e9","producteurs bio","Abeille","champagne-Ardenne","AlterTour 2018","Marne","Les miels de la Champagne","Champagne","Maisons-en-Champagne","apiculture"],"articleSection":["Agriculture","Grand Est","\u00c9dition 2018","Environnement"],"inLanguage":"fr-FR"},{"@type":"WebPage","@id":"https:\/\/www.altercampagne.net\/?p=10730","url":"https:\/\/www.altercampagne.net\/?p=10730","name":"Fils d\u2019agriculteurs conventionnels, je serai apiculteur bio - AlterTour","isPartOf":{"@id":"https:\/\/www.altercampagne.net\/#website"},"primaryImageOfPage":{"@id":"https:\/\/www.altercampagne.net\/?p=10730#primaryimage"},"image":{"@id":"https:\/\/www.altercampagne.net\/?p=10730#primaryimage"},"thumbnailUrl":"https:\/\/www.altercampagne.net\/wp-content\/uploads\/2018\/06\/Les-miels-de-la-champagne-DSC_0448.jpg","datePublished":"2018-06-12T08:00:11+00:00","dateModified":"2018-06-14T08:34:03+00:00","author":{"@id":"https:\/\/www.altercampagne.net\/#\/schema\/person\/0f261460c09e430caa0f9bcffa319109"},"breadcrumb":{"@id":"https:\/\/www.altercampagne.net\/?p=10730#breadcrumb"},"inLanguage":"fr-FR","potentialAction":[{"@type":"ReadAction","target":["https:\/\/www.altercampagne.net\/?p=10730"]}]},{"@type":"ImageObject","inLanguage":"fr-FR","@id":"https:\/\/www.altercampagne.net\/?p=10730#primaryimage","url":"https:\/\/www.altercampagne.net\/wp-content\/uploads\/2018\/06\/Les-miels-de-la-champagne-DSC_0448.jpg","contentUrl":"https:\/\/www.altercampagne.net\/wp-content\/uploads\/2018\/06\/Les-miels-de-la-champagne-DSC_0448.jpg","width":1029,"height":538},{"@type":"BreadcrumbList","@id":"https:\/\/www.altercampagne.net\/?p=10730#breadcrumb","itemListElement":[{"@type":"ListItem","position":1,"name":"Accueil","item":"https:\/\/www.altercampagne.net\/"},{"@type":"ListItem","position":2,"name":"Fils d\u2019agriculteurs conventionnels, je serai apiculteur bio"}]},{"@type":"WebSite","@id":"https:\/\/www.altercampagne.net\/#website","url":"https:\/\/www.altercampagne.net\/","name":"AlterTour","description":"Reliez les Alternatives \u00e0 v\u00e9lo","potentialAction":[{"@type":"SearchAction","target":{"@type":"EntryPoint","urlTemplate":"https:\/\/www.altercampagne.net\/?s={search_term_string}"},"query-input":{"@type":"PropertyValueSpecification","valueRequired":true,"valueName":"search_term_string"}}],"inLanguage":"fr-FR"},{"@type":"Person","@id":"https:\/\/www.altercampagne.net\/#\/schema\/person\/0f261460c09e430caa0f9bcffa319109","name":"Mathieu","image":{"@type":"ImageObject","inLanguage":"fr-FR","@id":"https:\/\/secure.gravatar.com\/avatar\/aa9d3d24c83f2141e5e2709d0f63d09a99f6be6bb7a50abc4915838d9f54501a?s=96&d=mm&r=g","url":"https:\/\/secure.gravatar.com\/avatar\/aa9d3d24c83f2141e5e2709d0f63d09a99f6be6bb7a50abc4915838d9f54501a?s=96&d=mm&r=g","contentUrl":"https:\/\/secure.gravatar.com\/avatar\/aa9d3d24c83f2141e5e2709d0f63d09a99f6be6bb7a50abc4915838d9f54501a?s=96&d=mm&r=g","caption":"Mathieu"},"url":"https:\/\/www.altercampagne.net\/?author=214"}]}},"_links":{"self":[{"href":"https:\/\/www.altercampagne.net\/index.php?rest_route=\/wp\/v2\/posts\/10730","targetHints":{"allow":["GET"]}}],"collection":[{"href":"https:\/\/www.altercampagne.net\/index.php?rest_route=\/wp\/v2\/posts"}],"about":[{"href":"https:\/\/www.altercampagne.net\/index.php?rest_route=\/wp\/v2\/types\/post"}],"author":[{"embeddable":true,"href":"https:\/\/www.altercampagne.net\/index.php?rest_route=\/wp\/v2\/users\/214"}],"replies":[{"embeddable":true,"href":"https:\/\/www.altercampagne.net\/index.php?rest_route=%2Fwp%2Fv2%2Fcomments&post=10730"}],"version-history":[{"count":0,"href":"https:\/\/www.altercampagne.net\/index.php?rest_route=\/wp\/v2\/posts\/10730\/revisions"}],"wp:featuredmedia":[{"embeddable":true,"href":"https:\/\/www.altercampagne.net\/index.php?rest_route=\/wp\/v2\/media\/10746"}],"wp:attachment":[{"href":"https:\/\/www.altercampagne.net\/index.php?rest_route=%2Fwp%2Fv2%2Fmedia&parent=10730"}],"wp:term":[{"taxonomy":"category","embeddable":true,"href":"https:\/\/www.altercampagne.net\/index.php?rest_route=%2Fwp%2Fv2%2Fcategories&post=10730"},{"taxonomy":"post_tag","embeddable":true,"href":"https:\/\/www.altercampagne.net\/index.php?rest_route=%2Fwp%2Fv2%2Ftags&post=10730"}],"curies":[{"name":"wp","href":"https:\/\/api.w.org\/{rel}","templated":true}]}}