{"id":10758,"date":"2018-06-14T08:00:19","date_gmt":"2018-06-14T06:00:19","guid":{"rendered":"http:\/\/www.altercampagne.net\/?p=10758"},"modified":"2018-06-14T09:35:53","modified_gmt":"2018-06-14T07:35:53","slug":"lepi-une-epicerie-pas-comme-les-autres","status":"publish","type":"post","link":"https:\/\/www.altercampagne.net\/?p=10758","title":{"rendered":"L&rsquo;EPI, une \u00e9picerie pas comme les autres"},"content":{"rendered":"<p><strong><a href=\"https:\/\/monepi.fr\/castelfortain\" target=\"_blank\" rel=\"noopener\">L&rsquo;Epi Castelfortain<\/a><\/strong> accueillera l&rsquo;AlterTour le 22 juillet \u00e0 Ch\u00e2teaufort (78).<\/p>\n<h5>Le meilleur des produits bio, au prix du gros<\/h5>\n<p class=\"Corps\">Oy\u00e9, oy\u00e9, citoyens castelfortains, l\u2019\u00e9picier est de retour au village ! Avec des \u00e9tals bien garnis et des prix \u00e0 faire p\u00e2lir d\u2019envie les grandes enseignes. Il y a deux ans et demi, un groupe d\u2019\u00e9lus et d\u2019habitants, lass\u00e9s de prendre leur voiture pour aller remplir un caddie \u00e0 des kilom\u00e8tres de chez eux, passent \u00e0 l\u2019action. Ils cr\u00e9ent la premi\u00e8re <a href=\"https:\/\/www.monepi.fr\" target=\"_blank\" rel=\"noopener\">Epicerie Participative Int\u00e9grale<\/a> (Epi) selon un principe simple : proposer au prix de gros le meilleur des produits bio du canton, s\u00e9lectionn\u00e9s par les adh\u00e9rents eux-m\u00eames. En court-circuitant le distributeur et en faisant participer les gens \u00e0 la gestion de la boutique, l\u2019Epi offre un rapport qualit\u00e9-prix imbattable.<\/p>\n<h5>Retisser du lien social<\/h5>\n<p class=\"Corps\">Une centaine de familles y font r\u00e9guli\u00e8rement leurs courses, en commandant par Internet ou en se rendant directement \u00e0 l\u2019\u00e9picerie. Un lieu tout sauf commercial, o\u00f9 l\u2019on peut prendre un caf\u00e9 gratis et retisser du lien social. Le mod\u00e8le a d\u00e9j\u00e0 s\u00e9duit une cinquantaine d\u2019autres communes fran\u00e7aises. Et ce n\u2019est qu\u2019un d\u00e9but.<\/p>\n<h5>Changer\u00a0la r\u00e8<span lang=\"DE\">gle\u00a0<\/span>\u00e9conomique<\/h5>\n<p class=\"Pardfaut\">\u00ab Un espoir existe avec la prise de conscience du \u00ab\u00a0citoyen\u00a0consommateur\u00a0\u00bb, qui peut changer\u00a0la r\u00e8<span lang=\"DE\">gle\u00a0<\/span>\u00e9conomique pour un monde plus propre, plus \u00e9quitable, plus solidaire. En tant que maillon final du syst\u00e8me \u00e9conomique, il choisit comment utiliser son argent. A lui de construire l\u2019alternative aux choix industriels actuels et de se prendre en main comme certains le font avec les Epi.\u00a0\u00bb<\/p>\n<p class=\"Pardfaut\" style=\"text-align: right;\"><strong>Alain, administrateur de l\u2019Epi castelfortain<\/strong><b><\/b><\/p>\n<p>&nbsp;<\/p>\n<p>L&rsquo;Epi Castelfortain accueillera l\u2019AlterTour le 22 juillet \u00e0 Ch\u00e2teaufort (78). Pour plus d\u2019infos consultez le <strong><a href=\"http:\/\/www.altercampagne.net\/?page_id=10352\">programme<\/a><\/strong>.<\/p>\n","protected":false},"excerpt":{"rendered":"<p>L&rsquo;Epi Castelfortain accueillera l&rsquo;AlterTour le 22 juillet \u00e0 Ch\u00e2teaufort (78). Le meilleur des produits bio, au prix du gros Oy\u00e9, oy\u00e9, citoyens castelfortains, l\u2019\u00e9picier est de retour au village ! Avec des \u00e9tals bien garnis et des prix \u00e0 faire p\u00e2lir d\u2019envie les grandes enseignes. Il y a deux ans &#8230; <\/p>\n<div><a href=\"https:\/\/www.altercampagne.net\/?p=10758\" class=\"more-link\">Read More<\/a><\/div>\n","protected":false},"author":204,"featured_media":10792,"comment_status":"closed","ping_status":"closed","sticky":false,"template":"","format":"standard","meta":{"footnotes":""},"categories":[3489,3484,3470,3477],"tags":[651,1490,2120,2502,3221,3594,3595,3598],"class_list":["post-10758","post","type-post","status-publish","format-standard","has-post-thumbnail","hentry","category-alimentation","category-economie","category-edition-2018","category-ile-de-france","tag-producteurs-bio","tag-ile-de-france","tag-yvelines","tag-epicerie-cooperative","tag-altertour-2018","tag-epicerie","tag-participatif","tag-epi-castelfortain"],"yoast_head":"<!-- This site is optimized with the Yoast SEO plugin v27.3 - https:\/\/yoast.com\/product\/yoast-seo-wordpress\/ -->\n<title>L&#039;EPI, une \u00e9picerie pas comme les autres - AlterTour<\/title>\n<meta name=\"robots\" content=\"index, follow, max-snippet:-1, max-image-preview:large, max-video-preview:-1\" \/>\n<link rel=\"canonical\" href=\"https:\/\/www.altercampagne.net\/?p=10758\" \/>\n<meta property=\"og:locale\" content=\"fr_FR\" \/>\n<meta property=\"og:type\" content=\"article\" \/>\n<meta property=\"og:title\" content=\"L&#039;EPI, une \u00e9picerie pas comme les autres - AlterTour\" \/>\n<meta property=\"og:description\" content=\"L&rsquo;Epi Castelfortain accueillera l&rsquo;AlterTour le 22 juillet \u00e0 Ch\u00e2teaufort (78). Le meilleur des produits bio, au prix du gros Oy\u00e9, oy\u00e9, citoyens castelfortains, l\u2019\u00e9picier est de retour au village ! Avec des \u00e9tals bien garnis et des prix \u00e0 faire p\u00e2lir d\u2019envie les grandes enseignes. Il y a deux ans ... Read More\" \/>\n<meta property=\"og:url\" content=\"https:\/\/www.altercampagne.net\/?p=10758\" \/>\n<meta property=\"og:site_name\" content=\"AlterTour\" \/>\n<meta property=\"article:published_time\" content=\"2018-06-14T06:00:19+00:00\" \/>\n<meta property=\"article:modified_time\" content=\"2018-06-14T07:35:53+00:00\" \/>\n<meta property=\"og:image\" content=\"https:\/\/www.altercampagne.net\/wp-content\/uploads\/2018\/06\/Epi-Castelflorain-photo-1.jpg\" \/>\n\t<meta property=\"og:image:width\" content=\"1000\" \/>\n\t<meta property=\"og:image:height\" content=\"523\" \/>\n\t<meta property=\"og:image:type\" content=\"image\/jpeg\" \/>\n<meta name=\"author\" content=\"Samy\" \/>\n<meta name=\"twitter:card\" content=\"summary_large_image\" \/>\n<meta name=\"twitter:label1\" content=\"\u00c9crit par\" \/>\n\t<meta name=\"twitter:data1\" content=\"Samy\" \/>\n\t<meta name=\"twitter:label2\" content=\"Dur\u00e9e de lecture estim\u00e9e\" \/>\n\t<meta name=\"twitter:data2\" content=\"1 minute\" \/>\n<script type=\"application\/ld+json\" class=\"yoast-schema-graph\">{\"@context\":\"https:\\\/\\\/schema.org\",\"@graph\":[{\"@type\":\"Article\",\"@id\":\"https:\\\/\\\/www.altercampagne.net\\\/?p=10758#article\",\"isPartOf\":{\"@id\":\"https:\\\/\\\/www.altercampagne.net\\\/?p=10758\"},\"author\":{\"name\":\"Samy\",\"@id\":\"https:\\\/\\\/www.altercampagne.net\\\/#\\\/schema\\\/person\\\/349e2885b46b5f4b7d0d9be5b9c8672c\"},\"headline\":\"L&rsquo;EPI, une \u00e9picerie pas comme les autres\",\"datePublished\":\"2018-06-14T06:00:19+00:00\",\"dateModified\":\"2018-06-14T07:35:53+00:00\",\"mainEntityOfPage\":{\"@id\":\"https:\\\/\\\/www.altercampagne.net\\\/?p=10758\"},\"wordCount\":308,\"image\":{\"@id\":\"https:\\\/\\\/www.altercampagne.net\\\/?p=10758#primaryimage\"},\"thumbnailUrl\":\"https:\\\/\\\/www.altercampagne.net\\\/wp-content\\\/uploads\\\/2018\\\/06\\\/Epi-Castelflorain-photo-1.jpg\",\"keywords\":[\"producteurs bio\",\"ile-de-france\",\"Yvelines\",\"\u00e9picerie coop\u00e9rative\",\"AlterTour 2018\",\"\u00e9picerie\",\"participatif\",\"Epi Castelfortain\"],\"articleSection\":[\"Alimentation\",\"\u00c9conomie\",\"\u00c9dition 2018\",\"\u00cele-de-France\"],\"inLanguage\":\"fr-FR\"},{\"@type\":\"WebPage\",\"@id\":\"https:\\\/\\\/www.altercampagne.net\\\/?p=10758\",\"url\":\"https:\\\/\\\/www.altercampagne.net\\\/?p=10758\",\"name\":\"L'EPI, une \u00e9picerie pas comme les autres - AlterTour\",\"isPartOf\":{\"@id\":\"https:\\\/\\\/www.altercampagne.net\\\/#website\"},\"primaryImageOfPage\":{\"@id\":\"https:\\\/\\\/www.altercampagne.net\\\/?p=10758#primaryimage\"},\"image\":{\"@id\":\"https:\\\/\\\/www.altercampagne.net\\\/?p=10758#primaryimage\"},\"thumbnailUrl\":\"https:\\\/\\\/www.altercampagne.net\\\/wp-content\\\/uploads\\\/2018\\\/06\\\/Epi-Castelflorain-photo-1.jpg\",\"datePublished\":\"2018-06-14T06:00:19+00:00\",\"dateModified\":\"2018-06-14T07:35:53+00:00\",\"author\":{\"@id\":\"https:\\\/\\\/www.altercampagne.net\\\/#\\\/schema\\\/person\\\/349e2885b46b5f4b7d0d9be5b9c8672c\"},\"breadcrumb\":{\"@id\":\"https:\\\/\\\/www.altercampagne.net\\\/?p=10758#breadcrumb\"},\"inLanguage\":\"fr-FR\",\"potentialAction\":[{\"@type\":\"ReadAction\",\"target\":[\"https:\\\/\\\/www.altercampagne.net\\\/?p=10758\"]}]},{\"@type\":\"ImageObject\",\"inLanguage\":\"fr-FR\",\"@id\":\"https:\\\/\\\/www.altercampagne.net\\\/?p=10758#primaryimage\",\"url\":\"https:\\\/\\\/www.altercampagne.net\\\/wp-content\\\/uploads\\\/2018\\\/06\\\/Epi-Castelflorain-photo-1.jpg\",\"contentUrl\":\"https:\\\/\\\/www.altercampagne.net\\\/wp-content\\\/uploads\\\/2018\\\/06\\\/Epi-Castelflorain-photo-1.jpg\",\"width\":1000,\"height\":523},{\"@type\":\"BreadcrumbList\",\"@id\":\"https:\\\/\\\/www.altercampagne.net\\\/?p=10758#breadcrumb\",\"itemListElement\":[{\"@type\":\"ListItem\",\"position\":1,\"name\":\"Accueil\",\"item\":\"https:\\\/\\\/www.altercampagne.net\\\/\"},{\"@type\":\"ListItem\",\"position\":2,\"name\":\"L&rsquo;EPI, une \u00e9picerie pas comme les autres\"}]},{\"@type\":\"WebSite\",\"@id\":\"https:\\\/\\\/www.altercampagne.net\\\/#website\",\"url\":\"https:\\\/\\\/www.altercampagne.net\\\/\",\"name\":\"AlterTour\",\"description\":\"Reliez les Alternatives \u00e0 v\u00e9lo\",\"potentialAction\":[{\"@type\":\"SearchAction\",\"target\":{\"@type\":\"EntryPoint\",\"urlTemplate\":\"https:\\\/\\\/www.altercampagne.net\\\/?s={search_term_string}\"},\"query-input\":{\"@type\":\"PropertyValueSpecification\",\"valueRequired\":true,\"valueName\":\"search_term_string\"}}],\"inLanguage\":\"fr-FR\"},{\"@type\":\"Person\",\"@id\":\"https:\\\/\\\/www.altercampagne.net\\\/#\\\/schema\\\/person\\\/349e2885b46b5f4b7d0d9be5b9c8672c\",\"name\":\"Samy\",\"image\":{\"@type\":\"ImageObject\",\"inLanguage\":\"fr-FR\",\"@id\":\"https:\\\/\\\/secure.gravatar.com\\\/avatar\\\/d97191fc70ef9e74c69fe5933391243affe997eefb5a8695034b51cd67d48869?s=96&d=mm&r=g\",\"url\":\"https:\\\/\\\/secure.gravatar.com\\\/avatar\\\/d97191fc70ef9e74c69fe5933391243affe997eefb5a8695034b51cd67d48869?s=96&d=mm&r=g\",\"contentUrl\":\"https:\\\/\\\/secure.gravatar.com\\\/avatar\\\/d97191fc70ef9e74c69fe5933391243affe997eefb5a8695034b51cd67d48869?s=96&d=mm&r=g\",\"caption\":\"Samy\"},\"url\":\"https:\\\/\\\/www.altercampagne.net\\\/?author=204\"}]}<\/script>\n<!-- \/ Yoast SEO plugin. -->","yoast_head_json":{"title":"L'EPI, une \u00e9picerie pas comme les autres - AlterTour","robots":{"index":"index","follow":"follow","max-snippet":"max-snippet:-1","max-image-preview":"max-image-preview:large","max-video-preview":"max-video-preview:-1"},"canonical":"https:\/\/www.altercampagne.net\/?p=10758","og_locale":"fr_FR","og_type":"article","og_title":"L'EPI, une \u00e9picerie pas comme les autres - AlterTour","og_description":"L&rsquo;Epi Castelfortain accueillera l&rsquo;AlterTour le 22 juillet \u00e0 Ch\u00e2teaufort (78). Le meilleur des produits bio, au prix du gros Oy\u00e9, oy\u00e9, citoyens castelfortains, l\u2019\u00e9picier est de retour au village ! Avec des \u00e9tals bien garnis et des prix \u00e0 faire p\u00e2lir d\u2019envie les grandes enseignes. Il y a deux ans ... Read More","og_url":"https:\/\/www.altercampagne.net\/?p=10758","og_site_name":"AlterTour","article_published_time":"2018-06-14T06:00:19+00:00","article_modified_time":"2018-06-14T07:35:53+00:00","og_image":[{"width":1000,"height":523,"url":"https:\/\/www.altercampagne.net\/wp-content\/uploads\/2018\/06\/Epi-Castelflorain-photo-1.jpg","type":"image\/jpeg"}],"author":"Samy","twitter_card":"summary_large_image","twitter_misc":{"\u00c9crit par":"Samy","Dur\u00e9e de lecture estim\u00e9e":"1 minute"},"schema":{"@context":"https:\/\/schema.org","@graph":[{"@type":"Article","@id":"https:\/\/www.altercampagne.net\/?p=10758#article","isPartOf":{"@id":"https:\/\/www.altercampagne.net\/?p=10758"},"author":{"name":"Samy","@id":"https:\/\/www.altercampagne.net\/#\/schema\/person\/349e2885b46b5f4b7d0d9be5b9c8672c"},"headline":"L&rsquo;EPI, une \u00e9picerie pas comme les autres","datePublished":"2018-06-14T06:00:19+00:00","dateModified":"2018-06-14T07:35:53+00:00","mainEntityOfPage":{"@id":"https:\/\/www.altercampagne.net\/?p=10758"},"wordCount":308,"image":{"@id":"https:\/\/www.altercampagne.net\/?p=10758#primaryimage"},"thumbnailUrl":"https:\/\/www.altercampagne.net\/wp-content\/uploads\/2018\/06\/Epi-Castelflorain-photo-1.jpg","keywords":["producteurs bio","ile-de-france","Yvelines","\u00e9picerie coop\u00e9rative","AlterTour 2018","\u00e9picerie","participatif","Epi Castelfortain"],"articleSection":["Alimentation","\u00c9conomie","\u00c9dition 2018","\u00cele-de-France"],"inLanguage":"fr-FR"},{"@type":"WebPage","@id":"https:\/\/www.altercampagne.net\/?p=10758","url":"https:\/\/www.altercampagne.net\/?p=10758","name":"L'EPI, une \u00e9picerie pas comme les autres - AlterTour","isPartOf":{"@id":"https:\/\/www.altercampagne.net\/#website"},"primaryImageOfPage":{"@id":"https:\/\/www.altercampagne.net\/?p=10758#primaryimage"},"image":{"@id":"https:\/\/www.altercampagne.net\/?p=10758#primaryimage"},"thumbnailUrl":"https:\/\/www.altercampagne.net\/wp-content\/uploads\/2018\/06\/Epi-Castelflorain-photo-1.jpg","datePublished":"2018-06-14T06:00:19+00:00","dateModified":"2018-06-14T07:35:53+00:00","author":{"@id":"https:\/\/www.altercampagne.net\/#\/schema\/person\/349e2885b46b5f4b7d0d9be5b9c8672c"},"breadcrumb":{"@id":"https:\/\/www.altercampagne.net\/?p=10758#breadcrumb"},"inLanguage":"fr-FR","potentialAction":[{"@type":"ReadAction","target":["https:\/\/www.altercampagne.net\/?p=10758"]}]},{"@type":"ImageObject","inLanguage":"fr-FR","@id":"https:\/\/www.altercampagne.net\/?p=10758#primaryimage","url":"https:\/\/www.altercampagne.net\/wp-content\/uploads\/2018\/06\/Epi-Castelflorain-photo-1.jpg","contentUrl":"https:\/\/www.altercampagne.net\/wp-content\/uploads\/2018\/06\/Epi-Castelflorain-photo-1.jpg","width":1000,"height":523},{"@type":"BreadcrumbList","@id":"https:\/\/www.altercampagne.net\/?p=10758#breadcrumb","itemListElement":[{"@type":"ListItem","position":1,"name":"Accueil","item":"https:\/\/www.altercampagne.net\/"},{"@type":"ListItem","position":2,"name":"L&rsquo;EPI, une \u00e9picerie pas comme les autres"}]},{"@type":"WebSite","@id":"https:\/\/www.altercampagne.net\/#website","url":"https:\/\/www.altercampagne.net\/","name":"AlterTour","description":"Reliez les Alternatives \u00e0 v\u00e9lo","potentialAction":[{"@type":"SearchAction","target":{"@type":"EntryPoint","urlTemplate":"https:\/\/www.altercampagne.net\/?s={search_term_string}"},"query-input":{"@type":"PropertyValueSpecification","valueRequired":true,"valueName":"search_term_string"}}],"inLanguage":"fr-FR"},{"@type":"Person","@id":"https:\/\/www.altercampagne.net\/#\/schema\/person\/349e2885b46b5f4b7d0d9be5b9c8672c","name":"Samy","image":{"@type":"ImageObject","inLanguage":"fr-FR","@id":"https:\/\/secure.gravatar.com\/avatar\/d97191fc70ef9e74c69fe5933391243affe997eefb5a8695034b51cd67d48869?s=96&d=mm&r=g","url":"https:\/\/secure.gravatar.com\/avatar\/d97191fc70ef9e74c69fe5933391243affe997eefb5a8695034b51cd67d48869?s=96&d=mm&r=g","contentUrl":"https:\/\/secure.gravatar.com\/avatar\/d97191fc70ef9e74c69fe5933391243affe997eefb5a8695034b51cd67d48869?s=96&d=mm&r=g","caption":"Samy"},"url":"https:\/\/www.altercampagne.net\/?author=204"}]}},"_links":{"self":[{"href":"https:\/\/www.altercampagne.net\/index.php?rest_route=\/wp\/v2\/posts\/10758","targetHints":{"allow":["GET"]}}],"collection":[{"href":"https:\/\/www.altercampagne.net\/index.php?rest_route=\/wp\/v2\/posts"}],"about":[{"href":"https:\/\/www.altercampagne.net\/index.php?rest_route=\/wp\/v2\/types\/post"}],"author":[{"embeddable":true,"href":"https:\/\/www.altercampagne.net\/index.php?rest_route=\/wp\/v2\/users\/204"}],"replies":[{"embeddable":true,"href":"https:\/\/www.altercampagne.net\/index.php?rest_route=%2Fwp%2Fv2%2Fcomments&post=10758"}],"version-history":[{"count":0,"href":"https:\/\/www.altercampagne.net\/index.php?rest_route=\/wp\/v2\/posts\/10758\/revisions"}],"wp:featuredmedia":[{"embeddable":true,"href":"https:\/\/www.altercampagne.net\/index.php?rest_route=\/wp\/v2\/media\/10792"}],"wp:attachment":[{"href":"https:\/\/www.altercampagne.net\/index.php?rest_route=%2Fwp%2Fv2%2Fmedia&parent=10758"}],"wp:term":[{"taxonomy":"category","embeddable":true,"href":"https:\/\/www.altercampagne.net\/index.php?rest_route=%2Fwp%2Fv2%2Fcategories&post=10758"},{"taxonomy":"post_tag","embeddable":true,"href":"https:\/\/www.altercampagne.net\/index.php?rest_route=%2Fwp%2Fv2%2Ftags&post=10758"}],"curies":[{"name":"wp","href":"https:\/\/api.w.org\/{rel}","templated":true}]}}