{"id":10774,"date":"2018-06-18T08:00:12","date_gmt":"2018-06-18T06:00:12","guid":{"rendered":"http:\/\/www.altercampagne.net\/?p=10774"},"modified":"2018-06-18T12:27:43","modified_gmt":"2018-06-18T10:27:43","slug":"a-la-mjc-des-trois-maisons-un-jardin-pour-cultiver-et-vivre-ensemble","status":"publish","type":"post","link":"https:\/\/www.altercampagne.net\/?p=10774","title":{"rendered":"Un jardin pour cultiver et vivre ensemble"},"content":{"rendered":"<p>Le <strong>jardin partag\u00e9 des 3 Maisons<\/strong> accueillera l\u2019AlterTour le 8 ao\u00fbt \u00e0 Nancy.<\/p>\n<h5>Un jardin mara\u00eecher<\/h5>\n<p>Le jardin attenant \u00e0 la<strong> <a href=\"http:\/\/www.mjc3maisons.fr\" target=\"_blank\" rel=\"noopener\">MJC des Trois Maisons<\/a><\/strong>, \u00e9tait en friche depuis 30 ans. Il y a 4 ans, \u00e0 l\u2019initiative de Muriel Cholot, animatrice \u00e0 la MJC, et d\u2019habitants, demande est faite \u00e0 la m\u00e9tropole du Grand Nancy d\u2019occuper le terrain. <strong>Apr\u00e8s d\u00e9frichage avec les premiers b\u00e9n\u00e9voles, les espaces sont d\u00e9velopp\u00e9s pour la culture<\/strong> de mani\u00e8re participative. Rapidement, des connaissances agricoles deviennent n\u00e9cessaires et trois mara\u00eechers se succ\u00e8dent, jusqu\u2019\u00e0 Lucile aujourd\u2019hui, pour s\u2019occuper des 1000 m2 du jardin.<\/p>\n<h5>Un lieu pour vivre ensemble<\/h5>\n<p>Le projet n\u2019a cess\u00e9 d\u2019<strong>\u00e9voluer pour accueillir tous types de publics<\/strong> : habitants, artistes, enfants, jeunes de la protection judiciaire de la jeunesse et personnes en situation de pr\u00e9carit\u00e9. C\u2019est un espace de culture et de loisirs. On y jardine, se partage les r\u00e9coltes et profite de l\u2019espace loisirs, notamment de la piste de p\u00e9tanque. C\u2019est un lieu d\u2019exp\u00e9rimentation de pratiques agricoles \u00e9cologiques, certes, mais aussi du vivre ensemble\u2026<\/p>\n<h5>Un projet citoyen \u00e0 inventer<\/h5>\n<p>\u201cEn 2016, la Mairie de Nancy a voulu r\u00e9cup\u00e9rer le terrain afin de construire des logements. Gr\u00e2ce \u00e0 la mobilisation citoyenne, la municipalit\u00e9 a accord\u00e9 la possibilit\u00e9 de garder le jardin et de r\u00e9fl\u00e9chir \u00e0 la r\u00e9novation du b\u00e2timent. Aujourd\u2019hui, il y a l\u2019opportunit\u00e9 de <strong>construire un projet collectif et de profiter de l\u2019\u00e9nergie citoyenne qui s\u2019est cr\u00e9\u00e9e<\/strong>. \u00a0\u00bb<\/p>\n<p style=\"text-align: right;\"><strong>Lucile, animatrice de la MJC<\/strong><\/p>\n<p>&nbsp;<\/p>\n<p><strong>Le jardin partag\u00e9 de la MJC des 3 Maisons\u00a0<\/strong>accueillera l\u2019AlterTour le 8 ao\u00fbt \u00e0 Nancy. Pour plus d\u2019infos consultez le <strong><a href=\"http:\/\/www.altercampagne.net\/?page_id=10352\">programme<\/a><\/strong>.<\/p>\n","protected":false},"excerpt":{"rendered":"<p>Le jardin partag\u00e9 des 3 Maisons accueillera l\u2019AlterTour le 8 ao\u00fbt \u00e0 Nancy. Un jardin mara\u00eecher Le jardin attenant \u00e0 la MJC des Trois Maisons, \u00e9tait en friche depuis 30 ans. Il y a 4 ans, \u00e0 l\u2019initiative de Muriel Cholot, animatrice \u00e0 la MJC, et d\u2019habitants, demande est faite &#8230; <\/p>\n<div><a href=\"https:\/\/www.altercampagne.net\/?p=10774\" class=\"more-link\">Read More<\/a><\/div>\n","protected":false},"author":155,"featured_media":10798,"comment_status":"closed","ping_status":"closed","sticky":false,"template":"","format":"standard","meta":{"footnotes":""},"categories":[3483,3475,3470,3486,3488],"tags":[26,247,1540,3009,3170,3221,3335,3382,3597],"class_list":["post-10774","post","type-post","status-publish","format-standard","has-post-thumbnail","hentry","category-agriculture","category-grand-est","category-edition-2018","category-environnement","category-social","tag-nancy","tag-lorraine","tag-meurthe-et-moselle","tag-jardins-partages","tag-initiatives-citoyennes","tag-altertour-2018","tag-mjc-des-3-maisons","tag-grand-est","tag-alsace-lorraine"],"yoast_head":"<!-- This site is optimized with the Yoast SEO plugin v27.3 - https:\/\/yoast.com\/product\/yoast-seo-wordpress\/ -->\n<title>Un jardin pour cultiver et vivre ensemble - AlterTour<\/title>\n<meta name=\"robots\" content=\"index, follow, max-snippet:-1, max-image-preview:large, max-video-preview:-1\" \/>\n<link rel=\"canonical\" href=\"https:\/\/www.altercampagne.net\/?p=10774\" \/>\n<meta property=\"og:locale\" content=\"fr_FR\" \/>\n<meta property=\"og:type\" content=\"article\" \/>\n<meta property=\"og:title\" content=\"Un jardin pour cultiver et vivre ensemble - AlterTour\" \/>\n<meta property=\"og:description\" content=\"Le jardin partag\u00e9 des 3 Maisons accueillera l\u2019AlterTour le 8 ao\u00fbt \u00e0 Nancy. Un jardin mara\u00eecher Le jardin attenant \u00e0 la MJC des Trois Maisons, \u00e9tait en friche depuis 30 ans. Il y a 4 ans, \u00e0 l\u2019initiative de Muriel Cholot, animatrice \u00e0 la MJC, et d\u2019habitants, demande est faite ... Read More\" \/>\n<meta property=\"og:url\" content=\"https:\/\/www.altercampagne.net\/?p=10774\" \/>\n<meta property=\"og:site_name\" content=\"AlterTour\" \/>\n<meta property=\"article:published_time\" content=\"2018-06-18T06:00:12+00:00\" \/>\n<meta property=\"article:modified_time\" content=\"2018-06-18T10:27:43+00:00\" \/>\n<meta property=\"og:image\" content=\"https:\/\/www.altercampagne.net\/wp-content\/uploads\/2018\/06\/MJC-des-3-maisons-18194716_10155234236467748_1630598586080423770_n.jpg\" \/>\n\t<meta property=\"og:image:width\" content=\"960\" \/>\n\t<meta property=\"og:image:height\" content=\"502\" \/>\n\t<meta property=\"og:image:type\" content=\"image\/jpeg\" \/>\n<meta name=\"author\" content=\"Victoire\" \/>\n<meta name=\"twitter:card\" content=\"summary_large_image\" \/>\n<meta name=\"twitter:label1\" content=\"\u00c9crit par\" \/>\n\t<meta name=\"twitter:data1\" content=\"Victoire\" \/>\n\t<meta name=\"twitter:label2\" content=\"Dur\u00e9e de lecture estim\u00e9e\" \/>\n\t<meta name=\"twitter:data2\" content=\"1 minute\" \/>\n<script type=\"application\/ld+json\" class=\"yoast-schema-graph\">{\"@context\":\"https:\\\/\\\/schema.org\",\"@graph\":[{\"@type\":\"Article\",\"@id\":\"https:\\\/\\\/www.altercampagne.net\\\/?p=10774#article\",\"isPartOf\":{\"@id\":\"https:\\\/\\\/www.altercampagne.net\\\/?p=10774\"},\"author\":{\"name\":\"Victoire\",\"@id\":\"https:\\\/\\\/www.altercampagne.net\\\/#\\\/schema\\\/person\\\/2f7bbab85298055119be9b6410957bd3\"},\"headline\":\"Un jardin pour cultiver et vivre ensemble\",\"datePublished\":\"2018-06-18T06:00:12+00:00\",\"dateModified\":\"2018-06-18T10:27:43+00:00\",\"mainEntityOfPage\":{\"@id\":\"https:\\\/\\\/www.altercampagne.net\\\/?p=10774\"},\"wordCount\":294,\"image\":{\"@id\":\"https:\\\/\\\/www.altercampagne.net\\\/?p=10774#primaryimage\"},\"thumbnailUrl\":\"https:\\\/\\\/www.altercampagne.net\\\/wp-content\\\/uploads\\\/2018\\\/06\\\/MJC-des-3-maisons-18194716_10155234236467748_1630598586080423770_n.jpg\",\"keywords\":[\"Nancy\",\"Lorraine\",\"Meurthe-et-Moselle\",\"jardins partag\u00e9s\",\"Initiatives citoyennes\",\"AlterTour 2018\",\"MJC des 3 Maisons\",\"Grand Est\",\"Alsace-Lorraine\"],\"articleSection\":[\"Agriculture\",\"Grand Est\",\"\u00c9dition 2018\",\"Environnement\",\"Social\"],\"inLanguage\":\"fr-FR\"},{\"@type\":\"WebPage\",\"@id\":\"https:\\\/\\\/www.altercampagne.net\\\/?p=10774\",\"url\":\"https:\\\/\\\/www.altercampagne.net\\\/?p=10774\",\"name\":\"Un jardin pour cultiver et vivre ensemble - AlterTour\",\"isPartOf\":{\"@id\":\"https:\\\/\\\/www.altercampagne.net\\\/#website\"},\"primaryImageOfPage\":{\"@id\":\"https:\\\/\\\/www.altercampagne.net\\\/?p=10774#primaryimage\"},\"image\":{\"@id\":\"https:\\\/\\\/www.altercampagne.net\\\/?p=10774#primaryimage\"},\"thumbnailUrl\":\"https:\\\/\\\/www.altercampagne.net\\\/wp-content\\\/uploads\\\/2018\\\/06\\\/MJC-des-3-maisons-18194716_10155234236467748_1630598586080423770_n.jpg\",\"datePublished\":\"2018-06-18T06:00:12+00:00\",\"dateModified\":\"2018-06-18T10:27:43+00:00\",\"author\":{\"@id\":\"https:\\\/\\\/www.altercampagne.net\\\/#\\\/schema\\\/person\\\/2f7bbab85298055119be9b6410957bd3\"},\"breadcrumb\":{\"@id\":\"https:\\\/\\\/www.altercampagne.net\\\/?p=10774#breadcrumb\"},\"inLanguage\":\"fr-FR\",\"potentialAction\":[{\"@type\":\"ReadAction\",\"target\":[\"https:\\\/\\\/www.altercampagne.net\\\/?p=10774\"]}]},{\"@type\":\"ImageObject\",\"inLanguage\":\"fr-FR\",\"@id\":\"https:\\\/\\\/www.altercampagne.net\\\/?p=10774#primaryimage\",\"url\":\"https:\\\/\\\/www.altercampagne.net\\\/wp-content\\\/uploads\\\/2018\\\/06\\\/MJC-des-3-maisons-18194716_10155234236467748_1630598586080423770_n.jpg\",\"contentUrl\":\"https:\\\/\\\/www.altercampagne.net\\\/wp-content\\\/uploads\\\/2018\\\/06\\\/MJC-des-3-maisons-18194716_10155234236467748_1630598586080423770_n.jpg\",\"width\":960,\"height\":502},{\"@type\":\"BreadcrumbList\",\"@id\":\"https:\\\/\\\/www.altercampagne.net\\\/?p=10774#breadcrumb\",\"itemListElement\":[{\"@type\":\"ListItem\",\"position\":1,\"name\":\"Accueil\",\"item\":\"https:\\\/\\\/www.altercampagne.net\\\/\"},{\"@type\":\"ListItem\",\"position\":2,\"name\":\"Un jardin pour cultiver et vivre ensemble\"}]},{\"@type\":\"WebSite\",\"@id\":\"https:\\\/\\\/www.altercampagne.net\\\/#website\",\"url\":\"https:\\\/\\\/www.altercampagne.net\\\/\",\"name\":\"AlterTour\",\"description\":\"Reliez les Alternatives \u00e0 v\u00e9lo\",\"potentialAction\":[{\"@type\":\"SearchAction\",\"target\":{\"@type\":\"EntryPoint\",\"urlTemplate\":\"https:\\\/\\\/www.altercampagne.net\\\/?s={search_term_string}\"},\"query-input\":{\"@type\":\"PropertyValueSpecification\",\"valueRequired\":true,\"valueName\":\"search_term_string\"}}],\"inLanguage\":\"fr-FR\"},{\"@type\":\"Person\",\"@id\":\"https:\\\/\\\/www.altercampagne.net\\\/#\\\/schema\\\/person\\\/2f7bbab85298055119be9b6410957bd3\",\"name\":\"Victoire\",\"image\":{\"@type\":\"ImageObject\",\"inLanguage\":\"fr-FR\",\"@id\":\"https:\\\/\\\/secure.gravatar.com\\\/avatar\\\/981b528437b90575aef1e0142c040a240afc14409ddd24ea716a2e310efd266e?s=96&d=mm&r=g\",\"url\":\"https:\\\/\\\/secure.gravatar.com\\\/avatar\\\/981b528437b90575aef1e0142c040a240afc14409ddd24ea716a2e310efd266e?s=96&d=mm&r=g\",\"contentUrl\":\"https:\\\/\\\/secure.gravatar.com\\\/avatar\\\/981b528437b90575aef1e0142c040a240afc14409ddd24ea716a2e310efd266e?s=96&d=mm&r=g\",\"caption\":\"Victoire\"},\"url\":\"https:\\\/\\\/www.altercampagne.net\\\/?author=155\"}]}<\/script>\n<!-- \/ Yoast SEO plugin. -->","yoast_head_json":{"title":"Un jardin pour cultiver et vivre ensemble - AlterTour","robots":{"index":"index","follow":"follow","max-snippet":"max-snippet:-1","max-image-preview":"max-image-preview:large","max-video-preview":"max-video-preview:-1"},"canonical":"https:\/\/www.altercampagne.net\/?p=10774","og_locale":"fr_FR","og_type":"article","og_title":"Un jardin pour cultiver et vivre ensemble - AlterTour","og_description":"Le jardin partag\u00e9 des 3 Maisons accueillera l\u2019AlterTour le 8 ao\u00fbt \u00e0 Nancy. Un jardin mara\u00eecher Le jardin attenant \u00e0 la MJC des Trois Maisons, \u00e9tait en friche depuis 30 ans. Il y a 4 ans, \u00e0 l\u2019initiative de Muriel Cholot, animatrice \u00e0 la MJC, et d\u2019habitants, demande est faite ... Read More","og_url":"https:\/\/www.altercampagne.net\/?p=10774","og_site_name":"AlterTour","article_published_time":"2018-06-18T06:00:12+00:00","article_modified_time":"2018-06-18T10:27:43+00:00","og_image":[{"width":960,"height":502,"url":"https:\/\/www.altercampagne.net\/wp-content\/uploads\/2018\/06\/MJC-des-3-maisons-18194716_10155234236467748_1630598586080423770_n.jpg","type":"image\/jpeg"}],"author":"Victoire","twitter_card":"summary_large_image","twitter_misc":{"\u00c9crit par":"Victoire","Dur\u00e9e de lecture estim\u00e9e":"1 minute"},"schema":{"@context":"https:\/\/schema.org","@graph":[{"@type":"Article","@id":"https:\/\/www.altercampagne.net\/?p=10774#article","isPartOf":{"@id":"https:\/\/www.altercampagne.net\/?p=10774"},"author":{"name":"Victoire","@id":"https:\/\/www.altercampagne.net\/#\/schema\/person\/2f7bbab85298055119be9b6410957bd3"},"headline":"Un jardin pour cultiver et vivre ensemble","datePublished":"2018-06-18T06:00:12+00:00","dateModified":"2018-06-18T10:27:43+00:00","mainEntityOfPage":{"@id":"https:\/\/www.altercampagne.net\/?p=10774"},"wordCount":294,"image":{"@id":"https:\/\/www.altercampagne.net\/?p=10774#primaryimage"},"thumbnailUrl":"https:\/\/www.altercampagne.net\/wp-content\/uploads\/2018\/06\/MJC-des-3-maisons-18194716_10155234236467748_1630598586080423770_n.jpg","keywords":["Nancy","Lorraine","Meurthe-et-Moselle","jardins partag\u00e9s","Initiatives citoyennes","AlterTour 2018","MJC des 3 Maisons","Grand Est","Alsace-Lorraine"],"articleSection":["Agriculture","Grand Est","\u00c9dition 2018","Environnement","Social"],"inLanguage":"fr-FR"},{"@type":"WebPage","@id":"https:\/\/www.altercampagne.net\/?p=10774","url":"https:\/\/www.altercampagne.net\/?p=10774","name":"Un jardin pour cultiver et vivre ensemble - AlterTour","isPartOf":{"@id":"https:\/\/www.altercampagne.net\/#website"},"primaryImageOfPage":{"@id":"https:\/\/www.altercampagne.net\/?p=10774#primaryimage"},"image":{"@id":"https:\/\/www.altercampagne.net\/?p=10774#primaryimage"},"thumbnailUrl":"https:\/\/www.altercampagne.net\/wp-content\/uploads\/2018\/06\/MJC-des-3-maisons-18194716_10155234236467748_1630598586080423770_n.jpg","datePublished":"2018-06-18T06:00:12+00:00","dateModified":"2018-06-18T10:27:43+00:00","author":{"@id":"https:\/\/www.altercampagne.net\/#\/schema\/person\/2f7bbab85298055119be9b6410957bd3"},"breadcrumb":{"@id":"https:\/\/www.altercampagne.net\/?p=10774#breadcrumb"},"inLanguage":"fr-FR","potentialAction":[{"@type":"ReadAction","target":["https:\/\/www.altercampagne.net\/?p=10774"]}]},{"@type":"ImageObject","inLanguage":"fr-FR","@id":"https:\/\/www.altercampagne.net\/?p=10774#primaryimage","url":"https:\/\/www.altercampagne.net\/wp-content\/uploads\/2018\/06\/MJC-des-3-maisons-18194716_10155234236467748_1630598586080423770_n.jpg","contentUrl":"https:\/\/www.altercampagne.net\/wp-content\/uploads\/2018\/06\/MJC-des-3-maisons-18194716_10155234236467748_1630598586080423770_n.jpg","width":960,"height":502},{"@type":"BreadcrumbList","@id":"https:\/\/www.altercampagne.net\/?p=10774#breadcrumb","itemListElement":[{"@type":"ListItem","position":1,"name":"Accueil","item":"https:\/\/www.altercampagne.net\/"},{"@type":"ListItem","position":2,"name":"Un jardin pour cultiver et vivre ensemble"}]},{"@type":"WebSite","@id":"https:\/\/www.altercampagne.net\/#website","url":"https:\/\/www.altercampagne.net\/","name":"AlterTour","description":"Reliez les Alternatives \u00e0 v\u00e9lo","potentialAction":[{"@type":"SearchAction","target":{"@type":"EntryPoint","urlTemplate":"https:\/\/www.altercampagne.net\/?s={search_term_string}"},"query-input":{"@type":"PropertyValueSpecification","valueRequired":true,"valueName":"search_term_string"}}],"inLanguage":"fr-FR"},{"@type":"Person","@id":"https:\/\/www.altercampagne.net\/#\/schema\/person\/2f7bbab85298055119be9b6410957bd3","name":"Victoire","image":{"@type":"ImageObject","inLanguage":"fr-FR","@id":"https:\/\/secure.gravatar.com\/avatar\/981b528437b90575aef1e0142c040a240afc14409ddd24ea716a2e310efd266e?s=96&d=mm&r=g","url":"https:\/\/secure.gravatar.com\/avatar\/981b528437b90575aef1e0142c040a240afc14409ddd24ea716a2e310efd266e?s=96&d=mm&r=g","contentUrl":"https:\/\/secure.gravatar.com\/avatar\/981b528437b90575aef1e0142c040a240afc14409ddd24ea716a2e310efd266e?s=96&d=mm&r=g","caption":"Victoire"},"url":"https:\/\/www.altercampagne.net\/?author=155"}]}},"_links":{"self":[{"href":"https:\/\/www.altercampagne.net\/index.php?rest_route=\/wp\/v2\/posts\/10774","targetHints":{"allow":["GET"]}}],"collection":[{"href":"https:\/\/www.altercampagne.net\/index.php?rest_route=\/wp\/v2\/posts"}],"about":[{"href":"https:\/\/www.altercampagne.net\/index.php?rest_route=\/wp\/v2\/types\/post"}],"author":[{"embeddable":true,"href":"https:\/\/www.altercampagne.net\/index.php?rest_route=\/wp\/v2\/users\/155"}],"replies":[{"embeddable":true,"href":"https:\/\/www.altercampagne.net\/index.php?rest_route=%2Fwp%2Fv2%2Fcomments&post=10774"}],"version-history":[{"count":0,"href":"https:\/\/www.altercampagne.net\/index.php?rest_route=\/wp\/v2\/posts\/10774\/revisions"}],"wp:featuredmedia":[{"embeddable":true,"href":"https:\/\/www.altercampagne.net\/index.php?rest_route=\/wp\/v2\/media\/10798"}],"wp:attachment":[{"href":"https:\/\/www.altercampagne.net\/index.php?rest_route=%2Fwp%2Fv2%2Fmedia&parent=10774"}],"wp:term":[{"taxonomy":"category","embeddable":true,"href":"https:\/\/www.altercampagne.net\/index.php?rest_route=%2Fwp%2Fv2%2Fcategories&post=10774"},{"taxonomy":"post_tag","embeddable":true,"href":"https:\/\/www.altercampagne.net\/index.php?rest_route=%2Fwp%2Fv2%2Ftags&post=10774"}],"curies":[{"name":"wp","href":"https:\/\/api.w.org\/{rel}","templated":true}]}}