{"id":10878,"date":"2018-06-19T08:28:13","date_gmt":"2018-06-19T06:28:13","guid":{"rendered":"http:\/\/www.altercampagne.net\/?p=10878"},"modified":"2018-06-19T10:36:18","modified_gmt":"2018-06-19T08:36:18","slug":"la-faille-de-la-grange-a-la-programmation-artistique","status":"publish","type":"post","link":"https:\/\/www.altercampagne.net\/?p=10878","title":{"rendered":"La Faille : de la grange \u00e0 la programmation artistique"},"content":{"rendered":"<p><strong><a href=\"http:\/\/www.alterboutique.com\/la-faille\/page-qui-sommes-nous_1.html\" target=\"_blank\" rel=\"noopener\">La Faille<\/a><\/strong> accueillera l&rsquo;AlterTour le 12 ao\u00fbt \u00e0\u00a0Badonviller (54).<\/p>\n<h5>Un r\u00eave \u00e9veill\u00e9<\/h5>\n<p>En d\u00e9couvrant la vieille ferme, au d\u00e9tour du chemin des Carri\u00e8res, Lise et Marc se sont mis \u00e0 r\u00eaver&#8230;. Et si on achetait cette maison pour en faire un lieu culturel, un lieu pour faire venir des artistes, des concerts, des \u00e9v\u00e8nements qu\u2019on ne voit pas par ici ? On transformerait cette immense pi\u00e8ce en salle de bal, on ferait de cette grange un espace de concert. Et l\u00e0, il y aurait un bar avec des produits du coin.<\/p>\n<h5>Des gros travaux&#8230;<\/h5>\n<p>Ce r\u00eave \u00e9tait tellement puissant que tous ensemble, ils l\u2019ont rendu possible : se retrousser les manches pour poser 150m<sup>2<\/sup>de plancher, transformer l\u2019ancienne salle de traite en salle de concert-bar, construire des toilettes s\u00e8ches, trouver le mat\u00e9riel de r\u00e9cup\u2019 pour tous ces travaux&#8230; En 2011 l\u2019association La Faille na\u00eet.<\/p>\n<p><a href=\"http:\/\/www.altercampagne.net\/wp-content\/uploads\/2018\/06\/La-Faille.jpg\"><img loading=\"lazy\" decoding=\"async\" class=\" wp-image-10880 aligncenter\" src=\"http:\/\/www.altercampagne.net\/wp-content\/uploads\/2018\/06\/La-Faille-300x180.jpg\" alt=\"\" width=\"492\" height=\"295\" srcset=\"https:\/\/www.altercampagne.net\/wp-content\/uploads\/2018\/06\/La-Faille-300x180.jpg 300w, https:\/\/www.altercampagne.net\/wp-content\/uploads\/2018\/06\/La-Faille-610x365.jpg 610w, https:\/\/www.altercampagne.net\/wp-content\/uploads\/2018\/06\/La-Faille-100x60.jpg 100w, https:\/\/www.altercampagne.net\/wp-content\/uploads\/2018\/06\/La-Faille.jpg 685w\" sizes=\"auto, (max-width: 492px) 100vw, 492px\" \/><\/a><\/p>\n<h5>&#8230; \u00e0 la programmation culturelle d&rsquo;aujourd&rsquo;hui<\/h5>\n<p>Depuis, elle organise les \u00e9v\u00e8nements, apporte dans ce petit coin de campagne des cultures qui n\u2019y seraient pas venues : concerts, spectacle de clown po\u00e9tique, carnaval, soir\u00e9e \u201cCotton Club\u201d. Et\u00a0des bals pour danser !<\/p>\n<p style=\"text-align: center;\"><a href=\"http:\/\/www.altercampagne.net\/wp-content\/uploads\/2018\/06\/La-Faille-La-salle-copie.jpg\"><img loading=\"lazy\" decoding=\"async\" class=\"alignnone wp-image-10883\" src=\"http:\/\/www.altercampagne.net\/wp-content\/uploads\/2018\/06\/La-Faille-La-salle-copie-300x300.jpg\" alt=\"\" width=\"473\" height=\"473\" srcset=\"https:\/\/www.altercampagne.net\/wp-content\/uploads\/2018\/06\/La-Faille-La-salle-copie-300x300.jpg 300w, https:\/\/www.altercampagne.net\/wp-content\/uploads\/2018\/06\/La-Faille-La-salle-copie-150x150.jpg 150w, https:\/\/www.altercampagne.net\/wp-content\/uploads\/2018\/06\/La-Faille-La-salle-copie-100x100.jpg 100w, https:\/\/www.altercampagne.net\/wp-content\/uploads\/2018\/06\/La-Faille-La-salle-copie.jpg 425w\" sizes=\"auto, (max-width: 473px) 100vw, 473px\" \/><\/a><\/p>\n<h5><em>Quand on veut, on peut ! <\/em><\/h5>\n<p><em>\u201c On a tout fait, c\u2019est ce qui est fou dans cette aventure. <\/em><em>Le carnaval est aujourd\u2019hui repris par le comit\u00e9 des f\u00eates. On a m\u00eame pr\u00e9par\u00e9 ensemble l\u2019\u00e9dition 2018 ! \u201d \u00a0 \u00a0 \u00a0<\/em>Lise, membre fondatrice<\/p>\n<p>La Faille accueillera l&rsquo;AlterTour le 12 ao\u00fbt \u00e0\u00a0Badonviller (54). Pour plus d\u2019infos consultez le <strong><a href=\"http:\/\/www.altercampagne.net\/?page_id=10352\">programme<\/a><\/strong>.<\/p>\n","protected":false},"excerpt":{"rendered":"<p>La Faille accueillera l&rsquo;AlterTour le 12 ao\u00fbt \u00e0\u00a0Badonviller (54). Un r\u00eave \u00e9veill\u00e9 En d\u00e9couvrant la vieille ferme, au d\u00e9tour du chemin des Carri\u00e8res, Lise et Marc se sont mis \u00e0 r\u00eaver&#8230;. Et si on achetait cette maison pour en faire un lieu culturel, un lieu pour faire venir des artistes, &#8230; <\/p>\n<div><a href=\"https:\/\/www.altercampagne.net\/?p=10878\" class=\"more-link\">Read More<\/a><\/div>\n","protected":false},"author":147,"featured_media":10884,"comment_status":"closed","ping_status":"closed","sticky":false,"template":"","format":"standard","meta":{"footnotes":""},"categories":[3490,3475,3470],"tags":[],"class_list":["post-10878","post","type-post","status-publish","format-standard","has-post-thumbnail","hentry","category-culture","category-grand-est","category-edition-2018"],"yoast_head":"<!-- This site is optimized with the Yoast SEO plugin v27.3 - https:\/\/yoast.com\/product\/yoast-seo-wordpress\/ -->\n<title>La Faille : de la grange \u00e0 la programmation artistique - AlterTour<\/title>\n<meta name=\"robots\" content=\"index, follow, max-snippet:-1, max-image-preview:large, max-video-preview:-1\" \/>\n<link rel=\"canonical\" href=\"https:\/\/www.altercampagne.net\/?p=10878\" \/>\n<meta property=\"og:locale\" content=\"fr_FR\" \/>\n<meta property=\"og:type\" content=\"article\" \/>\n<meta property=\"og:title\" content=\"La Faille : de la grange \u00e0 la programmation artistique - AlterTour\" \/>\n<meta property=\"og:description\" content=\"La Faille accueillera l&rsquo;AlterTour le 12 ao\u00fbt \u00e0\u00a0Badonviller (54). Un r\u00eave \u00e9veill\u00e9 En d\u00e9couvrant la vieille ferme, au d\u00e9tour du chemin des Carri\u00e8res, Lise et Marc se sont mis \u00e0 r\u00eaver&#8230;. Et si on achetait cette maison pour en faire un lieu culturel, un lieu pour faire venir des artistes, ... Read More\" \/>\n<meta property=\"og:url\" content=\"https:\/\/www.altercampagne.net\/?p=10878\" \/>\n<meta property=\"og:site_name\" content=\"AlterTour\" \/>\n<meta property=\"article:published_time\" content=\"2018-06-19T06:28:13+00:00\" \/>\n<meta property=\"article:modified_time\" content=\"2018-06-19T08:36:18+00:00\" \/>\n<meta property=\"og:image\" content=\"https:\/\/www.altercampagne.net\/wp-content\/uploads\/2018\/06\/La-Faille_concert.png\" \/>\n\t<meta property=\"og:image:width\" content=\"975\" \/>\n\t<meta property=\"og:image:height\" content=\"511\" \/>\n\t<meta property=\"og:image:type\" content=\"image\/png\" \/>\n<meta name=\"author\" content=\"Aur\u00e9lie\" \/>\n<meta name=\"twitter:card\" content=\"summary_large_image\" \/>\n<meta name=\"twitter:label1\" content=\"\u00c9crit par\" \/>\n\t<meta name=\"twitter:data1\" content=\"Aur\u00e9lie\" \/>\n\t<meta name=\"twitter:label2\" content=\"Dur\u00e9e de lecture estim\u00e9e\" \/>\n\t<meta name=\"twitter:data2\" content=\"1 minute\" \/>\n<script type=\"application\/ld+json\" class=\"yoast-schema-graph\">{\"@context\":\"https:\\\/\\\/schema.org\",\"@graph\":[{\"@type\":\"Article\",\"@id\":\"https:\\\/\\\/www.altercampagne.net\\\/?p=10878#article\",\"isPartOf\":{\"@id\":\"https:\\\/\\\/www.altercampagne.net\\\/?p=10878\"},\"author\":{\"name\":\"Aur\u00e9lie\",\"@id\":\"https:\\\/\\\/www.altercampagne.net\\\/#\\\/schema\\\/person\\\/078c9b1f84f594fba3d958c5d5d3d2a4\"},\"headline\":\"La Faille : de la grange \u00e0 la programmation artistique\",\"datePublished\":\"2018-06-19T06:28:13+00:00\",\"dateModified\":\"2018-06-19T08:36:18+00:00\",\"mainEntityOfPage\":{\"@id\":\"https:\\\/\\\/www.altercampagne.net\\\/?p=10878\"},\"wordCount\":265,\"image\":{\"@id\":\"https:\\\/\\\/www.altercampagne.net\\\/?p=10878#primaryimage\"},\"thumbnailUrl\":\"https:\\\/\\\/www.altercampagne.net\\\/wp-content\\\/uploads\\\/2018\\\/06\\\/La-Faille_concert.png\",\"articleSection\":[\"Culture\",\"Grand Est\",\"\u00c9dition 2018\"],\"inLanguage\":\"fr-FR\"},{\"@type\":\"WebPage\",\"@id\":\"https:\\\/\\\/www.altercampagne.net\\\/?p=10878\",\"url\":\"https:\\\/\\\/www.altercampagne.net\\\/?p=10878\",\"name\":\"La Faille : de la grange \u00e0 la programmation artistique - AlterTour\",\"isPartOf\":{\"@id\":\"https:\\\/\\\/www.altercampagne.net\\\/#website\"},\"primaryImageOfPage\":{\"@id\":\"https:\\\/\\\/www.altercampagne.net\\\/?p=10878#primaryimage\"},\"image\":{\"@id\":\"https:\\\/\\\/www.altercampagne.net\\\/?p=10878#primaryimage\"},\"thumbnailUrl\":\"https:\\\/\\\/www.altercampagne.net\\\/wp-content\\\/uploads\\\/2018\\\/06\\\/La-Faille_concert.png\",\"datePublished\":\"2018-06-19T06:28:13+00:00\",\"dateModified\":\"2018-06-19T08:36:18+00:00\",\"author\":{\"@id\":\"https:\\\/\\\/www.altercampagne.net\\\/#\\\/schema\\\/person\\\/078c9b1f84f594fba3d958c5d5d3d2a4\"},\"breadcrumb\":{\"@id\":\"https:\\\/\\\/www.altercampagne.net\\\/?p=10878#breadcrumb\"},\"inLanguage\":\"fr-FR\",\"potentialAction\":[{\"@type\":\"ReadAction\",\"target\":[\"https:\\\/\\\/www.altercampagne.net\\\/?p=10878\"]}]},{\"@type\":\"ImageObject\",\"inLanguage\":\"fr-FR\",\"@id\":\"https:\\\/\\\/www.altercampagne.net\\\/?p=10878#primaryimage\",\"url\":\"https:\\\/\\\/www.altercampagne.net\\\/wp-content\\\/uploads\\\/2018\\\/06\\\/La-Faille_concert.png\",\"contentUrl\":\"https:\\\/\\\/www.altercampagne.net\\\/wp-content\\\/uploads\\\/2018\\\/06\\\/La-Faille_concert.png\",\"width\":975,\"height\":511},{\"@type\":\"BreadcrumbList\",\"@id\":\"https:\\\/\\\/www.altercampagne.net\\\/?p=10878#breadcrumb\",\"itemListElement\":[{\"@type\":\"ListItem\",\"position\":1,\"name\":\"Accueil\",\"item\":\"https:\\\/\\\/www.altercampagne.net\\\/\"},{\"@type\":\"ListItem\",\"position\":2,\"name\":\"La Faille : de la grange \u00e0 la programmation artistique\"}]},{\"@type\":\"WebSite\",\"@id\":\"https:\\\/\\\/www.altercampagne.net\\\/#website\",\"url\":\"https:\\\/\\\/www.altercampagne.net\\\/\",\"name\":\"AlterTour\",\"description\":\"Reliez les Alternatives \u00e0 v\u00e9lo\",\"potentialAction\":[{\"@type\":\"SearchAction\",\"target\":{\"@type\":\"EntryPoint\",\"urlTemplate\":\"https:\\\/\\\/www.altercampagne.net\\\/?s={search_term_string}\"},\"query-input\":{\"@type\":\"PropertyValueSpecification\",\"valueRequired\":true,\"valueName\":\"search_term_string\"}}],\"inLanguage\":\"fr-FR\"},{\"@type\":\"Person\",\"@id\":\"https:\\\/\\\/www.altercampagne.net\\\/#\\\/schema\\\/person\\\/078c9b1f84f594fba3d958c5d5d3d2a4\",\"name\":\"Aur\u00e9lie\",\"image\":{\"@type\":\"ImageObject\",\"inLanguage\":\"fr-FR\",\"@id\":\"https:\\\/\\\/secure.gravatar.com\\\/avatar\\\/c3390cc4122e61833b71b3de0e995e002f478f2363ee06287f4006cc655b8a2f?s=96&d=mm&r=g\",\"url\":\"https:\\\/\\\/secure.gravatar.com\\\/avatar\\\/c3390cc4122e61833b71b3de0e995e002f478f2363ee06287f4006cc655b8a2f?s=96&d=mm&r=g\",\"contentUrl\":\"https:\\\/\\\/secure.gravatar.com\\\/avatar\\\/c3390cc4122e61833b71b3de0e995e002f478f2363ee06287f4006cc655b8a2f?s=96&d=mm&r=g\",\"caption\":\"Aur\u00e9lie\"},\"url\":\"https:\\\/\\\/www.altercampagne.net\\\/?author=147\"}]}<\/script>\n<!-- \/ Yoast SEO plugin. -->","yoast_head_json":{"title":"La Faille : de la grange \u00e0 la programmation artistique - AlterTour","robots":{"index":"index","follow":"follow","max-snippet":"max-snippet:-1","max-image-preview":"max-image-preview:large","max-video-preview":"max-video-preview:-1"},"canonical":"https:\/\/www.altercampagne.net\/?p=10878","og_locale":"fr_FR","og_type":"article","og_title":"La Faille : de la grange \u00e0 la programmation artistique - AlterTour","og_description":"La Faille accueillera l&rsquo;AlterTour le 12 ao\u00fbt \u00e0\u00a0Badonviller (54). Un r\u00eave \u00e9veill\u00e9 En d\u00e9couvrant la vieille ferme, au d\u00e9tour du chemin des Carri\u00e8res, Lise et Marc se sont mis \u00e0 r\u00eaver&#8230;. Et si on achetait cette maison pour en faire un lieu culturel, un lieu pour faire venir des artistes, ... Read More","og_url":"https:\/\/www.altercampagne.net\/?p=10878","og_site_name":"AlterTour","article_published_time":"2018-06-19T06:28:13+00:00","article_modified_time":"2018-06-19T08:36:18+00:00","og_image":[{"width":975,"height":511,"url":"https:\/\/www.altercampagne.net\/wp-content\/uploads\/2018\/06\/La-Faille_concert.png","type":"image\/png"}],"author":"Aur\u00e9lie","twitter_card":"summary_large_image","twitter_misc":{"\u00c9crit par":"Aur\u00e9lie","Dur\u00e9e de lecture estim\u00e9e":"1 minute"},"schema":{"@context":"https:\/\/schema.org","@graph":[{"@type":"Article","@id":"https:\/\/www.altercampagne.net\/?p=10878#article","isPartOf":{"@id":"https:\/\/www.altercampagne.net\/?p=10878"},"author":{"name":"Aur\u00e9lie","@id":"https:\/\/www.altercampagne.net\/#\/schema\/person\/078c9b1f84f594fba3d958c5d5d3d2a4"},"headline":"La Faille : de la grange \u00e0 la programmation artistique","datePublished":"2018-06-19T06:28:13+00:00","dateModified":"2018-06-19T08:36:18+00:00","mainEntityOfPage":{"@id":"https:\/\/www.altercampagne.net\/?p=10878"},"wordCount":265,"image":{"@id":"https:\/\/www.altercampagne.net\/?p=10878#primaryimage"},"thumbnailUrl":"https:\/\/www.altercampagne.net\/wp-content\/uploads\/2018\/06\/La-Faille_concert.png","articleSection":["Culture","Grand Est","\u00c9dition 2018"],"inLanguage":"fr-FR"},{"@type":"WebPage","@id":"https:\/\/www.altercampagne.net\/?p=10878","url":"https:\/\/www.altercampagne.net\/?p=10878","name":"La Faille : de la grange \u00e0 la programmation artistique - AlterTour","isPartOf":{"@id":"https:\/\/www.altercampagne.net\/#website"},"primaryImageOfPage":{"@id":"https:\/\/www.altercampagne.net\/?p=10878#primaryimage"},"image":{"@id":"https:\/\/www.altercampagne.net\/?p=10878#primaryimage"},"thumbnailUrl":"https:\/\/www.altercampagne.net\/wp-content\/uploads\/2018\/06\/La-Faille_concert.png","datePublished":"2018-06-19T06:28:13+00:00","dateModified":"2018-06-19T08:36:18+00:00","author":{"@id":"https:\/\/www.altercampagne.net\/#\/schema\/person\/078c9b1f84f594fba3d958c5d5d3d2a4"},"breadcrumb":{"@id":"https:\/\/www.altercampagne.net\/?p=10878#breadcrumb"},"inLanguage":"fr-FR","potentialAction":[{"@type":"ReadAction","target":["https:\/\/www.altercampagne.net\/?p=10878"]}]},{"@type":"ImageObject","inLanguage":"fr-FR","@id":"https:\/\/www.altercampagne.net\/?p=10878#primaryimage","url":"https:\/\/www.altercampagne.net\/wp-content\/uploads\/2018\/06\/La-Faille_concert.png","contentUrl":"https:\/\/www.altercampagne.net\/wp-content\/uploads\/2018\/06\/La-Faille_concert.png","width":975,"height":511},{"@type":"BreadcrumbList","@id":"https:\/\/www.altercampagne.net\/?p=10878#breadcrumb","itemListElement":[{"@type":"ListItem","position":1,"name":"Accueil","item":"https:\/\/www.altercampagne.net\/"},{"@type":"ListItem","position":2,"name":"La Faille : de la grange \u00e0 la programmation artistique"}]},{"@type":"WebSite","@id":"https:\/\/www.altercampagne.net\/#website","url":"https:\/\/www.altercampagne.net\/","name":"AlterTour","description":"Reliez les Alternatives \u00e0 v\u00e9lo","potentialAction":[{"@type":"SearchAction","target":{"@type":"EntryPoint","urlTemplate":"https:\/\/www.altercampagne.net\/?s={search_term_string}"},"query-input":{"@type":"PropertyValueSpecification","valueRequired":true,"valueName":"search_term_string"}}],"inLanguage":"fr-FR"},{"@type":"Person","@id":"https:\/\/www.altercampagne.net\/#\/schema\/person\/078c9b1f84f594fba3d958c5d5d3d2a4","name":"Aur\u00e9lie","image":{"@type":"ImageObject","inLanguage":"fr-FR","@id":"https:\/\/secure.gravatar.com\/avatar\/c3390cc4122e61833b71b3de0e995e002f478f2363ee06287f4006cc655b8a2f?s=96&d=mm&r=g","url":"https:\/\/secure.gravatar.com\/avatar\/c3390cc4122e61833b71b3de0e995e002f478f2363ee06287f4006cc655b8a2f?s=96&d=mm&r=g","contentUrl":"https:\/\/secure.gravatar.com\/avatar\/c3390cc4122e61833b71b3de0e995e002f478f2363ee06287f4006cc655b8a2f?s=96&d=mm&r=g","caption":"Aur\u00e9lie"},"url":"https:\/\/www.altercampagne.net\/?author=147"}]}},"_links":{"self":[{"href":"https:\/\/www.altercampagne.net\/index.php?rest_route=\/wp\/v2\/posts\/10878","targetHints":{"allow":["GET"]}}],"collection":[{"href":"https:\/\/www.altercampagne.net\/index.php?rest_route=\/wp\/v2\/posts"}],"about":[{"href":"https:\/\/www.altercampagne.net\/index.php?rest_route=\/wp\/v2\/types\/post"}],"author":[{"embeddable":true,"href":"https:\/\/www.altercampagne.net\/index.php?rest_route=\/wp\/v2\/users\/147"}],"replies":[{"embeddable":true,"href":"https:\/\/www.altercampagne.net\/index.php?rest_route=%2Fwp%2Fv2%2Fcomments&post=10878"}],"version-history":[{"count":0,"href":"https:\/\/www.altercampagne.net\/index.php?rest_route=\/wp\/v2\/posts\/10878\/revisions"}],"wp:featuredmedia":[{"embeddable":true,"href":"https:\/\/www.altercampagne.net\/index.php?rest_route=\/wp\/v2\/media\/10884"}],"wp:attachment":[{"href":"https:\/\/www.altercampagne.net\/index.php?rest_route=%2Fwp%2Fv2%2Fmedia&parent=10878"}],"wp:term":[{"taxonomy":"category","embeddable":true,"href":"https:\/\/www.altercampagne.net\/index.php?rest_route=%2Fwp%2Fv2%2Fcategories&post=10878"},{"taxonomy":"post_tag","embeddable":true,"href":"https:\/\/www.altercampagne.net\/index.php?rest_route=%2Fwp%2Fv2%2Ftags&post=10878"}],"curies":[{"name":"wp","href":"https:\/\/api.w.org\/{rel}","templated":true}]}}