{"id":10895,"date":"2018-07-27T08:07:46","date_gmt":"2018-07-27T06:07:46","guid":{"rendered":"http:\/\/www.altercampagne.net\/?p=10895"},"modified":"2019-09-13T11:27:48","modified_gmt":"2019-09-13T09:27:48","slug":"lengrenage-pour-ton-velo-qui-dort-au-fond-du-garage","status":"publish","type":"post","link":"https:\/\/www.altercampagne.net\/?p=10895","title":{"rendered":"L&rsquo;Engrenage, pour ton v\u00e9lo qui dort au fond du garage"},"content":{"rendered":"<p><strong><a href=\"http:\/\/lengrenage.fr\" target=\"_blank\" rel=\"noopener noreferrer\">L&rsquo;Engrenage<\/a> <\/strong>accueillera l&rsquo;AlterTour le 13 ao\u00fbt \u00e0&nbsp;St Die des Vosges (88).<\/p>\n<p>Comment amener plus d&rsquo;\u00e9cologie dans les pratiques quotidiennes ? En mars 2014, c&rsquo;est le passage \u00e0 l\u2019action&nbsp;\u00e0 Saint-Di\u00e9-des-Vosges : l\u2019Engrenage s\u2019installe, pour <strong>former \u00e0 l\u2019autor\u00e9paration et au r\u00e9emploi de biclous en souffrance au fond des garages.<\/strong>&nbsp;Dans le jargon, on appelle \u00e7a la \u201dv\u00e9lonomie\u201d pour tordre le cou d\u2019une id\u00e9e re\u00e7ue : r\u00e9parer son v\u00e9lo, \u00e7a passe n\u00e9cessairement par un professionnel.<\/p>\n<p>Et depuis \u00e7a roule ! Outre 2 permanences par semaine, des formations \u00e0 la r\u00e9paration s\u2019organisent dans les \u00e9coles, une rubrique appara\u00eet dans le journal municipal, la \u201dF\u00eate du v\u00e9lo\u201d anime la ville&#8230; l\u2019Engrenage pointe le bout de ses rayons dans les quartiers.<\/p>\n<p><em><strong>\u201cOn a peu de moyens, mais on &nbsp;est ind\u00e9pendants :<\/strong> car l\u2019atelier participatif est le fruit de notre seule volont\u00e9<\/em><em>. On a visit\u00e9 un lieu qui semblait id\u00e9al avec un copain et je l\u2019ai achet\u00e9. \u00c7a a permis de d\u00e9marrer tout de suite l\u2019atelier en adaptant le loyer<\/em><em>\u2028&nbsp;<\/em><em>aux ressources de l\u2019association.<\/em><\/p>\n<p style=\"text-align: right;\">Nicolas, co-fondateur b\u00e9n\u00e9vole.<\/p>\n<p>L&rsquo;engrenage accueillera l&rsquo;AlterTour le 13 ao\u00fbt \u00e0&nbsp;St Die des Vosges (88). Pour plus d\u2019infos consultez le <strong><a href=\"http:\/\/www.altercampagne.net\/?page_id=10352\">programme<\/a><\/strong>.<\/p>\n","protected":false},"excerpt":{"rendered":"<p>L&rsquo;Engrenage accueillera l&rsquo;AlterTour le 13 ao\u00fbt \u00e0&nbsp;St Die des Vosges (88). Comment amener plus d&rsquo;\u00e9cologie dans les pratiques quotidiennes ? En mars 2014, c&rsquo;est le passage \u00e0 l\u2019action&nbsp;\u00e0 Saint-Di\u00e9-des-Vosges : l\u2019Engrenage s\u2019installe, pour former \u00e0 l\u2019autor\u00e9paration et au r\u00e9emploi de biclous en souffrance au fond des garages.&nbsp;Dans le jargon, on &#8230; <\/p>\n<div><a href=\"https:\/\/www.altercampagne.net\/?p=10895\" class=\"more-link\">Read More<\/a><\/div>\n","protected":false},"author":209,"featured_media":10930,"comment_status":"closed","ping_status":"closed","sticky":false,"template":"","format":"standard","meta":{"footnotes":""},"categories":[3475,3470,3487,3488,3932],"tags":[247,827,1596,2591,3221,3234,3372,3382,3601,3604,3605,3606],"class_list":["post-10895","post","type-post","status-publish","format-standard","has-post-thumbnail","hentry","category-grand-est","category-edition-2018","category-energie","category-social","category-velo","tag-lorraine","tag-velo","tag-atelier-velo","tag-atelier-dautoreparation-velo","tag-altertour-2018","tag-vosges","tag-saint-die-des-vosges","tag-grand-est","tag-velonomie","tag-engrenage","tag-saint-die","tag-autoreparation"],"yoast_head":"<!-- This site is optimized with the Yoast SEO plugin v27.3 - https:\/\/yoast.com\/product\/yoast-seo-wordpress\/ -->\n<title>L&#039;Engrenage, pour ton v\u00e9lo qui dort au fond du garage - AlterTour<\/title>\n<meta name=\"description\" content=\"L&#039;Engrenage accueillera l&#039;AlterTour le 13 ao\u00fbt \u00e0 St Die des Vosges (88). Comment amener plus d&#039;\u00e9cologie dans les pratiques quotidiennes ?\" \/>\n<meta name=\"robots\" content=\"index, follow, max-snippet:-1, max-image-preview:large, max-video-preview:-1\" \/>\n<link rel=\"canonical\" href=\"https:\/\/www.altercampagne.net\/?p=10895\" \/>\n<meta property=\"og:locale\" content=\"fr_FR\" \/>\n<meta property=\"og:type\" content=\"article\" \/>\n<meta property=\"og:title\" content=\"L&#039;Engrenage, pour ton v\u00e9lo qui dort au fond du garage - AlterTour\" \/>\n<meta property=\"og:description\" content=\"L&#039;Engrenage accueillera l&#039;AlterTour le 13 ao\u00fbt \u00e0 St Die des Vosges (88). Comment amener plus d&#039;\u00e9cologie dans les pratiques quotidiennes ?\" \/>\n<meta property=\"og:url\" content=\"https:\/\/www.altercampagne.net\/?p=10895\" \/>\n<meta property=\"og:site_name\" content=\"AlterTour\" \/>\n<meta property=\"article:published_time\" content=\"2018-07-27T06:07:46+00:00\" \/>\n<meta property=\"article:modified_time\" content=\"2019-09-13T09:27:48+00:00\" \/>\n<meta property=\"og:image\" content=\"https:\/\/www.altercampagne.net\/wp-content\/uploads\/2018\/06\/2018-08-13_engrenage.jpg\" \/>\n\t<meta property=\"og:image:width\" content=\"1003\" \/>\n\t<meta property=\"og:image:height\" content=\"524\" \/>\n\t<meta property=\"og:image:type\" content=\"image\/jpeg\" \/>\n<meta name=\"author\" content=\"Vincent\" \/>\n<meta name=\"twitter:card\" content=\"summary_large_image\" \/>\n<meta name=\"twitter:label1\" content=\"\u00c9crit par\" \/>\n\t<meta name=\"twitter:data1\" content=\"Vincent\" \/>\n\t<meta name=\"twitter:label2\" content=\"Dur\u00e9e de lecture estim\u00e9e\" \/>\n\t<meta name=\"twitter:data2\" content=\"1 minute\" \/>\n<script type=\"application\/ld+json\" class=\"yoast-schema-graph\">{\"@context\":\"https:\\\/\\\/schema.org\",\"@graph\":[{\"@type\":\"Article\",\"@id\":\"https:\\\/\\\/www.altercampagne.net\\\/?p=10895#article\",\"isPartOf\":{\"@id\":\"https:\\\/\\\/www.altercampagne.net\\\/?p=10895\"},\"author\":{\"name\":\"Vincent\",\"@id\":\"https:\\\/\\\/www.altercampagne.net\\\/#\\\/schema\\\/person\\\/7c299acaf3c77c51c6adfd4b5de88c6e\"},\"headline\":\"L&rsquo;Engrenage, pour ton v\u00e9lo qui dort au fond du garage\",\"datePublished\":\"2018-07-27T06:07:46+00:00\",\"dateModified\":\"2019-09-13T09:27:48+00:00\",\"mainEntityOfPage\":{\"@id\":\"https:\\\/\\\/www.altercampagne.net\\\/?p=10895\"},\"wordCount\":229,\"image\":{\"@id\":\"https:\\\/\\\/www.altercampagne.net\\\/?p=10895#primaryimage\"},\"thumbnailUrl\":\"https:\\\/\\\/www.altercampagne.net\\\/wp-content\\\/uploads\\\/2018\\\/06\\\/2018-08-13_engrenage.jpg\",\"keywords\":[\"Lorraine\",\"v\u00e9lo\",\"atelier v\u00e9lo\",\"atelier d'autor\u00e9paration v\u00e9lo\",\"AlterTour 2018\",\"Vosges\",\"Saint-Di\u00e9-des-Vosges\",\"Grand Est\",\"v\u00e9lonomie\",\"Engrenage\",\"Saint Di\u00e9\",\"autor\u00e9paration\"],\"articleSection\":[\"Grand Est\",\"\u00c9dition 2018\",\"\u00c9nergie\",\"Social\",\"V\u00e9lo\"],\"inLanguage\":\"fr-FR\"},{\"@type\":\"WebPage\",\"@id\":\"https:\\\/\\\/www.altercampagne.net\\\/?p=10895\",\"url\":\"https:\\\/\\\/www.altercampagne.net\\\/?p=10895\",\"name\":\"L'Engrenage, pour ton v\u00e9lo qui dort au fond du garage - AlterTour\",\"isPartOf\":{\"@id\":\"https:\\\/\\\/www.altercampagne.net\\\/#website\"},\"primaryImageOfPage\":{\"@id\":\"https:\\\/\\\/www.altercampagne.net\\\/?p=10895#primaryimage\"},\"image\":{\"@id\":\"https:\\\/\\\/www.altercampagne.net\\\/?p=10895#primaryimage\"},\"thumbnailUrl\":\"https:\\\/\\\/www.altercampagne.net\\\/wp-content\\\/uploads\\\/2018\\\/06\\\/2018-08-13_engrenage.jpg\",\"datePublished\":\"2018-07-27T06:07:46+00:00\",\"dateModified\":\"2019-09-13T09:27:48+00:00\",\"author\":{\"@id\":\"https:\\\/\\\/www.altercampagne.net\\\/#\\\/schema\\\/person\\\/7c299acaf3c77c51c6adfd4b5de88c6e\"},\"description\":\"L'Engrenage accueillera l'AlterTour le 13 ao\u00fbt \u00e0 St Die des Vosges (88). Comment amener plus d'\u00e9cologie dans les pratiques quotidiennes ?\",\"breadcrumb\":{\"@id\":\"https:\\\/\\\/www.altercampagne.net\\\/?p=10895#breadcrumb\"},\"inLanguage\":\"fr-FR\",\"potentialAction\":[{\"@type\":\"ReadAction\",\"target\":[\"https:\\\/\\\/www.altercampagne.net\\\/?p=10895\"]}]},{\"@type\":\"ImageObject\",\"inLanguage\":\"fr-FR\",\"@id\":\"https:\\\/\\\/www.altercampagne.net\\\/?p=10895#primaryimage\",\"url\":\"https:\\\/\\\/www.altercampagne.net\\\/wp-content\\\/uploads\\\/2018\\\/06\\\/2018-08-13_engrenage.jpg\",\"contentUrl\":\"https:\\\/\\\/www.altercampagne.net\\\/wp-content\\\/uploads\\\/2018\\\/06\\\/2018-08-13_engrenage.jpg\",\"width\":1003,\"height\":524},{\"@type\":\"BreadcrumbList\",\"@id\":\"https:\\\/\\\/www.altercampagne.net\\\/?p=10895#breadcrumb\",\"itemListElement\":[{\"@type\":\"ListItem\",\"position\":1,\"name\":\"Accueil\",\"item\":\"https:\\\/\\\/www.altercampagne.net\\\/\"},{\"@type\":\"ListItem\",\"position\":2,\"name\":\"L&rsquo;Engrenage, pour ton v\u00e9lo qui dort au fond du garage\"}]},{\"@type\":\"WebSite\",\"@id\":\"https:\\\/\\\/www.altercampagne.net\\\/#website\",\"url\":\"https:\\\/\\\/www.altercampagne.net\\\/\",\"name\":\"AlterTour\",\"description\":\"Reliez les Alternatives \u00e0 v\u00e9lo\",\"potentialAction\":[{\"@type\":\"SearchAction\",\"target\":{\"@type\":\"EntryPoint\",\"urlTemplate\":\"https:\\\/\\\/www.altercampagne.net\\\/?s={search_term_string}\"},\"query-input\":{\"@type\":\"PropertyValueSpecification\",\"valueRequired\":true,\"valueName\":\"search_term_string\"}}],\"inLanguage\":\"fr-FR\"},{\"@type\":\"Person\",\"@id\":\"https:\\\/\\\/www.altercampagne.net\\\/#\\\/schema\\\/person\\\/7c299acaf3c77c51c6adfd4b5de88c6e\",\"name\":\"Vincent\",\"image\":{\"@type\":\"ImageObject\",\"inLanguage\":\"fr-FR\",\"@id\":\"https:\\\/\\\/secure.gravatar.com\\\/avatar\\\/f461b4b95c70112e36d8b4abf020c8231a3fa729bdccb05f4f7c9974a0bf24cd?s=96&d=mm&r=g\",\"url\":\"https:\\\/\\\/secure.gravatar.com\\\/avatar\\\/f461b4b95c70112e36d8b4abf020c8231a3fa729bdccb05f4f7c9974a0bf24cd?s=96&d=mm&r=g\",\"contentUrl\":\"https:\\\/\\\/secure.gravatar.com\\\/avatar\\\/f461b4b95c70112e36d8b4abf020c8231a3fa729bdccb05f4f7c9974a0bf24cd?s=96&d=mm&r=g\",\"caption\":\"Vincent\"},\"url\":\"https:\\\/\\\/www.altercampagne.net\\\/?author=209\"}]}<\/script>\n<!-- \/ Yoast SEO plugin. -->","yoast_head_json":{"title":"L'Engrenage, pour ton v\u00e9lo qui dort au fond du garage - AlterTour","description":"L'Engrenage accueillera l'AlterTour le 13 ao\u00fbt \u00e0 St Die des Vosges (88). Comment amener plus d'\u00e9cologie dans les pratiques quotidiennes ?","robots":{"index":"index","follow":"follow","max-snippet":"max-snippet:-1","max-image-preview":"max-image-preview:large","max-video-preview":"max-video-preview:-1"},"canonical":"https:\/\/www.altercampagne.net\/?p=10895","og_locale":"fr_FR","og_type":"article","og_title":"L'Engrenage, pour ton v\u00e9lo qui dort au fond du garage - AlterTour","og_description":"L'Engrenage accueillera l'AlterTour le 13 ao\u00fbt \u00e0 St Die des Vosges (88). Comment amener plus d'\u00e9cologie dans les pratiques quotidiennes ?","og_url":"https:\/\/www.altercampagne.net\/?p=10895","og_site_name":"AlterTour","article_published_time":"2018-07-27T06:07:46+00:00","article_modified_time":"2019-09-13T09:27:48+00:00","og_image":[{"width":1003,"height":524,"url":"https:\/\/www.altercampagne.net\/wp-content\/uploads\/2018\/06\/2018-08-13_engrenage.jpg","type":"image\/jpeg"}],"author":"Vincent","twitter_card":"summary_large_image","twitter_misc":{"\u00c9crit par":"Vincent","Dur\u00e9e de lecture estim\u00e9e":"1 minute"},"schema":{"@context":"https:\/\/schema.org","@graph":[{"@type":"Article","@id":"https:\/\/www.altercampagne.net\/?p=10895#article","isPartOf":{"@id":"https:\/\/www.altercampagne.net\/?p=10895"},"author":{"name":"Vincent","@id":"https:\/\/www.altercampagne.net\/#\/schema\/person\/7c299acaf3c77c51c6adfd4b5de88c6e"},"headline":"L&rsquo;Engrenage, pour ton v\u00e9lo qui dort au fond du garage","datePublished":"2018-07-27T06:07:46+00:00","dateModified":"2019-09-13T09:27:48+00:00","mainEntityOfPage":{"@id":"https:\/\/www.altercampagne.net\/?p=10895"},"wordCount":229,"image":{"@id":"https:\/\/www.altercampagne.net\/?p=10895#primaryimage"},"thumbnailUrl":"https:\/\/www.altercampagne.net\/wp-content\/uploads\/2018\/06\/2018-08-13_engrenage.jpg","keywords":["Lorraine","v\u00e9lo","atelier v\u00e9lo","atelier d'autor\u00e9paration v\u00e9lo","AlterTour 2018","Vosges","Saint-Di\u00e9-des-Vosges","Grand Est","v\u00e9lonomie","Engrenage","Saint Di\u00e9","autor\u00e9paration"],"articleSection":["Grand Est","\u00c9dition 2018","\u00c9nergie","Social","V\u00e9lo"],"inLanguage":"fr-FR"},{"@type":"WebPage","@id":"https:\/\/www.altercampagne.net\/?p=10895","url":"https:\/\/www.altercampagne.net\/?p=10895","name":"L'Engrenage, pour ton v\u00e9lo qui dort au fond du garage - AlterTour","isPartOf":{"@id":"https:\/\/www.altercampagne.net\/#website"},"primaryImageOfPage":{"@id":"https:\/\/www.altercampagne.net\/?p=10895#primaryimage"},"image":{"@id":"https:\/\/www.altercampagne.net\/?p=10895#primaryimage"},"thumbnailUrl":"https:\/\/www.altercampagne.net\/wp-content\/uploads\/2018\/06\/2018-08-13_engrenage.jpg","datePublished":"2018-07-27T06:07:46+00:00","dateModified":"2019-09-13T09:27:48+00:00","author":{"@id":"https:\/\/www.altercampagne.net\/#\/schema\/person\/7c299acaf3c77c51c6adfd4b5de88c6e"},"description":"L'Engrenage accueillera l'AlterTour le 13 ao\u00fbt \u00e0 St Die des Vosges (88). Comment amener plus d'\u00e9cologie dans les pratiques quotidiennes ?","breadcrumb":{"@id":"https:\/\/www.altercampagne.net\/?p=10895#breadcrumb"},"inLanguage":"fr-FR","potentialAction":[{"@type":"ReadAction","target":["https:\/\/www.altercampagne.net\/?p=10895"]}]},{"@type":"ImageObject","inLanguage":"fr-FR","@id":"https:\/\/www.altercampagne.net\/?p=10895#primaryimage","url":"https:\/\/www.altercampagne.net\/wp-content\/uploads\/2018\/06\/2018-08-13_engrenage.jpg","contentUrl":"https:\/\/www.altercampagne.net\/wp-content\/uploads\/2018\/06\/2018-08-13_engrenage.jpg","width":1003,"height":524},{"@type":"BreadcrumbList","@id":"https:\/\/www.altercampagne.net\/?p=10895#breadcrumb","itemListElement":[{"@type":"ListItem","position":1,"name":"Accueil","item":"https:\/\/www.altercampagne.net\/"},{"@type":"ListItem","position":2,"name":"L&rsquo;Engrenage, pour ton v\u00e9lo qui dort au fond du garage"}]},{"@type":"WebSite","@id":"https:\/\/www.altercampagne.net\/#website","url":"https:\/\/www.altercampagne.net\/","name":"AlterTour","description":"Reliez les Alternatives \u00e0 v\u00e9lo","potentialAction":[{"@type":"SearchAction","target":{"@type":"EntryPoint","urlTemplate":"https:\/\/www.altercampagne.net\/?s={search_term_string}"},"query-input":{"@type":"PropertyValueSpecification","valueRequired":true,"valueName":"search_term_string"}}],"inLanguage":"fr-FR"},{"@type":"Person","@id":"https:\/\/www.altercampagne.net\/#\/schema\/person\/7c299acaf3c77c51c6adfd4b5de88c6e","name":"Vincent","image":{"@type":"ImageObject","inLanguage":"fr-FR","@id":"https:\/\/secure.gravatar.com\/avatar\/f461b4b95c70112e36d8b4abf020c8231a3fa729bdccb05f4f7c9974a0bf24cd?s=96&d=mm&r=g","url":"https:\/\/secure.gravatar.com\/avatar\/f461b4b95c70112e36d8b4abf020c8231a3fa729bdccb05f4f7c9974a0bf24cd?s=96&d=mm&r=g","contentUrl":"https:\/\/secure.gravatar.com\/avatar\/f461b4b95c70112e36d8b4abf020c8231a3fa729bdccb05f4f7c9974a0bf24cd?s=96&d=mm&r=g","caption":"Vincent"},"url":"https:\/\/www.altercampagne.net\/?author=209"}]}},"_links":{"self":[{"href":"https:\/\/www.altercampagne.net\/index.php?rest_route=\/wp\/v2\/posts\/10895","targetHints":{"allow":["GET"]}}],"collection":[{"href":"https:\/\/www.altercampagne.net\/index.php?rest_route=\/wp\/v2\/posts"}],"about":[{"href":"https:\/\/www.altercampagne.net\/index.php?rest_route=\/wp\/v2\/types\/post"}],"author":[{"embeddable":true,"href":"https:\/\/www.altercampagne.net\/index.php?rest_route=\/wp\/v2\/users\/209"}],"replies":[{"embeddable":true,"href":"https:\/\/www.altercampagne.net\/index.php?rest_route=%2Fwp%2Fv2%2Fcomments&post=10895"}],"version-history":[{"count":0,"href":"https:\/\/www.altercampagne.net\/index.php?rest_route=\/wp\/v2\/posts\/10895\/revisions"}],"wp:featuredmedia":[{"embeddable":true,"href":"https:\/\/www.altercampagne.net\/index.php?rest_route=\/wp\/v2\/media\/10930"}],"wp:attachment":[{"href":"https:\/\/www.altercampagne.net\/index.php?rest_route=%2Fwp%2Fv2%2Fmedia&parent=10895"}],"wp:term":[{"taxonomy":"category","embeddable":true,"href":"https:\/\/www.altercampagne.net\/index.php?rest_route=%2Fwp%2Fv2%2Fcategories&post=10895"},{"taxonomy":"post_tag","embeddable":true,"href":"https:\/\/www.altercampagne.net\/index.php?rest_route=%2Fwp%2Fv2%2Ftags&post=10895"}],"curies":[{"name":"wp","href":"https:\/\/api.w.org\/{rel}","templated":true}]}}