{"id":10906,"date":"2018-07-29T08:00:04","date_gmt":"2018-07-29T06:00:04","guid":{"rendered":"http:\/\/www.altercampagne.net\/?p=10906"},"modified":"2018-08-12T23:59:51","modified_gmt":"2018-08-12T21:59:51","slug":"au-domaine-de-beubois-avec-ou-sans-handicap-on-vous-recoit","status":"publish","type":"post","link":"https:\/\/www.altercampagne.net\/?p=10906","title":{"rendered":"Avec ou sans handicap, on vous re\u00e7oit"},"content":{"rendered":"<p><strong><a href=\"http:\/\/domaine-du-beubois.fr\/le-domaine\/\" target=\"_blank\" rel=\"noopener\">Le Domaine de Beubois<\/a> <\/strong>accueillera l&rsquo;AlterTour le 15 ao\u00fbt \u00e0 Orbey (88).<\/p>\n<h5>Un cadre bucolique<\/h5>\n<p>A mi-chemin entre vignoble alsacien et massif vosgien, venez passer quelques jours dans l\u2019un des 10 g\u00eetes du Domaine du Beubois, un espace naturel de 5 ha, et d\u00e9gustez les produits du terroir de son auberge. Soit. Mais depuis quand l\u2019AlterTour est-il l\u00e0 pour promouvoir des activit\u00e9s touristiques ? Parce ce que ce domaine est avant tout un lieu d\u2019accueil pour adultes en situation de handicap.<\/p>\n<h5>Un lieu qui emploie des personnes en situation de handicap<\/h5>\n<p>Bas\u00e9 sur les principes de la socioth\u00e9rapie mis au point par Rudolf STEINER, le but est de soigner l\u2019accueil en offrant un lieu o\u00f9 il fait bon vivre. <strong>Les personnes accueillies participent activement aux t\u00e2ches\u2028 quotidiennes, peuvent \u2028travailler dans la dignit\u00e9 et \u00e0 leur rythme, \u2028s\u2019\u00e9panouir gr\u00e2ce \u00e0 \u2028une vie artistique et culturelle riche.<\/strong><\/p>\n<h5>Une occasion de rencontre<\/h5>\n<p>Cela favorise la rencontre entre public \u201cvalide\u201d et public en situation de handicap comme les 42 personnes qui vivent et\/ou travaillent sur le domaine.<\/p>\n<p><em>\u00ab\u00a0La p\u00e9dagogie mise en place vise \u00e0 faire grandir les personnes par l\u2019action, par le travail de la volont\u00e9. Ici la vie est l\u00e0 car on est tous en action. M\u00eame le directeur fait le service \u00e0 l\u2019auberge ! Cette action nous \u00e9l\u00e8ve vers<\/em><em>\u2028<\/em><em>le faire ensemble.\u00a0\u00bb <\/em><\/p>\n<p style=\"text-align: right;\">Nicolas, co-fondateur-directeur et Isabelle, charg\u00e9e de mission<\/p>\n<p>Le Domaine de Beubois accueillera l&rsquo;AlterTour le 15 ao\u00fbt \u00e0 Orbey (88). Pour plus d\u2019infos consultez le <strong><a href=\"http:\/\/www.altercampagne.net\/?page_id=10352\">programme<\/a><\/strong>.<\/p>\n","protected":false},"excerpt":{"rendered":"<p>Le Domaine de Beubois accueillera l&rsquo;AlterTour le 15 ao\u00fbt \u00e0 Orbey (88). Un cadre bucolique A mi-chemin entre vignoble alsacien et massif vosgien, venez passer quelques jours dans l\u2019un des 10 g\u00eetes du Domaine du Beubois, un espace naturel de 5 ha, et d\u00e9gustez les produits du terroir de son &#8230; <\/p>\n<div><a href=\"https:\/\/www.altercampagne.net\/?p=10906\" class=\"more-link\">Read More<\/a><\/div>\n","protected":false},"author":209,"featured_media":10951,"comment_status":"closed","ping_status":"closed","sticky":false,"template":"","format":"standard","meta":{"footnotes":""},"categories":[3489,3475,3470,3488],"tags":[164,247,2759,3234,3340,3373,3382,3597,3602,3603],"class_list":["post-10906","post","type-post","status-publish","format-standard","has-post-thumbnail","hentry","category-alimentation","category-grand-est","category-edition-2018","category-social","tag-emploi","tag-lorraine","tag-handicap","tag-vosges","tag-domaine-du-beubois","tag-orbey","tag-grand-est","tag-alsace-lorraine","tag-steiner","tag-dignite"],"yoast_head":"<!-- This site is optimized with the Yoast SEO plugin v27.3 - https:\/\/yoast.com\/product\/yoast-seo-wordpress\/ -->\n<title>Avec ou sans handicap, on vous re\u00e7oit - AlterTour<\/title>\n<meta name=\"robots\" content=\"index, follow, max-snippet:-1, max-image-preview:large, max-video-preview:-1\" \/>\n<link rel=\"canonical\" href=\"https:\/\/www.altercampagne.net\/?p=10906\" \/>\n<meta property=\"og:locale\" content=\"fr_FR\" \/>\n<meta property=\"og:type\" content=\"article\" \/>\n<meta property=\"og:title\" content=\"Avec ou sans handicap, on vous re\u00e7oit - AlterTour\" \/>\n<meta property=\"og:description\" content=\"Le Domaine de Beubois accueillera l&rsquo;AlterTour le 15 ao\u00fbt \u00e0 Orbey (88). Un cadre bucolique A mi-chemin entre vignoble alsacien et massif vosgien, venez passer quelques jours dans l\u2019un des 10 g\u00eetes du Domaine du Beubois, un espace naturel de 5 ha, et d\u00e9gustez les produits du terroir de son ... Read More\" \/>\n<meta property=\"og:url\" content=\"https:\/\/www.altercampagne.net\/?p=10906\" \/>\n<meta property=\"og:site_name\" content=\"AlterTour\" \/>\n<meta property=\"article:published_time\" content=\"2018-07-29T06:00:04+00:00\" \/>\n<meta property=\"article:modified_time\" content=\"2018-08-12T21:59:51+00:00\" \/>\n<meta property=\"og:image\" content=\"https:\/\/www.altercampagne.net\/wp-content\/uploads\/2018\/06\/Le-domaine-Beubois.jpg\" \/>\n\t<meta property=\"og:image:width\" content=\"1024\" \/>\n\t<meta property=\"og:image:height\" content=\"535\" \/>\n\t<meta property=\"og:image:type\" content=\"image\/jpeg\" \/>\n<meta name=\"author\" content=\"Vincent\" \/>\n<meta name=\"twitter:card\" content=\"summary_large_image\" \/>\n<meta name=\"twitter:label1\" content=\"\u00c9crit par\" \/>\n\t<meta name=\"twitter:data1\" content=\"Vincent\" \/>\n\t<meta name=\"twitter:label2\" content=\"Dur\u00e9e de lecture estim\u00e9e\" \/>\n\t<meta name=\"twitter:data2\" content=\"1 minute\" \/>\n<script type=\"application\/ld+json\" class=\"yoast-schema-graph\">{\"@context\":\"https:\\\/\\\/schema.org\",\"@graph\":[{\"@type\":\"Article\",\"@id\":\"https:\\\/\\\/www.altercampagne.net\\\/?p=10906#article\",\"isPartOf\":{\"@id\":\"https:\\\/\\\/www.altercampagne.net\\\/?p=10906\"},\"author\":{\"name\":\"Vincent\",\"@id\":\"https:\\\/\\\/www.altercampagne.net\\\/#\\\/schema\\\/person\\\/7c299acaf3c77c51c6adfd4b5de88c6e\"},\"headline\":\"Avec ou sans handicap, on vous re\u00e7oit\",\"datePublished\":\"2018-07-29T06:00:04+00:00\",\"dateModified\":\"2018-08-12T21:59:51+00:00\",\"mainEntityOfPage\":{\"@id\":\"https:\\\/\\\/www.altercampagne.net\\\/?p=10906\"},\"wordCount\":261,\"image\":{\"@id\":\"https:\\\/\\\/www.altercampagne.net\\\/?p=10906#primaryimage\"},\"thumbnailUrl\":\"https:\\\/\\\/www.altercampagne.net\\\/wp-content\\\/uploads\\\/2018\\\/06\\\/Le-domaine-Beubois.jpg\",\"keywords\":[\"emploi\",\"Lorraine\",\"handicap\",\"Vosges\",\"Domaine du Beubois\",\"Orbey\",\"Grand Est\",\"Alsace-Lorraine\",\"Steiner\",\"dignit\u00e9\"],\"articleSection\":[\"Alimentation\",\"Grand Est\",\"\u00c9dition 2018\",\"Social\"],\"inLanguage\":\"fr-FR\"},{\"@type\":\"WebPage\",\"@id\":\"https:\\\/\\\/www.altercampagne.net\\\/?p=10906\",\"url\":\"https:\\\/\\\/www.altercampagne.net\\\/?p=10906\",\"name\":\"Avec ou sans handicap, on vous re\u00e7oit - AlterTour\",\"isPartOf\":{\"@id\":\"https:\\\/\\\/www.altercampagne.net\\\/#website\"},\"primaryImageOfPage\":{\"@id\":\"https:\\\/\\\/www.altercampagne.net\\\/?p=10906#primaryimage\"},\"image\":{\"@id\":\"https:\\\/\\\/www.altercampagne.net\\\/?p=10906#primaryimage\"},\"thumbnailUrl\":\"https:\\\/\\\/www.altercampagne.net\\\/wp-content\\\/uploads\\\/2018\\\/06\\\/Le-domaine-Beubois.jpg\",\"datePublished\":\"2018-07-29T06:00:04+00:00\",\"dateModified\":\"2018-08-12T21:59:51+00:00\",\"author\":{\"@id\":\"https:\\\/\\\/www.altercampagne.net\\\/#\\\/schema\\\/person\\\/7c299acaf3c77c51c6adfd4b5de88c6e\"},\"breadcrumb\":{\"@id\":\"https:\\\/\\\/www.altercampagne.net\\\/?p=10906#breadcrumb\"},\"inLanguage\":\"fr-FR\",\"potentialAction\":[{\"@type\":\"ReadAction\",\"target\":[\"https:\\\/\\\/www.altercampagne.net\\\/?p=10906\"]}]},{\"@type\":\"ImageObject\",\"inLanguage\":\"fr-FR\",\"@id\":\"https:\\\/\\\/www.altercampagne.net\\\/?p=10906#primaryimage\",\"url\":\"https:\\\/\\\/www.altercampagne.net\\\/wp-content\\\/uploads\\\/2018\\\/06\\\/Le-domaine-Beubois.jpg\",\"contentUrl\":\"https:\\\/\\\/www.altercampagne.net\\\/wp-content\\\/uploads\\\/2018\\\/06\\\/Le-domaine-Beubois.jpg\",\"width\":1024,\"height\":535},{\"@type\":\"BreadcrumbList\",\"@id\":\"https:\\\/\\\/www.altercampagne.net\\\/?p=10906#breadcrumb\",\"itemListElement\":[{\"@type\":\"ListItem\",\"position\":1,\"name\":\"Accueil\",\"item\":\"https:\\\/\\\/www.altercampagne.net\\\/\"},{\"@type\":\"ListItem\",\"position\":2,\"name\":\"Avec ou sans handicap, on vous re\u00e7oit\"}]},{\"@type\":\"WebSite\",\"@id\":\"https:\\\/\\\/www.altercampagne.net\\\/#website\",\"url\":\"https:\\\/\\\/www.altercampagne.net\\\/\",\"name\":\"AlterTour\",\"description\":\"Reliez les Alternatives \u00e0 v\u00e9lo\",\"potentialAction\":[{\"@type\":\"SearchAction\",\"target\":{\"@type\":\"EntryPoint\",\"urlTemplate\":\"https:\\\/\\\/www.altercampagne.net\\\/?s={search_term_string}\"},\"query-input\":{\"@type\":\"PropertyValueSpecification\",\"valueRequired\":true,\"valueName\":\"search_term_string\"}}],\"inLanguage\":\"fr-FR\"},{\"@type\":\"Person\",\"@id\":\"https:\\\/\\\/www.altercampagne.net\\\/#\\\/schema\\\/person\\\/7c299acaf3c77c51c6adfd4b5de88c6e\",\"name\":\"Vincent\",\"image\":{\"@type\":\"ImageObject\",\"inLanguage\":\"fr-FR\",\"@id\":\"https:\\\/\\\/secure.gravatar.com\\\/avatar\\\/f461b4b95c70112e36d8b4abf020c8231a3fa729bdccb05f4f7c9974a0bf24cd?s=96&d=mm&r=g\",\"url\":\"https:\\\/\\\/secure.gravatar.com\\\/avatar\\\/f461b4b95c70112e36d8b4abf020c8231a3fa729bdccb05f4f7c9974a0bf24cd?s=96&d=mm&r=g\",\"contentUrl\":\"https:\\\/\\\/secure.gravatar.com\\\/avatar\\\/f461b4b95c70112e36d8b4abf020c8231a3fa729bdccb05f4f7c9974a0bf24cd?s=96&d=mm&r=g\",\"caption\":\"Vincent\"},\"url\":\"https:\\\/\\\/www.altercampagne.net\\\/?author=209\"}]}<\/script>\n<!-- \/ Yoast SEO plugin. -->","yoast_head_json":{"title":"Avec ou sans handicap, on vous re\u00e7oit - AlterTour","robots":{"index":"index","follow":"follow","max-snippet":"max-snippet:-1","max-image-preview":"max-image-preview:large","max-video-preview":"max-video-preview:-1"},"canonical":"https:\/\/www.altercampagne.net\/?p=10906","og_locale":"fr_FR","og_type":"article","og_title":"Avec ou sans handicap, on vous re\u00e7oit - AlterTour","og_description":"Le Domaine de Beubois accueillera l&rsquo;AlterTour le 15 ao\u00fbt \u00e0 Orbey (88). Un cadre bucolique A mi-chemin entre vignoble alsacien et massif vosgien, venez passer quelques jours dans l\u2019un des 10 g\u00eetes du Domaine du Beubois, un espace naturel de 5 ha, et d\u00e9gustez les produits du terroir de son ... Read More","og_url":"https:\/\/www.altercampagne.net\/?p=10906","og_site_name":"AlterTour","article_published_time":"2018-07-29T06:00:04+00:00","article_modified_time":"2018-08-12T21:59:51+00:00","og_image":[{"width":1024,"height":535,"url":"https:\/\/www.altercampagne.net\/wp-content\/uploads\/2018\/06\/Le-domaine-Beubois.jpg","type":"image\/jpeg"}],"author":"Vincent","twitter_card":"summary_large_image","twitter_misc":{"\u00c9crit par":"Vincent","Dur\u00e9e de lecture estim\u00e9e":"1 minute"},"schema":{"@context":"https:\/\/schema.org","@graph":[{"@type":"Article","@id":"https:\/\/www.altercampagne.net\/?p=10906#article","isPartOf":{"@id":"https:\/\/www.altercampagne.net\/?p=10906"},"author":{"name":"Vincent","@id":"https:\/\/www.altercampagne.net\/#\/schema\/person\/7c299acaf3c77c51c6adfd4b5de88c6e"},"headline":"Avec ou sans handicap, on vous re\u00e7oit","datePublished":"2018-07-29T06:00:04+00:00","dateModified":"2018-08-12T21:59:51+00:00","mainEntityOfPage":{"@id":"https:\/\/www.altercampagne.net\/?p=10906"},"wordCount":261,"image":{"@id":"https:\/\/www.altercampagne.net\/?p=10906#primaryimage"},"thumbnailUrl":"https:\/\/www.altercampagne.net\/wp-content\/uploads\/2018\/06\/Le-domaine-Beubois.jpg","keywords":["emploi","Lorraine","handicap","Vosges","Domaine du Beubois","Orbey","Grand Est","Alsace-Lorraine","Steiner","dignit\u00e9"],"articleSection":["Alimentation","Grand Est","\u00c9dition 2018","Social"],"inLanguage":"fr-FR"},{"@type":"WebPage","@id":"https:\/\/www.altercampagne.net\/?p=10906","url":"https:\/\/www.altercampagne.net\/?p=10906","name":"Avec ou sans handicap, on vous re\u00e7oit - AlterTour","isPartOf":{"@id":"https:\/\/www.altercampagne.net\/#website"},"primaryImageOfPage":{"@id":"https:\/\/www.altercampagne.net\/?p=10906#primaryimage"},"image":{"@id":"https:\/\/www.altercampagne.net\/?p=10906#primaryimage"},"thumbnailUrl":"https:\/\/www.altercampagne.net\/wp-content\/uploads\/2018\/06\/Le-domaine-Beubois.jpg","datePublished":"2018-07-29T06:00:04+00:00","dateModified":"2018-08-12T21:59:51+00:00","author":{"@id":"https:\/\/www.altercampagne.net\/#\/schema\/person\/7c299acaf3c77c51c6adfd4b5de88c6e"},"breadcrumb":{"@id":"https:\/\/www.altercampagne.net\/?p=10906#breadcrumb"},"inLanguage":"fr-FR","potentialAction":[{"@type":"ReadAction","target":["https:\/\/www.altercampagne.net\/?p=10906"]}]},{"@type":"ImageObject","inLanguage":"fr-FR","@id":"https:\/\/www.altercampagne.net\/?p=10906#primaryimage","url":"https:\/\/www.altercampagne.net\/wp-content\/uploads\/2018\/06\/Le-domaine-Beubois.jpg","contentUrl":"https:\/\/www.altercampagne.net\/wp-content\/uploads\/2018\/06\/Le-domaine-Beubois.jpg","width":1024,"height":535},{"@type":"BreadcrumbList","@id":"https:\/\/www.altercampagne.net\/?p=10906#breadcrumb","itemListElement":[{"@type":"ListItem","position":1,"name":"Accueil","item":"https:\/\/www.altercampagne.net\/"},{"@type":"ListItem","position":2,"name":"Avec ou sans handicap, on vous re\u00e7oit"}]},{"@type":"WebSite","@id":"https:\/\/www.altercampagne.net\/#website","url":"https:\/\/www.altercampagne.net\/","name":"AlterTour","description":"Reliez les Alternatives \u00e0 v\u00e9lo","potentialAction":[{"@type":"SearchAction","target":{"@type":"EntryPoint","urlTemplate":"https:\/\/www.altercampagne.net\/?s={search_term_string}"},"query-input":{"@type":"PropertyValueSpecification","valueRequired":true,"valueName":"search_term_string"}}],"inLanguage":"fr-FR"},{"@type":"Person","@id":"https:\/\/www.altercampagne.net\/#\/schema\/person\/7c299acaf3c77c51c6adfd4b5de88c6e","name":"Vincent","image":{"@type":"ImageObject","inLanguage":"fr-FR","@id":"https:\/\/secure.gravatar.com\/avatar\/f461b4b95c70112e36d8b4abf020c8231a3fa729bdccb05f4f7c9974a0bf24cd?s=96&d=mm&r=g","url":"https:\/\/secure.gravatar.com\/avatar\/f461b4b95c70112e36d8b4abf020c8231a3fa729bdccb05f4f7c9974a0bf24cd?s=96&d=mm&r=g","contentUrl":"https:\/\/secure.gravatar.com\/avatar\/f461b4b95c70112e36d8b4abf020c8231a3fa729bdccb05f4f7c9974a0bf24cd?s=96&d=mm&r=g","caption":"Vincent"},"url":"https:\/\/www.altercampagne.net\/?author=209"}]}},"_links":{"self":[{"href":"https:\/\/www.altercampagne.net\/index.php?rest_route=\/wp\/v2\/posts\/10906","targetHints":{"allow":["GET"]}}],"collection":[{"href":"https:\/\/www.altercampagne.net\/index.php?rest_route=\/wp\/v2\/posts"}],"about":[{"href":"https:\/\/www.altercampagne.net\/index.php?rest_route=\/wp\/v2\/types\/post"}],"author":[{"embeddable":true,"href":"https:\/\/www.altercampagne.net\/index.php?rest_route=\/wp\/v2\/users\/209"}],"replies":[{"embeddable":true,"href":"https:\/\/www.altercampagne.net\/index.php?rest_route=%2Fwp%2Fv2%2Fcomments&post=10906"}],"version-history":[{"count":0,"href":"https:\/\/www.altercampagne.net\/index.php?rest_route=\/wp\/v2\/posts\/10906\/revisions"}],"wp:featuredmedia":[{"embeddable":true,"href":"https:\/\/www.altercampagne.net\/index.php?rest_route=\/wp\/v2\/media\/10951"}],"wp:attachment":[{"href":"https:\/\/www.altercampagne.net\/index.php?rest_route=%2Fwp%2Fv2%2Fmedia&parent=10906"}],"wp:term":[{"taxonomy":"category","embeddable":true,"href":"https:\/\/www.altercampagne.net\/index.php?rest_route=%2Fwp%2Fv2%2Fcategories&post=10906"},{"taxonomy":"post_tag","embeddable":true,"href":"https:\/\/www.altercampagne.net\/index.php?rest_route=%2Fwp%2Fv2%2Ftags&post=10906"}],"curies":[{"name":"wp","href":"https:\/\/api.w.org\/{rel}","templated":true}]}}