{"id":10934,"date":"2018-06-25T08:00:45","date_gmt":"2018-06-25T06:00:45","guid":{"rendered":"http:\/\/www.altercampagne.net\/?p=10934"},"modified":"2018-07-06T09:50:41","modified_gmt":"2018-07-06T07:50:41","slug":"les-sheds-lutopie-concrete-de-kingersheim","status":"publish","type":"post","link":"https:\/\/www.altercampagne.net\/?p=10934","title":{"rendered":"Les Sheds : l&rsquo;utopie concr\u00e8te de Kingersheim"},"content":{"rendered":"<p><strong><a href=\"https:\/\/www.les-sheds.com\" target=\"_blank\" rel=\"noopener\">Les Sheds<\/a> \u00a0<\/strong>accueilleront l&rsquo;AlterTour le 18 ao\u00fbt.<\/p>\n<p>Les Sheds\u00a0? ce sont ces toitures en dents de scie asym\u00e9triques typiques des anciennes usines. C\u2019est aussi l\u2019association qui depuis 2007 f\u00e9d\u00e8re la population de Kingersheim autour d\u2019une friche industrielle. Le but : <strong>cr\u00e9er un lieu de vie convivial dans une ex-usine textile.<\/strong><\/p>\n<p>Mairie et fondations suivent : rachet\u00e9 et r\u00e9habilit\u00e9 par la commune, le site h\u00e9berge\u2028\u00a0un<strong> potager p\u00e9dagogique,\u00a0<\/strong>un<strong> resto <\/strong>servant 650 couverts hebdomadaires,\u2028\u00a0une<strong> \u00e9picerie bio <\/strong>g\u00e9r\u00e9e par l\u2019association. 22 salari\u00e9s \u00e0 la cl\u00e9 sans subvention. Les mercredis soir se tient un <strong>march\u00e9 de producteurs\u00a0<\/strong>locaux. Une salle et sa sc\u00e8ne offrent <strong>\u00e9v\u00e9nements artistiques<\/strong> et <strong>espace de d\u00e9bats<\/strong>. Le festival \u201d6 Pieds sur Terre\u201d s\u2019y tient d\u00e9but juillet.<\/p>\n<p>Sans oublier les nombreux partenariats tiss\u00e9s avec les structures locales : la m\u00e9diath\u00e8que voisine, la f\u00e9d\u00e9ration des associations locales ou le Cr\u00e9a et ses \u00e9coles de cirque, de musique, de th\u00e9\u00e2tre, de danse, sa r\u00e9sidence d\u2019artistes. N\u2019en jetez plus ! C\u2019est un concentr\u00e9 de ce que les Sheds font de mieux : <strong>transformer une utopie en r\u00e9alit\u00e9 autour d\u2019un bon plat.\u00a0<\/strong>Construire un monde meilleur quoi&#8230;<\/p>\n<p><em>\u201dOn aime bien les utopies et on aime bien les rendre concr\u00e8tes.\u201d <\/em><\/p>\n<p style=\"text-align: right;\">Micha\u00ebl , responsable administratif, financier et communication<\/p>\n<p>Les Sheds \u00a0accueilleront l&rsquo;AlterTour le 18 ao\u00fbt.\u00a0Pour plus d\u2019infos consultez le <strong><a href=\"http:\/\/www.altercampagne.net\/?page_id=10352\">programme<\/a><\/strong>.<\/p>\n","protected":false},"excerpt":{"rendered":"<p>Les Sheds \u00a0accueilleront l&rsquo;AlterTour le 18 ao\u00fbt. Les Sheds\u00a0? ce sont ces toitures en dents de scie asym\u00e9triques typiques des anciennes usines. C\u2019est aussi l\u2019association qui depuis 2007 f\u00e9d\u00e8re la population de Kingersheim autour d\u2019une friche industrielle. Le but : cr\u00e9er un lieu de vie convivial dans une ex-usine textile. &#8230; <\/p>\n<div><a href=\"https:\/\/www.altercampagne.net\/?p=10934\" class=\"more-link\">Read More<\/a><\/div>\n","protected":false},"author":215,"featured_media":11354,"comment_status":"closed","ping_status":"closed","sticky":false,"template":"","format":"standard","meta":{"footnotes":""},"categories":[3489,3490,3475,3470,3488],"tags":[73,1515,3232,3344,3376,3592,3594,3597,3607,3608,3609,3610,3611],"class_list":["post-10934","post","type-post","status-publish","format-standard","has-post-thumbnail","hentry","category-alimentation","category-culture","category-grand-est","category-edition-2018","category-social","tag-transition","tag-alsace-champagne-ardenne-lorraine","tag-haut-rhin","tag-les-sheds","tag-kingersheim","tag-alsace","tag-epicerie","tag-alsace-lorraine","tag-usine","tag-textile","tag-village-en-transition","tag-utopie","tag-friche-industrielle"],"yoast_head":"<!-- This site is optimized with the Yoast SEO plugin v27.3 - https:\/\/yoast.com\/product\/yoast-seo-wordpress\/ -->\n<title>Les Sheds : l&#039;utopie concr\u00e8te de Kingersheim - AlterTour<\/title>\n<meta name=\"robots\" content=\"index, follow, max-snippet:-1, max-image-preview:large, max-video-preview:-1\" \/>\n<link rel=\"canonical\" href=\"https:\/\/www.altercampagne.net\/?p=10934\" \/>\n<meta property=\"og:locale\" content=\"fr_FR\" \/>\n<meta property=\"og:type\" content=\"article\" \/>\n<meta property=\"og:title\" content=\"Les Sheds : l&#039;utopie concr\u00e8te de Kingersheim - AlterTour\" \/>\n<meta property=\"og:description\" content=\"Les Sheds \u00a0accueilleront l&rsquo;AlterTour le 18 ao\u00fbt. Les Sheds\u00a0? ce sont ces toitures en dents de scie asym\u00e9triques typiques des anciennes usines. C\u2019est aussi l\u2019association qui depuis 2007 f\u00e9d\u00e8re la population de Kingersheim autour d\u2019une friche industrielle. Le but : cr\u00e9er un lieu de vie convivial dans une ex-usine textile. ... Read More\" \/>\n<meta property=\"og:url\" content=\"https:\/\/www.altercampagne.net\/?p=10934\" \/>\n<meta property=\"og:site_name\" content=\"AlterTour\" \/>\n<meta property=\"article:published_time\" content=\"2018-06-25T06:00:45+00:00\" \/>\n<meta property=\"article:modified_time\" content=\"2018-07-06T07:50:41+00:00\" \/>\n<meta property=\"og:image\" content=\"https:\/\/www.altercampagne.net\/wp-content\/uploads\/2018\/06\/Les-Sheds.jpg\" \/>\n\t<meta property=\"og:image:width\" content=\"1000\" \/>\n\t<meta property=\"og:image:height\" content=\"523\" \/>\n\t<meta property=\"og:image:type\" content=\"image\/jpeg\" \/>\n<meta name=\"author\" content=\"AlterTour\" \/>\n<meta name=\"twitter:card\" content=\"summary_large_image\" \/>\n<meta name=\"twitter:label1\" content=\"\u00c9crit par\" \/>\n\t<meta name=\"twitter:data1\" content=\"AlterTour\" \/>\n\t<meta name=\"twitter:label2\" content=\"Dur\u00e9e de lecture estim\u00e9e\" \/>\n\t<meta name=\"twitter:data2\" content=\"1 minute\" \/>\n<script type=\"application\/ld+json\" class=\"yoast-schema-graph\">{\"@context\":\"https:\\\/\\\/schema.org\",\"@graph\":[{\"@type\":\"Article\",\"@id\":\"https:\\\/\\\/www.altercampagne.net\\\/?p=10934#article\",\"isPartOf\":{\"@id\":\"https:\\\/\\\/www.altercampagne.net\\\/?p=10934\"},\"author\":{\"name\":\"AlterTour\",\"@id\":\"https:\\\/\\\/www.altercampagne.net\\\/#\\\/schema\\\/person\\\/e5b68c803196f649c2152249d262d94a\"},\"headline\":\"Les Sheds : l&rsquo;utopie concr\u00e8te de Kingersheim\",\"datePublished\":\"2018-06-25T06:00:45+00:00\",\"dateModified\":\"2018-07-06T07:50:41+00:00\",\"mainEntityOfPage\":{\"@id\":\"https:\\\/\\\/www.altercampagne.net\\\/?p=10934\"},\"wordCount\":250,\"image\":{\"@id\":\"https:\\\/\\\/www.altercampagne.net\\\/?p=10934#primaryimage\"},\"thumbnailUrl\":\"https:\\\/\\\/www.altercampagne.net\\\/wp-content\\\/uploads\\\/2018\\\/06\\\/Les-Sheds.jpg\",\"keywords\":[\"Transition\",\"Alsace-Champagne-Ardenne-Lorraine\",\"Haut-Rhin\",\"Les Sheds\",\"Kingersheim\",\"Alsace\",\"\u00e9picerie\",\"Alsace-Lorraine\",\"usine\",\"textile\",\"village en transition\",\"utopie\",\"friche industrielle\"],\"articleSection\":[\"Alimentation\",\"Culture\",\"Grand Est\",\"\u00c9dition 2018\",\"Social\"],\"inLanguage\":\"fr-FR\"},{\"@type\":\"WebPage\",\"@id\":\"https:\\\/\\\/www.altercampagne.net\\\/?p=10934\",\"url\":\"https:\\\/\\\/www.altercampagne.net\\\/?p=10934\",\"name\":\"Les Sheds : l'utopie concr\u00e8te de Kingersheim - AlterTour\",\"isPartOf\":{\"@id\":\"https:\\\/\\\/www.altercampagne.net\\\/#website\"},\"primaryImageOfPage\":{\"@id\":\"https:\\\/\\\/www.altercampagne.net\\\/?p=10934#primaryimage\"},\"image\":{\"@id\":\"https:\\\/\\\/www.altercampagne.net\\\/?p=10934#primaryimage\"},\"thumbnailUrl\":\"https:\\\/\\\/www.altercampagne.net\\\/wp-content\\\/uploads\\\/2018\\\/06\\\/Les-Sheds.jpg\",\"datePublished\":\"2018-06-25T06:00:45+00:00\",\"dateModified\":\"2018-07-06T07:50:41+00:00\",\"author\":{\"@id\":\"https:\\\/\\\/www.altercampagne.net\\\/#\\\/schema\\\/person\\\/e5b68c803196f649c2152249d262d94a\"},\"breadcrumb\":{\"@id\":\"https:\\\/\\\/www.altercampagne.net\\\/?p=10934#breadcrumb\"},\"inLanguage\":\"fr-FR\",\"potentialAction\":[{\"@type\":\"ReadAction\",\"target\":[\"https:\\\/\\\/www.altercampagne.net\\\/?p=10934\"]}]},{\"@type\":\"ImageObject\",\"inLanguage\":\"fr-FR\",\"@id\":\"https:\\\/\\\/www.altercampagne.net\\\/?p=10934#primaryimage\",\"url\":\"https:\\\/\\\/www.altercampagne.net\\\/wp-content\\\/uploads\\\/2018\\\/06\\\/Les-Sheds.jpg\",\"contentUrl\":\"https:\\\/\\\/www.altercampagne.net\\\/wp-content\\\/uploads\\\/2018\\\/06\\\/Les-Sheds.jpg\",\"width\":1000,\"height\":523},{\"@type\":\"BreadcrumbList\",\"@id\":\"https:\\\/\\\/www.altercampagne.net\\\/?p=10934#breadcrumb\",\"itemListElement\":[{\"@type\":\"ListItem\",\"position\":1,\"name\":\"Accueil\",\"item\":\"https:\\\/\\\/www.altercampagne.net\\\/\"},{\"@type\":\"ListItem\",\"position\":2,\"name\":\"Les Sheds : l&rsquo;utopie concr\u00e8te de Kingersheim\"}]},{\"@type\":\"WebSite\",\"@id\":\"https:\\\/\\\/www.altercampagne.net\\\/#website\",\"url\":\"https:\\\/\\\/www.altercampagne.net\\\/\",\"name\":\"AlterTour\",\"description\":\"Reliez les Alternatives \u00e0 v\u00e9lo\",\"potentialAction\":[{\"@type\":\"SearchAction\",\"target\":{\"@type\":\"EntryPoint\",\"urlTemplate\":\"https:\\\/\\\/www.altercampagne.net\\\/?s={search_term_string}\"},\"query-input\":{\"@type\":\"PropertyValueSpecification\",\"valueRequired\":true,\"valueName\":\"search_term_string\"}}],\"inLanguage\":\"fr-FR\"},{\"@type\":\"Person\",\"@id\":\"https:\\\/\\\/www.altercampagne.net\\\/#\\\/schema\\\/person\\\/e5b68c803196f649c2152249d262d94a\",\"name\":\"AlterTour\",\"image\":{\"@type\":\"ImageObject\",\"inLanguage\":\"fr-FR\",\"@id\":\"https:\\\/\\\/secure.gravatar.com\\\/avatar\\\/3f2ed77f8506b8ea264ad5938bb0114bfa10f35b64086a66dfbb6e9f58ad9693?s=96&d=mm&r=g\",\"url\":\"https:\\\/\\\/secure.gravatar.com\\\/avatar\\\/3f2ed77f8506b8ea264ad5938bb0114bfa10f35b64086a66dfbb6e9f58ad9693?s=96&d=mm&r=g\",\"contentUrl\":\"https:\\\/\\\/secure.gravatar.com\\\/avatar\\\/3f2ed77f8506b8ea264ad5938bb0114bfa10f35b64086a66dfbb6e9f58ad9693?s=96&d=mm&r=g\",\"caption\":\"AlterTour\"},\"url\":\"https:\\\/\\\/www.altercampagne.net\\\/?author=215\"}]}<\/script>\n<!-- \/ Yoast SEO plugin. -->","yoast_head_json":{"title":"Les Sheds : l'utopie concr\u00e8te de Kingersheim - AlterTour","robots":{"index":"index","follow":"follow","max-snippet":"max-snippet:-1","max-image-preview":"max-image-preview:large","max-video-preview":"max-video-preview:-1"},"canonical":"https:\/\/www.altercampagne.net\/?p=10934","og_locale":"fr_FR","og_type":"article","og_title":"Les Sheds : l'utopie concr\u00e8te de Kingersheim - AlterTour","og_description":"Les Sheds \u00a0accueilleront l&rsquo;AlterTour le 18 ao\u00fbt. Les Sheds\u00a0? ce sont ces toitures en dents de scie asym\u00e9triques typiques des anciennes usines. C\u2019est aussi l\u2019association qui depuis 2007 f\u00e9d\u00e8re la population de Kingersheim autour d\u2019une friche industrielle. Le but : cr\u00e9er un lieu de vie convivial dans une ex-usine textile. ... Read More","og_url":"https:\/\/www.altercampagne.net\/?p=10934","og_site_name":"AlterTour","article_published_time":"2018-06-25T06:00:45+00:00","article_modified_time":"2018-07-06T07:50:41+00:00","og_image":[{"width":1000,"height":523,"url":"https:\/\/www.altercampagne.net\/wp-content\/uploads\/2018\/06\/Les-Sheds.jpg","type":"image\/jpeg"}],"author":"AlterTour","twitter_card":"summary_large_image","twitter_misc":{"\u00c9crit par":"AlterTour","Dur\u00e9e de lecture estim\u00e9e":"1 minute"},"schema":{"@context":"https:\/\/schema.org","@graph":[{"@type":"Article","@id":"https:\/\/www.altercampagne.net\/?p=10934#article","isPartOf":{"@id":"https:\/\/www.altercampagne.net\/?p=10934"},"author":{"name":"AlterTour","@id":"https:\/\/www.altercampagne.net\/#\/schema\/person\/e5b68c803196f649c2152249d262d94a"},"headline":"Les Sheds : l&rsquo;utopie concr\u00e8te de Kingersheim","datePublished":"2018-06-25T06:00:45+00:00","dateModified":"2018-07-06T07:50:41+00:00","mainEntityOfPage":{"@id":"https:\/\/www.altercampagne.net\/?p=10934"},"wordCount":250,"image":{"@id":"https:\/\/www.altercampagne.net\/?p=10934#primaryimage"},"thumbnailUrl":"https:\/\/www.altercampagne.net\/wp-content\/uploads\/2018\/06\/Les-Sheds.jpg","keywords":["Transition","Alsace-Champagne-Ardenne-Lorraine","Haut-Rhin","Les Sheds","Kingersheim","Alsace","\u00e9picerie","Alsace-Lorraine","usine","textile","village en transition","utopie","friche industrielle"],"articleSection":["Alimentation","Culture","Grand Est","\u00c9dition 2018","Social"],"inLanguage":"fr-FR"},{"@type":"WebPage","@id":"https:\/\/www.altercampagne.net\/?p=10934","url":"https:\/\/www.altercampagne.net\/?p=10934","name":"Les Sheds : l'utopie concr\u00e8te de Kingersheim - AlterTour","isPartOf":{"@id":"https:\/\/www.altercampagne.net\/#website"},"primaryImageOfPage":{"@id":"https:\/\/www.altercampagne.net\/?p=10934#primaryimage"},"image":{"@id":"https:\/\/www.altercampagne.net\/?p=10934#primaryimage"},"thumbnailUrl":"https:\/\/www.altercampagne.net\/wp-content\/uploads\/2018\/06\/Les-Sheds.jpg","datePublished":"2018-06-25T06:00:45+00:00","dateModified":"2018-07-06T07:50:41+00:00","author":{"@id":"https:\/\/www.altercampagne.net\/#\/schema\/person\/e5b68c803196f649c2152249d262d94a"},"breadcrumb":{"@id":"https:\/\/www.altercampagne.net\/?p=10934#breadcrumb"},"inLanguage":"fr-FR","potentialAction":[{"@type":"ReadAction","target":["https:\/\/www.altercampagne.net\/?p=10934"]}]},{"@type":"ImageObject","inLanguage":"fr-FR","@id":"https:\/\/www.altercampagne.net\/?p=10934#primaryimage","url":"https:\/\/www.altercampagne.net\/wp-content\/uploads\/2018\/06\/Les-Sheds.jpg","contentUrl":"https:\/\/www.altercampagne.net\/wp-content\/uploads\/2018\/06\/Les-Sheds.jpg","width":1000,"height":523},{"@type":"BreadcrumbList","@id":"https:\/\/www.altercampagne.net\/?p=10934#breadcrumb","itemListElement":[{"@type":"ListItem","position":1,"name":"Accueil","item":"https:\/\/www.altercampagne.net\/"},{"@type":"ListItem","position":2,"name":"Les Sheds : l&rsquo;utopie concr\u00e8te de Kingersheim"}]},{"@type":"WebSite","@id":"https:\/\/www.altercampagne.net\/#website","url":"https:\/\/www.altercampagne.net\/","name":"AlterTour","description":"Reliez les Alternatives \u00e0 v\u00e9lo","potentialAction":[{"@type":"SearchAction","target":{"@type":"EntryPoint","urlTemplate":"https:\/\/www.altercampagne.net\/?s={search_term_string}"},"query-input":{"@type":"PropertyValueSpecification","valueRequired":true,"valueName":"search_term_string"}}],"inLanguage":"fr-FR"},{"@type":"Person","@id":"https:\/\/www.altercampagne.net\/#\/schema\/person\/e5b68c803196f649c2152249d262d94a","name":"AlterTour","image":{"@type":"ImageObject","inLanguage":"fr-FR","@id":"https:\/\/secure.gravatar.com\/avatar\/3f2ed77f8506b8ea264ad5938bb0114bfa10f35b64086a66dfbb6e9f58ad9693?s=96&d=mm&r=g","url":"https:\/\/secure.gravatar.com\/avatar\/3f2ed77f8506b8ea264ad5938bb0114bfa10f35b64086a66dfbb6e9f58ad9693?s=96&d=mm&r=g","contentUrl":"https:\/\/secure.gravatar.com\/avatar\/3f2ed77f8506b8ea264ad5938bb0114bfa10f35b64086a66dfbb6e9f58ad9693?s=96&d=mm&r=g","caption":"AlterTour"},"url":"https:\/\/www.altercampagne.net\/?author=215"}]}},"_links":{"self":[{"href":"https:\/\/www.altercampagne.net\/index.php?rest_route=\/wp\/v2\/posts\/10934","targetHints":{"allow":["GET"]}}],"collection":[{"href":"https:\/\/www.altercampagne.net\/index.php?rest_route=\/wp\/v2\/posts"}],"about":[{"href":"https:\/\/www.altercampagne.net\/index.php?rest_route=\/wp\/v2\/types\/post"}],"author":[{"embeddable":true,"href":"https:\/\/www.altercampagne.net\/index.php?rest_route=\/wp\/v2\/users\/215"}],"replies":[{"embeddable":true,"href":"https:\/\/www.altercampagne.net\/index.php?rest_route=%2Fwp%2Fv2%2Fcomments&post=10934"}],"version-history":[{"count":0,"href":"https:\/\/www.altercampagne.net\/index.php?rest_route=\/wp\/v2\/posts\/10934\/revisions"}],"wp:featuredmedia":[{"embeddable":true,"href":"https:\/\/www.altercampagne.net\/index.php?rest_route=\/wp\/v2\/media\/11354"}],"wp:attachment":[{"href":"https:\/\/www.altercampagne.net\/index.php?rest_route=%2Fwp%2Fv2%2Fmedia&parent=10934"}],"wp:term":[{"taxonomy":"category","embeddable":true,"href":"https:\/\/www.altercampagne.net\/index.php?rest_route=%2Fwp%2Fv2%2Fcategories&post=10934"},{"taxonomy":"post_tag","embeddable":true,"href":"https:\/\/www.altercampagne.net\/index.php?rest_route=%2Fwp%2Fv2%2Ftags&post=10934"}],"curies":[{"name":"wp","href":"https:\/\/api.w.org\/{rel}","templated":true}]}}