{"id":10961,"date":"2018-06-24T08:34:51","date_gmt":"2018-06-24T06:34:51","guid":{"rendered":"http:\/\/www.altercampagne.net\/?p=10961"},"modified":"2018-07-17T11:00:48","modified_gmt":"2018-07-17T09:00:48","slug":"le-collectif-arts-des-possibles-pour-lart-engage","status":"publish","type":"post","link":"https:\/\/www.altercampagne.net\/?p=10961","title":{"rendered":"Le collectif Arts des Possibles, cr\u00e9er pour d\u00e9fendre des id\u00e9es."},"content":{"rendered":"<p><a href=\"https:\/\/www.facebook.com\/ArtDesPossibles\/\" target=\"_blank\" rel=\"noopener\"><strong>Le Collectif des Arts Possibles <\/strong><\/a>accueillera l\u2019AlterTour le 16 ao\u00fbt \u00e0 Husseren-Wesserling (68).<\/p>\n<p>Gagn\u00e9 de haute lutte pour pr\u00e9server le patrimoine local, l\u2019imposant site de l\u2019ancienne Manufacture Royale amorce sa m\u00e9tamorphose en 1998. Il ne manquait plus que ces cr\u00e9ateurs de tous poils pour l\u2019animer d\u2019une douce folie artistique. <strong>Le collectif a pos\u00e9 ses valises fin 2016 pour inventer une utopie \u00e0 plusieurs dans cette ex-usine d\u2019\u00e9chantillonnage textile<\/strong> de plus de 2000m<sup>2<\/sup>.<\/p>\n<p>\u00c0 l\u2019origine du projet, le peintre Denis Zimmermann voulait un lieu sans futilit\u00e9 ni logique mercantile : un art engag\u00e9. Issus de diverses disciplines, habitants du site ou ext\u00e9rieurs, <strong>les membres du collectif et leurs chevaux r\u00e9inventent le plaisir de vivre et cr\u00e9er ensemble.<\/strong><\/p>\n<p>Les ateliers sont ouverts en permanence dans la limite du raisonnable (sic !) pour pr\u00e9senter des \u00e9tapes de cr\u00e9ation, et ceux qui souhaitent participer au \u201cStammtisch\u201d, la table alsacienne des rencontres, sont les bienvenus ! Le passage de l\u2019Altertour offrira l\u2019opportunit\u00e9 \u00e0 d\u2019anciens militants de partager le sauvetage de cette friche industrielle d\u2019une voie rapide sur le th\u00e8me : \u201cLa lutte&#8230; et apr\u00e8s ?\u201d.<\/p>\n<p><em>\u00ab Nous voulons cr\u00e9er des rencontres, autour d\u2019ateliers, de r\u00e9sidences artistiques, d\u2019une progammation annuelle, en lien avec les \u00e9coles et les institutions.\u201d <\/em><\/p>\n<p style=\"text-align: right;\">Vladimir, photographe, groupes Communication et Programmation<\/p>\n<p><strong>Le Collectif des Arts Possibles <\/strong>accueillera l\u2019AlterTour le 16 ao\u00fbt \u00e0 Husseren-Wesserling (68). Pour plus d\u2019infos consultez le <strong><a href=\"http:\/\/www.altercampagne.net\/?page_id=10352\">programme<\/a><\/strong>.<\/p>\n","protected":false},"excerpt":{"rendered":"<p>Le Collectif des Arts Possibles accueillera l\u2019AlterTour le 16 ao\u00fbt \u00e0 Husseren-Wesserling (68). Gagn\u00e9 de haute lutte pour pr\u00e9server le patrimoine local, l\u2019imposant site de l\u2019ancienne Manufacture Royale amorce sa m\u00e9tamorphose en 1998. Il ne manquait plus que ces cr\u00e9ateurs de tous poils pour l\u2019animer d\u2019une douce folie artistique. Le &#8230; <\/p>\n<div><a href=\"https:\/\/www.altercampagne.net\/?p=10961\" class=\"more-link\">Read More<\/a><\/div>\n","protected":false},"author":229,"featured_media":11351,"comment_status":"closed","ping_status":"closed","sticky":false,"template":"","format":"standard","meta":{"footnotes":""},"categories":[3490,3475,3470],"tags":[3232,3342,3374,3592,3597,3618],"class_list":["post-10961","post","type-post","status-publish","format-standard","has-post-thumbnail","hentry","category-culture","category-grand-est","category-edition-2018","tag-haut-rhin","tag-collectif-arts-des-possibles","tag-husseren-wesserling","tag-alsace","tag-alsace-lorraine","tag-art"],"yoast_head":"<!-- This site is optimized with the Yoast SEO plugin v27.3 - https:\/\/yoast.com\/product\/yoast-seo-wordpress\/ -->\n<title>Le collectif Arts des Possibles, cr\u00e9er pour d\u00e9fendre des id\u00e9es. - AlterTour<\/title>\n<meta name=\"robots\" content=\"index, follow, max-snippet:-1, max-image-preview:large, max-video-preview:-1\" \/>\n<link rel=\"canonical\" href=\"https:\/\/www.altercampagne.net\/?p=10961\" \/>\n<meta property=\"og:locale\" content=\"fr_FR\" \/>\n<meta property=\"og:type\" content=\"article\" \/>\n<meta property=\"og:title\" content=\"Le collectif Arts des Possibles, cr\u00e9er pour d\u00e9fendre des id\u00e9es. - AlterTour\" \/>\n<meta property=\"og:description\" content=\"Le Collectif des Arts Possibles accueillera l\u2019AlterTour le 16 ao\u00fbt \u00e0 Husseren-Wesserling (68). Gagn\u00e9 de haute lutte pour pr\u00e9server le patrimoine local, l\u2019imposant site de l\u2019ancienne Manufacture Royale amorce sa m\u00e9tamorphose en 1998. Il ne manquait plus que ces cr\u00e9ateurs de tous poils pour l\u2019animer d\u2019une douce folie artistique. Le ... Read More\" \/>\n<meta property=\"og:url\" content=\"https:\/\/www.altercampagne.net\/?p=10961\" \/>\n<meta property=\"og:site_name\" content=\"AlterTour\" \/>\n<meta property=\"article:published_time\" content=\"2018-06-24T06:34:51+00:00\" \/>\n<meta property=\"article:modified_time\" content=\"2018-07-17T09:00:48+00:00\" \/>\n<meta property=\"og:image\" content=\"https:\/\/www.altercampagne.net\/wp-content\/uploads\/2018\/07\/Art-des-possibles.jpg\" \/>\n\t<meta property=\"og:image:width\" content=\"1000\" \/>\n\t<meta property=\"og:image:height\" content=\"523\" \/>\n\t<meta property=\"og:image:type\" content=\"image\/jpeg\" \/>\n<meta name=\"author\" content=\"Maelle\" \/>\n<meta name=\"twitter:card\" content=\"summary_large_image\" \/>\n<meta name=\"twitter:label1\" content=\"\u00c9crit par\" \/>\n\t<meta name=\"twitter:data1\" content=\"Maelle\" \/>\n\t<meta name=\"twitter:label2\" content=\"Dur\u00e9e de lecture estim\u00e9e\" \/>\n\t<meta name=\"twitter:data2\" content=\"1 minute\" \/>\n<script type=\"application\/ld+json\" class=\"yoast-schema-graph\">{\"@context\":\"https:\\\/\\\/schema.org\",\"@graph\":[{\"@type\":\"Article\",\"@id\":\"https:\\\/\\\/www.altercampagne.net\\\/?p=10961#article\",\"isPartOf\":{\"@id\":\"https:\\\/\\\/www.altercampagne.net\\\/?p=10961\"},\"author\":{\"name\":\"Maelle\",\"@id\":\"https:\\\/\\\/www.altercampagne.net\\\/#\\\/schema\\\/person\\\/3e5a45a2348c8261cd9b528fe33db287\"},\"headline\":\"Le collectif Arts des Possibles, cr\u00e9er pour d\u00e9fendre des id\u00e9es.\",\"datePublished\":\"2018-06-24T06:34:51+00:00\",\"dateModified\":\"2018-07-17T09:00:48+00:00\",\"mainEntityOfPage\":{\"@id\":\"https:\\\/\\\/www.altercampagne.net\\\/?p=10961\"},\"wordCount\":252,\"image\":{\"@id\":\"https:\\\/\\\/www.altercampagne.net\\\/?p=10961#primaryimage\"},\"thumbnailUrl\":\"https:\\\/\\\/www.altercampagne.net\\\/wp-content\\\/uploads\\\/2018\\\/07\\\/Art-des-possibles.jpg\",\"keywords\":[\"Haut-Rhin\",\"Collectif arts des possibles\",\"Husseren-Wesserling\",\"Alsace\",\"Alsace-Lorraine\",\"art\"],\"articleSection\":[\"Culture\",\"Grand Est\",\"\u00c9dition 2018\"],\"inLanguage\":\"fr-FR\"},{\"@type\":\"WebPage\",\"@id\":\"https:\\\/\\\/www.altercampagne.net\\\/?p=10961\",\"url\":\"https:\\\/\\\/www.altercampagne.net\\\/?p=10961\",\"name\":\"Le collectif Arts des Possibles, cr\u00e9er pour d\u00e9fendre des id\u00e9es. - AlterTour\",\"isPartOf\":{\"@id\":\"https:\\\/\\\/www.altercampagne.net\\\/#website\"},\"primaryImageOfPage\":{\"@id\":\"https:\\\/\\\/www.altercampagne.net\\\/?p=10961#primaryimage\"},\"image\":{\"@id\":\"https:\\\/\\\/www.altercampagne.net\\\/?p=10961#primaryimage\"},\"thumbnailUrl\":\"https:\\\/\\\/www.altercampagne.net\\\/wp-content\\\/uploads\\\/2018\\\/07\\\/Art-des-possibles.jpg\",\"datePublished\":\"2018-06-24T06:34:51+00:00\",\"dateModified\":\"2018-07-17T09:00:48+00:00\",\"author\":{\"@id\":\"https:\\\/\\\/www.altercampagne.net\\\/#\\\/schema\\\/person\\\/3e5a45a2348c8261cd9b528fe33db287\"},\"breadcrumb\":{\"@id\":\"https:\\\/\\\/www.altercampagne.net\\\/?p=10961#breadcrumb\"},\"inLanguage\":\"fr-FR\",\"potentialAction\":[{\"@type\":\"ReadAction\",\"target\":[\"https:\\\/\\\/www.altercampagne.net\\\/?p=10961\"]}]},{\"@type\":\"ImageObject\",\"inLanguage\":\"fr-FR\",\"@id\":\"https:\\\/\\\/www.altercampagne.net\\\/?p=10961#primaryimage\",\"url\":\"https:\\\/\\\/www.altercampagne.net\\\/wp-content\\\/uploads\\\/2018\\\/07\\\/Art-des-possibles.jpg\",\"contentUrl\":\"https:\\\/\\\/www.altercampagne.net\\\/wp-content\\\/uploads\\\/2018\\\/07\\\/Art-des-possibles.jpg\",\"width\":1000,\"height\":523},{\"@type\":\"BreadcrumbList\",\"@id\":\"https:\\\/\\\/www.altercampagne.net\\\/?p=10961#breadcrumb\",\"itemListElement\":[{\"@type\":\"ListItem\",\"position\":1,\"name\":\"Accueil\",\"item\":\"https:\\\/\\\/www.altercampagne.net\\\/\"},{\"@type\":\"ListItem\",\"position\":2,\"name\":\"Le collectif Arts des Possibles, cr\u00e9er pour d\u00e9fendre des id\u00e9es.\"}]},{\"@type\":\"WebSite\",\"@id\":\"https:\\\/\\\/www.altercampagne.net\\\/#website\",\"url\":\"https:\\\/\\\/www.altercampagne.net\\\/\",\"name\":\"AlterTour\",\"description\":\"Reliez les Alternatives \u00e0 v\u00e9lo\",\"potentialAction\":[{\"@type\":\"SearchAction\",\"target\":{\"@type\":\"EntryPoint\",\"urlTemplate\":\"https:\\\/\\\/www.altercampagne.net\\\/?s={search_term_string}\"},\"query-input\":{\"@type\":\"PropertyValueSpecification\",\"valueRequired\":true,\"valueName\":\"search_term_string\"}}],\"inLanguage\":\"fr-FR\"},{\"@type\":\"Person\",\"@id\":\"https:\\\/\\\/www.altercampagne.net\\\/#\\\/schema\\\/person\\\/3e5a45a2348c8261cd9b528fe33db287\",\"name\":\"Maelle\",\"image\":{\"@type\":\"ImageObject\",\"inLanguage\":\"fr-FR\",\"@id\":\"https:\\\/\\\/secure.gravatar.com\\\/avatar\\\/cf490aac5836d1f2c705fe7e165720e55265523ea66a62aecfff51d8ee1ac268?s=96&d=mm&r=g\",\"url\":\"https:\\\/\\\/secure.gravatar.com\\\/avatar\\\/cf490aac5836d1f2c705fe7e165720e55265523ea66a62aecfff51d8ee1ac268?s=96&d=mm&r=g\",\"contentUrl\":\"https:\\\/\\\/secure.gravatar.com\\\/avatar\\\/cf490aac5836d1f2c705fe7e165720e55265523ea66a62aecfff51d8ee1ac268?s=96&d=mm&r=g\",\"caption\":\"Maelle\"},\"url\":\"https:\\\/\\\/www.altercampagne.net\\\/?author=229\"}]}<\/script>\n<!-- \/ Yoast SEO plugin. -->","yoast_head_json":{"title":"Le collectif Arts des Possibles, cr\u00e9er pour d\u00e9fendre des id\u00e9es. - AlterTour","robots":{"index":"index","follow":"follow","max-snippet":"max-snippet:-1","max-image-preview":"max-image-preview:large","max-video-preview":"max-video-preview:-1"},"canonical":"https:\/\/www.altercampagne.net\/?p=10961","og_locale":"fr_FR","og_type":"article","og_title":"Le collectif Arts des Possibles, cr\u00e9er pour d\u00e9fendre des id\u00e9es. - AlterTour","og_description":"Le Collectif des Arts Possibles accueillera l\u2019AlterTour le 16 ao\u00fbt \u00e0 Husseren-Wesserling (68). Gagn\u00e9 de haute lutte pour pr\u00e9server le patrimoine local, l\u2019imposant site de l\u2019ancienne Manufacture Royale amorce sa m\u00e9tamorphose en 1998. Il ne manquait plus que ces cr\u00e9ateurs de tous poils pour l\u2019animer d\u2019une douce folie artistique. Le ... Read More","og_url":"https:\/\/www.altercampagne.net\/?p=10961","og_site_name":"AlterTour","article_published_time":"2018-06-24T06:34:51+00:00","article_modified_time":"2018-07-17T09:00:48+00:00","og_image":[{"width":1000,"height":523,"url":"https:\/\/www.altercampagne.net\/wp-content\/uploads\/2018\/07\/Art-des-possibles.jpg","type":"image\/jpeg"}],"author":"Maelle","twitter_card":"summary_large_image","twitter_misc":{"\u00c9crit par":"Maelle","Dur\u00e9e de lecture estim\u00e9e":"1 minute"},"schema":{"@context":"https:\/\/schema.org","@graph":[{"@type":"Article","@id":"https:\/\/www.altercampagne.net\/?p=10961#article","isPartOf":{"@id":"https:\/\/www.altercampagne.net\/?p=10961"},"author":{"name":"Maelle","@id":"https:\/\/www.altercampagne.net\/#\/schema\/person\/3e5a45a2348c8261cd9b528fe33db287"},"headline":"Le collectif Arts des Possibles, cr\u00e9er pour d\u00e9fendre des id\u00e9es.","datePublished":"2018-06-24T06:34:51+00:00","dateModified":"2018-07-17T09:00:48+00:00","mainEntityOfPage":{"@id":"https:\/\/www.altercampagne.net\/?p=10961"},"wordCount":252,"image":{"@id":"https:\/\/www.altercampagne.net\/?p=10961#primaryimage"},"thumbnailUrl":"https:\/\/www.altercampagne.net\/wp-content\/uploads\/2018\/07\/Art-des-possibles.jpg","keywords":["Haut-Rhin","Collectif arts des possibles","Husseren-Wesserling","Alsace","Alsace-Lorraine","art"],"articleSection":["Culture","Grand Est","\u00c9dition 2018"],"inLanguage":"fr-FR"},{"@type":"WebPage","@id":"https:\/\/www.altercampagne.net\/?p=10961","url":"https:\/\/www.altercampagne.net\/?p=10961","name":"Le collectif Arts des Possibles, cr\u00e9er pour d\u00e9fendre des id\u00e9es. - AlterTour","isPartOf":{"@id":"https:\/\/www.altercampagne.net\/#website"},"primaryImageOfPage":{"@id":"https:\/\/www.altercampagne.net\/?p=10961#primaryimage"},"image":{"@id":"https:\/\/www.altercampagne.net\/?p=10961#primaryimage"},"thumbnailUrl":"https:\/\/www.altercampagne.net\/wp-content\/uploads\/2018\/07\/Art-des-possibles.jpg","datePublished":"2018-06-24T06:34:51+00:00","dateModified":"2018-07-17T09:00:48+00:00","author":{"@id":"https:\/\/www.altercampagne.net\/#\/schema\/person\/3e5a45a2348c8261cd9b528fe33db287"},"breadcrumb":{"@id":"https:\/\/www.altercampagne.net\/?p=10961#breadcrumb"},"inLanguage":"fr-FR","potentialAction":[{"@type":"ReadAction","target":["https:\/\/www.altercampagne.net\/?p=10961"]}]},{"@type":"ImageObject","inLanguage":"fr-FR","@id":"https:\/\/www.altercampagne.net\/?p=10961#primaryimage","url":"https:\/\/www.altercampagne.net\/wp-content\/uploads\/2018\/07\/Art-des-possibles.jpg","contentUrl":"https:\/\/www.altercampagne.net\/wp-content\/uploads\/2018\/07\/Art-des-possibles.jpg","width":1000,"height":523},{"@type":"BreadcrumbList","@id":"https:\/\/www.altercampagne.net\/?p=10961#breadcrumb","itemListElement":[{"@type":"ListItem","position":1,"name":"Accueil","item":"https:\/\/www.altercampagne.net\/"},{"@type":"ListItem","position":2,"name":"Le collectif Arts des Possibles, cr\u00e9er pour d\u00e9fendre des id\u00e9es."}]},{"@type":"WebSite","@id":"https:\/\/www.altercampagne.net\/#website","url":"https:\/\/www.altercampagne.net\/","name":"AlterTour","description":"Reliez les Alternatives \u00e0 v\u00e9lo","potentialAction":[{"@type":"SearchAction","target":{"@type":"EntryPoint","urlTemplate":"https:\/\/www.altercampagne.net\/?s={search_term_string}"},"query-input":{"@type":"PropertyValueSpecification","valueRequired":true,"valueName":"search_term_string"}}],"inLanguage":"fr-FR"},{"@type":"Person","@id":"https:\/\/www.altercampagne.net\/#\/schema\/person\/3e5a45a2348c8261cd9b528fe33db287","name":"Maelle","image":{"@type":"ImageObject","inLanguage":"fr-FR","@id":"https:\/\/secure.gravatar.com\/avatar\/cf490aac5836d1f2c705fe7e165720e55265523ea66a62aecfff51d8ee1ac268?s=96&d=mm&r=g","url":"https:\/\/secure.gravatar.com\/avatar\/cf490aac5836d1f2c705fe7e165720e55265523ea66a62aecfff51d8ee1ac268?s=96&d=mm&r=g","contentUrl":"https:\/\/secure.gravatar.com\/avatar\/cf490aac5836d1f2c705fe7e165720e55265523ea66a62aecfff51d8ee1ac268?s=96&d=mm&r=g","caption":"Maelle"},"url":"https:\/\/www.altercampagne.net\/?author=229"}]}},"_links":{"self":[{"href":"https:\/\/www.altercampagne.net\/index.php?rest_route=\/wp\/v2\/posts\/10961","targetHints":{"allow":["GET"]}}],"collection":[{"href":"https:\/\/www.altercampagne.net\/index.php?rest_route=\/wp\/v2\/posts"}],"about":[{"href":"https:\/\/www.altercampagne.net\/index.php?rest_route=\/wp\/v2\/types\/post"}],"author":[{"embeddable":true,"href":"https:\/\/www.altercampagne.net\/index.php?rest_route=\/wp\/v2\/users\/229"}],"replies":[{"embeddable":true,"href":"https:\/\/www.altercampagne.net\/index.php?rest_route=%2Fwp%2Fv2%2Fcomments&post=10961"}],"version-history":[{"count":0,"href":"https:\/\/www.altercampagne.net\/index.php?rest_route=\/wp\/v2\/posts\/10961\/revisions"}],"wp:featuredmedia":[{"embeddable":true,"href":"https:\/\/www.altercampagne.net\/index.php?rest_route=\/wp\/v2\/media\/11351"}],"wp:attachment":[{"href":"https:\/\/www.altercampagne.net\/index.php?rest_route=%2Fwp%2Fv2%2Fmedia&parent=10961"}],"wp:term":[{"taxonomy":"category","embeddable":true,"href":"https:\/\/www.altercampagne.net\/index.php?rest_route=%2Fwp%2Fv2%2Fcategories&post=10961"},{"taxonomy":"post_tag","embeddable":true,"href":"https:\/\/www.altercampagne.net\/index.php?rest_route=%2Fwp%2Fv2%2Ftags&post=10961"}],"curies":[{"name":"wp","href":"https:\/\/api.w.org\/{rel}","templated":true}]}}