{"id":10975,"date":"2018-07-04T08:39:26","date_gmt":"2018-07-04T06:39:26","guid":{"rendered":"http:\/\/www.altercampagne.net\/?p=10975"},"modified":"2018-08-28T23:12:50","modified_gmt":"2018-08-28T21:12:50","slug":"la-maison-mimir-centre-socio-culturel-autogere","status":"publish","type":"post","link":"https:\/\/www.altercampagne.net\/?p=10975","title":{"rendered":"La maison Mimir, centre socio-culturel autog\u00e9r\u00e9"},"content":{"rendered":"<p>La <strong><a href=\"http:\/\/maison-mimir.com\" target=\"_blank\" rel=\"noopener\">Maison Mimir<\/a><\/strong> accueillera l&rsquo;AlterTour le 23 ao\u00fbt \u00e0 Strasbourg (67).<\/p>\n<p><strong>La<\/strong> <strong>Maison Mimir<\/strong> <strong>est un espace social, culturel et artistique autog\u00e9r\u00e9 strasbourgeois.<\/strong> Rien que \u00e7a !\u00a0Ici cohabitent le Barakawa qui sert du caf\u00e9 torr\u00e9fi\u00e9 et le B\u0153uf-Bouffe,\u00a0des cuisiniers servent des repas \u00e0 base d\u2019aliments de r\u00e9cup\u00e9ration, accompagn\u00e9s par des musiciens. Son service de bagagerie gratuit et anonyme pour sans abris illustre parfaitement son r\u00f4le social. Sans oublier l\u2019espace artistique, en chantier, pour cr\u00e9er une salle de musique. \u00a0Qui dit mieux ?<\/p>\n<p>Ici, de nombreux projets tr\u00e8s diff\u00e9rents s\u2019y d\u00e9veloppent. <strong>Toute initiative individuelle ou collective est bienvenue, tant qu\u2019elle est en ad\u00e9quation avec la charte<\/strong> : libert\u00e9 et autonomie, accueil, hospitalit\u00e9 et convivialit\u00e9, respect de soi, de l\u2019autre et de l\u2019environnement, non-discrimination, non-violence, \u00e9ducation populaire, prise de d\u00e9cision collective au consensus, prix libre.<\/p>\n<p><em><strong>\u201cLa maison Mimir est un lieu de tous les possibles, c\u2019est un tremplin,<\/strong> mais aussi un espace de transition. Nous sommes politiques car nous cr\u00e9ons du \u201cvivre ensemble\u201d : nous organisons des \u00e9v\u00e9nements de soutien \u00e0 des<\/em><em>\u2028\u00a0<\/em><em>luttes, comme celle contre le Grand Contournement Ouest de Strasbourg, nous pratiquons\u00a0<\/em><em>\u2028<\/em><em>la r\u00e9cup\u00e9ration, le \u201cDo it yourself\u201d, et nous r\u00e9fl\u00e9chissons aux questions de gouvernance horizontale. <\/em><\/p>\n<p>Tout commence en 2010, en tant que squat, qui sera l\u00e9galis\u00e9 en 2013 par bail emphyt\u00e9otique de 30 ans. \u00a0\u00ab\u00a0<em>D\u00e8s le d\u00e9part, il y avait la volont\u00e9 de passer par l\u2019ill\u00e9galit\u00e9 pour faire na\u00eetre<\/em><em>\u2028\u00a0<\/em><em>ce projet, sans hi\u00e9rarchie et en toute ind\u00e9pendance. Par cette d\u00e9marche, <strong>la maison Mimir<\/strong><\/em><em><strong>a un historique de questionnement sur toutes les formes de pouvoir<\/strong> : la force, la parole, la pr\u00e9sence, l\u2019information, l\u2019anciennet\u00e9 ou encore la m\u00e9ritocratie. Nous sommes un laboratoire social.\u00a0\u00bb<\/em><\/p>\n<div class=\"page\" title=\"Page 8\">\n<div class=\"section\">\n<div class=\"layoutArea\">\n<div class=\"column\">\n<p style=\"text-align: right;\">Eug\u00e9nie et Oph\u00e9lie, b\u00e9n\u00e9voles<\/p>\n<p>La Maison Mimir accueillera l&rsquo;AlterTour le 23 ao\u00fbt \u00e0 Katzenthal (68).\u00a0Pour plus d\u2019infos consultez le <strong><a href=\"http:\/\/www.altercampagne.net\/?page_id=10352\">programme<\/a><\/strong>.<\/p>\n<\/div>\n<\/div>\n<\/div>\n<\/div>\n","protected":false},"excerpt":{"rendered":"<p>La Maison Mimir accueillera l&rsquo;AlterTour le 23 ao\u00fbt \u00e0 Strasbourg (67). La Maison Mimir est un espace social, culturel et artistique autog\u00e9r\u00e9 strasbourgeois. Rien que \u00e7a !\u00a0Ici cohabitent le Barakawa qui sert du caf\u00e9 torr\u00e9fi\u00e9 et le B\u0153uf-Bouffe,\u00a0des cuisiniers servent des repas \u00e0 base d\u2019aliments de r\u00e9cup\u00e9ration, accompagn\u00e9s par des &#8230; <\/p>\n<div><a href=\"https:\/\/www.altercampagne.net\/?p=10975\" class=\"more-link\">Read More<\/a><\/div>\n","protected":false},"author":143,"featured_media":11352,"comment_status":"closed","ping_status":"closed","sticky":false,"template":"","format":"standard","meta":{"footnotes":""},"categories":[3490,3475,3470,3488],"tags":[244,442,453,824,1857,2518,3233,3379,3592,3597,3618,3624,3625,3626,3627,3628],"class_list":["post-10975","post","type-post","status-publish","format-standard","has-post-thumbnail","hentry","category-culture","category-grand-est","category-edition-2018","category-social","tag-prix-libre","tag-consensus","tag-education-populaire","tag-musique","tag-centre-social-autogere","tag-centre-social","tag-bas-rhin","tag-strasbourg","tag-alsace","tag-alsace-lorraine","tag-art","tag-bagagerie","tag-gouvernance","tag-horizontalite","tag-vivre-ensemble","tag-recuperation"],"yoast_head":"<!-- This site is optimized with the Yoast SEO plugin v27.3 - https:\/\/yoast.com\/product\/yoast-seo-wordpress\/ -->\n<title>La maison Mimir, centre socio-culturel autog\u00e9r\u00e9 - AlterTour<\/title>\n<meta name=\"robots\" content=\"index, follow, max-snippet:-1, max-image-preview:large, max-video-preview:-1\" \/>\n<link rel=\"canonical\" href=\"https:\/\/www.altercampagne.net\/?p=10975\" \/>\n<meta property=\"og:locale\" content=\"fr_FR\" \/>\n<meta property=\"og:type\" content=\"article\" \/>\n<meta property=\"og:title\" content=\"La maison Mimir, centre socio-culturel autog\u00e9r\u00e9 - AlterTour\" \/>\n<meta property=\"og:description\" content=\"La Maison Mimir accueillera l&rsquo;AlterTour le 23 ao\u00fbt \u00e0 Strasbourg (67). La Maison Mimir est un espace social, culturel et artistique autog\u00e9r\u00e9 strasbourgeois. Rien que \u00e7a !\u00a0Ici cohabitent le Barakawa qui sert du caf\u00e9 torr\u00e9fi\u00e9 et le B\u0153uf-Bouffe,\u00a0des cuisiniers servent des repas \u00e0 base d\u2019aliments de r\u00e9cup\u00e9ration, accompagn\u00e9s par des ... Read More\" \/>\n<meta property=\"og:url\" content=\"https:\/\/www.altercampagne.net\/?p=10975\" \/>\n<meta property=\"og:site_name\" content=\"AlterTour\" \/>\n<meta property=\"article:published_time\" content=\"2018-07-04T06:39:26+00:00\" \/>\n<meta property=\"article:modified_time\" content=\"2018-08-28T21:12:50+00:00\" \/>\n<meta property=\"og:image\" content=\"https:\/\/www.altercampagne.net\/wp-content\/uploads\/2018\/07\/Maison_Mimmir.jpg\" \/>\n\t<meta property=\"og:image:width\" content=\"730\" \/>\n\t<meta property=\"og:image:height\" content=\"382\" \/>\n\t<meta property=\"og:image:type\" content=\"image\/jpeg\" \/>\n<meta name=\"author\" content=\"Virginie\" \/>\n<meta name=\"twitter:card\" content=\"summary_large_image\" \/>\n<meta name=\"twitter:label1\" content=\"\u00c9crit par\" \/>\n\t<meta name=\"twitter:data1\" content=\"Virginie\" \/>\n\t<meta name=\"twitter:label2\" content=\"Dur\u00e9e de lecture estim\u00e9e\" \/>\n\t<meta name=\"twitter:data2\" content=\"2 minutes\" \/>\n<script type=\"application\/ld+json\" class=\"yoast-schema-graph\">{\"@context\":\"https:\\\/\\\/schema.org\",\"@graph\":[{\"@type\":\"Article\",\"@id\":\"https:\\\/\\\/www.altercampagne.net\\\/?p=10975#article\",\"isPartOf\":{\"@id\":\"https:\\\/\\\/www.altercampagne.net\\\/?p=10975\"},\"author\":{\"name\":\"Virginie\",\"@id\":\"https:\\\/\\\/www.altercampagne.net\\\/#\\\/schema\\\/person\\\/b0ed6c457e5476888f17cd1b9eafe6a8\"},\"headline\":\"La maison Mimir, centre socio-culturel autog\u00e9r\u00e9\",\"datePublished\":\"2018-07-04T06:39:26+00:00\",\"dateModified\":\"2018-08-28T21:12:50+00:00\",\"mainEntityOfPage\":{\"@id\":\"https:\\\/\\\/www.altercampagne.net\\\/?p=10975\"},\"wordCount\":336,\"image\":{\"@id\":\"https:\\\/\\\/www.altercampagne.net\\\/?p=10975#primaryimage\"},\"thumbnailUrl\":\"https:\\\/\\\/www.altercampagne.net\\\/wp-content\\\/uploads\\\/2018\\\/07\\\/Maison_Mimmir.jpg\",\"keywords\":[\"prix libre\",\"consensus\",\"\u00e9ducation populaire\",\"musique\",\"Centre social autog\u00e9r\u00e9\",\"centre social\",\"Bas-Rhin\",\"Strasbourg\",\"Alsace\",\"Alsace-Lorraine\",\"art\",\"bagagerie\",\"gouvernance\",\"horizontalit\u00e9\",\"vivre ensemble\",\"r\u00e9cup\u00e9ration\"],\"articleSection\":[\"Culture\",\"Grand Est\",\"\u00c9dition 2018\",\"Social\"],\"inLanguage\":\"fr-FR\"},{\"@type\":\"WebPage\",\"@id\":\"https:\\\/\\\/www.altercampagne.net\\\/?p=10975\",\"url\":\"https:\\\/\\\/www.altercampagne.net\\\/?p=10975\",\"name\":\"La maison Mimir, centre socio-culturel autog\u00e9r\u00e9 - AlterTour\",\"isPartOf\":{\"@id\":\"https:\\\/\\\/www.altercampagne.net\\\/#website\"},\"primaryImageOfPage\":{\"@id\":\"https:\\\/\\\/www.altercampagne.net\\\/?p=10975#primaryimage\"},\"image\":{\"@id\":\"https:\\\/\\\/www.altercampagne.net\\\/?p=10975#primaryimage\"},\"thumbnailUrl\":\"https:\\\/\\\/www.altercampagne.net\\\/wp-content\\\/uploads\\\/2018\\\/07\\\/Maison_Mimmir.jpg\",\"datePublished\":\"2018-07-04T06:39:26+00:00\",\"dateModified\":\"2018-08-28T21:12:50+00:00\",\"author\":{\"@id\":\"https:\\\/\\\/www.altercampagne.net\\\/#\\\/schema\\\/person\\\/b0ed6c457e5476888f17cd1b9eafe6a8\"},\"breadcrumb\":{\"@id\":\"https:\\\/\\\/www.altercampagne.net\\\/?p=10975#breadcrumb\"},\"inLanguage\":\"fr-FR\",\"potentialAction\":[{\"@type\":\"ReadAction\",\"target\":[\"https:\\\/\\\/www.altercampagne.net\\\/?p=10975\"]}]},{\"@type\":\"ImageObject\",\"inLanguage\":\"fr-FR\",\"@id\":\"https:\\\/\\\/www.altercampagne.net\\\/?p=10975#primaryimage\",\"url\":\"https:\\\/\\\/www.altercampagne.net\\\/wp-content\\\/uploads\\\/2018\\\/07\\\/Maison_Mimmir.jpg\",\"contentUrl\":\"https:\\\/\\\/www.altercampagne.net\\\/wp-content\\\/uploads\\\/2018\\\/07\\\/Maison_Mimmir.jpg\",\"width\":730,\"height\":382},{\"@type\":\"BreadcrumbList\",\"@id\":\"https:\\\/\\\/www.altercampagne.net\\\/?p=10975#breadcrumb\",\"itemListElement\":[{\"@type\":\"ListItem\",\"position\":1,\"name\":\"Accueil\",\"item\":\"https:\\\/\\\/www.altercampagne.net\\\/\"},{\"@type\":\"ListItem\",\"position\":2,\"name\":\"La maison Mimir, centre socio-culturel autog\u00e9r\u00e9\"}]},{\"@type\":\"WebSite\",\"@id\":\"https:\\\/\\\/www.altercampagne.net\\\/#website\",\"url\":\"https:\\\/\\\/www.altercampagne.net\\\/\",\"name\":\"AlterTour\",\"description\":\"Reliez les Alternatives \u00e0 v\u00e9lo\",\"potentialAction\":[{\"@type\":\"SearchAction\",\"target\":{\"@type\":\"EntryPoint\",\"urlTemplate\":\"https:\\\/\\\/www.altercampagne.net\\\/?s={search_term_string}\"},\"query-input\":{\"@type\":\"PropertyValueSpecification\",\"valueRequired\":true,\"valueName\":\"search_term_string\"}}],\"inLanguage\":\"fr-FR\"},{\"@type\":\"Person\",\"@id\":\"https:\\\/\\\/www.altercampagne.net\\\/#\\\/schema\\\/person\\\/b0ed6c457e5476888f17cd1b9eafe6a8\",\"name\":\"Virginie\",\"image\":{\"@type\":\"ImageObject\",\"inLanguage\":\"fr-FR\",\"@id\":\"https:\\\/\\\/secure.gravatar.com\\\/avatar\\\/7b9a2597b45c7fd40d26425047fd3c96f6356c2a2913a565a3e874526d4609d3?s=96&d=mm&r=g\",\"url\":\"https:\\\/\\\/secure.gravatar.com\\\/avatar\\\/7b9a2597b45c7fd40d26425047fd3c96f6356c2a2913a565a3e874526d4609d3?s=96&d=mm&r=g\",\"contentUrl\":\"https:\\\/\\\/secure.gravatar.com\\\/avatar\\\/7b9a2597b45c7fd40d26425047fd3c96f6356c2a2913a565a3e874526d4609d3?s=96&d=mm&r=g\",\"caption\":\"Virginie\"},\"url\":\"https:\\\/\\\/www.altercampagne.net\\\/?author=143\"}]}<\/script>\n<!-- \/ Yoast SEO plugin. -->","yoast_head_json":{"title":"La maison Mimir, centre socio-culturel autog\u00e9r\u00e9 - AlterTour","robots":{"index":"index","follow":"follow","max-snippet":"max-snippet:-1","max-image-preview":"max-image-preview:large","max-video-preview":"max-video-preview:-1"},"canonical":"https:\/\/www.altercampagne.net\/?p=10975","og_locale":"fr_FR","og_type":"article","og_title":"La maison Mimir, centre socio-culturel autog\u00e9r\u00e9 - AlterTour","og_description":"La Maison Mimir accueillera l&rsquo;AlterTour le 23 ao\u00fbt \u00e0 Strasbourg (67). La Maison Mimir est un espace social, culturel et artistique autog\u00e9r\u00e9 strasbourgeois. Rien que \u00e7a !\u00a0Ici cohabitent le Barakawa qui sert du caf\u00e9 torr\u00e9fi\u00e9 et le B\u0153uf-Bouffe,\u00a0des cuisiniers servent des repas \u00e0 base d\u2019aliments de r\u00e9cup\u00e9ration, accompagn\u00e9s par des ... Read More","og_url":"https:\/\/www.altercampagne.net\/?p=10975","og_site_name":"AlterTour","article_published_time":"2018-07-04T06:39:26+00:00","article_modified_time":"2018-08-28T21:12:50+00:00","og_image":[{"width":730,"height":382,"url":"https:\/\/www.altercampagne.net\/wp-content\/uploads\/2018\/07\/Maison_Mimmir.jpg","type":"image\/jpeg"}],"author":"Virginie","twitter_card":"summary_large_image","twitter_misc":{"\u00c9crit par":"Virginie","Dur\u00e9e de lecture estim\u00e9e":"2 minutes"},"schema":{"@context":"https:\/\/schema.org","@graph":[{"@type":"Article","@id":"https:\/\/www.altercampagne.net\/?p=10975#article","isPartOf":{"@id":"https:\/\/www.altercampagne.net\/?p=10975"},"author":{"name":"Virginie","@id":"https:\/\/www.altercampagne.net\/#\/schema\/person\/b0ed6c457e5476888f17cd1b9eafe6a8"},"headline":"La maison Mimir, centre socio-culturel autog\u00e9r\u00e9","datePublished":"2018-07-04T06:39:26+00:00","dateModified":"2018-08-28T21:12:50+00:00","mainEntityOfPage":{"@id":"https:\/\/www.altercampagne.net\/?p=10975"},"wordCount":336,"image":{"@id":"https:\/\/www.altercampagne.net\/?p=10975#primaryimage"},"thumbnailUrl":"https:\/\/www.altercampagne.net\/wp-content\/uploads\/2018\/07\/Maison_Mimmir.jpg","keywords":["prix libre","consensus","\u00e9ducation populaire","musique","Centre social autog\u00e9r\u00e9","centre social","Bas-Rhin","Strasbourg","Alsace","Alsace-Lorraine","art","bagagerie","gouvernance","horizontalit\u00e9","vivre ensemble","r\u00e9cup\u00e9ration"],"articleSection":["Culture","Grand Est","\u00c9dition 2018","Social"],"inLanguage":"fr-FR"},{"@type":"WebPage","@id":"https:\/\/www.altercampagne.net\/?p=10975","url":"https:\/\/www.altercampagne.net\/?p=10975","name":"La maison Mimir, centre socio-culturel autog\u00e9r\u00e9 - AlterTour","isPartOf":{"@id":"https:\/\/www.altercampagne.net\/#website"},"primaryImageOfPage":{"@id":"https:\/\/www.altercampagne.net\/?p=10975#primaryimage"},"image":{"@id":"https:\/\/www.altercampagne.net\/?p=10975#primaryimage"},"thumbnailUrl":"https:\/\/www.altercampagne.net\/wp-content\/uploads\/2018\/07\/Maison_Mimmir.jpg","datePublished":"2018-07-04T06:39:26+00:00","dateModified":"2018-08-28T21:12:50+00:00","author":{"@id":"https:\/\/www.altercampagne.net\/#\/schema\/person\/b0ed6c457e5476888f17cd1b9eafe6a8"},"breadcrumb":{"@id":"https:\/\/www.altercampagne.net\/?p=10975#breadcrumb"},"inLanguage":"fr-FR","potentialAction":[{"@type":"ReadAction","target":["https:\/\/www.altercampagne.net\/?p=10975"]}]},{"@type":"ImageObject","inLanguage":"fr-FR","@id":"https:\/\/www.altercampagne.net\/?p=10975#primaryimage","url":"https:\/\/www.altercampagne.net\/wp-content\/uploads\/2018\/07\/Maison_Mimmir.jpg","contentUrl":"https:\/\/www.altercampagne.net\/wp-content\/uploads\/2018\/07\/Maison_Mimmir.jpg","width":730,"height":382},{"@type":"BreadcrumbList","@id":"https:\/\/www.altercampagne.net\/?p=10975#breadcrumb","itemListElement":[{"@type":"ListItem","position":1,"name":"Accueil","item":"https:\/\/www.altercampagne.net\/"},{"@type":"ListItem","position":2,"name":"La maison Mimir, centre socio-culturel autog\u00e9r\u00e9"}]},{"@type":"WebSite","@id":"https:\/\/www.altercampagne.net\/#website","url":"https:\/\/www.altercampagne.net\/","name":"AlterTour","description":"Reliez les Alternatives \u00e0 v\u00e9lo","potentialAction":[{"@type":"SearchAction","target":{"@type":"EntryPoint","urlTemplate":"https:\/\/www.altercampagne.net\/?s={search_term_string}"},"query-input":{"@type":"PropertyValueSpecification","valueRequired":true,"valueName":"search_term_string"}}],"inLanguage":"fr-FR"},{"@type":"Person","@id":"https:\/\/www.altercampagne.net\/#\/schema\/person\/b0ed6c457e5476888f17cd1b9eafe6a8","name":"Virginie","image":{"@type":"ImageObject","inLanguage":"fr-FR","@id":"https:\/\/secure.gravatar.com\/avatar\/7b9a2597b45c7fd40d26425047fd3c96f6356c2a2913a565a3e874526d4609d3?s=96&d=mm&r=g","url":"https:\/\/secure.gravatar.com\/avatar\/7b9a2597b45c7fd40d26425047fd3c96f6356c2a2913a565a3e874526d4609d3?s=96&d=mm&r=g","contentUrl":"https:\/\/secure.gravatar.com\/avatar\/7b9a2597b45c7fd40d26425047fd3c96f6356c2a2913a565a3e874526d4609d3?s=96&d=mm&r=g","caption":"Virginie"},"url":"https:\/\/www.altercampagne.net\/?author=143"}]}},"_links":{"self":[{"href":"https:\/\/www.altercampagne.net\/index.php?rest_route=\/wp\/v2\/posts\/10975","targetHints":{"allow":["GET"]}}],"collection":[{"href":"https:\/\/www.altercampagne.net\/index.php?rest_route=\/wp\/v2\/posts"}],"about":[{"href":"https:\/\/www.altercampagne.net\/index.php?rest_route=\/wp\/v2\/types\/post"}],"author":[{"embeddable":true,"href":"https:\/\/www.altercampagne.net\/index.php?rest_route=\/wp\/v2\/users\/143"}],"replies":[{"embeddable":true,"href":"https:\/\/www.altercampagne.net\/index.php?rest_route=%2Fwp%2Fv2%2Fcomments&post=10975"}],"version-history":[{"count":0,"href":"https:\/\/www.altercampagne.net\/index.php?rest_route=\/wp\/v2\/posts\/10975\/revisions"}],"wp:featuredmedia":[{"embeddable":true,"href":"https:\/\/www.altercampagne.net\/index.php?rest_route=\/wp\/v2\/media\/11352"}],"wp:attachment":[{"href":"https:\/\/www.altercampagne.net\/index.php?rest_route=%2Fwp%2Fv2%2Fmedia&parent=10975"}],"wp:term":[{"taxonomy":"category","embeddable":true,"href":"https:\/\/www.altercampagne.net\/index.php?rest_route=%2Fwp%2Fv2%2Fcategories&post=10975"},{"taxonomy":"post_tag","embeddable":true,"href":"https:\/\/www.altercampagne.net\/index.php?rest_route=%2Fwp%2Fv2%2Ftags&post=10975"}],"curies":[{"name":"wp","href":"https:\/\/api.w.org\/{rel}","templated":true}]}}