{"id":10980,"date":"2018-07-26T08:30:04","date_gmt":"2018-07-26T06:30:04","guid":{"rendered":"http:\/\/www.altercampagne.net\/?p=10980"},"modified":"2018-08-01T00:54:17","modified_gmt":"2018-07-31T22:54:17","slug":"comment-un-festival-protege-dun-grand-projet-autoroutier","status":"publish","type":"post","link":"https:\/\/www.altercampagne.net\/?p=10980","title":{"rendered":"Comment un festival prot\u00e8ge d&rsquo;une autoroute"},"content":{"rendered":"<p>Le\u00a0<strong><a href=\"https:\/\/www.facebook.com\/events\/1831651970464490\/\" target=\"_blank\" rel=\"noopener\">festival des Bishnoi<\/a><\/strong>\u00a0et le collectif <strong><a href=\"https:\/\/gcononmerci.org\" target=\"_blank\" rel=\"noopener\">GCO Non-Merci<\/a> <\/strong>accueilleront l&rsquo;AlterTour le 24 et 25 ao\u00fbt \u00e0 Kolbsheim (67).<\/p>\n<p>Le \u00ab\u00a0festival des Bishnoi\u00a0\u00bb\u00a0? \u00a0avec ce nom inspir\u00e9 par un peuple d\u2019Inde tr\u00e8s engag\u00e9 dans protection de la nature, le festival lance sa 3e \u00e9dition. L&rsquo;an dernier il\u00a0a accueilli plus de 2500 personnes. <strong>L\u2019\u00e9v\u00e9nement a \u00e9t\u00e9 cr\u00e9\u00e9 pour prot\u00e9ger un espace naturel exceptionnel menac\u00e9 par le Grand Contournement Ouest de Strasbourg<\/strong>. Ce projet autoroutier d\u00e9truirait \u00e9galement des terres agricoles parmi les plus fertiles d\u2019Europe, et de plus de 10 hectares de for\u00eat.<\/p>\n<p><strong>Avec ce festival, l\u2019id\u00e9e \u00e9tait que le site devienne une ZAD.<\/strong> Et \u00e7a marche\u00a0! \u00ab\u00a0On a construit des cabanes et une roulotte. Quelques personnes ont pass\u00e9 l\u2019hiver sur le site, avec le soutien mat\u00e9riel et humain des habitants voisins.\u00a0\u00bb<\/p>\n<p><strong>La r\u00e9serve du Bishnoi fait partie du collectif GCO Non Merci,<\/strong> qui depuis plus de 10 ans, rassemble \u00e9lus, citoyens, associations et agriculteurs.\u00a0<em>\u00ab\u00a0<\/em>On travaille beaucoup avec les autres associations. Quand Vinci est venu pour deboiser le 20 septembre, on a r\u00e9ussi \u00e0 les bloquer, et ce, sans violence.\u00a0Apr\u00e8s avoir retenu sa publication, l\u2019Etat a d\u00e9cid\u00e9 de s\u2019asseoir sur l\u2019avis n\u00e9gatif du Conseil National sur la Protection de la Nature. En Alsace, on n\u2019a pas l\u2019habitude de s\u2019opposer, mais l\u00e0 on a un tel sentiment d\u2019injustice\u2026les gens viennent s\u2019engager.\u00a0\u00bb \u00a0Aux arbres citoyens !<\/p>\n<p>Rendez-vous le 24 et 25 ao\u00fbt \u00e0 Kolbsheim (67).\u00a0Pour plus d\u2019infos consultez le <strong><a href=\"http:\/\/www.altercampagne.net\/?page_id=10352\">programme<\/a><\/strong>.<\/p>\n","protected":false},"excerpt":{"rendered":"<p>Le\u00a0festival des Bishnoi\u00a0et le collectif GCO Non-Merci accueilleront l&rsquo;AlterTour le 24 et 25 ao\u00fbt \u00e0 Kolbsheim (67). Le \u00ab\u00a0festival des Bishnoi\u00a0\u00bb\u00a0? \u00a0avec ce nom inspir\u00e9 par un peuple d\u2019Inde tr\u00e8s engag\u00e9 dans protection de la nature, le festival lance sa 3e \u00e9dition. L&rsquo;an dernier il\u00a0a accueilli plus de 2500 personnes. &#8230; <\/p>\n<div><a href=\"https:\/\/www.altercampagne.net\/?p=10980\" class=\"more-link\">Read More<\/a><\/div>\n","protected":false},"author":192,"featured_media":11353,"comment_status":"closed","ping_status":"closed","sticky":false,"template":"","format":"standard","meta":{"footnotes":""},"categories":[3490,3475,3470,3486,3542],"tags":[222,484,3233,3351,3379,3380,3382,3549,3586,3592,3597,3629,3630,3631,3632],"class_list":["post-10980","post","type-post","status-publish","format-standard","has-post-thumbnail","hentry","category-culture","category-grand-est","category-edition-2018","category-environnement","category-lutte","tag-festival","tag-zad","tag-bas-rhin","tag-collectif-contre-le-grand-contournement-ouest-de-strasbourg","tag-strasbourg","tag-kolbsheim","tag-grand-est","tag-gco-non-merci","tag-terres-agricoles","tag-alsace","tag-alsace-lorraine","tag-bishnoi","tag-autoroute","tag-projet-autoroutier","tag-ernolsheim"],"yoast_head":"<!-- This site is optimized with the Yoast SEO plugin v27.3 - https:\/\/yoast.com\/product\/yoast-seo-wordpress\/ -->\n<title>Comment un festival prot\u00e8ge d&#039;une autoroute - AlterTour<\/title>\n<meta name=\"robots\" content=\"index, follow, max-snippet:-1, max-image-preview:large, max-video-preview:-1\" \/>\n<link rel=\"canonical\" href=\"https:\/\/www.altercampagne.net\/?p=10980\" \/>\n<meta property=\"og:locale\" content=\"fr_FR\" \/>\n<meta property=\"og:type\" content=\"article\" \/>\n<meta property=\"og:title\" content=\"Comment un festival prot\u00e8ge d&#039;une autoroute - AlterTour\" \/>\n<meta property=\"og:description\" content=\"Le\u00a0festival des Bishnoi\u00a0et le collectif GCO Non-Merci accueilleront l&rsquo;AlterTour le 24 et 25 ao\u00fbt \u00e0 Kolbsheim (67). Le \u00ab\u00a0festival des Bishnoi\u00a0\u00bb\u00a0? \u00a0avec ce nom inspir\u00e9 par un peuple d\u2019Inde tr\u00e8s engag\u00e9 dans protection de la nature, le festival lance sa 3e \u00e9dition. L&rsquo;an dernier il\u00a0a accueilli plus de 2500 personnes. ... Read More\" \/>\n<meta property=\"og:url\" content=\"https:\/\/www.altercampagne.net\/?p=10980\" \/>\n<meta property=\"og:site_name\" content=\"AlterTour\" \/>\n<meta property=\"article:published_time\" content=\"2018-07-26T06:30:04+00:00\" \/>\n<meta property=\"article:modified_time\" content=\"2018-07-31T22:54:17+00:00\" \/>\n<meta property=\"og:image\" content=\"https:\/\/www.altercampagne.net\/wp-content\/uploads\/2018\/07\/Festival-bishnoi.jpg\" \/>\n\t<meta property=\"og:image:width\" content=\"758\" \/>\n\t<meta property=\"og:image:height\" content=\"396\" \/>\n\t<meta property=\"og:image:type\" content=\"image\/jpeg\" \/>\n<meta name=\"author\" content=\"Julie\" \/>\n<meta name=\"twitter:card\" content=\"summary_large_image\" \/>\n<meta name=\"twitter:label1\" content=\"\u00c9crit par\" \/>\n\t<meta name=\"twitter:data1\" content=\"Julie\" \/>\n\t<meta name=\"twitter:label2\" content=\"Dur\u00e9e de lecture estim\u00e9e\" \/>\n\t<meta name=\"twitter:data2\" content=\"1 minute\" \/>\n<script type=\"application\/ld+json\" class=\"yoast-schema-graph\">{\"@context\":\"https:\\\/\\\/schema.org\",\"@graph\":[{\"@type\":\"Article\",\"@id\":\"https:\\\/\\\/www.altercampagne.net\\\/?p=10980#article\",\"isPartOf\":{\"@id\":\"https:\\\/\\\/www.altercampagne.net\\\/?p=10980\"},\"author\":{\"name\":\"Julie\",\"@id\":\"https:\\\/\\\/www.altercampagne.net\\\/#\\\/schema\\\/person\\\/ea52458af5ca10d56e01a1b53249ddc4\"},\"headline\":\"Comment un festival prot\u00e8ge d&rsquo;une autoroute\",\"datePublished\":\"2018-07-26T06:30:04+00:00\",\"dateModified\":\"2018-07-31T22:54:17+00:00\",\"mainEntityOfPage\":{\"@id\":\"https:\\\/\\\/www.altercampagne.net\\\/?p=10980\"},\"wordCount\":265,\"image\":{\"@id\":\"https:\\\/\\\/www.altercampagne.net\\\/?p=10980#primaryimage\"},\"thumbnailUrl\":\"https:\\\/\\\/www.altercampagne.net\\\/wp-content\\\/uploads\\\/2018\\\/07\\\/Festival-bishnoi.jpg\",\"keywords\":[\"festival\",\"zad\",\"Bas-Rhin\",\"Collectif contre le Grand Contournement Ouest de Strasbourg\",\"Strasbourg\",\"Kolbsheim\",\"Grand Est\",\"GCO non merci\",\"terres agricoles\",\"Alsace\",\"Alsace-Lorraine\",\"Bishnoi\",\"autoroute\",\"projet autoroutier\",\"Ernolsheim\"],\"articleSection\":[\"Culture\",\"Grand Est\",\"\u00c9dition 2018\",\"Environnement\",\"Lutte\"],\"inLanguage\":\"fr-FR\"},{\"@type\":\"WebPage\",\"@id\":\"https:\\\/\\\/www.altercampagne.net\\\/?p=10980\",\"url\":\"https:\\\/\\\/www.altercampagne.net\\\/?p=10980\",\"name\":\"Comment un festival prot\u00e8ge d'une autoroute - AlterTour\",\"isPartOf\":{\"@id\":\"https:\\\/\\\/www.altercampagne.net\\\/#website\"},\"primaryImageOfPage\":{\"@id\":\"https:\\\/\\\/www.altercampagne.net\\\/?p=10980#primaryimage\"},\"image\":{\"@id\":\"https:\\\/\\\/www.altercampagne.net\\\/?p=10980#primaryimage\"},\"thumbnailUrl\":\"https:\\\/\\\/www.altercampagne.net\\\/wp-content\\\/uploads\\\/2018\\\/07\\\/Festival-bishnoi.jpg\",\"datePublished\":\"2018-07-26T06:30:04+00:00\",\"dateModified\":\"2018-07-31T22:54:17+00:00\",\"author\":{\"@id\":\"https:\\\/\\\/www.altercampagne.net\\\/#\\\/schema\\\/person\\\/ea52458af5ca10d56e01a1b53249ddc4\"},\"breadcrumb\":{\"@id\":\"https:\\\/\\\/www.altercampagne.net\\\/?p=10980#breadcrumb\"},\"inLanguage\":\"fr-FR\",\"potentialAction\":[{\"@type\":\"ReadAction\",\"target\":[\"https:\\\/\\\/www.altercampagne.net\\\/?p=10980\"]}]},{\"@type\":\"ImageObject\",\"inLanguage\":\"fr-FR\",\"@id\":\"https:\\\/\\\/www.altercampagne.net\\\/?p=10980#primaryimage\",\"url\":\"https:\\\/\\\/www.altercampagne.net\\\/wp-content\\\/uploads\\\/2018\\\/07\\\/Festival-bishnoi.jpg\",\"contentUrl\":\"https:\\\/\\\/www.altercampagne.net\\\/wp-content\\\/uploads\\\/2018\\\/07\\\/Festival-bishnoi.jpg\",\"width\":758,\"height\":396},{\"@type\":\"BreadcrumbList\",\"@id\":\"https:\\\/\\\/www.altercampagne.net\\\/?p=10980#breadcrumb\",\"itemListElement\":[{\"@type\":\"ListItem\",\"position\":1,\"name\":\"Accueil\",\"item\":\"https:\\\/\\\/www.altercampagne.net\\\/\"},{\"@type\":\"ListItem\",\"position\":2,\"name\":\"Comment un festival prot\u00e8ge d&rsquo;une autoroute\"}]},{\"@type\":\"WebSite\",\"@id\":\"https:\\\/\\\/www.altercampagne.net\\\/#website\",\"url\":\"https:\\\/\\\/www.altercampagne.net\\\/\",\"name\":\"AlterTour\",\"description\":\"Reliez les Alternatives \u00e0 v\u00e9lo\",\"potentialAction\":[{\"@type\":\"SearchAction\",\"target\":{\"@type\":\"EntryPoint\",\"urlTemplate\":\"https:\\\/\\\/www.altercampagne.net\\\/?s={search_term_string}\"},\"query-input\":{\"@type\":\"PropertyValueSpecification\",\"valueRequired\":true,\"valueName\":\"search_term_string\"}}],\"inLanguage\":\"fr-FR\"},{\"@type\":\"Person\",\"@id\":\"https:\\\/\\\/www.altercampagne.net\\\/#\\\/schema\\\/person\\\/ea52458af5ca10d56e01a1b53249ddc4\",\"name\":\"Julie\",\"image\":{\"@type\":\"ImageObject\",\"inLanguage\":\"fr-FR\",\"@id\":\"https:\\\/\\\/secure.gravatar.com\\\/avatar\\\/33c4c11c34e0f9cccad9f436c1a60f900028dcdb26df84756951418faf70fa39?s=96&d=mm&r=g\",\"url\":\"https:\\\/\\\/secure.gravatar.com\\\/avatar\\\/33c4c11c34e0f9cccad9f436c1a60f900028dcdb26df84756951418faf70fa39?s=96&d=mm&r=g\",\"contentUrl\":\"https:\\\/\\\/secure.gravatar.com\\\/avatar\\\/33c4c11c34e0f9cccad9f436c1a60f900028dcdb26df84756951418faf70fa39?s=96&d=mm&r=g\",\"caption\":\"Julie\"},\"url\":\"https:\\\/\\\/www.altercampagne.net\\\/?author=192\"}]}<\/script>\n<!-- \/ Yoast SEO plugin. -->","yoast_head_json":{"title":"Comment un festival prot\u00e8ge d'une autoroute - AlterTour","robots":{"index":"index","follow":"follow","max-snippet":"max-snippet:-1","max-image-preview":"max-image-preview:large","max-video-preview":"max-video-preview:-1"},"canonical":"https:\/\/www.altercampagne.net\/?p=10980","og_locale":"fr_FR","og_type":"article","og_title":"Comment un festival prot\u00e8ge d'une autoroute - AlterTour","og_description":"Le\u00a0festival des Bishnoi\u00a0et le collectif GCO Non-Merci accueilleront l&rsquo;AlterTour le 24 et 25 ao\u00fbt \u00e0 Kolbsheim (67). Le \u00ab\u00a0festival des Bishnoi\u00a0\u00bb\u00a0? \u00a0avec ce nom inspir\u00e9 par un peuple d\u2019Inde tr\u00e8s engag\u00e9 dans protection de la nature, le festival lance sa 3e \u00e9dition. L&rsquo;an dernier il\u00a0a accueilli plus de 2500 personnes. ... Read More","og_url":"https:\/\/www.altercampagne.net\/?p=10980","og_site_name":"AlterTour","article_published_time":"2018-07-26T06:30:04+00:00","article_modified_time":"2018-07-31T22:54:17+00:00","og_image":[{"width":758,"height":396,"url":"https:\/\/www.altercampagne.net\/wp-content\/uploads\/2018\/07\/Festival-bishnoi.jpg","type":"image\/jpeg"}],"author":"Julie","twitter_card":"summary_large_image","twitter_misc":{"\u00c9crit par":"Julie","Dur\u00e9e de lecture estim\u00e9e":"1 minute"},"schema":{"@context":"https:\/\/schema.org","@graph":[{"@type":"Article","@id":"https:\/\/www.altercampagne.net\/?p=10980#article","isPartOf":{"@id":"https:\/\/www.altercampagne.net\/?p=10980"},"author":{"name":"Julie","@id":"https:\/\/www.altercampagne.net\/#\/schema\/person\/ea52458af5ca10d56e01a1b53249ddc4"},"headline":"Comment un festival prot\u00e8ge d&rsquo;une autoroute","datePublished":"2018-07-26T06:30:04+00:00","dateModified":"2018-07-31T22:54:17+00:00","mainEntityOfPage":{"@id":"https:\/\/www.altercampagne.net\/?p=10980"},"wordCount":265,"image":{"@id":"https:\/\/www.altercampagne.net\/?p=10980#primaryimage"},"thumbnailUrl":"https:\/\/www.altercampagne.net\/wp-content\/uploads\/2018\/07\/Festival-bishnoi.jpg","keywords":["festival","zad","Bas-Rhin","Collectif contre le Grand Contournement Ouest de Strasbourg","Strasbourg","Kolbsheim","Grand Est","GCO non merci","terres agricoles","Alsace","Alsace-Lorraine","Bishnoi","autoroute","projet autoroutier","Ernolsheim"],"articleSection":["Culture","Grand Est","\u00c9dition 2018","Environnement","Lutte"],"inLanguage":"fr-FR"},{"@type":"WebPage","@id":"https:\/\/www.altercampagne.net\/?p=10980","url":"https:\/\/www.altercampagne.net\/?p=10980","name":"Comment un festival prot\u00e8ge d'une autoroute - AlterTour","isPartOf":{"@id":"https:\/\/www.altercampagne.net\/#website"},"primaryImageOfPage":{"@id":"https:\/\/www.altercampagne.net\/?p=10980#primaryimage"},"image":{"@id":"https:\/\/www.altercampagne.net\/?p=10980#primaryimage"},"thumbnailUrl":"https:\/\/www.altercampagne.net\/wp-content\/uploads\/2018\/07\/Festival-bishnoi.jpg","datePublished":"2018-07-26T06:30:04+00:00","dateModified":"2018-07-31T22:54:17+00:00","author":{"@id":"https:\/\/www.altercampagne.net\/#\/schema\/person\/ea52458af5ca10d56e01a1b53249ddc4"},"breadcrumb":{"@id":"https:\/\/www.altercampagne.net\/?p=10980#breadcrumb"},"inLanguage":"fr-FR","potentialAction":[{"@type":"ReadAction","target":["https:\/\/www.altercampagne.net\/?p=10980"]}]},{"@type":"ImageObject","inLanguage":"fr-FR","@id":"https:\/\/www.altercampagne.net\/?p=10980#primaryimage","url":"https:\/\/www.altercampagne.net\/wp-content\/uploads\/2018\/07\/Festival-bishnoi.jpg","contentUrl":"https:\/\/www.altercampagne.net\/wp-content\/uploads\/2018\/07\/Festival-bishnoi.jpg","width":758,"height":396},{"@type":"BreadcrumbList","@id":"https:\/\/www.altercampagne.net\/?p=10980#breadcrumb","itemListElement":[{"@type":"ListItem","position":1,"name":"Accueil","item":"https:\/\/www.altercampagne.net\/"},{"@type":"ListItem","position":2,"name":"Comment un festival prot\u00e8ge d&rsquo;une autoroute"}]},{"@type":"WebSite","@id":"https:\/\/www.altercampagne.net\/#website","url":"https:\/\/www.altercampagne.net\/","name":"AlterTour","description":"Reliez les Alternatives \u00e0 v\u00e9lo","potentialAction":[{"@type":"SearchAction","target":{"@type":"EntryPoint","urlTemplate":"https:\/\/www.altercampagne.net\/?s={search_term_string}"},"query-input":{"@type":"PropertyValueSpecification","valueRequired":true,"valueName":"search_term_string"}}],"inLanguage":"fr-FR"},{"@type":"Person","@id":"https:\/\/www.altercampagne.net\/#\/schema\/person\/ea52458af5ca10d56e01a1b53249ddc4","name":"Julie","image":{"@type":"ImageObject","inLanguage":"fr-FR","@id":"https:\/\/secure.gravatar.com\/avatar\/33c4c11c34e0f9cccad9f436c1a60f900028dcdb26df84756951418faf70fa39?s=96&d=mm&r=g","url":"https:\/\/secure.gravatar.com\/avatar\/33c4c11c34e0f9cccad9f436c1a60f900028dcdb26df84756951418faf70fa39?s=96&d=mm&r=g","contentUrl":"https:\/\/secure.gravatar.com\/avatar\/33c4c11c34e0f9cccad9f436c1a60f900028dcdb26df84756951418faf70fa39?s=96&d=mm&r=g","caption":"Julie"},"url":"https:\/\/www.altercampagne.net\/?author=192"}]}},"_links":{"self":[{"href":"https:\/\/www.altercampagne.net\/index.php?rest_route=\/wp\/v2\/posts\/10980","targetHints":{"allow":["GET"]}}],"collection":[{"href":"https:\/\/www.altercampagne.net\/index.php?rest_route=\/wp\/v2\/posts"}],"about":[{"href":"https:\/\/www.altercampagne.net\/index.php?rest_route=\/wp\/v2\/types\/post"}],"author":[{"embeddable":true,"href":"https:\/\/www.altercampagne.net\/index.php?rest_route=\/wp\/v2\/users\/192"}],"replies":[{"embeddable":true,"href":"https:\/\/www.altercampagne.net\/index.php?rest_route=%2Fwp%2Fv2%2Fcomments&post=10980"}],"version-history":[{"count":0,"href":"https:\/\/www.altercampagne.net\/index.php?rest_route=\/wp\/v2\/posts\/10980\/revisions"}],"wp:featuredmedia":[{"embeddable":true,"href":"https:\/\/www.altercampagne.net\/index.php?rest_route=\/wp\/v2\/media\/11353"}],"wp:attachment":[{"href":"https:\/\/www.altercampagne.net\/index.php?rest_route=%2Fwp%2Fv2%2Fmedia&parent=10980"}],"wp:term":[{"taxonomy":"category","embeddable":true,"href":"https:\/\/www.altercampagne.net\/index.php?rest_route=%2Fwp%2Fv2%2Fcategories&post=10980"},{"taxonomy":"post_tag","embeddable":true,"href":"https:\/\/www.altercampagne.net\/index.php?rest_route=%2Fwp%2Fv2%2Ftags&post=10980"}],"curies":[{"name":"wp","href":"https:\/\/api.w.org\/{rel}","templated":true}]}}