{"id":11072,"date":"2018-06-17T16:46:38","date_gmt":"2018-06-17T14:46:38","guid":{"rendered":"http:\/\/www.altercampagne.net\/?p=11072"},"modified":"2018-07-04T12:03:22","modified_gmt":"2018-07-04T10:03:22","slug":"11072","status":"publish","type":"post","link":"https:\/\/www.altercampagne.net\/?p=11072","title":{"rendered":"Pourquoi l&rsquo;AlterTour alors qu&rsquo;il y a le tour Alternatiba?"},"content":{"rendered":"<p><strong><a href=\"https:\/\/reporterre.net\/Pourquoi-l-Alter-Tour-alors-qu-il-y-a-le-Tour-Alternatiba\" target=\"_blank\" rel=\"noopener\">R\u00e9-\u00e9couter l&rsquo;interview<\/a> <\/strong>sur le site de Reporterre<\/p>\n<p>\u00ab\u00a0L\u2019AlterTour c\u2019est aussi un tour \u00e0 v\u00e9lo \u00e0 la rencontre des alternatives, et on est des cousins, des amis d\u2019Alternatiba. On a une proposition un peu diff\u00e9rente, on propose\u2026 des vacances.<\/p>\n<p>On propose aux gens de <strong>venir rouler avec nous et de venir d\u00e9couvrir des projets qui marchent, qui donnent envie de s\u2019engager<\/strong> soi-m\u00eame dans son quotidien. Un jour on peut rencontrer un ferme bio, un atelier de r\u00e9paration de v\u00e9lo, un collectif d\u2019accueil de migrants\u2026 Plut\u00f4t qu\u2019un village des alternatives, qui a le m\u00e9rite de rassembler les acteurs d\u2019un territoire, avec l\u2019AlterTour on va chez les gens, on rencontre, on met la main \u00e0 la p\u00e2te avec un chantier participatif ou un action de d\u00e9sob\u00e9issance civile\u2026 Je me souviens par exemple d\u2019une action anti-pub \u00e0 Lille avec les d\u00e9boulonneurs, qui m\u2019a beaucoup marqu\u00e9e. Et je crois que le fait de <strong>vivre cette exp\u00e9rience, c\u2019est vraiment un facteur de transformation puissant,<\/strong> \u00e7a donne envie de changer ses habitudes.<\/p>\n<p>Je crois aussi que<strong> le changement vient aussi du quotidien partag\u00e9<\/strong>\u00a0: on a un fonctionnement o\u00f9 l\u2019on cherche \u00e0 consommer responsable, \u00e0 consommer local, bio, sans viande\u2026 Vivre \u00e7a pendant une semaine et trouver \u00e7a finalement bon, chouette, convivial&#8230; c\u2019est tr\u00e8s puissant comme moyen pour changer ses habitudes et s\u2019engager \u00e0 son tour.\u00a0\u00bb<\/p>\n<p>&nbsp;<\/p>\n<p>L&rsquo;AlterTour et le Tour Alternatiba se rencontrent pour une convergence le 17 juillet \u00e0 Beauvais et le 4-5 ao\u00fbt \u00e0 Bure.\u00a0Pour plus d\u2019infos consultez le <strong><a href=\"http:\/\/www.altercampagne.net\/?page_id=10352\">programme<\/a><\/strong>.<\/p>\n","protected":false},"excerpt":{"rendered":"<p>R\u00e9-\u00e9couter l&rsquo;interview sur le site de Reporterre \u00ab\u00a0L\u2019AlterTour c\u2019est aussi un tour \u00e0 v\u00e9lo \u00e0 la rencontre des alternatives, et on est des cousins, des amis d\u2019Alternatiba. On a une proposition un peu diff\u00e9rente, on propose\u2026 des vacances. On propose aux gens de venir rouler avec nous et de venir &#8230; <\/p>\n<div><a href=\"https:\/\/www.altercampagne.net\/?p=11072\" class=\"more-link\">Read More<\/a><\/div>\n","protected":false},"author":192,"featured_media":11073,"comment_status":"closed","ping_status":"closed","sticky":false,"template":"","format":"standard","meta":{"footnotes":""},"categories":[239,3470],"tags":[53,218,297,299,881,3637,3638,3639,3640],"class_list":["post-11072","post","type-post","status-publish","format-standard","has-post-thumbnail","hentry","category-revue-de-presse","category-edition-2018","tag-alternatives","tag-tour-alternatiba","tag-deboulonneurs","tag-desobeissance-civile","tag-chantier-participatif","tag-quotidien","tag-changement","tag-habitude","tag-sengager"],"yoast_head":"<!-- This site is optimized with the Yoast SEO plugin v27.3 - https:\/\/yoast.com\/product\/yoast-seo-wordpress\/ -->\n<title>Pourquoi l&#039;AlterTour alors qu&#039;il y a le tour Alternatiba? - AlterTour<\/title>\n<meta name=\"robots\" content=\"index, follow, max-snippet:-1, max-image-preview:large, max-video-preview:-1\" \/>\n<link rel=\"canonical\" href=\"https:\/\/www.altercampagne.net\/?p=11072\" \/>\n<meta property=\"og:locale\" content=\"fr_FR\" \/>\n<meta property=\"og:type\" content=\"article\" \/>\n<meta property=\"og:title\" content=\"Pourquoi l&#039;AlterTour alors qu&#039;il y a le tour Alternatiba? - AlterTour\" \/>\n<meta property=\"og:description\" content=\"R\u00e9-\u00e9couter l&rsquo;interview sur le site de Reporterre \u00ab\u00a0L\u2019AlterTour c\u2019est aussi un tour \u00e0 v\u00e9lo \u00e0 la rencontre des alternatives, et on est des cousins, des amis d\u2019Alternatiba. On a une proposition un peu diff\u00e9rente, on propose\u2026 des vacances. On propose aux gens de venir rouler avec nous et de venir ... Read More\" \/>\n<meta property=\"og:url\" content=\"https:\/\/www.altercampagne.net\/?p=11072\" \/>\n<meta property=\"og:site_name\" content=\"AlterTour\" \/>\n<meta property=\"article:published_time\" content=\"2018-06-17T14:46:38+00:00\" \/>\n<meta property=\"article:modified_time\" content=\"2018-07-04T10:03:22+00:00\" \/>\n<meta property=\"og:image\" content=\"https:\/\/www.altercampagne.net\/wp-content\/uploads\/2018\/06\/REporterre_PourquoilAlterTour_vsAlternatiba2.png\" \/>\n\t<meta property=\"og:image:width\" content=\"454\" \/>\n\t<meta property=\"og:image:height\" content=\"237\" \/>\n\t<meta property=\"og:image:type\" content=\"image\/png\" \/>\n<meta name=\"author\" content=\"Julie\" \/>\n<meta name=\"twitter:card\" content=\"summary_large_image\" \/>\n<meta name=\"twitter:label1\" content=\"\u00c9crit par\" \/>\n\t<meta name=\"twitter:data1\" content=\"Julie\" \/>\n\t<meta name=\"twitter:label2\" content=\"Dur\u00e9e de lecture estim\u00e9e\" \/>\n\t<meta name=\"twitter:data2\" content=\"1 minute\" \/>\n<script type=\"application\/ld+json\" class=\"yoast-schema-graph\">{\"@context\":\"https:\\\/\\\/schema.org\",\"@graph\":[{\"@type\":\"Article\",\"@id\":\"https:\\\/\\\/www.altercampagne.net\\\/?p=11072#article\",\"isPartOf\":{\"@id\":\"https:\\\/\\\/www.altercampagne.net\\\/?p=11072\"},\"author\":{\"name\":\"Julie\",\"@id\":\"https:\\\/\\\/www.altercampagne.net\\\/#\\\/schema\\\/person\\\/ea52458af5ca10d56e01a1b53249ddc4\"},\"headline\":\"Pourquoi l&rsquo;AlterTour alors qu&rsquo;il y a le tour Alternatiba?\",\"datePublished\":\"2018-06-17T14:46:38+00:00\",\"dateModified\":\"2018-07-04T10:03:22+00:00\",\"mainEntityOfPage\":{\"@id\":\"https:\\\/\\\/www.altercampagne.net\\\/?p=11072\"},\"wordCount\":282,\"image\":{\"@id\":\"https:\\\/\\\/www.altercampagne.net\\\/?p=11072#primaryimage\"},\"thumbnailUrl\":\"https:\\\/\\\/www.altercampagne.net\\\/wp-content\\\/uploads\\\/2018\\\/06\\\/REporterre_PourquoilAlterTour_vsAlternatiba2.png\",\"keywords\":[\"Alternatives\",\"Tour Alternatiba\",\"d\u00e9boulonneurs\",\"d\u00e9sob\u00e9issance civile\",\"chantier participatif\",\"quotidien\",\"changement\",\"habitude\",\"s'engager\"],\"articleSection\":[\"Revue de presse\",\"\u00c9dition 2018\"],\"inLanguage\":\"fr-FR\"},{\"@type\":\"WebPage\",\"@id\":\"https:\\\/\\\/www.altercampagne.net\\\/?p=11072\",\"url\":\"https:\\\/\\\/www.altercampagne.net\\\/?p=11072\",\"name\":\"Pourquoi l'AlterTour alors qu'il y a le tour Alternatiba? - AlterTour\",\"isPartOf\":{\"@id\":\"https:\\\/\\\/www.altercampagne.net\\\/#website\"},\"primaryImageOfPage\":{\"@id\":\"https:\\\/\\\/www.altercampagne.net\\\/?p=11072#primaryimage\"},\"image\":{\"@id\":\"https:\\\/\\\/www.altercampagne.net\\\/?p=11072#primaryimage\"},\"thumbnailUrl\":\"https:\\\/\\\/www.altercampagne.net\\\/wp-content\\\/uploads\\\/2018\\\/06\\\/REporterre_PourquoilAlterTour_vsAlternatiba2.png\",\"datePublished\":\"2018-06-17T14:46:38+00:00\",\"dateModified\":\"2018-07-04T10:03:22+00:00\",\"author\":{\"@id\":\"https:\\\/\\\/www.altercampagne.net\\\/#\\\/schema\\\/person\\\/ea52458af5ca10d56e01a1b53249ddc4\"},\"breadcrumb\":{\"@id\":\"https:\\\/\\\/www.altercampagne.net\\\/?p=11072#breadcrumb\"},\"inLanguage\":\"fr-FR\",\"potentialAction\":[{\"@type\":\"ReadAction\",\"target\":[\"https:\\\/\\\/www.altercampagne.net\\\/?p=11072\"]}]},{\"@type\":\"ImageObject\",\"inLanguage\":\"fr-FR\",\"@id\":\"https:\\\/\\\/www.altercampagne.net\\\/?p=11072#primaryimage\",\"url\":\"https:\\\/\\\/www.altercampagne.net\\\/wp-content\\\/uploads\\\/2018\\\/06\\\/REporterre_PourquoilAlterTour_vsAlternatiba2.png\",\"contentUrl\":\"https:\\\/\\\/www.altercampagne.net\\\/wp-content\\\/uploads\\\/2018\\\/06\\\/REporterre_PourquoilAlterTour_vsAlternatiba2.png\",\"width\":454,\"height\":237},{\"@type\":\"BreadcrumbList\",\"@id\":\"https:\\\/\\\/www.altercampagne.net\\\/?p=11072#breadcrumb\",\"itemListElement\":[{\"@type\":\"ListItem\",\"position\":1,\"name\":\"Accueil\",\"item\":\"https:\\\/\\\/www.altercampagne.net\\\/\"},{\"@type\":\"ListItem\",\"position\":2,\"name\":\"Pourquoi l&rsquo;AlterTour alors qu&rsquo;il y a le tour Alternatiba?\"}]},{\"@type\":\"WebSite\",\"@id\":\"https:\\\/\\\/www.altercampagne.net\\\/#website\",\"url\":\"https:\\\/\\\/www.altercampagne.net\\\/\",\"name\":\"AlterTour\",\"description\":\"Reliez les Alternatives \u00e0 v\u00e9lo\",\"potentialAction\":[{\"@type\":\"SearchAction\",\"target\":{\"@type\":\"EntryPoint\",\"urlTemplate\":\"https:\\\/\\\/www.altercampagne.net\\\/?s={search_term_string}\"},\"query-input\":{\"@type\":\"PropertyValueSpecification\",\"valueRequired\":true,\"valueName\":\"search_term_string\"}}],\"inLanguage\":\"fr-FR\"},{\"@type\":\"Person\",\"@id\":\"https:\\\/\\\/www.altercampagne.net\\\/#\\\/schema\\\/person\\\/ea52458af5ca10d56e01a1b53249ddc4\",\"name\":\"Julie\",\"image\":{\"@type\":\"ImageObject\",\"inLanguage\":\"fr-FR\",\"@id\":\"https:\\\/\\\/secure.gravatar.com\\\/avatar\\\/33c4c11c34e0f9cccad9f436c1a60f900028dcdb26df84756951418faf70fa39?s=96&d=mm&r=g\",\"url\":\"https:\\\/\\\/secure.gravatar.com\\\/avatar\\\/33c4c11c34e0f9cccad9f436c1a60f900028dcdb26df84756951418faf70fa39?s=96&d=mm&r=g\",\"contentUrl\":\"https:\\\/\\\/secure.gravatar.com\\\/avatar\\\/33c4c11c34e0f9cccad9f436c1a60f900028dcdb26df84756951418faf70fa39?s=96&d=mm&r=g\",\"caption\":\"Julie\"},\"url\":\"https:\\\/\\\/www.altercampagne.net\\\/?author=192\"}]}<\/script>\n<!-- \/ Yoast SEO plugin. -->","yoast_head_json":{"title":"Pourquoi l'AlterTour alors qu'il y a le tour Alternatiba? - AlterTour","robots":{"index":"index","follow":"follow","max-snippet":"max-snippet:-1","max-image-preview":"max-image-preview:large","max-video-preview":"max-video-preview:-1"},"canonical":"https:\/\/www.altercampagne.net\/?p=11072","og_locale":"fr_FR","og_type":"article","og_title":"Pourquoi l'AlterTour alors qu'il y a le tour Alternatiba? - AlterTour","og_description":"R\u00e9-\u00e9couter l&rsquo;interview sur le site de Reporterre \u00ab\u00a0L\u2019AlterTour c\u2019est aussi un tour \u00e0 v\u00e9lo \u00e0 la rencontre des alternatives, et on est des cousins, des amis d\u2019Alternatiba. On a une proposition un peu diff\u00e9rente, on propose\u2026 des vacances. On propose aux gens de venir rouler avec nous et de venir ... Read More","og_url":"https:\/\/www.altercampagne.net\/?p=11072","og_site_name":"AlterTour","article_published_time":"2018-06-17T14:46:38+00:00","article_modified_time":"2018-07-04T10:03:22+00:00","og_image":[{"width":454,"height":237,"url":"https:\/\/www.altercampagne.net\/wp-content\/uploads\/2018\/06\/REporterre_PourquoilAlterTour_vsAlternatiba2.png","type":"image\/png"}],"author":"Julie","twitter_card":"summary_large_image","twitter_misc":{"\u00c9crit par":"Julie","Dur\u00e9e de lecture estim\u00e9e":"1 minute"},"schema":{"@context":"https:\/\/schema.org","@graph":[{"@type":"Article","@id":"https:\/\/www.altercampagne.net\/?p=11072#article","isPartOf":{"@id":"https:\/\/www.altercampagne.net\/?p=11072"},"author":{"name":"Julie","@id":"https:\/\/www.altercampagne.net\/#\/schema\/person\/ea52458af5ca10d56e01a1b53249ddc4"},"headline":"Pourquoi l&rsquo;AlterTour alors qu&rsquo;il y a le tour Alternatiba?","datePublished":"2018-06-17T14:46:38+00:00","dateModified":"2018-07-04T10:03:22+00:00","mainEntityOfPage":{"@id":"https:\/\/www.altercampagne.net\/?p=11072"},"wordCount":282,"image":{"@id":"https:\/\/www.altercampagne.net\/?p=11072#primaryimage"},"thumbnailUrl":"https:\/\/www.altercampagne.net\/wp-content\/uploads\/2018\/06\/REporterre_PourquoilAlterTour_vsAlternatiba2.png","keywords":["Alternatives","Tour Alternatiba","d\u00e9boulonneurs","d\u00e9sob\u00e9issance civile","chantier participatif","quotidien","changement","habitude","s'engager"],"articleSection":["Revue de presse","\u00c9dition 2018"],"inLanguage":"fr-FR"},{"@type":"WebPage","@id":"https:\/\/www.altercampagne.net\/?p=11072","url":"https:\/\/www.altercampagne.net\/?p=11072","name":"Pourquoi l'AlterTour alors qu'il y a le tour Alternatiba? - AlterTour","isPartOf":{"@id":"https:\/\/www.altercampagne.net\/#website"},"primaryImageOfPage":{"@id":"https:\/\/www.altercampagne.net\/?p=11072#primaryimage"},"image":{"@id":"https:\/\/www.altercampagne.net\/?p=11072#primaryimage"},"thumbnailUrl":"https:\/\/www.altercampagne.net\/wp-content\/uploads\/2018\/06\/REporterre_PourquoilAlterTour_vsAlternatiba2.png","datePublished":"2018-06-17T14:46:38+00:00","dateModified":"2018-07-04T10:03:22+00:00","author":{"@id":"https:\/\/www.altercampagne.net\/#\/schema\/person\/ea52458af5ca10d56e01a1b53249ddc4"},"breadcrumb":{"@id":"https:\/\/www.altercampagne.net\/?p=11072#breadcrumb"},"inLanguage":"fr-FR","potentialAction":[{"@type":"ReadAction","target":["https:\/\/www.altercampagne.net\/?p=11072"]}]},{"@type":"ImageObject","inLanguage":"fr-FR","@id":"https:\/\/www.altercampagne.net\/?p=11072#primaryimage","url":"https:\/\/www.altercampagne.net\/wp-content\/uploads\/2018\/06\/REporterre_PourquoilAlterTour_vsAlternatiba2.png","contentUrl":"https:\/\/www.altercampagne.net\/wp-content\/uploads\/2018\/06\/REporterre_PourquoilAlterTour_vsAlternatiba2.png","width":454,"height":237},{"@type":"BreadcrumbList","@id":"https:\/\/www.altercampagne.net\/?p=11072#breadcrumb","itemListElement":[{"@type":"ListItem","position":1,"name":"Accueil","item":"https:\/\/www.altercampagne.net\/"},{"@type":"ListItem","position":2,"name":"Pourquoi l&rsquo;AlterTour alors qu&rsquo;il y a le tour Alternatiba?"}]},{"@type":"WebSite","@id":"https:\/\/www.altercampagne.net\/#website","url":"https:\/\/www.altercampagne.net\/","name":"AlterTour","description":"Reliez les Alternatives \u00e0 v\u00e9lo","potentialAction":[{"@type":"SearchAction","target":{"@type":"EntryPoint","urlTemplate":"https:\/\/www.altercampagne.net\/?s={search_term_string}"},"query-input":{"@type":"PropertyValueSpecification","valueRequired":true,"valueName":"search_term_string"}}],"inLanguage":"fr-FR"},{"@type":"Person","@id":"https:\/\/www.altercampagne.net\/#\/schema\/person\/ea52458af5ca10d56e01a1b53249ddc4","name":"Julie","image":{"@type":"ImageObject","inLanguage":"fr-FR","@id":"https:\/\/secure.gravatar.com\/avatar\/33c4c11c34e0f9cccad9f436c1a60f900028dcdb26df84756951418faf70fa39?s=96&d=mm&r=g","url":"https:\/\/secure.gravatar.com\/avatar\/33c4c11c34e0f9cccad9f436c1a60f900028dcdb26df84756951418faf70fa39?s=96&d=mm&r=g","contentUrl":"https:\/\/secure.gravatar.com\/avatar\/33c4c11c34e0f9cccad9f436c1a60f900028dcdb26df84756951418faf70fa39?s=96&d=mm&r=g","caption":"Julie"},"url":"https:\/\/www.altercampagne.net\/?author=192"}]}},"_links":{"self":[{"href":"https:\/\/www.altercampagne.net\/index.php?rest_route=\/wp\/v2\/posts\/11072","targetHints":{"allow":["GET"]}}],"collection":[{"href":"https:\/\/www.altercampagne.net\/index.php?rest_route=\/wp\/v2\/posts"}],"about":[{"href":"https:\/\/www.altercampagne.net\/index.php?rest_route=\/wp\/v2\/types\/post"}],"author":[{"embeddable":true,"href":"https:\/\/www.altercampagne.net\/index.php?rest_route=\/wp\/v2\/users\/192"}],"replies":[{"embeddable":true,"href":"https:\/\/www.altercampagne.net\/index.php?rest_route=%2Fwp%2Fv2%2Fcomments&post=11072"}],"version-history":[{"count":0,"href":"https:\/\/www.altercampagne.net\/index.php?rest_route=\/wp\/v2\/posts\/11072\/revisions"}],"wp:featuredmedia":[{"embeddable":true,"href":"https:\/\/www.altercampagne.net\/index.php?rest_route=\/wp\/v2\/media\/11073"}],"wp:attachment":[{"href":"https:\/\/www.altercampagne.net\/index.php?rest_route=%2Fwp%2Fv2%2Fmedia&parent=11072"}],"wp:term":[{"taxonomy":"category","embeddable":true,"href":"https:\/\/www.altercampagne.net\/index.php?rest_route=%2Fwp%2Fv2%2Fcategories&post=11072"},{"taxonomy":"post_tag","embeddable":true,"href":"https:\/\/www.altercampagne.net\/index.php?rest_route=%2Fwp%2Fv2%2Ftags&post=11072"}],"curies":[{"name":"wp","href":"https:\/\/api.w.org\/{rel}","templated":true}]}}