{"id":11261,"date":"2018-07-25T19:09:37","date_gmt":"2018-07-25T17:09:37","guid":{"rendered":"http:\/\/www.altercampagne.net\/?p=11261"},"modified":"2018-07-25T19:33:10","modified_gmt":"2018-07-25T17:33:10","slug":"eco-quartier-vauban","status":"publish","type":"post","link":"https:\/\/www.altercampagne.net\/?p=11261","title":{"rendered":"Eco-quartier Vauban : une renomm\u00e9e internationale"},"content":{"rendered":"<p>L&rsquo;Ecoquartier Vauban accueillera l&rsquo;AlterTour les 21 et 22 ao\u00fbt (l&rsquo;Echapp\u00e9e belle allemande). Pour plus d\u2019infos consultez le <strong><a href=\"http:\/\/www.altercampagne.net\/?page_id=10157\">programme<\/a><\/strong>.<\/p>\n<h5>Energie, eau, nature, mobilit\u00e9, participation&#8230;<\/h5>\n<p>Apr\u00e8s le d\u00e9part de l\u2019arm\u00e9e fran\u00e7aise de la caserne de Vauban, en 1992, cette friche de 38 hectares est transform\u00e9e en \u00e9coquartier. Conception et construction se r\u00e9alisent gr\u00e2ce \u00e0 une participation citoyenne \u00e9largie. Aujourd\u2019hui, <strong>6 000 personnes habitent ce quartier internationalement connu.<\/strong> C\u00f4t\u00e9 \u00e9nergie, l\u2019utilisation du renouvelable et la production d\u00e9centralis\u00e9e priment, avec des b\u00e2timents passifs, \u00e0 basse consommation ou \u00e0 \u00e9nergie positive. La collecte des eaux pluviales est la norme.<\/p>\n<p>\u00c0 la fois dense et vert, il comprend des aires de jeux, des jardins partag\u00e9s, un ruisseau, des toitures v\u00e9g\u00e9talis\u00e9es, des salles communes, des zones \u00e9conomiques et d\u2019autres sans voiture. Et pour cause : avec <strong>190 v\u00e9hicules motoris\u00e9s pour 1 000 habitants<\/strong>, ce chiffre grimpe \u00e0 500 pour l\u2019Allemagne. L\u2019auto-partage est tr\u00e8s r\u00e9pandu. Ici, on circule \u00e0 pied ou \u00e0 v\u00e9lo. Tram, bus et voies cyclables relient le centre-ville. Willkommen !<\/p>\n<h5>Un quartier socio-\u00e9cologique inventif<\/h5>\n<p>\u00ab\u00a0Pour r\u00e9aliser le concept de mobilit\u00e9 durable, tout en respectant les lois, il fallait \u00eatre cr\u00e9atif : Vauban n\u2019a pas une place de stationnement par logement, comme l\u2019exigeaient les lois d\u2019urbanisme de l\u2019\u00e9poque. Vivre sans les nuisances de la voiture est l\u2019un des facteurs de la qualit\u00e9 de vie recherch\u00e9e. Un grand espace vert sur lequel on pourrait construire un parking avec les places requises a \u00e9t\u00e9 accept\u00e9 par le conseil municipal comme \u201c<strong>parking virtuel<\/strong>\u201d. Le lobbying de l\u2019association de quartier a pay\u00e9 !<\/p>\n<p>Une autre id\u00e9e innovante est celle des<strong> auto-promoteurs\u2028 pour l\u2019habitat group\u00e9<\/strong>. La Ville a vendu environ 70 % des terrains constructibles aux diff\u00e9rents groupes d\u2019autopromoteurs. Cela \u2028a permis des constructions adapt\u00e9es aux besoins de chacun, une vari\u00e9t\u00e9 architecturale originale, ainsi que la formation de \u201cnoyaux sociaux\u201d. Cet esprit communautaire, o\u00f9 les mots d\u2019ordre sont ouverture, communication et bon voisinage, se ressent toujours, malgr\u00e9 un certain renouvellement de la population.\u201d<\/p>\n<p style=\"text-align: right;\">Astrid, habitante de Vauban directrice de Freiburg-Future-Lab<\/p>\n<p>\u00a0L&rsquo;Ecoquartier Vauban accueillera l&rsquo;AlterTour les 21 et 22 ao\u00fbt\u00a0(l&rsquo;Echapp\u00e9e belle allemande). Pour plus d\u2019infos consultez le <strong><a href=\"http:\/\/www.altercampagne.net\/?page_id=10157\">programme<\/a><\/strong>.<\/p>\n","protected":false},"excerpt":{"rendered":"<p>L&rsquo;Ecoquartier Vauban accueillera l&rsquo;AlterTour les 21 et 22 ao\u00fbt (l&rsquo;Echapp\u00e9e belle allemande). Pour plus d\u2019infos consultez le programme. Energie, eau, nature, mobilit\u00e9, participation&#8230; Apr\u00e8s le d\u00e9part de l\u2019arm\u00e9e fran\u00e7aise de la caserne de Vauban, en 1992, cette friche de 38 hectares est transform\u00e9e en \u00e9coquartier. Conception et construction se r\u00e9alisent &#8230; <\/p>\n<div><a href=\"https:\/\/www.altercampagne.net\/?p=11261\" class=\"more-link\">Read More<\/a><\/div>\n","protected":false},"author":215,"featured_media":11265,"comment_status":"closed","ping_status":"closed","sticky":false,"template":"","format":"standard","meta":{"footnotes":""},"categories":[3470,3487,3485],"tags":[708,1300,3635,3662,3663,3664,3665,3666,3667],"class_list":["post-11261","post","type-post","status-publish","format-standard","has-post-thumbnail","hentry","category-edition-2018","category-energie","category-habitat","tag-energie-positive","tag-allemagne","tag-sans-voiture","tag-friche","tag-batiment-passif","tag-participation-citoyenne","tag-habitat-groupe","tag-vauban","tag-auto-promoteur"],"yoast_head":"<!-- This site is optimized with the Yoast SEO plugin v27.3 - https:\/\/yoast.com\/product\/yoast-seo-wordpress\/ -->\n<title>Eco-quartier Vauban : une renomm\u00e9e internationale - AlterTour<\/title>\n<meta name=\"robots\" content=\"index, follow, max-snippet:-1, max-image-preview:large, max-video-preview:-1\" \/>\n<link rel=\"canonical\" href=\"https:\/\/www.altercampagne.net\/?p=11261\" \/>\n<meta property=\"og:locale\" content=\"fr_FR\" \/>\n<meta property=\"og:type\" content=\"article\" \/>\n<meta property=\"og:title\" content=\"Eco-quartier Vauban : une renomm\u00e9e internationale - AlterTour\" \/>\n<meta property=\"og:description\" content=\"L&rsquo;Ecoquartier Vauban accueillera l&rsquo;AlterTour les 21 et 22 ao\u00fbt (l&rsquo;Echapp\u00e9e belle allemande). Pour plus d\u2019infos consultez le programme. Energie, eau, nature, mobilit\u00e9, participation&#8230; Apr\u00e8s le d\u00e9part de l\u2019arm\u00e9e fran\u00e7aise de la caserne de Vauban, en 1992, cette friche de 38 hectares est transform\u00e9e en \u00e9coquartier. Conception et construction se r\u00e9alisent ... Read More\" \/>\n<meta property=\"og:url\" content=\"https:\/\/www.altercampagne.net\/?p=11261\" \/>\n<meta property=\"og:site_name\" content=\"AlterTour\" \/>\n<meta property=\"article:published_time\" content=\"2018-07-25T17:09:37+00:00\" \/>\n<meta property=\"article:modified_time\" content=\"2018-07-25T17:33:10+00:00\" \/>\n<meta property=\"og:image\" content=\"https:\/\/www.altercampagne.net\/wp-content\/uploads\/2018\/07\/2018-08-22-Le-Quartier-Vauban.jpg\" \/>\n\t<meta property=\"og:image:width\" content=\"685\" \/>\n\t<meta property=\"og:image:height\" content=\"386\" \/>\n\t<meta property=\"og:image:type\" content=\"image\/jpeg\" \/>\n<meta name=\"author\" content=\"AlterTour\" \/>\n<meta name=\"twitter:card\" content=\"summary_large_image\" \/>\n<meta name=\"twitter:label1\" content=\"\u00c9crit par\" \/>\n\t<meta name=\"twitter:data1\" content=\"AlterTour\" \/>\n\t<meta name=\"twitter:label2\" content=\"Dur\u00e9e de lecture estim\u00e9e\" \/>\n\t<meta name=\"twitter:data2\" content=\"2 minutes\" \/>\n<script type=\"application\/ld+json\" class=\"yoast-schema-graph\">{\"@context\":\"https:\\\/\\\/schema.org\",\"@graph\":[{\"@type\":\"Article\",\"@id\":\"https:\\\/\\\/www.altercampagne.net\\\/?p=11261#article\",\"isPartOf\":{\"@id\":\"https:\\\/\\\/www.altercampagne.net\\\/?p=11261\"},\"author\":{\"name\":\"AlterTour\",\"@id\":\"https:\\\/\\\/www.altercampagne.net\\\/#\\\/schema\\\/person\\\/e5b68c803196f649c2152249d262d94a\"},\"headline\":\"Eco-quartier Vauban : une renomm\u00e9e internationale\",\"datePublished\":\"2018-07-25T17:09:37+00:00\",\"dateModified\":\"2018-07-25T17:33:10+00:00\",\"mainEntityOfPage\":{\"@id\":\"https:\\\/\\\/www.altercampagne.net\\\/?p=11261\"},\"wordCount\":383,\"image\":{\"@id\":\"https:\\\/\\\/www.altercampagne.net\\\/?p=11261#primaryimage\"},\"thumbnailUrl\":\"https:\\\/\\\/www.altercampagne.net\\\/wp-content\\\/uploads\\\/2018\\\/07\\\/2018-08-22-Le-Quartier-Vauban.jpg\",\"keywords\":[\"\u00e9nergie positive\",\"allemagne\",\"sans voiture\",\"friche\",\"b\u00e2timent passif\",\"participation citoyenne\",\"habitat group\u00e9\",\"Vauban\",\"auto-promoteur\"],\"articleSection\":[\"\u00c9dition 2018\",\"\u00c9nergie\",\"Habitat\"],\"inLanguage\":\"fr-FR\"},{\"@type\":\"WebPage\",\"@id\":\"https:\\\/\\\/www.altercampagne.net\\\/?p=11261\",\"url\":\"https:\\\/\\\/www.altercampagne.net\\\/?p=11261\",\"name\":\"Eco-quartier Vauban : une renomm\u00e9e internationale - AlterTour\",\"isPartOf\":{\"@id\":\"https:\\\/\\\/www.altercampagne.net\\\/#website\"},\"primaryImageOfPage\":{\"@id\":\"https:\\\/\\\/www.altercampagne.net\\\/?p=11261#primaryimage\"},\"image\":{\"@id\":\"https:\\\/\\\/www.altercampagne.net\\\/?p=11261#primaryimage\"},\"thumbnailUrl\":\"https:\\\/\\\/www.altercampagne.net\\\/wp-content\\\/uploads\\\/2018\\\/07\\\/2018-08-22-Le-Quartier-Vauban.jpg\",\"datePublished\":\"2018-07-25T17:09:37+00:00\",\"dateModified\":\"2018-07-25T17:33:10+00:00\",\"author\":{\"@id\":\"https:\\\/\\\/www.altercampagne.net\\\/#\\\/schema\\\/person\\\/e5b68c803196f649c2152249d262d94a\"},\"breadcrumb\":{\"@id\":\"https:\\\/\\\/www.altercampagne.net\\\/?p=11261#breadcrumb\"},\"inLanguage\":\"fr-FR\",\"potentialAction\":[{\"@type\":\"ReadAction\",\"target\":[\"https:\\\/\\\/www.altercampagne.net\\\/?p=11261\"]}]},{\"@type\":\"ImageObject\",\"inLanguage\":\"fr-FR\",\"@id\":\"https:\\\/\\\/www.altercampagne.net\\\/?p=11261#primaryimage\",\"url\":\"https:\\\/\\\/www.altercampagne.net\\\/wp-content\\\/uploads\\\/2018\\\/07\\\/2018-08-22-Le-Quartier-Vauban.jpg\",\"contentUrl\":\"https:\\\/\\\/www.altercampagne.net\\\/wp-content\\\/uploads\\\/2018\\\/07\\\/2018-08-22-Le-Quartier-Vauban.jpg\",\"width\":685,\"height\":386},{\"@type\":\"BreadcrumbList\",\"@id\":\"https:\\\/\\\/www.altercampagne.net\\\/?p=11261#breadcrumb\",\"itemListElement\":[{\"@type\":\"ListItem\",\"position\":1,\"name\":\"Accueil\",\"item\":\"https:\\\/\\\/www.altercampagne.net\\\/\"},{\"@type\":\"ListItem\",\"position\":2,\"name\":\"Eco-quartier Vauban : une renomm\u00e9e internationale\"}]},{\"@type\":\"WebSite\",\"@id\":\"https:\\\/\\\/www.altercampagne.net\\\/#website\",\"url\":\"https:\\\/\\\/www.altercampagne.net\\\/\",\"name\":\"AlterTour\",\"description\":\"Reliez les Alternatives \u00e0 v\u00e9lo\",\"potentialAction\":[{\"@type\":\"SearchAction\",\"target\":{\"@type\":\"EntryPoint\",\"urlTemplate\":\"https:\\\/\\\/www.altercampagne.net\\\/?s={search_term_string}\"},\"query-input\":{\"@type\":\"PropertyValueSpecification\",\"valueRequired\":true,\"valueName\":\"search_term_string\"}}],\"inLanguage\":\"fr-FR\"},{\"@type\":\"Person\",\"@id\":\"https:\\\/\\\/www.altercampagne.net\\\/#\\\/schema\\\/person\\\/e5b68c803196f649c2152249d262d94a\",\"name\":\"AlterTour\",\"image\":{\"@type\":\"ImageObject\",\"inLanguage\":\"fr-FR\",\"@id\":\"https:\\\/\\\/secure.gravatar.com\\\/avatar\\\/3f2ed77f8506b8ea264ad5938bb0114bfa10f35b64086a66dfbb6e9f58ad9693?s=96&d=mm&r=g\",\"url\":\"https:\\\/\\\/secure.gravatar.com\\\/avatar\\\/3f2ed77f8506b8ea264ad5938bb0114bfa10f35b64086a66dfbb6e9f58ad9693?s=96&d=mm&r=g\",\"contentUrl\":\"https:\\\/\\\/secure.gravatar.com\\\/avatar\\\/3f2ed77f8506b8ea264ad5938bb0114bfa10f35b64086a66dfbb6e9f58ad9693?s=96&d=mm&r=g\",\"caption\":\"AlterTour\"},\"url\":\"https:\\\/\\\/www.altercampagne.net\\\/?author=215\"}]}<\/script>\n<!-- \/ Yoast SEO plugin. -->","yoast_head_json":{"title":"Eco-quartier Vauban : une renomm\u00e9e internationale - AlterTour","robots":{"index":"index","follow":"follow","max-snippet":"max-snippet:-1","max-image-preview":"max-image-preview:large","max-video-preview":"max-video-preview:-1"},"canonical":"https:\/\/www.altercampagne.net\/?p=11261","og_locale":"fr_FR","og_type":"article","og_title":"Eco-quartier Vauban : une renomm\u00e9e internationale - AlterTour","og_description":"L&rsquo;Ecoquartier Vauban accueillera l&rsquo;AlterTour les 21 et 22 ao\u00fbt (l&rsquo;Echapp\u00e9e belle allemande). Pour plus d\u2019infos consultez le programme. Energie, eau, nature, mobilit\u00e9, participation&#8230; Apr\u00e8s le d\u00e9part de l\u2019arm\u00e9e fran\u00e7aise de la caserne de Vauban, en 1992, cette friche de 38 hectares est transform\u00e9e en \u00e9coquartier. Conception et construction se r\u00e9alisent ... Read More","og_url":"https:\/\/www.altercampagne.net\/?p=11261","og_site_name":"AlterTour","article_published_time":"2018-07-25T17:09:37+00:00","article_modified_time":"2018-07-25T17:33:10+00:00","og_image":[{"width":685,"height":386,"url":"https:\/\/www.altercampagne.net\/wp-content\/uploads\/2018\/07\/2018-08-22-Le-Quartier-Vauban.jpg","type":"image\/jpeg"}],"author":"AlterTour","twitter_card":"summary_large_image","twitter_misc":{"\u00c9crit par":"AlterTour","Dur\u00e9e de lecture estim\u00e9e":"2 minutes"},"schema":{"@context":"https:\/\/schema.org","@graph":[{"@type":"Article","@id":"https:\/\/www.altercampagne.net\/?p=11261#article","isPartOf":{"@id":"https:\/\/www.altercampagne.net\/?p=11261"},"author":{"name":"AlterTour","@id":"https:\/\/www.altercampagne.net\/#\/schema\/person\/e5b68c803196f649c2152249d262d94a"},"headline":"Eco-quartier Vauban : une renomm\u00e9e internationale","datePublished":"2018-07-25T17:09:37+00:00","dateModified":"2018-07-25T17:33:10+00:00","mainEntityOfPage":{"@id":"https:\/\/www.altercampagne.net\/?p=11261"},"wordCount":383,"image":{"@id":"https:\/\/www.altercampagne.net\/?p=11261#primaryimage"},"thumbnailUrl":"https:\/\/www.altercampagne.net\/wp-content\/uploads\/2018\/07\/2018-08-22-Le-Quartier-Vauban.jpg","keywords":["\u00e9nergie positive","allemagne","sans voiture","friche","b\u00e2timent passif","participation citoyenne","habitat group\u00e9","Vauban","auto-promoteur"],"articleSection":["\u00c9dition 2018","\u00c9nergie","Habitat"],"inLanguage":"fr-FR"},{"@type":"WebPage","@id":"https:\/\/www.altercampagne.net\/?p=11261","url":"https:\/\/www.altercampagne.net\/?p=11261","name":"Eco-quartier Vauban : une renomm\u00e9e internationale - AlterTour","isPartOf":{"@id":"https:\/\/www.altercampagne.net\/#website"},"primaryImageOfPage":{"@id":"https:\/\/www.altercampagne.net\/?p=11261#primaryimage"},"image":{"@id":"https:\/\/www.altercampagne.net\/?p=11261#primaryimage"},"thumbnailUrl":"https:\/\/www.altercampagne.net\/wp-content\/uploads\/2018\/07\/2018-08-22-Le-Quartier-Vauban.jpg","datePublished":"2018-07-25T17:09:37+00:00","dateModified":"2018-07-25T17:33:10+00:00","author":{"@id":"https:\/\/www.altercampagne.net\/#\/schema\/person\/e5b68c803196f649c2152249d262d94a"},"breadcrumb":{"@id":"https:\/\/www.altercampagne.net\/?p=11261#breadcrumb"},"inLanguage":"fr-FR","potentialAction":[{"@type":"ReadAction","target":["https:\/\/www.altercampagne.net\/?p=11261"]}]},{"@type":"ImageObject","inLanguage":"fr-FR","@id":"https:\/\/www.altercampagne.net\/?p=11261#primaryimage","url":"https:\/\/www.altercampagne.net\/wp-content\/uploads\/2018\/07\/2018-08-22-Le-Quartier-Vauban.jpg","contentUrl":"https:\/\/www.altercampagne.net\/wp-content\/uploads\/2018\/07\/2018-08-22-Le-Quartier-Vauban.jpg","width":685,"height":386},{"@type":"BreadcrumbList","@id":"https:\/\/www.altercampagne.net\/?p=11261#breadcrumb","itemListElement":[{"@type":"ListItem","position":1,"name":"Accueil","item":"https:\/\/www.altercampagne.net\/"},{"@type":"ListItem","position":2,"name":"Eco-quartier Vauban : une renomm\u00e9e internationale"}]},{"@type":"WebSite","@id":"https:\/\/www.altercampagne.net\/#website","url":"https:\/\/www.altercampagne.net\/","name":"AlterTour","description":"Reliez les Alternatives \u00e0 v\u00e9lo","potentialAction":[{"@type":"SearchAction","target":{"@type":"EntryPoint","urlTemplate":"https:\/\/www.altercampagne.net\/?s={search_term_string}"},"query-input":{"@type":"PropertyValueSpecification","valueRequired":true,"valueName":"search_term_string"}}],"inLanguage":"fr-FR"},{"@type":"Person","@id":"https:\/\/www.altercampagne.net\/#\/schema\/person\/e5b68c803196f649c2152249d262d94a","name":"AlterTour","image":{"@type":"ImageObject","inLanguage":"fr-FR","@id":"https:\/\/secure.gravatar.com\/avatar\/3f2ed77f8506b8ea264ad5938bb0114bfa10f35b64086a66dfbb6e9f58ad9693?s=96&d=mm&r=g","url":"https:\/\/secure.gravatar.com\/avatar\/3f2ed77f8506b8ea264ad5938bb0114bfa10f35b64086a66dfbb6e9f58ad9693?s=96&d=mm&r=g","contentUrl":"https:\/\/secure.gravatar.com\/avatar\/3f2ed77f8506b8ea264ad5938bb0114bfa10f35b64086a66dfbb6e9f58ad9693?s=96&d=mm&r=g","caption":"AlterTour"},"url":"https:\/\/www.altercampagne.net\/?author=215"}]}},"_links":{"self":[{"href":"https:\/\/www.altercampagne.net\/index.php?rest_route=\/wp\/v2\/posts\/11261","targetHints":{"allow":["GET"]}}],"collection":[{"href":"https:\/\/www.altercampagne.net\/index.php?rest_route=\/wp\/v2\/posts"}],"about":[{"href":"https:\/\/www.altercampagne.net\/index.php?rest_route=\/wp\/v2\/types\/post"}],"author":[{"embeddable":true,"href":"https:\/\/www.altercampagne.net\/index.php?rest_route=\/wp\/v2\/users\/215"}],"replies":[{"embeddable":true,"href":"https:\/\/www.altercampagne.net\/index.php?rest_route=%2Fwp%2Fv2%2Fcomments&post=11261"}],"version-history":[{"count":0,"href":"https:\/\/www.altercampagne.net\/index.php?rest_route=\/wp\/v2\/posts\/11261\/revisions"}],"wp:featuredmedia":[{"embeddable":true,"href":"https:\/\/www.altercampagne.net\/index.php?rest_route=\/wp\/v2\/media\/11265"}],"wp:attachment":[{"href":"https:\/\/www.altercampagne.net\/index.php?rest_route=%2Fwp%2Fv2%2Fmedia&parent=11261"}],"wp:term":[{"taxonomy":"category","embeddable":true,"href":"https:\/\/www.altercampagne.net\/index.php?rest_route=%2Fwp%2Fv2%2Fcategories&post=11261"},{"taxonomy":"post_tag","embeddable":true,"href":"https:\/\/www.altercampagne.net\/index.php?rest_route=%2Fwp%2Fv2%2Ftags&post=11261"}],"curies":[{"name":"wp","href":"https:\/\/api.w.org\/{rel}","templated":true}]}}