{"id":11329,"date":"2018-07-06T12:30:39","date_gmt":"2018-07-06T10:30:39","guid":{"rendered":"http:\/\/www.altercampagne.net\/?p=11329"},"modified":"2018-09-14T17:33:37","modified_gmt":"2018-09-14T15:33:37","slug":"laltertour-sur-les-ondes-belges","status":"publish","type":"post","link":"https:\/\/www.altercampagne.net\/?p=11329","title":{"rendered":"L&rsquo;AlterTour sur les ondes Belges !"},"content":{"rendered":"<p>L&rsquo;\u00e9mission <a href=\"https:\/\/www.rtbf.be\/auvio\/detail_tendances-premiere?id=2371421&amp;t=2403\" target=\"_blank\" rel=\"noopener\">Tendances Premi\u00e8re<\/a> sur la RTBF nous a fait la gentillesse de nous inviter pour parler de l&rsquo;AlterTour 2018. R\u00e9-\u00e9coutez l&rsquo;interview et d\u00e9couvrez l&rsquo;AlterTour quelques minutes :<\/p>\n<p>Et si cet \u00e9t\u00e9, on sortait de chez soi, on renouait avec le social, le culturel, la nature, la d\u00e9couverte, la rencontre\u2026\u2026 Chaque jour, focus sur une id\u00e9e de sortie en famille, en couple ou en solitaire selon votre bon vouloir ! Ce mercredi : L\u2019AlterTour, un tout itin\u00e9rant pour la transition \u00e9cologique et sociale, avec Mathieu Fromont, le Coordinateur.<\/p>\n<p><iframe loading=\"lazy\" src=\"http:\/\/rtbf-pod.l3.freecaster.net\/pod\/rtbf\/geo\/open\/2\/2MazITZwP6.mp3\" width=\"800\" height=\"50\" frameborder=\"0\" allowfullscreen=\"allowfullscreen\"><span style=\"display: inline-block; width: 0px; overflow: hidden; line-height: 0;\" data-mce-type=\"bookmark\"><span style=\"display: inline-block; width: 0px; overflow: hidden; line-height: 0;\" data-mce-type=\"bookmark\" class=\"mce_SELRES_start\">\ufeff<\/span>\ufeff<\/span><\/iframe><\/p>\n","protected":false},"excerpt":{"rendered":"<p>L&rsquo;\u00e9mission Tendances Premi\u00e8re sur la RTBF nous a fait la gentillesse de nous inviter pour parler de l&rsquo;AlterTour 2018. R\u00e9-\u00e9coutez l&rsquo;interview et d\u00e9couvrez l&rsquo;AlterTour quelques minutes : Et si cet \u00e9t\u00e9, on sortait de chez soi, on renouait avec le social, le culturel, la nature, la d\u00e9couverte, la rencontre\u2026\u2026 Chaque &#8230; <\/p>\n<div><a href=\"https:\/\/www.altercampagne.net\/?p=11329\" class=\"more-link\">Read More<\/a><\/div>\n","protected":false},"author":214,"featured_media":11345,"comment_status":"closed","ping_status":"closed","sticky":false,"template":"","format":"standard","meta":{"footnotes":""},"categories":[239,3470],"tags":[552,3668,3669,3670,3671,3772],"class_list":["post-11329","post","type-post","status-publish","format-standard","has-post-thumbnail","hentry","category-revue-de-presse","category-edition-2018","tag-mathieu-fromont","tag-rtbf","tag-rtbf-la-premiere","tag-tendances-premiere","tag-cedric-wautier","tag-radio"],"yoast_head":"<!-- This site is optimized with the Yoast SEO plugin v27.3 - https:\/\/yoast.com\/product\/yoast-seo-wordpress\/ -->\n<title>L&#039;AlterTour sur les ondes Belges ! - AlterTour<\/title>\n<meta name=\"robots\" content=\"index, follow, max-snippet:-1, max-image-preview:large, max-video-preview:-1\" \/>\n<link rel=\"canonical\" href=\"https:\/\/www.altercampagne.net\/?p=11329\" \/>\n<meta property=\"og:locale\" content=\"fr_FR\" \/>\n<meta property=\"og:type\" content=\"article\" \/>\n<meta property=\"og:title\" content=\"L&#039;AlterTour sur les ondes Belges ! - AlterTour\" \/>\n<meta property=\"og:description\" content=\"L&rsquo;\u00e9mission Tendances Premi\u00e8re sur la RTBF nous a fait la gentillesse de nous inviter pour parler de l&rsquo;AlterTour 2018. R\u00e9-\u00e9coutez l&rsquo;interview et d\u00e9couvrez l&rsquo;AlterTour quelques minutes : Et si cet \u00e9t\u00e9, on sortait de chez soi, on renouait avec le social, le culturel, la nature, la d\u00e9couverte, la rencontre\u2026\u2026 Chaque ... Read More\" \/>\n<meta property=\"og:url\" content=\"https:\/\/www.altercampagne.net\/?p=11329\" \/>\n<meta property=\"og:site_name\" content=\"AlterTour\" \/>\n<meta property=\"article:published_time\" content=\"2018-07-06T10:30:39+00:00\" \/>\n<meta property=\"article:modified_time\" content=\"2018-09-14T15:33:37+00:00\" \/>\n<meta property=\"og:image\" content=\"https:\/\/www.altercampagne.net\/wp-content\/uploads\/2018\/07\/Tendances-premiere.jpg\" \/>\n\t<meta property=\"og:image:width\" content=\"770\" \/>\n\t<meta property=\"og:image:height\" content=\"403\" \/>\n\t<meta property=\"og:image:type\" content=\"image\/jpeg\" \/>\n<meta name=\"author\" content=\"Mathieu\" \/>\n<meta name=\"twitter:card\" content=\"summary_large_image\" \/>\n<meta name=\"twitter:label1\" content=\"\u00c9crit par\" \/>\n\t<meta name=\"twitter:data1\" content=\"Mathieu\" \/>\n<script type=\"application\/ld+json\" class=\"yoast-schema-graph\">{\"@context\":\"https:\\\/\\\/schema.org\",\"@graph\":[{\"@type\":\"Article\",\"@id\":\"https:\\\/\\\/www.altercampagne.net\\\/?p=11329#article\",\"isPartOf\":{\"@id\":\"https:\\\/\\\/www.altercampagne.net\\\/?p=11329\"},\"author\":{\"name\":\"Mathieu\",\"@id\":\"https:\\\/\\\/www.altercampagne.net\\\/#\\\/schema\\\/person\\\/0f261460c09e430caa0f9bcffa319109\"},\"headline\":\"L&rsquo;AlterTour sur les ondes Belges !\",\"datePublished\":\"2018-07-06T10:30:39+00:00\",\"dateModified\":\"2018-09-14T15:33:37+00:00\",\"mainEntityOfPage\":{\"@id\":\"https:\\\/\\\/www.altercampagne.net\\\/?p=11329\"},\"wordCount\":101,\"image\":{\"@id\":\"https:\\\/\\\/www.altercampagne.net\\\/?p=11329#primaryimage\"},\"thumbnailUrl\":\"https:\\\/\\\/www.altercampagne.net\\\/wp-content\\\/uploads\\\/2018\\\/07\\\/Tendances-premiere.jpg\",\"keywords\":[\"Mathieu Fromont\",\"rtbf\",\"rtbf la premi\u00e8re\",\"Tendances premi\u00e8re\",\"C\u00e9dric WAUTIER\",\"radio\"],\"articleSection\":[\"Revue de presse\",\"\u00c9dition 2018\"],\"inLanguage\":\"fr-FR\"},{\"@type\":\"WebPage\",\"@id\":\"https:\\\/\\\/www.altercampagne.net\\\/?p=11329\",\"url\":\"https:\\\/\\\/www.altercampagne.net\\\/?p=11329\",\"name\":\"L'AlterTour sur les ondes Belges ! - AlterTour\",\"isPartOf\":{\"@id\":\"https:\\\/\\\/www.altercampagne.net\\\/#website\"},\"primaryImageOfPage\":{\"@id\":\"https:\\\/\\\/www.altercampagne.net\\\/?p=11329#primaryimage\"},\"image\":{\"@id\":\"https:\\\/\\\/www.altercampagne.net\\\/?p=11329#primaryimage\"},\"thumbnailUrl\":\"https:\\\/\\\/www.altercampagne.net\\\/wp-content\\\/uploads\\\/2018\\\/07\\\/Tendances-premiere.jpg\",\"datePublished\":\"2018-07-06T10:30:39+00:00\",\"dateModified\":\"2018-09-14T15:33:37+00:00\",\"author\":{\"@id\":\"https:\\\/\\\/www.altercampagne.net\\\/#\\\/schema\\\/person\\\/0f261460c09e430caa0f9bcffa319109\"},\"breadcrumb\":{\"@id\":\"https:\\\/\\\/www.altercampagne.net\\\/?p=11329#breadcrumb\"},\"inLanguage\":\"fr-FR\",\"potentialAction\":[{\"@type\":\"ReadAction\",\"target\":[\"https:\\\/\\\/www.altercampagne.net\\\/?p=11329\"]}]},{\"@type\":\"ImageObject\",\"inLanguage\":\"fr-FR\",\"@id\":\"https:\\\/\\\/www.altercampagne.net\\\/?p=11329#primaryimage\",\"url\":\"https:\\\/\\\/www.altercampagne.net\\\/wp-content\\\/uploads\\\/2018\\\/07\\\/Tendances-premiere.jpg\",\"contentUrl\":\"https:\\\/\\\/www.altercampagne.net\\\/wp-content\\\/uploads\\\/2018\\\/07\\\/Tendances-premiere.jpg\",\"width\":770,\"height\":403},{\"@type\":\"BreadcrumbList\",\"@id\":\"https:\\\/\\\/www.altercampagne.net\\\/?p=11329#breadcrumb\",\"itemListElement\":[{\"@type\":\"ListItem\",\"position\":1,\"name\":\"Accueil\",\"item\":\"https:\\\/\\\/www.altercampagne.net\\\/\"},{\"@type\":\"ListItem\",\"position\":2,\"name\":\"L&rsquo;AlterTour sur les ondes Belges !\"}]},{\"@type\":\"WebSite\",\"@id\":\"https:\\\/\\\/www.altercampagne.net\\\/#website\",\"url\":\"https:\\\/\\\/www.altercampagne.net\\\/\",\"name\":\"AlterTour\",\"description\":\"Reliez les Alternatives \u00e0 v\u00e9lo\",\"potentialAction\":[{\"@type\":\"SearchAction\",\"target\":{\"@type\":\"EntryPoint\",\"urlTemplate\":\"https:\\\/\\\/www.altercampagne.net\\\/?s={search_term_string}\"},\"query-input\":{\"@type\":\"PropertyValueSpecification\",\"valueRequired\":true,\"valueName\":\"search_term_string\"}}],\"inLanguage\":\"fr-FR\"},{\"@type\":\"Person\",\"@id\":\"https:\\\/\\\/www.altercampagne.net\\\/#\\\/schema\\\/person\\\/0f261460c09e430caa0f9bcffa319109\",\"name\":\"Mathieu\",\"image\":{\"@type\":\"ImageObject\",\"inLanguage\":\"fr-FR\",\"@id\":\"https:\\\/\\\/secure.gravatar.com\\\/avatar\\\/aa9d3d24c83f2141e5e2709d0f63d09a99f6be6bb7a50abc4915838d9f54501a?s=96&d=mm&r=g\",\"url\":\"https:\\\/\\\/secure.gravatar.com\\\/avatar\\\/aa9d3d24c83f2141e5e2709d0f63d09a99f6be6bb7a50abc4915838d9f54501a?s=96&d=mm&r=g\",\"contentUrl\":\"https:\\\/\\\/secure.gravatar.com\\\/avatar\\\/aa9d3d24c83f2141e5e2709d0f63d09a99f6be6bb7a50abc4915838d9f54501a?s=96&d=mm&r=g\",\"caption\":\"Mathieu\"},\"url\":\"https:\\\/\\\/www.altercampagne.net\\\/?author=214\"}]}<\/script>\n<!-- \/ Yoast SEO plugin. -->","yoast_head_json":{"title":"L'AlterTour sur les ondes Belges ! - AlterTour","robots":{"index":"index","follow":"follow","max-snippet":"max-snippet:-1","max-image-preview":"max-image-preview:large","max-video-preview":"max-video-preview:-1"},"canonical":"https:\/\/www.altercampagne.net\/?p=11329","og_locale":"fr_FR","og_type":"article","og_title":"L'AlterTour sur les ondes Belges ! - AlterTour","og_description":"L&rsquo;\u00e9mission Tendances Premi\u00e8re sur la RTBF nous a fait la gentillesse de nous inviter pour parler de l&rsquo;AlterTour 2018. R\u00e9-\u00e9coutez l&rsquo;interview et d\u00e9couvrez l&rsquo;AlterTour quelques minutes : Et si cet \u00e9t\u00e9, on sortait de chez soi, on renouait avec le social, le culturel, la nature, la d\u00e9couverte, la rencontre\u2026\u2026 Chaque ... Read More","og_url":"https:\/\/www.altercampagne.net\/?p=11329","og_site_name":"AlterTour","article_published_time":"2018-07-06T10:30:39+00:00","article_modified_time":"2018-09-14T15:33:37+00:00","og_image":[{"width":770,"height":403,"url":"https:\/\/www.altercampagne.net\/wp-content\/uploads\/2018\/07\/Tendances-premiere.jpg","type":"image\/jpeg"}],"author":"Mathieu","twitter_card":"summary_large_image","twitter_misc":{"\u00c9crit par":"Mathieu"},"schema":{"@context":"https:\/\/schema.org","@graph":[{"@type":"Article","@id":"https:\/\/www.altercampagne.net\/?p=11329#article","isPartOf":{"@id":"https:\/\/www.altercampagne.net\/?p=11329"},"author":{"name":"Mathieu","@id":"https:\/\/www.altercampagne.net\/#\/schema\/person\/0f261460c09e430caa0f9bcffa319109"},"headline":"L&rsquo;AlterTour sur les ondes Belges !","datePublished":"2018-07-06T10:30:39+00:00","dateModified":"2018-09-14T15:33:37+00:00","mainEntityOfPage":{"@id":"https:\/\/www.altercampagne.net\/?p=11329"},"wordCount":101,"image":{"@id":"https:\/\/www.altercampagne.net\/?p=11329#primaryimage"},"thumbnailUrl":"https:\/\/www.altercampagne.net\/wp-content\/uploads\/2018\/07\/Tendances-premiere.jpg","keywords":["Mathieu Fromont","rtbf","rtbf la premi\u00e8re","Tendances premi\u00e8re","C\u00e9dric WAUTIER","radio"],"articleSection":["Revue de presse","\u00c9dition 2018"],"inLanguage":"fr-FR"},{"@type":"WebPage","@id":"https:\/\/www.altercampagne.net\/?p=11329","url":"https:\/\/www.altercampagne.net\/?p=11329","name":"L'AlterTour sur les ondes Belges ! - AlterTour","isPartOf":{"@id":"https:\/\/www.altercampagne.net\/#website"},"primaryImageOfPage":{"@id":"https:\/\/www.altercampagne.net\/?p=11329#primaryimage"},"image":{"@id":"https:\/\/www.altercampagne.net\/?p=11329#primaryimage"},"thumbnailUrl":"https:\/\/www.altercampagne.net\/wp-content\/uploads\/2018\/07\/Tendances-premiere.jpg","datePublished":"2018-07-06T10:30:39+00:00","dateModified":"2018-09-14T15:33:37+00:00","author":{"@id":"https:\/\/www.altercampagne.net\/#\/schema\/person\/0f261460c09e430caa0f9bcffa319109"},"breadcrumb":{"@id":"https:\/\/www.altercampagne.net\/?p=11329#breadcrumb"},"inLanguage":"fr-FR","potentialAction":[{"@type":"ReadAction","target":["https:\/\/www.altercampagne.net\/?p=11329"]}]},{"@type":"ImageObject","inLanguage":"fr-FR","@id":"https:\/\/www.altercampagne.net\/?p=11329#primaryimage","url":"https:\/\/www.altercampagne.net\/wp-content\/uploads\/2018\/07\/Tendances-premiere.jpg","contentUrl":"https:\/\/www.altercampagne.net\/wp-content\/uploads\/2018\/07\/Tendances-premiere.jpg","width":770,"height":403},{"@type":"BreadcrumbList","@id":"https:\/\/www.altercampagne.net\/?p=11329#breadcrumb","itemListElement":[{"@type":"ListItem","position":1,"name":"Accueil","item":"https:\/\/www.altercampagne.net\/"},{"@type":"ListItem","position":2,"name":"L&rsquo;AlterTour sur les ondes Belges !"}]},{"@type":"WebSite","@id":"https:\/\/www.altercampagne.net\/#website","url":"https:\/\/www.altercampagne.net\/","name":"AlterTour","description":"Reliez les Alternatives \u00e0 v\u00e9lo","potentialAction":[{"@type":"SearchAction","target":{"@type":"EntryPoint","urlTemplate":"https:\/\/www.altercampagne.net\/?s={search_term_string}"},"query-input":{"@type":"PropertyValueSpecification","valueRequired":true,"valueName":"search_term_string"}}],"inLanguage":"fr-FR"},{"@type":"Person","@id":"https:\/\/www.altercampagne.net\/#\/schema\/person\/0f261460c09e430caa0f9bcffa319109","name":"Mathieu","image":{"@type":"ImageObject","inLanguage":"fr-FR","@id":"https:\/\/secure.gravatar.com\/avatar\/aa9d3d24c83f2141e5e2709d0f63d09a99f6be6bb7a50abc4915838d9f54501a?s=96&d=mm&r=g","url":"https:\/\/secure.gravatar.com\/avatar\/aa9d3d24c83f2141e5e2709d0f63d09a99f6be6bb7a50abc4915838d9f54501a?s=96&d=mm&r=g","contentUrl":"https:\/\/secure.gravatar.com\/avatar\/aa9d3d24c83f2141e5e2709d0f63d09a99f6be6bb7a50abc4915838d9f54501a?s=96&d=mm&r=g","caption":"Mathieu"},"url":"https:\/\/www.altercampagne.net\/?author=214"}]}},"_links":{"self":[{"href":"https:\/\/www.altercampagne.net\/index.php?rest_route=\/wp\/v2\/posts\/11329","targetHints":{"allow":["GET"]}}],"collection":[{"href":"https:\/\/www.altercampagne.net\/index.php?rest_route=\/wp\/v2\/posts"}],"about":[{"href":"https:\/\/www.altercampagne.net\/index.php?rest_route=\/wp\/v2\/types\/post"}],"author":[{"embeddable":true,"href":"https:\/\/www.altercampagne.net\/index.php?rest_route=\/wp\/v2\/users\/214"}],"replies":[{"embeddable":true,"href":"https:\/\/www.altercampagne.net\/index.php?rest_route=%2Fwp%2Fv2%2Fcomments&post=11329"}],"version-history":[{"count":0,"href":"https:\/\/www.altercampagne.net\/index.php?rest_route=\/wp\/v2\/posts\/11329\/revisions"}],"wp:featuredmedia":[{"embeddable":true,"href":"https:\/\/www.altercampagne.net\/index.php?rest_route=\/wp\/v2\/media\/11345"}],"wp:attachment":[{"href":"https:\/\/www.altercampagne.net\/index.php?rest_route=%2Fwp%2Fv2%2Fmedia&parent=11329"}],"wp:term":[{"taxonomy":"category","embeddable":true,"href":"https:\/\/www.altercampagne.net\/index.php?rest_route=%2Fwp%2Fv2%2Fcategories&post=11329"},{"taxonomy":"post_tag","embeddable":true,"href":"https:\/\/www.altercampagne.net\/index.php?rest_route=%2Fwp%2Fv2%2Ftags&post=11329"}],"curies":[{"name":"wp","href":"https:\/\/api.w.org\/{rel}","templated":true}]}}