{"id":11436,"date":"2018-07-03T00:26:51","date_gmt":"2018-07-02T22:26:51","guid":{"rendered":"http:\/\/www.altercampagne.net\/?p=11436"},"modified":"2018-07-17T10:56:50","modified_gmt":"2018-07-17T08:56:50","slug":"francois-ruffin-donnera-le-top-depart-de-laltertour-2018","status":"publish","type":"post","link":"https:\/\/www.altercampagne.net\/?p=11436","title":{"rendered":"Fran\u00e7ois Ruffin donnera le top d\u00e9part de l&rsquo;AlterTour"},"content":{"rendered":"<p>L&rsquo;AlterTour rencontrera Fran\u00e7ois et toute l&rsquo;\u00e9quipe du <strong><a href=\"http:\/\/www.fakirpresse.info\" target=\"_blank\" rel=\"noopener\">Journal Fakir<\/a><\/strong> le 16 juillet \u00e0 Amiens.<\/p>\n<h5>Le Journal Fakir ? Extraits.<\/h5>\n<p><strong>\u00ab\u00a0C\u2019est qu\u2019on aime bien la castagne.<\/strong> Et qu\u2019elle nous le rend bien\u00a0: on passe notre temps au tribunal (contre un patron du CAC 40, un journaliste aux ordres, un politicien imbus). Tous gagn\u00e9s, pour l\u2019instant, les proc\u00e8s.<\/p>\n<p><strong>On les remporte<\/strong>, parce qu\u2019on n\u2019aime pas trop les \u00e9ditos, ni les chroniques. Nos dossiers s\u2019appuient sur des reportages, des recherches dans les archives. \u00c7a prend du temps, de l\u2019\u00e9nergie, mais qu\u2019est-ce qu\u2019on ne ferait pas vos beaux yeux\u00a0? (Et vos euros\u2026)<\/p>\n<p><strong>On n\u2019aime pas trop \u00ab\u00a0l\u2019actualit\u00e9\u00a0\u00bb, non plus.<\/strong> C\u2019est \u00ab\u00a0le bruit des vagues en surface\u00a0\u00bb, r\u00e9p\u00e8te notre r\u00e9dac\u2019chef. \u00ab\u00a0Nous, ce qui nous int\u00e9resse, il poursuit (un peu grandiloquent), c\u2019est la r\u00e9alit\u00e9\u00a0: le mouvement des plaques tectoniques en profondeur.\u00a0\u00bb On a donc consacr\u00e9 des dossiers \u00e0 l\u2019int\u00e9rim, \u00e0 la psychiatrie, aux contrats emploi solidarit\u00e9, \u00e0 un accident du travail, \u00e0 une salle de muscu dans un quartier popu. Ou m\u00eame \u00e0 \u00ab\u00a0la m\u00e9taphysique du tuning\u00a0\u00bb.<\/p>\n<p><strong>C\u2019est qu\u2019on aime bien, enfin, cette vari\u00e9t\u00e9, cette surprise.<\/strong> Que le lecteur ne sache pas trop sur quoi il va tomber au prochain num\u00e9ro, ou m\u00eame \u00e0 la page d\u2019apr\u00e8s. Comme un cadeau surprise. Qu\u2019on \u00e9vite le c\u00f4t\u00e9 \u00ab\u00a0militant chiant\u00a0\u00bb, avec la litanie des violences polici\u00e8res, des sans-papiers maltrait\u00e9s, avec toujours les m\u00eames photos de d\u00e9fil\u00e9, de gens align\u00e9s \u00e0 la tribune. Et tant pis si les purs et durs se plaignent de nos impostures, ou de nos papiers culs.<\/p>\n<p>Bon, tous ces <strong>\u00ab\u00a0On aime \/ On n\u2019aime pas\u00a0\u00bb<\/strong>, \u00e7a fait pas une ligne bien droite. Plut\u00f4t tordue. Tant mieux ou tant pis.\u00a0\u00bb<\/p>\n<p>Source : <a href=\"http:\/\/www.fakirpresse.info\/qui-sommes-nous-930\" target=\"_blank\" rel=\"noopener\">Journal Fakir<\/a><\/p>\n<h5>Fran\u00e7ois Ruffin est aussi d\u00e9put\u00e9<\/h5>\n<p>Si vous ne le connaissez pas, le mieux c&rsquo;est vraiment de l&rsquo;\u00e9couter<\/p>\n<div class=\"x-resp-embed x-is-video x-is-youtube\"><iframe loading=\"lazy\" width=\"742\" height=\"417\" src=\"https:\/\/www.youtube.com\/embed\/Q0VzHlZ3V-I?feature=oembed\" frameborder=\"0\" allow=\"accelerometer; autoplay; encrypted-media; gyroscope; picture-in-picture\" allowfullscreen><\/iframe><\/div>\n<p>&nbsp;<\/p>\n<p>&nbsp;<\/p>\n","protected":false},"excerpt":{"rendered":"<p>L&rsquo;AlterTour rencontrera Fran\u00e7ois et toute l&rsquo;\u00e9quipe du Journal Fakir le 16 juillet \u00e0 Amiens. Le Journal Fakir ? Extraits. \u00ab\u00a0C\u2019est qu\u2019on aime bien la castagne. Et qu\u2019elle nous le rend bien\u00a0: on passe notre temps au tribunal (contre un patron du CAC 40, un journaliste aux ordres, un politicien imbus). &#8230; <\/p>\n<div><a href=\"https:\/\/www.altercampagne.net\/?p=11436\" class=\"more-link\">Read More<\/a><\/div>\n","protected":false},"author":192,"featured_media":11437,"comment_status":"closed","ping_status":"closed","sticky":false,"template":"","format":"standard","meta":{"footnotes":""},"categories":[3470,3476,3488],"tags":[1483,3316,3353,3381,3559,3672,3673,3674],"class_list":["post-11436","post","type-post","status-publish","format-standard","has-post-thumbnail","hentry","category-edition-2018","category-hauts-de-france","category-social","tag-journal","tag-journal-fakir","tag-amiens","tag-hauts-de-france","tag-picardie","tag-ruffin","tag-depute","tag-francois-ruffin"],"yoast_head":"<!-- This site is optimized with the Yoast SEO plugin v27.3 - https:\/\/yoast.com\/product\/yoast-seo-wordpress\/ -->\n<title>Fran\u00e7ois Ruffin donnera le top d\u00e9part de l&#039;AlterTour - AlterTour<\/title>\n<meta name=\"robots\" content=\"index, follow, max-snippet:-1, max-image-preview:large, max-video-preview:-1\" \/>\n<link rel=\"canonical\" href=\"https:\/\/www.altercampagne.net\/?p=11436\" \/>\n<meta property=\"og:locale\" content=\"fr_FR\" \/>\n<meta property=\"og:type\" content=\"article\" \/>\n<meta property=\"og:title\" content=\"Fran\u00e7ois Ruffin donnera le top d\u00e9part de l&#039;AlterTour - AlterTour\" \/>\n<meta property=\"og:description\" content=\"L&rsquo;AlterTour rencontrera Fran\u00e7ois et toute l&rsquo;\u00e9quipe du Journal Fakir le 16 juillet \u00e0 Amiens. Le Journal Fakir ? Extraits. \u00ab\u00a0C\u2019est qu\u2019on aime bien la castagne. Et qu\u2019elle nous le rend bien\u00a0: on passe notre temps au tribunal (contre un patron du CAC 40, un journaliste aux ordres, un politicien imbus). ... Read More\" \/>\n<meta property=\"og:url\" content=\"https:\/\/www.altercampagne.net\/?p=11436\" \/>\n<meta property=\"og:site_name\" content=\"AlterTour\" \/>\n<meta property=\"article:published_time\" content=\"2018-07-02T22:26:51+00:00\" \/>\n<meta property=\"article:modified_time\" content=\"2018-07-17T08:56:50+00:00\" \/>\n<meta property=\"og:image\" content=\"https:\/\/www.altercampagne.net\/wp-content\/uploads\/2018\/07\/Ruffin.jpg\" \/>\n\t<meta property=\"og:image:width\" content=\"686\" \/>\n\t<meta property=\"og:image:height\" content=\"412\" \/>\n\t<meta property=\"og:image:type\" content=\"image\/jpeg\" \/>\n<meta name=\"author\" content=\"Julie\" \/>\n<meta name=\"twitter:card\" content=\"summary_large_image\" \/>\n<meta name=\"twitter:label1\" content=\"\u00c9crit par\" \/>\n\t<meta name=\"twitter:data1\" content=\"Julie\" \/>\n\t<meta name=\"twitter:label2\" content=\"Dur\u00e9e de lecture estim\u00e9e\" \/>\n\t<meta name=\"twitter:data2\" content=\"2 minutes\" \/>\n<script type=\"application\/ld+json\" class=\"yoast-schema-graph\">{\"@context\":\"https:\\\/\\\/schema.org\",\"@graph\":[{\"@type\":\"Article\",\"@id\":\"https:\\\/\\\/www.altercampagne.net\\\/?p=11436#article\",\"isPartOf\":{\"@id\":\"https:\\\/\\\/www.altercampagne.net\\\/?p=11436\"},\"author\":{\"name\":\"Julie\",\"@id\":\"https:\\\/\\\/www.altercampagne.net\\\/#\\\/schema\\\/person\\\/ea52458af5ca10d56e01a1b53249ddc4\"},\"headline\":\"Fran\u00e7ois Ruffin donnera le top d\u00e9part de l&rsquo;AlterTour\",\"datePublished\":\"2018-07-02T22:26:51+00:00\",\"dateModified\":\"2018-07-17T08:56:50+00:00\",\"mainEntityOfPage\":{\"@id\":\"https:\\\/\\\/www.altercampagne.net\\\/?p=11436\"},\"wordCount\":350,\"image\":{\"@id\":\"https:\\\/\\\/www.altercampagne.net\\\/?p=11436#primaryimage\"},\"thumbnailUrl\":\"https:\\\/\\\/www.altercampagne.net\\\/wp-content\\\/uploads\\\/2018\\\/07\\\/Ruffin.jpg\",\"keywords\":[\"journal\",\"Journal Fakir\",\"Amiens\",\"Hauts-de-France\",\"Picardie\",\"Ruffin\",\"d\u00e9put\u00e9\",\"Fran\u00e7ois Ruffin\"],\"articleSection\":[\"\u00c9dition 2018\",\"Hauts-de-France\",\"Social\"],\"inLanguage\":\"fr-FR\"},{\"@type\":\"WebPage\",\"@id\":\"https:\\\/\\\/www.altercampagne.net\\\/?p=11436\",\"url\":\"https:\\\/\\\/www.altercampagne.net\\\/?p=11436\",\"name\":\"Fran\u00e7ois Ruffin donnera le top d\u00e9part de l'AlterTour - AlterTour\",\"isPartOf\":{\"@id\":\"https:\\\/\\\/www.altercampagne.net\\\/#website\"},\"primaryImageOfPage\":{\"@id\":\"https:\\\/\\\/www.altercampagne.net\\\/?p=11436#primaryimage\"},\"image\":{\"@id\":\"https:\\\/\\\/www.altercampagne.net\\\/?p=11436#primaryimage\"},\"thumbnailUrl\":\"https:\\\/\\\/www.altercampagne.net\\\/wp-content\\\/uploads\\\/2018\\\/07\\\/Ruffin.jpg\",\"datePublished\":\"2018-07-02T22:26:51+00:00\",\"dateModified\":\"2018-07-17T08:56:50+00:00\",\"author\":{\"@id\":\"https:\\\/\\\/www.altercampagne.net\\\/#\\\/schema\\\/person\\\/ea52458af5ca10d56e01a1b53249ddc4\"},\"breadcrumb\":{\"@id\":\"https:\\\/\\\/www.altercampagne.net\\\/?p=11436#breadcrumb\"},\"inLanguage\":\"fr-FR\",\"potentialAction\":[{\"@type\":\"ReadAction\",\"target\":[\"https:\\\/\\\/www.altercampagne.net\\\/?p=11436\"]}]},{\"@type\":\"ImageObject\",\"inLanguage\":\"fr-FR\",\"@id\":\"https:\\\/\\\/www.altercampagne.net\\\/?p=11436#primaryimage\",\"url\":\"https:\\\/\\\/www.altercampagne.net\\\/wp-content\\\/uploads\\\/2018\\\/07\\\/Ruffin.jpg\",\"contentUrl\":\"https:\\\/\\\/www.altercampagne.net\\\/wp-content\\\/uploads\\\/2018\\\/07\\\/Ruffin.jpg\",\"width\":686,\"height\":412},{\"@type\":\"BreadcrumbList\",\"@id\":\"https:\\\/\\\/www.altercampagne.net\\\/?p=11436#breadcrumb\",\"itemListElement\":[{\"@type\":\"ListItem\",\"position\":1,\"name\":\"Accueil\",\"item\":\"https:\\\/\\\/www.altercampagne.net\\\/\"},{\"@type\":\"ListItem\",\"position\":2,\"name\":\"Fran\u00e7ois Ruffin donnera le top d\u00e9part de l&rsquo;AlterTour\"}]},{\"@type\":\"WebSite\",\"@id\":\"https:\\\/\\\/www.altercampagne.net\\\/#website\",\"url\":\"https:\\\/\\\/www.altercampagne.net\\\/\",\"name\":\"AlterTour\",\"description\":\"Reliez les Alternatives \u00e0 v\u00e9lo\",\"potentialAction\":[{\"@type\":\"SearchAction\",\"target\":{\"@type\":\"EntryPoint\",\"urlTemplate\":\"https:\\\/\\\/www.altercampagne.net\\\/?s={search_term_string}\"},\"query-input\":{\"@type\":\"PropertyValueSpecification\",\"valueRequired\":true,\"valueName\":\"search_term_string\"}}],\"inLanguage\":\"fr-FR\"},{\"@type\":\"Person\",\"@id\":\"https:\\\/\\\/www.altercampagne.net\\\/#\\\/schema\\\/person\\\/ea52458af5ca10d56e01a1b53249ddc4\",\"name\":\"Julie\",\"image\":{\"@type\":\"ImageObject\",\"inLanguage\":\"fr-FR\",\"@id\":\"https:\\\/\\\/secure.gravatar.com\\\/avatar\\\/33c4c11c34e0f9cccad9f436c1a60f900028dcdb26df84756951418faf70fa39?s=96&d=mm&r=g\",\"url\":\"https:\\\/\\\/secure.gravatar.com\\\/avatar\\\/33c4c11c34e0f9cccad9f436c1a60f900028dcdb26df84756951418faf70fa39?s=96&d=mm&r=g\",\"contentUrl\":\"https:\\\/\\\/secure.gravatar.com\\\/avatar\\\/33c4c11c34e0f9cccad9f436c1a60f900028dcdb26df84756951418faf70fa39?s=96&d=mm&r=g\",\"caption\":\"Julie\"},\"url\":\"https:\\\/\\\/www.altercampagne.net\\\/?author=192\"}]}<\/script>\n<!-- \/ Yoast SEO plugin. -->","yoast_head_json":{"title":"Fran\u00e7ois Ruffin donnera le top d\u00e9part de l'AlterTour - AlterTour","robots":{"index":"index","follow":"follow","max-snippet":"max-snippet:-1","max-image-preview":"max-image-preview:large","max-video-preview":"max-video-preview:-1"},"canonical":"https:\/\/www.altercampagne.net\/?p=11436","og_locale":"fr_FR","og_type":"article","og_title":"Fran\u00e7ois Ruffin donnera le top d\u00e9part de l'AlterTour - AlterTour","og_description":"L&rsquo;AlterTour rencontrera Fran\u00e7ois et toute l&rsquo;\u00e9quipe du Journal Fakir le 16 juillet \u00e0 Amiens. Le Journal Fakir ? Extraits. \u00ab\u00a0C\u2019est qu\u2019on aime bien la castagne. Et qu\u2019elle nous le rend bien\u00a0: on passe notre temps au tribunal (contre un patron du CAC 40, un journaliste aux ordres, un politicien imbus). ... Read More","og_url":"https:\/\/www.altercampagne.net\/?p=11436","og_site_name":"AlterTour","article_published_time":"2018-07-02T22:26:51+00:00","article_modified_time":"2018-07-17T08:56:50+00:00","og_image":[{"width":686,"height":412,"url":"https:\/\/www.altercampagne.net\/wp-content\/uploads\/2018\/07\/Ruffin.jpg","type":"image\/jpeg"}],"author":"Julie","twitter_card":"summary_large_image","twitter_misc":{"\u00c9crit par":"Julie","Dur\u00e9e de lecture estim\u00e9e":"2 minutes"},"schema":{"@context":"https:\/\/schema.org","@graph":[{"@type":"Article","@id":"https:\/\/www.altercampagne.net\/?p=11436#article","isPartOf":{"@id":"https:\/\/www.altercampagne.net\/?p=11436"},"author":{"name":"Julie","@id":"https:\/\/www.altercampagne.net\/#\/schema\/person\/ea52458af5ca10d56e01a1b53249ddc4"},"headline":"Fran\u00e7ois Ruffin donnera le top d\u00e9part de l&rsquo;AlterTour","datePublished":"2018-07-02T22:26:51+00:00","dateModified":"2018-07-17T08:56:50+00:00","mainEntityOfPage":{"@id":"https:\/\/www.altercampagne.net\/?p=11436"},"wordCount":350,"image":{"@id":"https:\/\/www.altercampagne.net\/?p=11436#primaryimage"},"thumbnailUrl":"https:\/\/www.altercampagne.net\/wp-content\/uploads\/2018\/07\/Ruffin.jpg","keywords":["journal","Journal Fakir","Amiens","Hauts-de-France","Picardie","Ruffin","d\u00e9put\u00e9","Fran\u00e7ois Ruffin"],"articleSection":["\u00c9dition 2018","Hauts-de-France","Social"],"inLanguage":"fr-FR"},{"@type":"WebPage","@id":"https:\/\/www.altercampagne.net\/?p=11436","url":"https:\/\/www.altercampagne.net\/?p=11436","name":"Fran\u00e7ois Ruffin donnera le top d\u00e9part de l'AlterTour - AlterTour","isPartOf":{"@id":"https:\/\/www.altercampagne.net\/#website"},"primaryImageOfPage":{"@id":"https:\/\/www.altercampagne.net\/?p=11436#primaryimage"},"image":{"@id":"https:\/\/www.altercampagne.net\/?p=11436#primaryimage"},"thumbnailUrl":"https:\/\/www.altercampagne.net\/wp-content\/uploads\/2018\/07\/Ruffin.jpg","datePublished":"2018-07-02T22:26:51+00:00","dateModified":"2018-07-17T08:56:50+00:00","author":{"@id":"https:\/\/www.altercampagne.net\/#\/schema\/person\/ea52458af5ca10d56e01a1b53249ddc4"},"breadcrumb":{"@id":"https:\/\/www.altercampagne.net\/?p=11436#breadcrumb"},"inLanguage":"fr-FR","potentialAction":[{"@type":"ReadAction","target":["https:\/\/www.altercampagne.net\/?p=11436"]}]},{"@type":"ImageObject","inLanguage":"fr-FR","@id":"https:\/\/www.altercampagne.net\/?p=11436#primaryimage","url":"https:\/\/www.altercampagne.net\/wp-content\/uploads\/2018\/07\/Ruffin.jpg","contentUrl":"https:\/\/www.altercampagne.net\/wp-content\/uploads\/2018\/07\/Ruffin.jpg","width":686,"height":412},{"@type":"BreadcrumbList","@id":"https:\/\/www.altercampagne.net\/?p=11436#breadcrumb","itemListElement":[{"@type":"ListItem","position":1,"name":"Accueil","item":"https:\/\/www.altercampagne.net\/"},{"@type":"ListItem","position":2,"name":"Fran\u00e7ois Ruffin donnera le top d\u00e9part de l&rsquo;AlterTour"}]},{"@type":"WebSite","@id":"https:\/\/www.altercampagne.net\/#website","url":"https:\/\/www.altercampagne.net\/","name":"AlterTour","description":"Reliez les Alternatives \u00e0 v\u00e9lo","potentialAction":[{"@type":"SearchAction","target":{"@type":"EntryPoint","urlTemplate":"https:\/\/www.altercampagne.net\/?s={search_term_string}"},"query-input":{"@type":"PropertyValueSpecification","valueRequired":true,"valueName":"search_term_string"}}],"inLanguage":"fr-FR"},{"@type":"Person","@id":"https:\/\/www.altercampagne.net\/#\/schema\/person\/ea52458af5ca10d56e01a1b53249ddc4","name":"Julie","image":{"@type":"ImageObject","inLanguage":"fr-FR","@id":"https:\/\/secure.gravatar.com\/avatar\/33c4c11c34e0f9cccad9f436c1a60f900028dcdb26df84756951418faf70fa39?s=96&d=mm&r=g","url":"https:\/\/secure.gravatar.com\/avatar\/33c4c11c34e0f9cccad9f436c1a60f900028dcdb26df84756951418faf70fa39?s=96&d=mm&r=g","contentUrl":"https:\/\/secure.gravatar.com\/avatar\/33c4c11c34e0f9cccad9f436c1a60f900028dcdb26df84756951418faf70fa39?s=96&d=mm&r=g","caption":"Julie"},"url":"https:\/\/www.altercampagne.net\/?author=192"}]}},"_links":{"self":[{"href":"https:\/\/www.altercampagne.net\/index.php?rest_route=\/wp\/v2\/posts\/11436","targetHints":{"allow":["GET"]}}],"collection":[{"href":"https:\/\/www.altercampagne.net\/index.php?rest_route=\/wp\/v2\/posts"}],"about":[{"href":"https:\/\/www.altercampagne.net\/index.php?rest_route=\/wp\/v2\/types\/post"}],"author":[{"embeddable":true,"href":"https:\/\/www.altercampagne.net\/index.php?rest_route=\/wp\/v2\/users\/192"}],"replies":[{"embeddable":true,"href":"https:\/\/www.altercampagne.net\/index.php?rest_route=%2Fwp%2Fv2%2Fcomments&post=11436"}],"version-history":[{"count":0,"href":"https:\/\/www.altercampagne.net\/index.php?rest_route=\/wp\/v2\/posts\/11436\/revisions"}],"wp:featuredmedia":[{"embeddable":true,"href":"https:\/\/www.altercampagne.net\/index.php?rest_route=\/wp\/v2\/media\/11437"}],"wp:attachment":[{"href":"https:\/\/www.altercampagne.net\/index.php?rest_route=%2Fwp%2Fv2%2Fmedia&parent=11436"}],"wp:term":[{"taxonomy":"category","embeddable":true,"href":"https:\/\/www.altercampagne.net\/index.php?rest_route=%2Fwp%2Fv2%2Fcategories&post=11436"},{"taxonomy":"post_tag","embeddable":true,"href":"https:\/\/www.altercampagne.net\/index.php?rest_route=%2Fwp%2Fv2%2Ftags&post=11436"}],"curies":[{"name":"wp","href":"https:\/\/api.w.org\/{rel}","templated":true}]}}