{"id":11485,"date":"2018-06-17T11:59:02","date_gmt":"2018-06-17T09:59:02","guid":{"rendered":"http:\/\/www.altercampagne.net\/?p=11485"},"modified":"2018-07-21T08:30:28","modified_gmt":"2018-07-21T06:30:28","slug":"il-reste-des-places-a-laltertour-2018","status":"publish","type":"post","link":"https:\/\/www.altercampagne.net\/?p=11485","title":{"rendered":"Il reste des places \u00e0 l&rsquo;AlterTour 2018"},"content":{"rendered":"<p>Il est encore possible de s&rsquo;inscrire \u00e0 l&rsquo;AlterTour 2018 ! Il reste des places du 14 juillet au 17 ao\u00fbt. N&rsquo;h\u00e9sitez pas \u00e0 diffuser l&rsquo;info :<\/p>\n<p>De plus en plus de citoyens souhaitent agir concr\u00e8tement pour un monde plus \u00e9cologique et solidaire.\u00a0Chaque jour, apr\u00e8s une demi-journ\u00e9e de v\u00e9lo, les participants de l\u2019AlterTour seront accueillis dans des lieux o\u00f9 l\u2019on vit concr\u00e8tement la transition \u00e9cologique\u00a0: \u00e9colieux, fermes agro\u00e9cologiques, ateliers v\u00e9los, habitats partag\u00e9s en \u00e9coconstruction, ZAD\u2026<\/p>\n<p><strong>D\u2019Amiens \u00e0 Strasbourg\u00a0: des utopies concr\u00e8tes et des collectifs en r\u00e9sistance<\/strong><\/p>\n<p>L\u2019AlterTour 2018 visitera des projets de renomm\u00e9e internationale tels que le village d\u2019<a href=\"http:\/\/www.altercampagne.net\/?p=11113\">Ungersheim<\/a>, pionnier de la transition \u00e9cologique ou\u00a0 l\u2019\u00e9co-quartier Vauban \u00e0 Freiburg. Il soutiendra des collectifs en co-organisant des mobilisations\u00a0: avec \u00ab\u00a0<a href=\"http:\/\/www.altercampagne.net\/?p=10619\">Non \u00e0 Europacity\u00a0<\/a>\u00bb contre la construction d\u2019un centre commercial g\u00e9ant \u00e0 Gonesse, avec le collectif \u00ab\u00a0<a href=\"http:\/\/www.altercampagne.net\/?p=10749\">Bure STOP<\/a>\u00a0\u00bb\u00a0 contre l\u2019enfouissement de d\u00e9chets nucl\u00e9aires, ou avec \u00ab\u00a0<a href=\"http:\/\/www.altercampagne.net\/?p=10980\">GCO NonMerci\u00a0<\/a>\u00bb, contre le grand projet autoroutier strasbourgeois.<\/p>\n<p><strong>Se transformer et transformer le monde \u00e0 travers des vacances engag\u00e9es.<\/strong><\/p>\n<p>L&rsquo;AlterTour est une belle opportunit\u00e9 de d\u00e9couverte et de transformation personnelle. Marine participera du 2 au 9 Ao\u00fbt\u00a0: \u00ab\u00a0J&rsquo;en ai marre des grands discours qui ne changent rien.\u00a0 A l&rsquo;AlterTour, on rencontre des gens qui se bougent. C&rsquo;est vraiment une bouff\u00e9e d&rsquo;oxyg\u00e8ne et pleins d&rsquo;id\u00e9es concr\u00e8tes pour la suite. En plus, le v\u00e9lo et la vie collective m&rsquo;inspirent dans ma vie quotidienne\u00a0: j&rsquo;ai de nouvelles habitudes de consommation, plus \u00e9colo. J&rsquo;y retourne cette ann\u00e9e avec joie\u00a0!\u00a0\u00bb<\/p>\n<p><a href=\"http:\/\/www.altercampagne.net\/?p=10819\"><strong>Trois \u00ab\u00a0\u00e9chapp\u00e9es belles\u00a0\u00bb<\/strong><\/a><strong>\u00a0 pour <\/strong><strong>d\u00e9couvrir le voyage \u00e0 v\u00e9lo en toute autonomie <\/strong><\/p>\n<p>En parall\u00e8le de l\u2019AlterTour, trois parcours en petit groupe sont organis\u00e9s pour rencontrer d\u2019autres initiatives sur des territoires voisins\u00a0: en Normandie (13-26 juillet), dans les Vosges (14-18 ao\u00fbt), en Allemagne (21-25 ao\u00fbt). Pour rouler en toute libert\u00e9\u00a0!<\/p>\n","protected":false},"excerpt":{"rendered":"<p>Il est encore possible de s&rsquo;inscrire \u00e0 l&rsquo;AlterTour 2018 ! Il reste des places du 14 juillet au 17 ao\u00fbt. N&rsquo;h\u00e9sitez pas \u00e0 diffuser l&rsquo;info : De plus en plus de citoyens souhaitent agir concr\u00e8tement pour un monde plus \u00e9cologique et solidaire.\u00a0Chaque jour, apr\u00e8s une demi-journ\u00e9e de v\u00e9lo, les participants &#8230; <\/p>\n<div><a href=\"https:\/\/www.altercampagne.net\/?p=11485\" class=\"more-link\">Read More<\/a><\/div>\n","protected":false},"author":214,"featured_media":11486,"comment_status":"closed","ping_status":"closed","sticky":false,"template":"","format":"standard","meta":{"footnotes":""},"categories":[3470],"tags":[210,3221],"class_list":["post-11485","post","type-post","status-publish","format-standard","has-post-thumbnail","hentry","category-edition-2018","tag-inscription","tag-altertour-2018"],"yoast_head":"<!-- This site is optimized with the Yoast SEO plugin v27.3 - https:\/\/yoast.com\/product\/yoast-seo-wordpress\/ -->\n<title>Il reste des places \u00e0 l&#039;AlterTour 2018 - AlterTour<\/title>\n<meta name=\"robots\" content=\"index, follow, max-snippet:-1, max-image-preview:large, max-video-preview:-1\" \/>\n<link rel=\"canonical\" href=\"https:\/\/www.altercampagne.net\/?p=11485\" \/>\n<meta property=\"og:locale\" content=\"fr_FR\" \/>\n<meta property=\"og:type\" content=\"article\" \/>\n<meta property=\"og:title\" content=\"Il reste des places \u00e0 l&#039;AlterTour 2018 - AlterTour\" \/>\n<meta property=\"og:description\" content=\"Il est encore possible de s&rsquo;inscrire \u00e0 l&rsquo;AlterTour 2018 ! Il reste des places du 14 juillet au 17 ao\u00fbt. N&rsquo;h\u00e9sitez pas \u00e0 diffuser l&rsquo;info : De plus en plus de citoyens souhaitent agir concr\u00e8tement pour un monde plus \u00e9cologique et solidaire.\u00a0Chaque jour, apr\u00e8s une demi-journ\u00e9e de v\u00e9lo, les participants ... Read More\" \/>\n<meta property=\"og:url\" content=\"https:\/\/www.altercampagne.net\/?p=11485\" \/>\n<meta property=\"og:site_name\" content=\"AlterTour\" \/>\n<meta property=\"article:published_time\" content=\"2018-06-17T09:59:02+00:00\" \/>\n<meta property=\"article:modified_time\" content=\"2018-07-21T06:30:28+00:00\" \/>\n<meta property=\"og:image\" content=\"https:\/\/www.altercampagne.net\/wp-content\/uploads\/2018\/07\/2015-07-22_16.05.jpg\" \/>\n\t<meta property=\"og:image:width\" content=\"800\" \/>\n\t<meta property=\"og:image:height\" content=\"418\" \/>\n\t<meta property=\"og:image:type\" content=\"image\/jpeg\" \/>\n<meta name=\"author\" content=\"Mathieu\" \/>\n<meta name=\"twitter:card\" content=\"summary_large_image\" \/>\n<meta name=\"twitter:label1\" content=\"\u00c9crit par\" \/>\n\t<meta name=\"twitter:data1\" content=\"Mathieu\" \/>\n\t<meta name=\"twitter:label2\" content=\"Dur\u00e9e de lecture estim\u00e9e\" \/>\n\t<meta name=\"twitter:data2\" content=\"2 minutes\" \/>\n<script type=\"application\/ld+json\" class=\"yoast-schema-graph\">{\"@context\":\"https:\\\/\\\/schema.org\",\"@graph\":[{\"@type\":\"Article\",\"@id\":\"https:\\\/\\\/www.altercampagne.net\\\/?p=11485#article\",\"isPartOf\":{\"@id\":\"https:\\\/\\\/www.altercampagne.net\\\/?p=11485\"},\"author\":{\"name\":\"Mathieu\",\"@id\":\"https:\\\/\\\/www.altercampagne.net\\\/#\\\/schema\\\/person\\\/0f261460c09e430caa0f9bcffa319109\"},\"headline\":\"Il reste des places \u00e0 l&rsquo;AlterTour 2018\",\"datePublished\":\"2018-06-17T09:59:02+00:00\",\"dateModified\":\"2018-07-21T06:30:28+00:00\",\"mainEntityOfPage\":{\"@id\":\"https:\\\/\\\/www.altercampagne.net\\\/?p=11485\"},\"wordCount\":331,\"image\":{\"@id\":\"https:\\\/\\\/www.altercampagne.net\\\/?p=11485#primaryimage\"},\"thumbnailUrl\":\"https:\\\/\\\/www.altercampagne.net\\\/wp-content\\\/uploads\\\/2018\\\/07\\\/2015-07-22_16.05.jpg\",\"keywords\":[\"inscription\",\"AlterTour 2018\"],\"articleSection\":[\"\u00c9dition 2018\"],\"inLanguage\":\"fr-FR\"},{\"@type\":\"WebPage\",\"@id\":\"https:\\\/\\\/www.altercampagne.net\\\/?p=11485\",\"url\":\"https:\\\/\\\/www.altercampagne.net\\\/?p=11485\",\"name\":\"Il reste des places \u00e0 l'AlterTour 2018 - AlterTour\",\"isPartOf\":{\"@id\":\"https:\\\/\\\/www.altercampagne.net\\\/#website\"},\"primaryImageOfPage\":{\"@id\":\"https:\\\/\\\/www.altercampagne.net\\\/?p=11485#primaryimage\"},\"image\":{\"@id\":\"https:\\\/\\\/www.altercampagne.net\\\/?p=11485#primaryimage\"},\"thumbnailUrl\":\"https:\\\/\\\/www.altercampagne.net\\\/wp-content\\\/uploads\\\/2018\\\/07\\\/2015-07-22_16.05.jpg\",\"datePublished\":\"2018-06-17T09:59:02+00:00\",\"dateModified\":\"2018-07-21T06:30:28+00:00\",\"author\":{\"@id\":\"https:\\\/\\\/www.altercampagne.net\\\/#\\\/schema\\\/person\\\/0f261460c09e430caa0f9bcffa319109\"},\"breadcrumb\":{\"@id\":\"https:\\\/\\\/www.altercampagne.net\\\/?p=11485#breadcrumb\"},\"inLanguage\":\"fr-FR\",\"potentialAction\":[{\"@type\":\"ReadAction\",\"target\":[\"https:\\\/\\\/www.altercampagne.net\\\/?p=11485\"]}]},{\"@type\":\"ImageObject\",\"inLanguage\":\"fr-FR\",\"@id\":\"https:\\\/\\\/www.altercampagne.net\\\/?p=11485#primaryimage\",\"url\":\"https:\\\/\\\/www.altercampagne.net\\\/wp-content\\\/uploads\\\/2018\\\/07\\\/2015-07-22_16.05.jpg\",\"contentUrl\":\"https:\\\/\\\/www.altercampagne.net\\\/wp-content\\\/uploads\\\/2018\\\/07\\\/2015-07-22_16.05.jpg\",\"width\":800,\"height\":418},{\"@type\":\"BreadcrumbList\",\"@id\":\"https:\\\/\\\/www.altercampagne.net\\\/?p=11485#breadcrumb\",\"itemListElement\":[{\"@type\":\"ListItem\",\"position\":1,\"name\":\"Accueil\",\"item\":\"https:\\\/\\\/www.altercampagne.net\\\/\"},{\"@type\":\"ListItem\",\"position\":2,\"name\":\"Il reste des places \u00e0 l&rsquo;AlterTour 2018\"}]},{\"@type\":\"WebSite\",\"@id\":\"https:\\\/\\\/www.altercampagne.net\\\/#website\",\"url\":\"https:\\\/\\\/www.altercampagne.net\\\/\",\"name\":\"AlterTour\",\"description\":\"Reliez les Alternatives \u00e0 v\u00e9lo\",\"potentialAction\":[{\"@type\":\"SearchAction\",\"target\":{\"@type\":\"EntryPoint\",\"urlTemplate\":\"https:\\\/\\\/www.altercampagne.net\\\/?s={search_term_string}\"},\"query-input\":{\"@type\":\"PropertyValueSpecification\",\"valueRequired\":true,\"valueName\":\"search_term_string\"}}],\"inLanguage\":\"fr-FR\"},{\"@type\":\"Person\",\"@id\":\"https:\\\/\\\/www.altercampagne.net\\\/#\\\/schema\\\/person\\\/0f261460c09e430caa0f9bcffa319109\",\"name\":\"Mathieu\",\"image\":{\"@type\":\"ImageObject\",\"inLanguage\":\"fr-FR\",\"@id\":\"https:\\\/\\\/secure.gravatar.com\\\/avatar\\\/aa9d3d24c83f2141e5e2709d0f63d09a99f6be6bb7a50abc4915838d9f54501a?s=96&d=mm&r=g\",\"url\":\"https:\\\/\\\/secure.gravatar.com\\\/avatar\\\/aa9d3d24c83f2141e5e2709d0f63d09a99f6be6bb7a50abc4915838d9f54501a?s=96&d=mm&r=g\",\"contentUrl\":\"https:\\\/\\\/secure.gravatar.com\\\/avatar\\\/aa9d3d24c83f2141e5e2709d0f63d09a99f6be6bb7a50abc4915838d9f54501a?s=96&d=mm&r=g\",\"caption\":\"Mathieu\"},\"url\":\"https:\\\/\\\/www.altercampagne.net\\\/?author=214\"}]}<\/script>\n<!-- \/ Yoast SEO plugin. -->","yoast_head_json":{"title":"Il reste des places \u00e0 l'AlterTour 2018 - AlterTour","robots":{"index":"index","follow":"follow","max-snippet":"max-snippet:-1","max-image-preview":"max-image-preview:large","max-video-preview":"max-video-preview:-1"},"canonical":"https:\/\/www.altercampagne.net\/?p=11485","og_locale":"fr_FR","og_type":"article","og_title":"Il reste des places \u00e0 l'AlterTour 2018 - AlterTour","og_description":"Il est encore possible de s&rsquo;inscrire \u00e0 l&rsquo;AlterTour 2018 ! Il reste des places du 14 juillet au 17 ao\u00fbt. N&rsquo;h\u00e9sitez pas \u00e0 diffuser l&rsquo;info : De plus en plus de citoyens souhaitent agir concr\u00e8tement pour un monde plus \u00e9cologique et solidaire.\u00a0Chaque jour, apr\u00e8s une demi-journ\u00e9e de v\u00e9lo, les participants ... Read More","og_url":"https:\/\/www.altercampagne.net\/?p=11485","og_site_name":"AlterTour","article_published_time":"2018-06-17T09:59:02+00:00","article_modified_time":"2018-07-21T06:30:28+00:00","og_image":[{"width":800,"height":418,"url":"https:\/\/www.altercampagne.net\/wp-content\/uploads\/2018\/07\/2015-07-22_16.05.jpg","type":"image\/jpeg"}],"author":"Mathieu","twitter_card":"summary_large_image","twitter_misc":{"\u00c9crit par":"Mathieu","Dur\u00e9e de lecture estim\u00e9e":"2 minutes"},"schema":{"@context":"https:\/\/schema.org","@graph":[{"@type":"Article","@id":"https:\/\/www.altercampagne.net\/?p=11485#article","isPartOf":{"@id":"https:\/\/www.altercampagne.net\/?p=11485"},"author":{"name":"Mathieu","@id":"https:\/\/www.altercampagne.net\/#\/schema\/person\/0f261460c09e430caa0f9bcffa319109"},"headline":"Il reste des places \u00e0 l&rsquo;AlterTour 2018","datePublished":"2018-06-17T09:59:02+00:00","dateModified":"2018-07-21T06:30:28+00:00","mainEntityOfPage":{"@id":"https:\/\/www.altercampagne.net\/?p=11485"},"wordCount":331,"image":{"@id":"https:\/\/www.altercampagne.net\/?p=11485#primaryimage"},"thumbnailUrl":"https:\/\/www.altercampagne.net\/wp-content\/uploads\/2018\/07\/2015-07-22_16.05.jpg","keywords":["inscription","AlterTour 2018"],"articleSection":["\u00c9dition 2018"],"inLanguage":"fr-FR"},{"@type":"WebPage","@id":"https:\/\/www.altercampagne.net\/?p=11485","url":"https:\/\/www.altercampagne.net\/?p=11485","name":"Il reste des places \u00e0 l'AlterTour 2018 - AlterTour","isPartOf":{"@id":"https:\/\/www.altercampagne.net\/#website"},"primaryImageOfPage":{"@id":"https:\/\/www.altercampagne.net\/?p=11485#primaryimage"},"image":{"@id":"https:\/\/www.altercampagne.net\/?p=11485#primaryimage"},"thumbnailUrl":"https:\/\/www.altercampagne.net\/wp-content\/uploads\/2018\/07\/2015-07-22_16.05.jpg","datePublished":"2018-06-17T09:59:02+00:00","dateModified":"2018-07-21T06:30:28+00:00","author":{"@id":"https:\/\/www.altercampagne.net\/#\/schema\/person\/0f261460c09e430caa0f9bcffa319109"},"breadcrumb":{"@id":"https:\/\/www.altercampagne.net\/?p=11485#breadcrumb"},"inLanguage":"fr-FR","potentialAction":[{"@type":"ReadAction","target":["https:\/\/www.altercampagne.net\/?p=11485"]}]},{"@type":"ImageObject","inLanguage":"fr-FR","@id":"https:\/\/www.altercampagne.net\/?p=11485#primaryimage","url":"https:\/\/www.altercampagne.net\/wp-content\/uploads\/2018\/07\/2015-07-22_16.05.jpg","contentUrl":"https:\/\/www.altercampagne.net\/wp-content\/uploads\/2018\/07\/2015-07-22_16.05.jpg","width":800,"height":418},{"@type":"BreadcrumbList","@id":"https:\/\/www.altercampagne.net\/?p=11485#breadcrumb","itemListElement":[{"@type":"ListItem","position":1,"name":"Accueil","item":"https:\/\/www.altercampagne.net\/"},{"@type":"ListItem","position":2,"name":"Il reste des places \u00e0 l&rsquo;AlterTour 2018"}]},{"@type":"WebSite","@id":"https:\/\/www.altercampagne.net\/#website","url":"https:\/\/www.altercampagne.net\/","name":"AlterTour","description":"Reliez les Alternatives \u00e0 v\u00e9lo","potentialAction":[{"@type":"SearchAction","target":{"@type":"EntryPoint","urlTemplate":"https:\/\/www.altercampagne.net\/?s={search_term_string}"},"query-input":{"@type":"PropertyValueSpecification","valueRequired":true,"valueName":"search_term_string"}}],"inLanguage":"fr-FR"},{"@type":"Person","@id":"https:\/\/www.altercampagne.net\/#\/schema\/person\/0f261460c09e430caa0f9bcffa319109","name":"Mathieu","image":{"@type":"ImageObject","inLanguage":"fr-FR","@id":"https:\/\/secure.gravatar.com\/avatar\/aa9d3d24c83f2141e5e2709d0f63d09a99f6be6bb7a50abc4915838d9f54501a?s=96&d=mm&r=g","url":"https:\/\/secure.gravatar.com\/avatar\/aa9d3d24c83f2141e5e2709d0f63d09a99f6be6bb7a50abc4915838d9f54501a?s=96&d=mm&r=g","contentUrl":"https:\/\/secure.gravatar.com\/avatar\/aa9d3d24c83f2141e5e2709d0f63d09a99f6be6bb7a50abc4915838d9f54501a?s=96&d=mm&r=g","caption":"Mathieu"},"url":"https:\/\/www.altercampagne.net\/?author=214"}]}},"_links":{"self":[{"href":"https:\/\/www.altercampagne.net\/index.php?rest_route=\/wp\/v2\/posts\/11485","targetHints":{"allow":["GET"]}}],"collection":[{"href":"https:\/\/www.altercampagne.net\/index.php?rest_route=\/wp\/v2\/posts"}],"about":[{"href":"https:\/\/www.altercampagne.net\/index.php?rest_route=\/wp\/v2\/types\/post"}],"author":[{"embeddable":true,"href":"https:\/\/www.altercampagne.net\/index.php?rest_route=\/wp\/v2\/users\/214"}],"replies":[{"embeddable":true,"href":"https:\/\/www.altercampagne.net\/index.php?rest_route=%2Fwp%2Fv2%2Fcomments&post=11485"}],"version-history":[{"count":0,"href":"https:\/\/www.altercampagne.net\/index.php?rest_route=\/wp\/v2\/posts\/11485\/revisions"}],"wp:featuredmedia":[{"embeddable":true,"href":"https:\/\/www.altercampagne.net\/index.php?rest_route=\/wp\/v2\/media\/11486"}],"wp:attachment":[{"href":"https:\/\/www.altercampagne.net\/index.php?rest_route=%2Fwp%2Fv2%2Fmedia&parent=11485"}],"wp:term":[{"taxonomy":"category","embeddable":true,"href":"https:\/\/www.altercampagne.net\/index.php?rest_route=%2Fwp%2Fv2%2Fcategories&post=11485"},{"taxonomy":"post_tag","embeddable":true,"href":"https:\/\/www.altercampagne.net\/index.php?rest_route=%2Fwp%2Fv2%2Ftags&post=11485"}],"curies":[{"name":"wp","href":"https:\/\/api.w.org\/{rel}","templated":true}]}}