{"id":11498,"date":"2018-07-16T19:36:22","date_gmt":"2018-07-16T17:36:22","guid":{"rendered":"http:\/\/www.altercampagne.net\/?p=11498"},"modified":"2018-09-05T09:31:50","modified_gmt":"2018-09-05T07:31:50","slug":"un-autre-tour-de-france-est-parti-damiens","status":"publish","type":"post","link":"https:\/\/www.altercampagne.net\/?p=11498","title":{"rendered":"Un autre tour de France est parti d\u2019Amiens"},"content":{"rendered":"<p>Rencontre avec Fran\u00e7ois Ruffin avant le d\u00e9part. Lire l&rsquo;article complet sur<strong> <a href=\"http:\/\/www.courrier-picard.fr\/124254\/article\/2018-07-16\/un-autre-tour-de-france-est-parti-damiens\" target=\"_blank\" rel=\"noopener\">Le Courrier Picard<\/a><\/strong><\/p>\n<p><strong>L\u2019AlterTour parcourra la France pendant six semaines \u00e0 la rencontre d\u2019initiatives locales, afin de faire la promotion des projets li\u00e9s \u00e0 l\u2019\u00e9conomie sociale et solidaire. Le p\u00e9riple a d\u00e9marr\u00e9 d\u2019Amiens ce lundi 16 juillet.<\/strong><\/p>\n<h5>Un tour de France cycliste alternatif<\/h5>\n<p><span class=\"drop-cap\">O<\/span>rganis\u00e9 par l\u2019association AlterCampagne depuis onze ans, <a href=\"https:\/\/www.altercampagne.net\/\">l\u2019AlterTour, est, comme son nom l\u2019indique, un tour de France cycliste alternatif<\/a>. Cette manifestation itin\u00e9rante, dont l\u2019\u00e9dition 2018 vient de partir d\u2019Amiens, a pour but de valoriser les initiatives li\u00e9es \u00e0 la transition \u00e9cologique, \u00e0 la biodiversit\u00e9, \u00e0 l\u2019agriculture biologique, ou encore \u00e0 la r\u00e9sistance contre des projets climaticides mena\u00e7ant des terres agricoles ou des sites naturels.<\/p>\n<h5>Pour le d\u00e9part, rencontre avec Fran\u00e7ois Ruffin<\/h5>\n<p>Le d\u00e9part de l\u2019\u00e9preuve de cette ann\u00e9e a donc \u00e9t\u00e9 donn\u00e9 d\u2019Amiens, officiellement samedi 14 juillet, notamment pour aller \u00e0 la rencontre du groupement agricole d\u2019exploitation en commun (GAEC) des Franches Terres, \u00e0 Pont-de-Metz <em>(lire ci-dessous).\u00a0<\/em><strong>Mais c\u2019est autour du d\u00e9put\u00e9 (FI) de la Somme Fran\u00e7ois Ruffin, et de son journal alternatif engag\u00e9 Fakir, que le d\u00e9part \u00ab\u00a0r\u00e9el\u00a0\u00bb a \u00e9t\u00e9 donn\u00e9 ce lundi 16 juillet.<\/strong> Devant le si\u00e8ge du journal, dans le quartier Saint-Leu, \u00e0 deux minutes du parc Saint-Pierre, les \u00ab\u00a0altercyclistes\u00a0\u00bb \u00e9taient assis en rond afin de discuter des engagements du d\u00e9put\u00e9, dans le d\u00e9partement notamment. Une discussion ouverte \u00e0 tous, qui a permis aux cyclistes d\u2019\u00e9changer sur les modes de lutte sociale ayant un impact concret.<\/p>\n<h5>\u00c9galement un moyen de promouvoir&#8230; le v\u00e9lo<\/h5>\n<p>\u00c0 chaque ville-\u00e9tape, la soixantaine de participants est accueillie dans un lieu relatif \u00e0 l\u2019\u00e9conomie sociale et solidaire, o\u00f9 ils plantent leurs tentes pour la nuit. Autogestion, travail en communaut\u00e9\u00a0: tout est fait pour que chacun puisse participer, \u00e0 hauteur de ses moyens physiques\u00a0: \u00ab\u00a0 <em>Sur la route, si quelqu\u2019un est fatigu\u00e9, il peut d\u00e9cider de s\u2019arr\u00eater et une voiture-balai le prend en charge pour la suite du voyage. Une fois install\u00e9s, chacun cuisine un peu, aide \u00e0 l\u2019organisation. C\u2019est selon la possibilit\u00e9 d\u2019investissement de chaque participant. Ce type d\u2019organisation est n\u00e9cessaire pour permettre \u00e0 des gens de tout \u00e2ge et des non-professionnels de participer<\/em> \u00a0\u00bb explique Karine Bailland, cycliste amateure sur le tour.<\/p>\n<h5>33 kilom\u00e8tres par jour en moyenne<\/h5>\n<p>Pour Claire Gagni\u00e8re, une participante, cela a du sens de&#8230;<\/p>\n<p><strong>Lire la suite sur <a href=\"http:\/\/www.courrier-picard.fr\/124254\/article\/2018-07-16\/un-autre-tour-de-france-est-parti-damiens\" target=\"_blank\" rel=\"noopener\">Le Courrier Picard<\/a><\/strong><\/p>\n<p style=\"text-align: right;\">Sandrine Tran, Le Courrier Picard, 16.07.2018<\/p>\n","protected":false},"excerpt":{"rendered":"<p>Rencontre avec Fran\u00e7ois Ruffin avant le d\u00e9part. Lire l&rsquo;article complet sur Le Courrier Picard L\u2019AlterTour parcourra la France pendant six semaines \u00e0 la rencontre d\u2019initiatives locales, afin de faire la promotion des projets li\u00e9s \u00e0 l\u2019\u00e9conomie sociale et solidaire. Le p\u00e9riple a d\u00e9marr\u00e9 d\u2019Amiens ce lundi 16 juillet. Un tour &#8230; <\/p>\n<div><a href=\"https:\/\/www.altercampagne.net\/?p=11498\" class=\"more-link\">Read More<\/a><\/div>\n","protected":false},"author":192,"featured_media":11499,"comment_status":"closed","ping_status":"closed","sticky":false,"template":"","format":"standard","meta":{"footnotes":""},"categories":[239,3470,3476],"tags":[332,3241,3353,3381,3672,3674,3678],"class_list":["post-11498","post","type-post","status-publish","format-standard","has-post-thumbnail","hentry","category-revue-de-presse","category-edition-2018","category-hauts-de-france","tag-depart","tag-somme","tag-amiens","tag-hauts-de-france","tag-ruffin","tag-francois-ruffin","tag-pircardie"],"yoast_head":"<!-- This site is optimized with the Yoast SEO plugin v27.3 - https:\/\/yoast.com\/product\/yoast-seo-wordpress\/ -->\n<title>Un autre tour de France est parti d\u2019Amiens - AlterTour<\/title>\n<meta name=\"robots\" content=\"index, follow, max-snippet:-1, max-image-preview:large, max-video-preview:-1\" \/>\n<link rel=\"canonical\" href=\"https:\/\/www.altercampagne.net\/?p=11498\" \/>\n<meta property=\"og:locale\" content=\"fr_FR\" \/>\n<meta property=\"og:type\" content=\"article\" \/>\n<meta property=\"og:title\" content=\"Un autre tour de France est parti d\u2019Amiens - AlterTour\" \/>\n<meta property=\"og:description\" content=\"Rencontre avec Fran\u00e7ois Ruffin avant le d\u00e9part. Lire l&rsquo;article complet sur Le Courrier Picard L\u2019AlterTour parcourra la France pendant six semaines \u00e0 la rencontre d\u2019initiatives locales, afin de faire la promotion des projets li\u00e9s \u00e0 l\u2019\u00e9conomie sociale et solidaire. Le p\u00e9riple a d\u00e9marr\u00e9 d\u2019Amiens ce lundi 16 juillet. Un tour ... Read More\" \/>\n<meta property=\"og:url\" content=\"https:\/\/www.altercampagne.net\/?p=11498\" \/>\n<meta property=\"og:site_name\" content=\"AlterTour\" \/>\n<meta property=\"article:published_time\" content=\"2018-07-16T17:36:22+00:00\" \/>\n<meta property=\"article:modified_time\" content=\"2018-09-05T07:31:50+00:00\" \/>\n<meta property=\"og:image\" content=\"https:\/\/www.altercampagne.net\/wp-content\/uploads\/2018\/07\/CourrierPicard_Amiens_logo.png\" \/>\n\t<meta property=\"og:image:width\" content=\"738\" \/>\n\t<meta property=\"og:image:height\" content=\"418\" \/>\n\t<meta property=\"og:image:type\" content=\"image\/png\" \/>\n<meta name=\"author\" content=\"Julie\" \/>\n<meta name=\"twitter:card\" content=\"summary_large_image\" \/>\n<meta name=\"twitter:label1\" content=\"\u00c9crit par\" \/>\n\t<meta name=\"twitter:data1\" content=\"Julie\" \/>\n\t<meta name=\"twitter:label2\" content=\"Dur\u00e9e de lecture estim\u00e9e\" \/>\n\t<meta name=\"twitter:data2\" content=\"2 minutes\" \/>\n<script type=\"application\/ld+json\" class=\"yoast-schema-graph\">{\"@context\":\"https:\\\/\\\/schema.org\",\"@graph\":[{\"@type\":\"Article\",\"@id\":\"https:\\\/\\\/www.altercampagne.net\\\/?p=11498#article\",\"isPartOf\":{\"@id\":\"https:\\\/\\\/www.altercampagne.net\\\/?p=11498\"},\"author\":{\"name\":\"Julie\",\"@id\":\"https:\\\/\\\/www.altercampagne.net\\\/#\\\/schema\\\/person\\\/ea52458af5ca10d56e01a1b53249ddc4\"},\"headline\":\"Un autre tour de France est parti d\u2019Amiens\",\"datePublished\":\"2018-07-16T17:36:22+00:00\",\"dateModified\":\"2018-09-05T07:31:50+00:00\",\"mainEntityOfPage\":{\"@id\":\"https:\\\/\\\/www.altercampagne.net\\\/?p=11498\"},\"wordCount\":430,\"image\":{\"@id\":\"https:\\\/\\\/www.altercampagne.net\\\/?p=11498#primaryimage\"},\"thumbnailUrl\":\"https:\\\/\\\/www.altercampagne.net\\\/wp-content\\\/uploads\\\/2018\\\/07\\\/CourrierPicard_Amiens_logo.png\",\"keywords\":[\"d\u00e9part\",\"Somme\",\"Amiens\",\"Hauts-de-France\",\"Ruffin\",\"Fran\u00e7ois Ruffin\",\"Pircardie\"],\"articleSection\":[\"Revue de presse\",\"\u00c9dition 2018\",\"Hauts-de-France\"],\"inLanguage\":\"fr-FR\"},{\"@type\":\"WebPage\",\"@id\":\"https:\\\/\\\/www.altercampagne.net\\\/?p=11498\",\"url\":\"https:\\\/\\\/www.altercampagne.net\\\/?p=11498\",\"name\":\"Un autre tour de France est parti d\u2019Amiens - AlterTour\",\"isPartOf\":{\"@id\":\"https:\\\/\\\/www.altercampagne.net\\\/#website\"},\"primaryImageOfPage\":{\"@id\":\"https:\\\/\\\/www.altercampagne.net\\\/?p=11498#primaryimage\"},\"image\":{\"@id\":\"https:\\\/\\\/www.altercampagne.net\\\/?p=11498#primaryimage\"},\"thumbnailUrl\":\"https:\\\/\\\/www.altercampagne.net\\\/wp-content\\\/uploads\\\/2018\\\/07\\\/CourrierPicard_Amiens_logo.png\",\"datePublished\":\"2018-07-16T17:36:22+00:00\",\"dateModified\":\"2018-09-05T07:31:50+00:00\",\"author\":{\"@id\":\"https:\\\/\\\/www.altercampagne.net\\\/#\\\/schema\\\/person\\\/ea52458af5ca10d56e01a1b53249ddc4\"},\"breadcrumb\":{\"@id\":\"https:\\\/\\\/www.altercampagne.net\\\/?p=11498#breadcrumb\"},\"inLanguage\":\"fr-FR\",\"potentialAction\":[{\"@type\":\"ReadAction\",\"target\":[\"https:\\\/\\\/www.altercampagne.net\\\/?p=11498\"]}]},{\"@type\":\"ImageObject\",\"inLanguage\":\"fr-FR\",\"@id\":\"https:\\\/\\\/www.altercampagne.net\\\/?p=11498#primaryimage\",\"url\":\"https:\\\/\\\/www.altercampagne.net\\\/wp-content\\\/uploads\\\/2018\\\/07\\\/CourrierPicard_Amiens_logo.png\",\"contentUrl\":\"https:\\\/\\\/www.altercampagne.net\\\/wp-content\\\/uploads\\\/2018\\\/07\\\/CourrierPicard_Amiens_logo.png\",\"width\":738,\"height\":418},{\"@type\":\"BreadcrumbList\",\"@id\":\"https:\\\/\\\/www.altercampagne.net\\\/?p=11498#breadcrumb\",\"itemListElement\":[{\"@type\":\"ListItem\",\"position\":1,\"name\":\"Accueil\",\"item\":\"https:\\\/\\\/www.altercampagne.net\\\/\"},{\"@type\":\"ListItem\",\"position\":2,\"name\":\"Un autre tour de France est parti d\u2019Amiens\"}]},{\"@type\":\"WebSite\",\"@id\":\"https:\\\/\\\/www.altercampagne.net\\\/#website\",\"url\":\"https:\\\/\\\/www.altercampagne.net\\\/\",\"name\":\"AlterTour\",\"description\":\"Reliez les Alternatives \u00e0 v\u00e9lo\",\"potentialAction\":[{\"@type\":\"SearchAction\",\"target\":{\"@type\":\"EntryPoint\",\"urlTemplate\":\"https:\\\/\\\/www.altercampagne.net\\\/?s={search_term_string}\"},\"query-input\":{\"@type\":\"PropertyValueSpecification\",\"valueRequired\":true,\"valueName\":\"search_term_string\"}}],\"inLanguage\":\"fr-FR\"},{\"@type\":\"Person\",\"@id\":\"https:\\\/\\\/www.altercampagne.net\\\/#\\\/schema\\\/person\\\/ea52458af5ca10d56e01a1b53249ddc4\",\"name\":\"Julie\",\"image\":{\"@type\":\"ImageObject\",\"inLanguage\":\"fr-FR\",\"@id\":\"https:\\\/\\\/secure.gravatar.com\\\/avatar\\\/33c4c11c34e0f9cccad9f436c1a60f900028dcdb26df84756951418faf70fa39?s=96&d=mm&r=g\",\"url\":\"https:\\\/\\\/secure.gravatar.com\\\/avatar\\\/33c4c11c34e0f9cccad9f436c1a60f900028dcdb26df84756951418faf70fa39?s=96&d=mm&r=g\",\"contentUrl\":\"https:\\\/\\\/secure.gravatar.com\\\/avatar\\\/33c4c11c34e0f9cccad9f436c1a60f900028dcdb26df84756951418faf70fa39?s=96&d=mm&r=g\",\"caption\":\"Julie\"},\"url\":\"https:\\\/\\\/www.altercampagne.net\\\/?author=192\"}]}<\/script>\n<!-- \/ Yoast SEO plugin. -->","yoast_head_json":{"title":"Un autre tour de France est parti d\u2019Amiens - AlterTour","robots":{"index":"index","follow":"follow","max-snippet":"max-snippet:-1","max-image-preview":"max-image-preview:large","max-video-preview":"max-video-preview:-1"},"canonical":"https:\/\/www.altercampagne.net\/?p=11498","og_locale":"fr_FR","og_type":"article","og_title":"Un autre tour de France est parti d\u2019Amiens - AlterTour","og_description":"Rencontre avec Fran\u00e7ois Ruffin avant le d\u00e9part. Lire l&rsquo;article complet sur Le Courrier Picard L\u2019AlterTour parcourra la France pendant six semaines \u00e0 la rencontre d\u2019initiatives locales, afin de faire la promotion des projets li\u00e9s \u00e0 l\u2019\u00e9conomie sociale et solidaire. Le p\u00e9riple a d\u00e9marr\u00e9 d\u2019Amiens ce lundi 16 juillet. Un tour ... Read More","og_url":"https:\/\/www.altercampagne.net\/?p=11498","og_site_name":"AlterTour","article_published_time":"2018-07-16T17:36:22+00:00","article_modified_time":"2018-09-05T07:31:50+00:00","og_image":[{"width":738,"height":418,"url":"https:\/\/www.altercampagne.net\/wp-content\/uploads\/2018\/07\/CourrierPicard_Amiens_logo.png","type":"image\/png"}],"author":"Julie","twitter_card":"summary_large_image","twitter_misc":{"\u00c9crit par":"Julie","Dur\u00e9e de lecture estim\u00e9e":"2 minutes"},"schema":{"@context":"https:\/\/schema.org","@graph":[{"@type":"Article","@id":"https:\/\/www.altercampagne.net\/?p=11498#article","isPartOf":{"@id":"https:\/\/www.altercampagne.net\/?p=11498"},"author":{"name":"Julie","@id":"https:\/\/www.altercampagne.net\/#\/schema\/person\/ea52458af5ca10d56e01a1b53249ddc4"},"headline":"Un autre tour de France est parti d\u2019Amiens","datePublished":"2018-07-16T17:36:22+00:00","dateModified":"2018-09-05T07:31:50+00:00","mainEntityOfPage":{"@id":"https:\/\/www.altercampagne.net\/?p=11498"},"wordCount":430,"image":{"@id":"https:\/\/www.altercampagne.net\/?p=11498#primaryimage"},"thumbnailUrl":"https:\/\/www.altercampagne.net\/wp-content\/uploads\/2018\/07\/CourrierPicard_Amiens_logo.png","keywords":["d\u00e9part","Somme","Amiens","Hauts-de-France","Ruffin","Fran\u00e7ois Ruffin","Pircardie"],"articleSection":["Revue de presse","\u00c9dition 2018","Hauts-de-France"],"inLanguage":"fr-FR"},{"@type":"WebPage","@id":"https:\/\/www.altercampagne.net\/?p=11498","url":"https:\/\/www.altercampagne.net\/?p=11498","name":"Un autre tour de France est parti d\u2019Amiens - AlterTour","isPartOf":{"@id":"https:\/\/www.altercampagne.net\/#website"},"primaryImageOfPage":{"@id":"https:\/\/www.altercampagne.net\/?p=11498#primaryimage"},"image":{"@id":"https:\/\/www.altercampagne.net\/?p=11498#primaryimage"},"thumbnailUrl":"https:\/\/www.altercampagne.net\/wp-content\/uploads\/2018\/07\/CourrierPicard_Amiens_logo.png","datePublished":"2018-07-16T17:36:22+00:00","dateModified":"2018-09-05T07:31:50+00:00","author":{"@id":"https:\/\/www.altercampagne.net\/#\/schema\/person\/ea52458af5ca10d56e01a1b53249ddc4"},"breadcrumb":{"@id":"https:\/\/www.altercampagne.net\/?p=11498#breadcrumb"},"inLanguage":"fr-FR","potentialAction":[{"@type":"ReadAction","target":["https:\/\/www.altercampagne.net\/?p=11498"]}]},{"@type":"ImageObject","inLanguage":"fr-FR","@id":"https:\/\/www.altercampagne.net\/?p=11498#primaryimage","url":"https:\/\/www.altercampagne.net\/wp-content\/uploads\/2018\/07\/CourrierPicard_Amiens_logo.png","contentUrl":"https:\/\/www.altercampagne.net\/wp-content\/uploads\/2018\/07\/CourrierPicard_Amiens_logo.png","width":738,"height":418},{"@type":"BreadcrumbList","@id":"https:\/\/www.altercampagne.net\/?p=11498#breadcrumb","itemListElement":[{"@type":"ListItem","position":1,"name":"Accueil","item":"https:\/\/www.altercampagne.net\/"},{"@type":"ListItem","position":2,"name":"Un autre tour de France est parti d\u2019Amiens"}]},{"@type":"WebSite","@id":"https:\/\/www.altercampagne.net\/#website","url":"https:\/\/www.altercampagne.net\/","name":"AlterTour","description":"Reliez les Alternatives \u00e0 v\u00e9lo","potentialAction":[{"@type":"SearchAction","target":{"@type":"EntryPoint","urlTemplate":"https:\/\/www.altercampagne.net\/?s={search_term_string}"},"query-input":{"@type":"PropertyValueSpecification","valueRequired":true,"valueName":"search_term_string"}}],"inLanguage":"fr-FR"},{"@type":"Person","@id":"https:\/\/www.altercampagne.net\/#\/schema\/person\/ea52458af5ca10d56e01a1b53249ddc4","name":"Julie","image":{"@type":"ImageObject","inLanguage":"fr-FR","@id":"https:\/\/secure.gravatar.com\/avatar\/33c4c11c34e0f9cccad9f436c1a60f900028dcdb26df84756951418faf70fa39?s=96&d=mm&r=g","url":"https:\/\/secure.gravatar.com\/avatar\/33c4c11c34e0f9cccad9f436c1a60f900028dcdb26df84756951418faf70fa39?s=96&d=mm&r=g","contentUrl":"https:\/\/secure.gravatar.com\/avatar\/33c4c11c34e0f9cccad9f436c1a60f900028dcdb26df84756951418faf70fa39?s=96&d=mm&r=g","caption":"Julie"},"url":"https:\/\/www.altercampagne.net\/?author=192"}]}},"_links":{"self":[{"href":"https:\/\/www.altercampagne.net\/index.php?rest_route=\/wp\/v2\/posts\/11498","targetHints":{"allow":["GET"]}}],"collection":[{"href":"https:\/\/www.altercampagne.net\/index.php?rest_route=\/wp\/v2\/posts"}],"about":[{"href":"https:\/\/www.altercampagne.net\/index.php?rest_route=\/wp\/v2\/types\/post"}],"author":[{"embeddable":true,"href":"https:\/\/www.altercampagne.net\/index.php?rest_route=\/wp\/v2\/users\/192"}],"replies":[{"embeddable":true,"href":"https:\/\/www.altercampagne.net\/index.php?rest_route=%2Fwp%2Fv2%2Fcomments&post=11498"}],"version-history":[{"count":0,"href":"https:\/\/www.altercampagne.net\/index.php?rest_route=\/wp\/v2\/posts\/11498\/revisions"}],"wp:featuredmedia":[{"embeddable":true,"href":"https:\/\/www.altercampagne.net\/index.php?rest_route=\/wp\/v2\/media\/11499"}],"wp:attachment":[{"href":"https:\/\/www.altercampagne.net\/index.php?rest_route=%2Fwp%2Fv2%2Fmedia&parent=11498"}],"wp:term":[{"taxonomy":"category","embeddable":true,"href":"https:\/\/www.altercampagne.net\/index.php?rest_route=%2Fwp%2Fv2%2Fcategories&post=11498"},{"taxonomy":"post_tag","embeddable":true,"href":"https:\/\/www.altercampagne.net\/index.php?rest_route=%2Fwp%2Fv2%2Ftags&post=11498"}],"curies":[{"name":"wp","href":"https:\/\/api.w.org\/{rel}","templated":true}]}}