{"id":11577,"date":"2018-07-15T14:35:33","date_gmt":"2018-07-15T12:35:33","guid":{"rendered":"http:\/\/www.altercampagne.net\/?p=11577"},"modified":"2018-07-24T15:55:02","modified_gmt":"2018-07-24T13:55:02","slug":"nos-moments-forts-a-cherbourg","status":"publish","type":"post","link":"https:\/\/www.altercampagne.net\/?p=11577","title":{"rendered":"Nos moments forts \u00e0 Cherbourg"},"content":{"rendered":"<p>\u00c9lise cr\u00e9atrice de \u00ab<strong><a href=\"https:\/\/sharebourgblog.wordpress.com\" target=\"_blank\" rel=\"noopener\">\u00a0Sharebourg\u00a0<\/a><\/strong>\u00bb nous accueille depuis la gare.<\/p>\n<p>C&rsquo;est tout un collectif qui s&rsquo;est rassembl\u00e9 pour renouer avec la pratique des v\u0117lorutions.50 personnes venues des\u00a0\u00a0Colibri, ATTAC, pignon sur rue ,ont brav\u00e9 les art\u00e8res non am\u00e9nag\u00e9es de Cherbourg et les routes dangereuses, fiers de leur visibilit\u00e9 et motiv\u00e9s pour oser recommencer.<\/p>\n<p>Le seul message \u00e9tait celui de l&rsquo;accessibilit\u00e9 \u00e0 la route en toute s\u00e9curit\u00e9<\/p>\n<p>En effet ici il y a deux sujets tabous : le nucl\u00e9aire et les activit\u00e9s de l&rsquo;arm\u00e9e.\u00a0Ces deux p\u00f4les rassemblent la majeure partie de l&rsquo;activit\u00e9 \u00e9conomique \u00e0 l&rsquo;arsenal, la Hague et Flamanville.<\/p>\n<p>Cependant les\u00a0\u00a0mouvements alternatifs sont bien vivants. \u00c0 l&rsquo;initiative de Sharebourg ( r\u00e9cup&rsquo; et recyclages) et de colibris, le collectif COTENVIE est n\u00e9. \u00c0 la fois lieu de rencontre\u00a0\u00a0et de r\u00e9union, magasin bio autog\u00e9r\u00e9, le projet est de cr\u00e9er un oasis urbain au sein d&rsquo;un de l&rsquo;espace Ren\u00e9 le Bas dans l&rsquo;ancien h\u00f4pital maritime.<\/p>\n<p>Les Incroyables comestibles y ont cr\u00e9\u00e9 un superbe jardin partag\u00e9 depuis 3 ans, en permaculture s&rsquo;il vous plait!<\/p>\n<p><a href=\"http:\/\/www.altercampagne.net\/wp-content\/uploads\/2018\/07\/F4B5E13C-7D09-4D18-A24B-B3EDE10D4E17.jpeg\"><img loading=\"lazy\" decoding=\"async\" class=\"wp-image-11601 aligncenter\" src=\"http:\/\/www.altercampagne.net\/wp-content\/uploads\/2018\/07\/F4B5E13C-7D09-4D18-A24B-B3EDE10D4E17-300x225.jpeg\" alt=\"\" width=\"380\" height=\"285\" srcset=\"https:\/\/www.altercampagne.net\/wp-content\/uploads\/2018\/07\/F4B5E13C-7D09-4D18-A24B-B3EDE10D4E17-300x225.jpeg 300w, https:\/\/www.altercampagne.net\/wp-content\/uploads\/2018\/07\/F4B5E13C-7D09-4D18-A24B-B3EDE10D4E17-768x576.jpeg 768w, https:\/\/www.altercampagne.net\/wp-content\/uploads\/2018\/07\/F4B5E13C-7D09-4D18-A24B-B3EDE10D4E17-1024x768.jpeg 1024w, https:\/\/www.altercampagne.net\/wp-content\/uploads\/2018\/07\/F4B5E13C-7D09-4D18-A24B-B3EDE10D4E17-610x458.jpeg 610w, https:\/\/www.altercampagne.net\/wp-content\/uploads\/2018\/07\/F4B5E13C-7D09-4D18-A24B-B3EDE10D4E17-100x75.jpeg 100w, https:\/\/www.altercampagne.net\/wp-content\/uploads\/2018\/07\/F4B5E13C-7D09-4D18-A24B-B3EDE10D4E17-862x647.jpeg 862w, https:\/\/www.altercampagne.net\/wp-content\/uploads\/2018\/07\/F4B5E13C-7D09-4D18-A24B-B3EDE10D4E17-1080x810.jpeg 1080w\" sizes=\"auto, (max-width: 380px) 100vw, 380px\" \/><\/a><\/p>\n<p>Ce matin le m\u00eame collectif\u00a0\u00a0ajout\u00e9 du CRILAN, de la Baraque \u00e0 fripes et \u00a0\u00bbla r\u00e9parette &lsquo;\u00a0\u00a0ont investi le march\u00e9 pour pr\u00e9senter leurs actions.<\/p>\n<p><strong><a href=\"http:\/\/crilan.fr\" target=\"_blank\" rel=\"noopener\">Le CRILAN<\/a> <\/strong>nous a permis de comprendre combien La Hague pr\u00e9c\u00e8de Bure. (si tu ne comprends pas cette phrase viens du 2 au 5 ao\u00fbt, le programme AT est centr\u00e9 sur ce sujet).La ligne droite du parti nucl\u00e9aire n&rsquo;a pas d\u00e9vi\u00e9 d&rsquo;un poil depuis le \u010f\u00e9but.<\/p>\n<p>Du coup , \u00e7a commence tr\u00e8s fort\u00a0\u00a0cette \u00e9chapp\u00e9e belle, d&rsquo;autant que nous initions demain un convoi tr\u00e8s sp\u00e9cial de f\u00fbts entre\u00a0\u00a0Cherbourg et Bure.<\/p>\n<p>\u00ab\u00a0Le nucl\u00e9aire a la pression\u00a0\u00bb, #adopte-ton-f\u00fbt.com.<\/p>\n<p><a href=\"http:\/\/www.altercampagne.net\/wp-content\/uploads\/2018\/07\/EB_normandie_LeNucleaireaLaPressionb.jpg\"><img loading=\"lazy\" decoding=\"async\" class=\"wp-image-11612 size-full aligncenter\" src=\"http:\/\/www.altercampagne.net\/wp-content\/uploads\/2018\/07\/EB_normandie_LeNucleaireaLaPressionb.jpg\" alt=\"\" width=\"767\" height=\"879\" srcset=\"https:\/\/www.altercampagne.net\/wp-content\/uploads\/2018\/07\/EB_normandie_LeNucleaireaLaPressionb.jpg 767w, https:\/\/www.altercampagne.net\/wp-content\/uploads\/2018\/07\/EB_normandie_LeNucleaireaLaPressionb-262x300.jpg 262w, https:\/\/www.altercampagne.net\/wp-content\/uploads\/2018\/07\/EB_normandie_LeNucleaireaLaPressionb-610x699.jpg 610w, https:\/\/www.altercampagne.net\/wp-content\/uploads\/2018\/07\/EB_normandie_LeNucleaireaLaPressionb-100x115.jpg 100w\" sizes=\"auto, (max-width: 767px) 100vw, 767px\" \/><\/a><\/p>\n<p>Genevi\u00e8ve<\/p>\n","protected":false},"excerpt":{"rendered":"<p>\u00c9lise cr\u00e9atrice de \u00ab\u00a0Sharebourg\u00a0\u00bb nous accueille depuis la gare. C&rsquo;est tout un collectif qui s&rsquo;est rassembl\u00e9 pour renouer avec la pratique des v\u0117lorutions.50 personnes venues des\u00a0\u00a0Colibri, ATTAC, pignon sur rue ,ont brav\u00e9 les art\u00e8res non am\u00e9nag\u00e9es de Cherbourg et les routes dangereuses, fiers de leur visibilit\u00e9 et motiv\u00e9s pour oser &#8230; <\/p>\n<div><a href=\"https:\/\/www.altercampagne.net\/?p=11577\" class=\"more-link\">Read More<\/a><\/div>\n","protected":false},"author":184,"featured_media":11610,"comment_status":"closed","ping_status":"closed","sticky":false,"template":"","format":"standard","meta":{"footnotes":""},"categories":[3231,3470,3478],"tags":[232],"class_list":["post-11577","post","type-post","status-publish","format-standard","has-post-thumbnail","hentry","category-echappee-belle","category-edition-2018","category-normandie","tag-nucleaire"],"yoast_head":"<!-- This site is optimized with the Yoast SEO plugin v27.3 - https:\/\/yoast.com\/product\/yoast-seo-wordpress\/ -->\n<title>Nos moments forts \u00e0 Cherbourg - AlterTour<\/title>\n<meta name=\"robots\" content=\"index, follow, max-snippet:-1, max-image-preview:large, max-video-preview:-1\" \/>\n<link rel=\"canonical\" href=\"https:\/\/www.altercampagne.net\/?p=11577\" \/>\n<meta property=\"og:locale\" content=\"fr_FR\" \/>\n<meta property=\"og:type\" content=\"article\" \/>\n<meta property=\"og:title\" content=\"Nos moments forts \u00e0 Cherbourg - AlterTour\" \/>\n<meta property=\"og:description\" content=\"\u00c9lise cr\u00e9atrice de \u00ab\u00a0Sharebourg\u00a0\u00bb nous accueille depuis la gare. C&rsquo;est tout un collectif qui s&rsquo;est rassembl\u00e9 pour renouer avec la pratique des v\u0117lorutions.50 personnes venues des\u00a0\u00a0Colibri, ATTAC, pignon sur rue ,ont brav\u00e9 les art\u00e8res non am\u00e9nag\u00e9es de Cherbourg et les routes dangereuses, fiers de leur visibilit\u00e9 et motiv\u00e9s pour oser ... Read More\" \/>\n<meta property=\"og:url\" content=\"https:\/\/www.altercampagne.net\/?p=11577\" \/>\n<meta property=\"og:site_name\" content=\"AlterTour\" \/>\n<meta property=\"article:published_time\" content=\"2018-07-15T12:35:33+00:00\" \/>\n<meta property=\"article:modified_time\" content=\"2018-07-24T13:55:02+00:00\" \/>\n<meta property=\"og:image\" content=\"https:\/\/www.altercampagne.net\/wp-content\/uploads\/2018\/07\/EB_normandie_Cherbourg.jpg\" \/>\n\t<meta property=\"og:image:width\" content=\"859\" \/>\n\t<meta property=\"og:image:height\" content=\"452\" \/>\n\t<meta property=\"og:image:type\" content=\"image\/jpeg\" \/>\n<meta name=\"author\" content=\"Genevi\u00e8ve\" \/>\n<meta name=\"twitter:card\" content=\"summary_large_image\" \/>\n<meta name=\"twitter:label1\" content=\"\u00c9crit par\" \/>\n\t<meta name=\"twitter:data1\" content=\"Genevi\u00e8ve\" \/>\n\t<meta name=\"twitter:label2\" content=\"Dur\u00e9e de lecture estim\u00e9e\" \/>\n\t<meta name=\"twitter:data2\" content=\"1 minute\" \/>\n<script type=\"application\/ld+json\" class=\"yoast-schema-graph\">{\"@context\":\"https:\\\/\\\/schema.org\",\"@graph\":[{\"@type\":\"Article\",\"@id\":\"https:\\\/\\\/www.altercampagne.net\\\/?p=11577#article\",\"isPartOf\":{\"@id\":\"https:\\\/\\\/www.altercampagne.net\\\/?p=11577\"},\"author\":{\"name\":\"Genevi\u00e8ve\",\"@id\":\"https:\\\/\\\/www.altercampagne.net\\\/#\\\/schema\\\/person\\\/55135b6f6a4ceae0f5048a9621ed0a4a\"},\"headline\":\"Nos moments forts \u00e0 Cherbourg\",\"datePublished\":\"2018-07-15T12:35:33+00:00\",\"dateModified\":\"2018-07-24T13:55:02+00:00\",\"mainEntityOfPage\":{\"@id\":\"https:\\\/\\\/www.altercampagne.net\\\/?p=11577\"},\"wordCount\":314,\"image\":{\"@id\":\"https:\\\/\\\/www.altercampagne.net\\\/?p=11577#primaryimage\"},\"thumbnailUrl\":\"https:\\\/\\\/www.altercampagne.net\\\/wp-content\\\/uploads\\\/2018\\\/07\\\/EB_normandie_Cherbourg.jpg\",\"keywords\":[\"nucl\u00e9aire\"],\"articleSection\":[\"Echapp\u00e9e Belle\",\"\u00c9dition 2018\",\"Normandie\"],\"inLanguage\":\"fr-FR\"},{\"@type\":\"WebPage\",\"@id\":\"https:\\\/\\\/www.altercampagne.net\\\/?p=11577\",\"url\":\"https:\\\/\\\/www.altercampagne.net\\\/?p=11577\",\"name\":\"Nos moments forts \u00e0 Cherbourg - AlterTour\",\"isPartOf\":{\"@id\":\"https:\\\/\\\/www.altercampagne.net\\\/#website\"},\"primaryImageOfPage\":{\"@id\":\"https:\\\/\\\/www.altercampagne.net\\\/?p=11577#primaryimage\"},\"image\":{\"@id\":\"https:\\\/\\\/www.altercampagne.net\\\/?p=11577#primaryimage\"},\"thumbnailUrl\":\"https:\\\/\\\/www.altercampagne.net\\\/wp-content\\\/uploads\\\/2018\\\/07\\\/EB_normandie_Cherbourg.jpg\",\"datePublished\":\"2018-07-15T12:35:33+00:00\",\"dateModified\":\"2018-07-24T13:55:02+00:00\",\"author\":{\"@id\":\"https:\\\/\\\/www.altercampagne.net\\\/#\\\/schema\\\/person\\\/55135b6f6a4ceae0f5048a9621ed0a4a\"},\"breadcrumb\":{\"@id\":\"https:\\\/\\\/www.altercampagne.net\\\/?p=11577#breadcrumb\"},\"inLanguage\":\"fr-FR\",\"potentialAction\":[{\"@type\":\"ReadAction\",\"target\":[\"https:\\\/\\\/www.altercampagne.net\\\/?p=11577\"]}]},{\"@type\":\"ImageObject\",\"inLanguage\":\"fr-FR\",\"@id\":\"https:\\\/\\\/www.altercampagne.net\\\/?p=11577#primaryimage\",\"url\":\"https:\\\/\\\/www.altercampagne.net\\\/wp-content\\\/uploads\\\/2018\\\/07\\\/EB_normandie_Cherbourg.jpg\",\"contentUrl\":\"https:\\\/\\\/www.altercampagne.net\\\/wp-content\\\/uploads\\\/2018\\\/07\\\/EB_normandie_Cherbourg.jpg\",\"width\":859,\"height\":452},{\"@type\":\"BreadcrumbList\",\"@id\":\"https:\\\/\\\/www.altercampagne.net\\\/?p=11577#breadcrumb\",\"itemListElement\":[{\"@type\":\"ListItem\",\"position\":1,\"name\":\"Accueil\",\"item\":\"https:\\\/\\\/www.altercampagne.net\\\/\"},{\"@type\":\"ListItem\",\"position\":2,\"name\":\"Nos moments forts \u00e0 Cherbourg\"}]},{\"@type\":\"WebSite\",\"@id\":\"https:\\\/\\\/www.altercampagne.net\\\/#website\",\"url\":\"https:\\\/\\\/www.altercampagne.net\\\/\",\"name\":\"AlterTour\",\"description\":\"Reliez les Alternatives \u00e0 v\u00e9lo\",\"potentialAction\":[{\"@type\":\"SearchAction\",\"target\":{\"@type\":\"EntryPoint\",\"urlTemplate\":\"https:\\\/\\\/www.altercampagne.net\\\/?s={search_term_string}\"},\"query-input\":{\"@type\":\"PropertyValueSpecification\",\"valueRequired\":true,\"valueName\":\"search_term_string\"}}],\"inLanguage\":\"fr-FR\"},{\"@type\":\"Person\",\"@id\":\"https:\\\/\\\/www.altercampagne.net\\\/#\\\/schema\\\/person\\\/55135b6f6a4ceae0f5048a9621ed0a4a\",\"name\":\"Genevi\u00e8ve\",\"image\":{\"@type\":\"ImageObject\",\"inLanguage\":\"fr-FR\",\"@id\":\"https:\\\/\\\/secure.gravatar.com\\\/avatar\\\/0eb694242cfa4f68e376980536b280cb2a5b7c4eb4c43faf61cb38c0cf90eebf?s=96&d=mm&r=g\",\"url\":\"https:\\\/\\\/secure.gravatar.com\\\/avatar\\\/0eb694242cfa4f68e376980536b280cb2a5b7c4eb4c43faf61cb38c0cf90eebf?s=96&d=mm&r=g\",\"contentUrl\":\"https:\\\/\\\/secure.gravatar.com\\\/avatar\\\/0eb694242cfa4f68e376980536b280cb2a5b7c4eb4c43faf61cb38c0cf90eebf?s=96&d=mm&r=g\",\"caption\":\"Genevi\u00e8ve\"},\"url\":\"https:\\\/\\\/www.altercampagne.net\\\/?author=184\"}]}<\/script>\n<!-- \/ Yoast SEO plugin. -->","yoast_head_json":{"title":"Nos moments forts \u00e0 Cherbourg - AlterTour","robots":{"index":"index","follow":"follow","max-snippet":"max-snippet:-1","max-image-preview":"max-image-preview:large","max-video-preview":"max-video-preview:-1"},"canonical":"https:\/\/www.altercampagne.net\/?p=11577","og_locale":"fr_FR","og_type":"article","og_title":"Nos moments forts \u00e0 Cherbourg - AlterTour","og_description":"\u00c9lise cr\u00e9atrice de \u00ab\u00a0Sharebourg\u00a0\u00bb nous accueille depuis la gare. C&rsquo;est tout un collectif qui s&rsquo;est rassembl\u00e9 pour renouer avec la pratique des v\u0117lorutions.50 personnes venues des\u00a0\u00a0Colibri, ATTAC, pignon sur rue ,ont brav\u00e9 les art\u00e8res non am\u00e9nag\u00e9es de Cherbourg et les routes dangereuses, fiers de leur visibilit\u00e9 et motiv\u00e9s pour oser ... Read More","og_url":"https:\/\/www.altercampagne.net\/?p=11577","og_site_name":"AlterTour","article_published_time":"2018-07-15T12:35:33+00:00","article_modified_time":"2018-07-24T13:55:02+00:00","og_image":[{"width":859,"height":452,"url":"https:\/\/www.altercampagne.net\/wp-content\/uploads\/2018\/07\/EB_normandie_Cherbourg.jpg","type":"image\/jpeg"}],"author":"Genevi\u00e8ve","twitter_card":"summary_large_image","twitter_misc":{"\u00c9crit par":"Genevi\u00e8ve","Dur\u00e9e de lecture estim\u00e9e":"1 minute"},"schema":{"@context":"https:\/\/schema.org","@graph":[{"@type":"Article","@id":"https:\/\/www.altercampagne.net\/?p=11577#article","isPartOf":{"@id":"https:\/\/www.altercampagne.net\/?p=11577"},"author":{"name":"Genevi\u00e8ve","@id":"https:\/\/www.altercampagne.net\/#\/schema\/person\/55135b6f6a4ceae0f5048a9621ed0a4a"},"headline":"Nos moments forts \u00e0 Cherbourg","datePublished":"2018-07-15T12:35:33+00:00","dateModified":"2018-07-24T13:55:02+00:00","mainEntityOfPage":{"@id":"https:\/\/www.altercampagne.net\/?p=11577"},"wordCount":314,"image":{"@id":"https:\/\/www.altercampagne.net\/?p=11577#primaryimage"},"thumbnailUrl":"https:\/\/www.altercampagne.net\/wp-content\/uploads\/2018\/07\/EB_normandie_Cherbourg.jpg","keywords":["nucl\u00e9aire"],"articleSection":["Echapp\u00e9e Belle","\u00c9dition 2018","Normandie"],"inLanguage":"fr-FR"},{"@type":"WebPage","@id":"https:\/\/www.altercampagne.net\/?p=11577","url":"https:\/\/www.altercampagne.net\/?p=11577","name":"Nos moments forts \u00e0 Cherbourg - AlterTour","isPartOf":{"@id":"https:\/\/www.altercampagne.net\/#website"},"primaryImageOfPage":{"@id":"https:\/\/www.altercampagne.net\/?p=11577#primaryimage"},"image":{"@id":"https:\/\/www.altercampagne.net\/?p=11577#primaryimage"},"thumbnailUrl":"https:\/\/www.altercampagne.net\/wp-content\/uploads\/2018\/07\/EB_normandie_Cherbourg.jpg","datePublished":"2018-07-15T12:35:33+00:00","dateModified":"2018-07-24T13:55:02+00:00","author":{"@id":"https:\/\/www.altercampagne.net\/#\/schema\/person\/55135b6f6a4ceae0f5048a9621ed0a4a"},"breadcrumb":{"@id":"https:\/\/www.altercampagne.net\/?p=11577#breadcrumb"},"inLanguage":"fr-FR","potentialAction":[{"@type":"ReadAction","target":["https:\/\/www.altercampagne.net\/?p=11577"]}]},{"@type":"ImageObject","inLanguage":"fr-FR","@id":"https:\/\/www.altercampagne.net\/?p=11577#primaryimage","url":"https:\/\/www.altercampagne.net\/wp-content\/uploads\/2018\/07\/EB_normandie_Cherbourg.jpg","contentUrl":"https:\/\/www.altercampagne.net\/wp-content\/uploads\/2018\/07\/EB_normandie_Cherbourg.jpg","width":859,"height":452},{"@type":"BreadcrumbList","@id":"https:\/\/www.altercampagne.net\/?p=11577#breadcrumb","itemListElement":[{"@type":"ListItem","position":1,"name":"Accueil","item":"https:\/\/www.altercampagne.net\/"},{"@type":"ListItem","position":2,"name":"Nos moments forts \u00e0 Cherbourg"}]},{"@type":"WebSite","@id":"https:\/\/www.altercampagne.net\/#website","url":"https:\/\/www.altercampagne.net\/","name":"AlterTour","description":"Reliez les Alternatives \u00e0 v\u00e9lo","potentialAction":[{"@type":"SearchAction","target":{"@type":"EntryPoint","urlTemplate":"https:\/\/www.altercampagne.net\/?s={search_term_string}"},"query-input":{"@type":"PropertyValueSpecification","valueRequired":true,"valueName":"search_term_string"}}],"inLanguage":"fr-FR"},{"@type":"Person","@id":"https:\/\/www.altercampagne.net\/#\/schema\/person\/55135b6f6a4ceae0f5048a9621ed0a4a","name":"Genevi\u00e8ve","image":{"@type":"ImageObject","inLanguage":"fr-FR","@id":"https:\/\/secure.gravatar.com\/avatar\/0eb694242cfa4f68e376980536b280cb2a5b7c4eb4c43faf61cb38c0cf90eebf?s=96&d=mm&r=g","url":"https:\/\/secure.gravatar.com\/avatar\/0eb694242cfa4f68e376980536b280cb2a5b7c4eb4c43faf61cb38c0cf90eebf?s=96&d=mm&r=g","contentUrl":"https:\/\/secure.gravatar.com\/avatar\/0eb694242cfa4f68e376980536b280cb2a5b7c4eb4c43faf61cb38c0cf90eebf?s=96&d=mm&r=g","caption":"Genevi\u00e8ve"},"url":"https:\/\/www.altercampagne.net\/?author=184"}]}},"_links":{"self":[{"href":"https:\/\/www.altercampagne.net\/index.php?rest_route=\/wp\/v2\/posts\/11577","targetHints":{"allow":["GET"]}}],"collection":[{"href":"https:\/\/www.altercampagne.net\/index.php?rest_route=\/wp\/v2\/posts"}],"about":[{"href":"https:\/\/www.altercampagne.net\/index.php?rest_route=\/wp\/v2\/types\/post"}],"author":[{"embeddable":true,"href":"https:\/\/www.altercampagne.net\/index.php?rest_route=\/wp\/v2\/users\/184"}],"replies":[{"embeddable":true,"href":"https:\/\/www.altercampagne.net\/index.php?rest_route=%2Fwp%2Fv2%2Fcomments&post=11577"}],"version-history":[{"count":0,"href":"https:\/\/www.altercampagne.net\/index.php?rest_route=\/wp\/v2\/posts\/11577\/revisions"}],"wp:featuredmedia":[{"embeddable":true,"href":"https:\/\/www.altercampagne.net\/index.php?rest_route=\/wp\/v2\/media\/11610"}],"wp:attachment":[{"href":"https:\/\/www.altercampagne.net\/index.php?rest_route=%2Fwp%2Fv2%2Fmedia&parent=11577"}],"wp:term":[{"taxonomy":"category","embeddable":true,"href":"https:\/\/www.altercampagne.net\/index.php?rest_route=%2Fwp%2Fv2%2Fcategories&post=11577"},{"taxonomy":"post_tag","embeddable":true,"href":"https:\/\/www.altercampagne.net\/index.php?rest_route=%2Fwp%2Fv2%2Ftags&post=11577"}],"curies":[{"name":"wp","href":"https:\/\/api.w.org\/{rel}","templated":true}]}}