{"id":11666,"date":"2018-07-22T14:37:04","date_gmt":"2018-07-22T12:37:04","guid":{"rendered":"http:\/\/www.altercampagne.net\/?p=11666"},"modified":"2020-02-24T12:26:34","modified_gmt":"2020-02-24T11:26:34","slug":"retour-vers-le-futur-une-plongee-dans-le-marais-vernier","status":"publish","type":"post","link":"https:\/\/www.altercampagne.net\/?p=11666","title":{"rendered":"Retour vers le futur : Une plong\u00e9e dans le Marais Vernier"},"content":{"rendered":"<p>Apr\u00e8s avoir travers\u00e9 Honfleur sous une pluie battante, nous rejoignons le Marais Vernier,&nbsp;le moral un peu dans les chaussettes. Nous sommes imm\u00e9diatement mis au sec par Christine et Thierry. Feu de bois, sanglier mijot\u00e9, et vin rouge coulant \u00e0 flot, donnent le ton de cet accueil sublime. Nous resterons deux nuits dans cette belle long\u00e8re normande autoconstruite.<\/p>\n<p>Le lendemain, nous plongeons 15 000 ans en arri\u00e8re avant la transgression flandrienne.<\/p>\n<p><a href=\"http:\/\/www.altercampagne.net\/wp-content\/uploads\/2018\/07\/Photo0461.jpg\"><img loading=\"lazy\" decoding=\"async\" class=\"alignnone size-medium wp-image-11837\" src=\"http:\/\/www.altercampagne.net\/wp-content\/uploads\/2018\/07\/Photo0461-300x225.jpg\" alt=\"\" width=\"300\" height=\"225\" srcset=\"https:\/\/www.altercampagne.net\/wp-content\/uploads\/2018\/07\/Photo0461-300x225.jpg 300w, https:\/\/www.altercampagne.net\/wp-content\/uploads\/2018\/07\/Photo0461-768x576.jpg 768w, https:\/\/www.altercampagne.net\/wp-content\/uploads\/2018\/07\/Photo0461-1024x768.jpg 1024w, https:\/\/www.altercampagne.net\/wp-content\/uploads\/2018\/07\/Photo0461-610x458.jpg 610w, https:\/\/www.altercampagne.net\/wp-content\/uploads\/2018\/07\/Photo0461-100x75.jpg 100w, https:\/\/www.altercampagne.net\/wp-content\/uploads\/2018\/07\/Photo0461-862x647.jpg 862w, https:\/\/www.altercampagne.net\/wp-content\/uploads\/2018\/07\/Photo0461-1080x810.jpg 1080w, https:\/\/www.altercampagne.net\/wp-content\/uploads\/2018\/07\/Photo0461.jpg 2048w\" sizes=\"auto, (max-width: 300px) 100vw, 300px\" \/><\/a><\/p>\n<p>La Seine creuse son lit dans les falaises calcaires \u00e0 coup de gros blocs de glaces \u00e9chapp\u00e9s des glaciers. Dans ce lit, va se cr\u00e9er apr\u00e8s la remont\u00e9e de la mer, un immense bras mort ou s&rsquo;installe une tourbi\u00e8re et toute la faune et la flore allant avec. C&rsquo;est depuis un point de vue sur cet amphith\u00e9\u00e2tre au naturel que Thierry (\u00e9cologue) accompagn\u00e9 de Cheere (sociologue) nous racontent comment l&rsquo;histoire des hommes des marais a rencontr\u00e9 celle de la g\u00e9ologie. Les hommes s&rsquo;installent sur la partie rocheuse de la falaise, ils chassent, p\u00eachent et envoient leurs troupeaux sur le marais.<\/p>\n<p>L&rsquo;histoire du Marais Vernier est aussi celle de la folie des ass\u00e9cheurs de marais, lorsqu&rsquo;ils tentent d&rsquo;y faire pousser des c\u00e9r\u00e9ales ou de cr\u00e9er une ferme mod\u00e8le. En vain. Les tourbi\u00e8res sont r\u00e9tives \u00e0 l&rsquo;ass\u00e8chement.<\/p>\n<p>Depuis pr\u00e8s de 40 ans, Christine Le Neveu et Thierry Lecomte, biologistes et \u00e9cologues, soutiennent la remise en eau normale du marais, notamment en cherchant des animaux susceptibles de vivre et d&rsquo;utiliser les fourrages et joncs du Marais. Les vaches Highland originaires d&rsquo;Ecosse, tr\u00e8s rustiques, sont associ\u00e9es aux chevaux de Camargue. 40 ans apr\u00e8s, l&rsquo;exp\u00e9rience est fructueuse, le jonc recule et une flore de zone acide r\u00e9appara\u00eet. Outre les mammif\u00e8res, la faune d&rsquo;insectes et de petit batraciens pullule, nourrissant les oiseaux, h\u00e9rons, passereaux. Ainsi sont r\u00e9install\u00e9es toutes les strates de l\u2019\u00e9cosyst\u00e8me, signe de la capacit\u00e9 des humains \u00e0 r\u00e9parer leurs terribles actes de destructions.<\/p>\n<p>Pierrot<\/p>\n","protected":false},"excerpt":{"rendered":"<p>Apr\u00e8s avoir travers\u00e9 Honfleur sous une pluie battante, nous rejoignons le Marais Vernier,&nbsp;le moral un peu dans les chaussettes. Nous sommes imm\u00e9diatement mis au sec par Christine et Thierry. Feu de bois, sanglier mijot\u00e9, et vin rouge coulant \u00e0 flot, donnent le ton de cet accueil sublime. Nous resterons deux &#8230; <\/p>\n<div><a href=\"https:\/\/www.altercampagne.net\/?p=11666\" class=\"more-link\">Read More<\/a><\/div>\n","protected":false},"author":178,"featured_media":11754,"comment_status":"closed","ping_status":"closed","sticky":false,"template":"","format":"standard","meta":{"footnotes":""},"categories":[3231,3470,3486,3478],"tags":[455],"class_list":["post-11666","post","type-post","status-publish","format-standard","has-post-thumbnail","hentry","category-echappee-belle","category-edition-2018","category-environnement","category-normandie","tag-ecologie"],"yoast_head":"<!-- This site is optimized with the Yoast SEO plugin v27.3 - https:\/\/yoast.com\/product\/yoast-seo-wordpress\/ -->\n<title>Retour vers le futur : Une plong\u00e9e dans le Marais Vernier - AlterTour<\/title>\n<meta name=\"robots\" content=\"index, follow, max-snippet:-1, max-image-preview:large, max-video-preview:-1\" \/>\n<link rel=\"canonical\" href=\"https:\/\/www.altercampagne.net\/?p=11666\" \/>\n<meta property=\"og:locale\" content=\"fr_FR\" \/>\n<meta property=\"og:type\" content=\"article\" \/>\n<meta property=\"og:title\" content=\"Retour vers le futur : Une plong\u00e9e dans le Marais Vernier - AlterTour\" \/>\n<meta property=\"og:description\" content=\"Apr\u00e8s avoir travers\u00e9 Honfleur sous une pluie battante, nous rejoignons le Marais Vernier,&nbsp;le moral un peu dans les chaussettes. Nous sommes imm\u00e9diatement mis au sec par Christine et Thierry. Feu de bois, sanglier mijot\u00e9, et vin rouge coulant \u00e0 flot, donnent le ton de cet accueil sublime. Nous resterons deux ... Read More\" \/>\n<meta property=\"og:url\" content=\"https:\/\/www.altercampagne.net\/?p=11666\" \/>\n<meta property=\"og:site_name\" content=\"AlterTour\" \/>\n<meta property=\"article:published_time\" content=\"2018-07-22T12:37:04+00:00\" \/>\n<meta property=\"article:modified_time\" content=\"2020-02-24T11:26:34+00:00\" \/>\n<meta property=\"og:image\" content=\"https:\/\/www.altercampagne.net\/wp-content\/uploads\/2018\/07\/Marais-Vernier-be\u2560\u00e9tes-e1601459066567.jpg\" \/>\n\t<meta property=\"og:image:width\" content=\"800\" \/>\n\t<meta property=\"og:image:height\" content=\"420\" \/>\n\t<meta property=\"og:image:type\" content=\"image\/jpeg\" \/>\n<meta name=\"author\" content=\"Dominique M\" \/>\n<meta name=\"twitter:card\" content=\"summary_large_image\" \/>\n<meta name=\"twitter:label1\" content=\"\u00c9crit par\" \/>\n\t<meta name=\"twitter:data1\" content=\"Dominique M\" \/>\n\t<meta name=\"twitter:label2\" content=\"Dur\u00e9e de lecture estim\u00e9e\" \/>\n\t<meta name=\"twitter:data2\" content=\"2 minutes\" \/>\n<script type=\"application\/ld+json\" class=\"yoast-schema-graph\">{\"@context\":\"https:\\\/\\\/schema.org\",\"@graph\":[{\"@type\":\"Article\",\"@id\":\"https:\\\/\\\/www.altercampagne.net\\\/?p=11666#article\",\"isPartOf\":{\"@id\":\"https:\\\/\\\/www.altercampagne.net\\\/?p=11666\"},\"author\":{\"name\":\"Dominique M\",\"@id\":\"https:\\\/\\\/www.altercampagne.net\\\/#\\\/schema\\\/person\\\/e48dab7c07a339fab9ba06f93515f6b8\"},\"headline\":\"Retour vers le futur : Une plong\u00e9e dans le Marais Vernier\",\"datePublished\":\"2018-07-22T12:37:04+00:00\",\"dateModified\":\"2020-02-24T11:26:34+00:00\",\"mainEntityOfPage\":{\"@id\":\"https:\\\/\\\/www.altercampagne.net\\\/?p=11666\"},\"wordCount\":361,\"image\":{\"@id\":\"https:\\\/\\\/www.altercampagne.net\\\/?p=11666#primaryimage\"},\"thumbnailUrl\":\"https:\\\/\\\/www.altercampagne.net\\\/wp-content\\\/uploads\\\/2018\\\/07\\\/Marais-Vernier-be\u2560\u00e9tes-e1601459066567.jpg\",\"keywords\":[\"\u00e9cologie\"],\"articleSection\":[\"Echapp\u00e9e Belle\",\"\u00c9dition 2018\",\"Environnement\",\"Normandie\"],\"inLanguage\":\"fr-FR\"},{\"@type\":\"WebPage\",\"@id\":\"https:\\\/\\\/www.altercampagne.net\\\/?p=11666\",\"url\":\"https:\\\/\\\/www.altercampagne.net\\\/?p=11666\",\"name\":\"Retour vers le futur : Une plong\u00e9e dans le Marais Vernier - AlterTour\",\"isPartOf\":{\"@id\":\"https:\\\/\\\/www.altercampagne.net\\\/#website\"},\"primaryImageOfPage\":{\"@id\":\"https:\\\/\\\/www.altercampagne.net\\\/?p=11666#primaryimage\"},\"image\":{\"@id\":\"https:\\\/\\\/www.altercampagne.net\\\/?p=11666#primaryimage\"},\"thumbnailUrl\":\"https:\\\/\\\/www.altercampagne.net\\\/wp-content\\\/uploads\\\/2018\\\/07\\\/Marais-Vernier-be\u2560\u00e9tes-e1601459066567.jpg\",\"datePublished\":\"2018-07-22T12:37:04+00:00\",\"dateModified\":\"2020-02-24T11:26:34+00:00\",\"author\":{\"@id\":\"https:\\\/\\\/www.altercampagne.net\\\/#\\\/schema\\\/person\\\/e48dab7c07a339fab9ba06f93515f6b8\"},\"breadcrumb\":{\"@id\":\"https:\\\/\\\/www.altercampagne.net\\\/?p=11666#breadcrumb\"},\"inLanguage\":\"fr-FR\",\"potentialAction\":[{\"@type\":\"ReadAction\",\"target\":[\"https:\\\/\\\/www.altercampagne.net\\\/?p=11666\"]}]},{\"@type\":\"ImageObject\",\"inLanguage\":\"fr-FR\",\"@id\":\"https:\\\/\\\/www.altercampagne.net\\\/?p=11666#primaryimage\",\"url\":\"https:\\\/\\\/www.altercampagne.net\\\/wp-content\\\/uploads\\\/2018\\\/07\\\/Marais-Vernier-be\u2560\u00e9tes-e1601459066567.jpg\",\"contentUrl\":\"https:\\\/\\\/www.altercampagne.net\\\/wp-content\\\/uploads\\\/2018\\\/07\\\/Marais-Vernier-be\u2560\u00e9tes-e1601459066567.jpg\",\"width\":800,\"height\":420},{\"@type\":\"BreadcrumbList\",\"@id\":\"https:\\\/\\\/www.altercampagne.net\\\/?p=11666#breadcrumb\",\"itemListElement\":[{\"@type\":\"ListItem\",\"position\":1,\"name\":\"Accueil\",\"item\":\"https:\\\/\\\/www.altercampagne.net\\\/\"},{\"@type\":\"ListItem\",\"position\":2,\"name\":\"Retour vers le futur : Une plong\u00e9e dans le Marais Vernier\"}]},{\"@type\":\"WebSite\",\"@id\":\"https:\\\/\\\/www.altercampagne.net\\\/#website\",\"url\":\"https:\\\/\\\/www.altercampagne.net\\\/\",\"name\":\"AlterTour\",\"description\":\"Reliez les Alternatives \u00e0 v\u00e9lo\",\"potentialAction\":[{\"@type\":\"SearchAction\",\"target\":{\"@type\":\"EntryPoint\",\"urlTemplate\":\"https:\\\/\\\/www.altercampagne.net\\\/?s={search_term_string}\"},\"query-input\":{\"@type\":\"PropertyValueSpecification\",\"valueRequired\":true,\"valueName\":\"search_term_string\"}}],\"inLanguage\":\"fr-FR\"},{\"@type\":\"Person\",\"@id\":\"https:\\\/\\\/www.altercampagne.net\\\/#\\\/schema\\\/person\\\/e48dab7c07a339fab9ba06f93515f6b8\",\"name\":\"Dominique M\",\"image\":{\"@type\":\"ImageObject\",\"inLanguage\":\"fr-FR\",\"@id\":\"https:\\\/\\\/secure.gravatar.com\\\/avatar\\\/092c57fdc9f39c44abbde0d4097df6625bc4f493de36df80b8a4c0cd8764a2c0?s=96&d=mm&r=g\",\"url\":\"https:\\\/\\\/secure.gravatar.com\\\/avatar\\\/092c57fdc9f39c44abbde0d4097df6625bc4f493de36df80b8a4c0cd8764a2c0?s=96&d=mm&r=g\",\"contentUrl\":\"https:\\\/\\\/secure.gravatar.com\\\/avatar\\\/092c57fdc9f39c44abbde0d4097df6625bc4f493de36df80b8a4c0cd8764a2c0?s=96&d=mm&r=g\",\"caption\":\"Dominique M\"},\"url\":\"https:\\\/\\\/www.altercampagne.net\\\/?author=178\"}]}<\/script>\n<!-- \/ Yoast SEO plugin. -->","yoast_head_json":{"title":"Retour vers le futur : Une plong\u00e9e dans le Marais Vernier - AlterTour","robots":{"index":"index","follow":"follow","max-snippet":"max-snippet:-1","max-image-preview":"max-image-preview:large","max-video-preview":"max-video-preview:-1"},"canonical":"https:\/\/www.altercampagne.net\/?p=11666","og_locale":"fr_FR","og_type":"article","og_title":"Retour vers le futur : Une plong\u00e9e dans le Marais Vernier - AlterTour","og_description":"Apr\u00e8s avoir travers\u00e9 Honfleur sous une pluie battante, nous rejoignons le Marais Vernier,&nbsp;le moral un peu dans les chaussettes. Nous sommes imm\u00e9diatement mis au sec par Christine et Thierry. Feu de bois, sanglier mijot\u00e9, et vin rouge coulant \u00e0 flot, donnent le ton de cet accueil sublime. Nous resterons deux ... Read More","og_url":"https:\/\/www.altercampagne.net\/?p=11666","og_site_name":"AlterTour","article_published_time":"2018-07-22T12:37:04+00:00","article_modified_time":"2020-02-24T11:26:34+00:00","og_image":[{"width":800,"height":420,"url":"https:\/\/www.altercampagne.net\/wp-content\/uploads\/2018\/07\/Marais-Vernier-be\u2560\u00e9tes-e1601459066567.jpg","type":"image\/jpeg"}],"author":"Dominique M","twitter_card":"summary_large_image","twitter_misc":{"\u00c9crit par":"Dominique M","Dur\u00e9e de lecture estim\u00e9e":"2 minutes"},"schema":{"@context":"https:\/\/schema.org","@graph":[{"@type":"Article","@id":"https:\/\/www.altercampagne.net\/?p=11666#article","isPartOf":{"@id":"https:\/\/www.altercampagne.net\/?p=11666"},"author":{"name":"Dominique M","@id":"https:\/\/www.altercampagne.net\/#\/schema\/person\/e48dab7c07a339fab9ba06f93515f6b8"},"headline":"Retour vers le futur : Une plong\u00e9e dans le Marais Vernier","datePublished":"2018-07-22T12:37:04+00:00","dateModified":"2020-02-24T11:26:34+00:00","mainEntityOfPage":{"@id":"https:\/\/www.altercampagne.net\/?p=11666"},"wordCount":361,"image":{"@id":"https:\/\/www.altercampagne.net\/?p=11666#primaryimage"},"thumbnailUrl":"https:\/\/www.altercampagne.net\/wp-content\/uploads\/2018\/07\/Marais-Vernier-be\u2560\u00e9tes-e1601459066567.jpg","keywords":["\u00e9cologie"],"articleSection":["Echapp\u00e9e Belle","\u00c9dition 2018","Environnement","Normandie"],"inLanguage":"fr-FR"},{"@type":"WebPage","@id":"https:\/\/www.altercampagne.net\/?p=11666","url":"https:\/\/www.altercampagne.net\/?p=11666","name":"Retour vers le futur : Une plong\u00e9e dans le Marais Vernier - AlterTour","isPartOf":{"@id":"https:\/\/www.altercampagne.net\/#website"},"primaryImageOfPage":{"@id":"https:\/\/www.altercampagne.net\/?p=11666#primaryimage"},"image":{"@id":"https:\/\/www.altercampagne.net\/?p=11666#primaryimage"},"thumbnailUrl":"https:\/\/www.altercampagne.net\/wp-content\/uploads\/2018\/07\/Marais-Vernier-be\u2560\u00e9tes-e1601459066567.jpg","datePublished":"2018-07-22T12:37:04+00:00","dateModified":"2020-02-24T11:26:34+00:00","author":{"@id":"https:\/\/www.altercampagne.net\/#\/schema\/person\/e48dab7c07a339fab9ba06f93515f6b8"},"breadcrumb":{"@id":"https:\/\/www.altercampagne.net\/?p=11666#breadcrumb"},"inLanguage":"fr-FR","potentialAction":[{"@type":"ReadAction","target":["https:\/\/www.altercampagne.net\/?p=11666"]}]},{"@type":"ImageObject","inLanguage":"fr-FR","@id":"https:\/\/www.altercampagne.net\/?p=11666#primaryimage","url":"https:\/\/www.altercampagne.net\/wp-content\/uploads\/2018\/07\/Marais-Vernier-be\u2560\u00e9tes-e1601459066567.jpg","contentUrl":"https:\/\/www.altercampagne.net\/wp-content\/uploads\/2018\/07\/Marais-Vernier-be\u2560\u00e9tes-e1601459066567.jpg","width":800,"height":420},{"@type":"BreadcrumbList","@id":"https:\/\/www.altercampagne.net\/?p=11666#breadcrumb","itemListElement":[{"@type":"ListItem","position":1,"name":"Accueil","item":"https:\/\/www.altercampagne.net\/"},{"@type":"ListItem","position":2,"name":"Retour vers le futur : Une plong\u00e9e dans le Marais Vernier"}]},{"@type":"WebSite","@id":"https:\/\/www.altercampagne.net\/#website","url":"https:\/\/www.altercampagne.net\/","name":"AlterTour","description":"Reliez les Alternatives \u00e0 v\u00e9lo","potentialAction":[{"@type":"SearchAction","target":{"@type":"EntryPoint","urlTemplate":"https:\/\/www.altercampagne.net\/?s={search_term_string}"},"query-input":{"@type":"PropertyValueSpecification","valueRequired":true,"valueName":"search_term_string"}}],"inLanguage":"fr-FR"},{"@type":"Person","@id":"https:\/\/www.altercampagne.net\/#\/schema\/person\/e48dab7c07a339fab9ba06f93515f6b8","name":"Dominique M","image":{"@type":"ImageObject","inLanguage":"fr-FR","@id":"https:\/\/secure.gravatar.com\/avatar\/092c57fdc9f39c44abbde0d4097df6625bc4f493de36df80b8a4c0cd8764a2c0?s=96&d=mm&r=g","url":"https:\/\/secure.gravatar.com\/avatar\/092c57fdc9f39c44abbde0d4097df6625bc4f493de36df80b8a4c0cd8764a2c0?s=96&d=mm&r=g","contentUrl":"https:\/\/secure.gravatar.com\/avatar\/092c57fdc9f39c44abbde0d4097df6625bc4f493de36df80b8a4c0cd8764a2c0?s=96&d=mm&r=g","caption":"Dominique M"},"url":"https:\/\/www.altercampagne.net\/?author=178"}]}},"_links":{"self":[{"href":"https:\/\/www.altercampagne.net\/index.php?rest_route=\/wp\/v2\/posts\/11666","targetHints":{"allow":["GET"]}}],"collection":[{"href":"https:\/\/www.altercampagne.net\/index.php?rest_route=\/wp\/v2\/posts"}],"about":[{"href":"https:\/\/www.altercampagne.net\/index.php?rest_route=\/wp\/v2\/types\/post"}],"author":[{"embeddable":true,"href":"https:\/\/www.altercampagne.net\/index.php?rest_route=\/wp\/v2\/users\/178"}],"replies":[{"embeddable":true,"href":"https:\/\/www.altercampagne.net\/index.php?rest_route=%2Fwp%2Fv2%2Fcomments&post=11666"}],"version-history":[{"count":1,"href":"https:\/\/www.altercampagne.net\/index.php?rest_route=\/wp\/v2\/posts\/11666\/revisions"}],"predecessor-version":[{"id":17283,"href":"https:\/\/www.altercampagne.net\/index.php?rest_route=\/wp\/v2\/posts\/11666\/revisions\/17283"}],"wp:featuredmedia":[{"embeddable":true,"href":"https:\/\/www.altercampagne.net\/index.php?rest_route=\/wp\/v2\/media\/11754"}],"wp:attachment":[{"href":"https:\/\/www.altercampagne.net\/index.php?rest_route=%2Fwp%2Fv2%2Fmedia&parent=11666"}],"wp:term":[{"taxonomy":"category","embeddable":true,"href":"https:\/\/www.altercampagne.net\/index.php?rest_route=%2Fwp%2Fv2%2Fcategories&post=11666"},{"taxonomy":"post_tag","embeddable":true,"href":"https:\/\/www.altercampagne.net\/index.php?rest_route=%2Fwp%2Fv2%2Ftags&post=11666"}],"curies":[{"name":"wp","href":"https:\/\/api.w.org\/{rel}","templated":true}]}}