{"id":11704,"date":"2018-07-23T20:29:21","date_gmt":"2018-07-23T18:29:21","guid":{"rendered":"http:\/\/www.altercampagne.net\/?p=11704"},"modified":"2018-08-09T16:32:37","modified_gmt":"2018-08-09T14:32:37","slug":"laltertour-passe-a-paris","status":"publish","type":"post","link":"https:\/\/www.altercampagne.net\/?p=11704","title":{"rendered":"L&rsquo;AlterTour passe \u00e0 Paris !"},"content":{"rendered":"<p>Aujourd\u2019hui 23 juillet, le peloton s\u2019engouffre dans le tissu urbain parisien \u00e0 la recherche d\u2019oasis de verdure. C\u2019est tout d\u2019abord, <a href=\"https:\/\/www.ilotvertgentilly.com\/\" target=\"_blank\" rel=\"noopener\"><strong>l\u2019association Genti\u2019ilot vert<\/strong><\/a> \u00e0 Gentilly, qui nous accueille. Cr\u00e9\u00e9e en 2017, dans le but de pr\u00e9server des espaces rares de terre pleine, l\u2019association s\u2019oppose \u00e0 un projet immobilier dans le cadre du Grand Paris. Elle met notamment en avant la biodiversit\u00e9 du lieu et ses esp\u00e8ces prot\u00e9g\u00e9es. Derni\u00e8rement, elle parvint \u00e0 retirer la candidature de la Mairie de Gentilly \u00e0 l\u2019appel \u00e0 projets du Grand Paris, un exemple qui en invite d\u2019autres !<\/p>\n<p>C\u2019est face \u00e0 une menace similaire de promotion immobili\u00e8re, que diff\u00e9rentes associations r\u00e9sistent dans les jardins des <strong><a href=\"https:\/\/mursapeches.blog\/\" target=\"_blank\" rel=\"noopener\">Murs \u00e0 p\u00eache de Montreuil<\/a>.<\/strong> Illustre espace datant du XVIIe si\u00e8cle, les 500 hectares de parcelles cl\u00f4tur\u00e9es par des murs gardant la chaleur, permettaient de cultiver des fruits d\u2019ordinaire r\u00e9serv\u00e9s \u00e0 des r\u00e9gions plus m\u00e9ridionales. Aujourd\u2019hui, \u00ab le lieu meurt doucement \u00bb, malgr\u00e9 la multitude d\u2019initiatives associatives qui existent : permaculture, accueil scolaire, th\u00e9\u00e2tre, potager voyageur, concerts, accueil des scolaires. Les Murs \u00e0 p\u00eache, oasis de vivre ensemble naturel, sont plus que jamais \u00e0 d\u00e9fendre.<\/p>\n<p>Enfin, l\u2019AlterTour trouve refuge chez les<strong> <a href=\"http:\/\/www.marmitesvolantes.com\/\" target=\"_blank\" rel=\"noopener\">Marmites volantes<\/a> <\/strong>de Montreuil pour y savourer leurs plats \u00e0 base de produits frais, bio, locaux et le tout sans d\u00e9chets. Des cuisiniers en insertion composent une \u00e9quipe d\u00e9fendant un travail respectueux de l\u2019humain et \u00e9mancipateur. La livraison des mets savoureux est r\u00e9alis\u00e9e en v\u00e9lo, \u00e7a roule pour les marmites et nos papilles !<\/p>\n<p>&nbsp;<\/p>\n","protected":false},"excerpt":{"rendered":"<p>Aujourd\u2019hui 23 juillet, le peloton s\u2019engouffre dans le tissu urbain parisien \u00e0 la recherche d\u2019oasis de verdure. C\u2019est tout d\u2019abord, l\u2019association Genti\u2019ilot vert \u00e0 Gentilly, qui nous accueille. Cr\u00e9\u00e9e en 2017, dans le but de pr\u00e9server des espaces rares de terre pleine, l\u2019association s\u2019oppose \u00e0 un projet immobilier dans le &#8230; <\/p>\n<div><a href=\"https:\/\/www.altercampagne.net\/?p=11704\" class=\"more-link\">Read More<\/a><\/div>\n","protected":false},"author":192,"featured_media":11807,"comment_status":"closed","ping_status":"closed","sticky":false,"template":"","format":"standard","meta":{"footnotes":""},"categories":[3489,3484,3470,3477,3486],"tags":[67,472,3324,3679,3680,3681],"class_list":["post-11704","post","type-post","status-publish","format-standard","has-post-thumbnail","hentry","category-alimentation","category-economie","category-edition-2018","category-ile-de-france","category-environnement","tag-marmites-volantes","tag-montreuil","tag-murs-a-peches","tag-gentilly","tag-ilot-vert","tag-betonisation"],"yoast_head":"<!-- This site is optimized with the Yoast SEO plugin v27.3 - https:\/\/yoast.com\/product\/yoast-seo-wordpress\/ -->\n<title>L&#039;AlterTour passe \u00e0 Paris ! - AlterTour<\/title>\n<meta name=\"robots\" content=\"index, follow, max-snippet:-1, max-image-preview:large, max-video-preview:-1\" \/>\n<link rel=\"canonical\" href=\"https:\/\/www.altercampagne.net\/?p=11704\" \/>\n<meta property=\"og:locale\" content=\"fr_FR\" \/>\n<meta property=\"og:type\" content=\"article\" \/>\n<meta property=\"og:title\" content=\"L&#039;AlterTour passe \u00e0 Paris ! - AlterTour\" \/>\n<meta property=\"og:description\" content=\"Aujourd\u2019hui 23 juillet, le peloton s\u2019engouffre dans le tissu urbain parisien \u00e0 la recherche d\u2019oasis de verdure. C\u2019est tout d\u2019abord, l\u2019association Genti\u2019ilot vert \u00e0 Gentilly, qui nous accueille. Cr\u00e9\u00e9e en 2017, dans le but de pr\u00e9server des espaces rares de terre pleine, l\u2019association s\u2019oppose \u00e0 un projet immobilier dans le ... Read More\" \/>\n<meta property=\"og:url\" content=\"https:\/\/www.altercampagne.net\/?p=11704\" \/>\n<meta property=\"og:site_name\" content=\"AlterTour\" \/>\n<meta property=\"article:published_time\" content=\"2018-07-23T18:29:21+00:00\" \/>\n<meta property=\"article:modified_time\" content=\"2018-08-09T14:32:37+00:00\" \/>\n<meta property=\"og:image\" content=\"https:\/\/www.altercampagne.net\/wp-content\/uploads\/2018\/07\/AT2018-Marmites-volantes-2018-07-24-25_Altertour-JSubiry-1jpg.jpg\" \/>\n\t<meta property=\"og:image:width\" content=\"900\" \/>\n\t<meta property=\"og:image:height\" content=\"471\" \/>\n\t<meta property=\"og:image:type\" content=\"image\/jpeg\" \/>\n<meta name=\"author\" content=\"Julie\" \/>\n<meta name=\"twitter:card\" content=\"summary_large_image\" \/>\n<meta name=\"twitter:label1\" content=\"\u00c9crit par\" \/>\n\t<meta name=\"twitter:data1\" content=\"Julie\" \/>\n\t<meta name=\"twitter:label2\" content=\"Dur\u00e9e de lecture estim\u00e9e\" \/>\n\t<meta name=\"twitter:data2\" content=\"1 minute\" \/>\n<script type=\"application\/ld+json\" class=\"yoast-schema-graph\">{\"@context\":\"https:\\\/\\\/schema.org\",\"@graph\":[{\"@type\":\"Article\",\"@id\":\"https:\\\/\\\/www.altercampagne.net\\\/?p=11704#article\",\"isPartOf\":{\"@id\":\"https:\\\/\\\/www.altercampagne.net\\\/?p=11704\"},\"author\":{\"name\":\"Julie\",\"@id\":\"https:\\\/\\\/www.altercampagne.net\\\/#\\\/schema\\\/person\\\/ea52458af5ca10d56e01a1b53249ddc4\"},\"headline\":\"L&rsquo;AlterTour passe \u00e0 Paris !\",\"datePublished\":\"2018-07-23T18:29:21+00:00\",\"dateModified\":\"2018-08-09T14:32:37+00:00\",\"mainEntityOfPage\":{\"@id\":\"https:\\\/\\\/www.altercampagne.net\\\/?p=11704\"},\"wordCount\":272,\"image\":{\"@id\":\"https:\\\/\\\/www.altercampagne.net\\\/?p=11704#primaryimage\"},\"thumbnailUrl\":\"https:\\\/\\\/www.altercampagne.net\\\/wp-content\\\/uploads\\\/2018\\\/07\\\/AT2018-Marmites-volantes-2018-07-24-25_Altertour-JSubiry-1jpg.jpg\",\"keywords\":[\"marmites volantes\",\"Montreuil\",\"Murs \u00e0 P\u00eaches\",\"gentilly\",\"\u00eelot vert\",\"b\u00e9tonisation\"],\"articleSection\":[\"Alimentation\",\"\u00c9conomie\",\"\u00c9dition 2018\",\"\u00cele-de-France\",\"Environnement\"],\"inLanguage\":\"fr-FR\"},{\"@type\":\"WebPage\",\"@id\":\"https:\\\/\\\/www.altercampagne.net\\\/?p=11704\",\"url\":\"https:\\\/\\\/www.altercampagne.net\\\/?p=11704\",\"name\":\"L'AlterTour passe \u00e0 Paris ! - AlterTour\",\"isPartOf\":{\"@id\":\"https:\\\/\\\/www.altercampagne.net\\\/#website\"},\"primaryImageOfPage\":{\"@id\":\"https:\\\/\\\/www.altercampagne.net\\\/?p=11704#primaryimage\"},\"image\":{\"@id\":\"https:\\\/\\\/www.altercampagne.net\\\/?p=11704#primaryimage\"},\"thumbnailUrl\":\"https:\\\/\\\/www.altercampagne.net\\\/wp-content\\\/uploads\\\/2018\\\/07\\\/AT2018-Marmites-volantes-2018-07-24-25_Altertour-JSubiry-1jpg.jpg\",\"datePublished\":\"2018-07-23T18:29:21+00:00\",\"dateModified\":\"2018-08-09T14:32:37+00:00\",\"author\":{\"@id\":\"https:\\\/\\\/www.altercampagne.net\\\/#\\\/schema\\\/person\\\/ea52458af5ca10d56e01a1b53249ddc4\"},\"breadcrumb\":{\"@id\":\"https:\\\/\\\/www.altercampagne.net\\\/?p=11704#breadcrumb\"},\"inLanguage\":\"fr-FR\",\"potentialAction\":[{\"@type\":\"ReadAction\",\"target\":[\"https:\\\/\\\/www.altercampagne.net\\\/?p=11704\"]}]},{\"@type\":\"ImageObject\",\"inLanguage\":\"fr-FR\",\"@id\":\"https:\\\/\\\/www.altercampagne.net\\\/?p=11704#primaryimage\",\"url\":\"https:\\\/\\\/www.altercampagne.net\\\/wp-content\\\/uploads\\\/2018\\\/07\\\/AT2018-Marmites-volantes-2018-07-24-25_Altertour-JSubiry-1jpg.jpg\",\"contentUrl\":\"https:\\\/\\\/www.altercampagne.net\\\/wp-content\\\/uploads\\\/2018\\\/07\\\/AT2018-Marmites-volantes-2018-07-24-25_Altertour-JSubiry-1jpg.jpg\",\"width\":900,\"height\":471},{\"@type\":\"BreadcrumbList\",\"@id\":\"https:\\\/\\\/www.altercampagne.net\\\/?p=11704#breadcrumb\",\"itemListElement\":[{\"@type\":\"ListItem\",\"position\":1,\"name\":\"Accueil\",\"item\":\"https:\\\/\\\/www.altercampagne.net\\\/\"},{\"@type\":\"ListItem\",\"position\":2,\"name\":\"L&rsquo;AlterTour passe \u00e0 Paris !\"}]},{\"@type\":\"WebSite\",\"@id\":\"https:\\\/\\\/www.altercampagne.net\\\/#website\",\"url\":\"https:\\\/\\\/www.altercampagne.net\\\/\",\"name\":\"AlterTour\",\"description\":\"Reliez les Alternatives \u00e0 v\u00e9lo\",\"potentialAction\":[{\"@type\":\"SearchAction\",\"target\":{\"@type\":\"EntryPoint\",\"urlTemplate\":\"https:\\\/\\\/www.altercampagne.net\\\/?s={search_term_string}\"},\"query-input\":{\"@type\":\"PropertyValueSpecification\",\"valueRequired\":true,\"valueName\":\"search_term_string\"}}],\"inLanguage\":\"fr-FR\"},{\"@type\":\"Person\",\"@id\":\"https:\\\/\\\/www.altercampagne.net\\\/#\\\/schema\\\/person\\\/ea52458af5ca10d56e01a1b53249ddc4\",\"name\":\"Julie\",\"image\":{\"@type\":\"ImageObject\",\"inLanguage\":\"fr-FR\",\"@id\":\"https:\\\/\\\/secure.gravatar.com\\\/avatar\\\/33c4c11c34e0f9cccad9f436c1a60f900028dcdb26df84756951418faf70fa39?s=96&d=mm&r=g\",\"url\":\"https:\\\/\\\/secure.gravatar.com\\\/avatar\\\/33c4c11c34e0f9cccad9f436c1a60f900028dcdb26df84756951418faf70fa39?s=96&d=mm&r=g\",\"contentUrl\":\"https:\\\/\\\/secure.gravatar.com\\\/avatar\\\/33c4c11c34e0f9cccad9f436c1a60f900028dcdb26df84756951418faf70fa39?s=96&d=mm&r=g\",\"caption\":\"Julie\"},\"url\":\"https:\\\/\\\/www.altercampagne.net\\\/?author=192\"}]}<\/script>\n<!-- \/ Yoast SEO plugin. -->","yoast_head_json":{"title":"L'AlterTour passe \u00e0 Paris ! - AlterTour","robots":{"index":"index","follow":"follow","max-snippet":"max-snippet:-1","max-image-preview":"max-image-preview:large","max-video-preview":"max-video-preview:-1"},"canonical":"https:\/\/www.altercampagne.net\/?p=11704","og_locale":"fr_FR","og_type":"article","og_title":"L'AlterTour passe \u00e0 Paris ! - AlterTour","og_description":"Aujourd\u2019hui 23 juillet, le peloton s\u2019engouffre dans le tissu urbain parisien \u00e0 la recherche d\u2019oasis de verdure. C\u2019est tout d\u2019abord, l\u2019association Genti\u2019ilot vert \u00e0 Gentilly, qui nous accueille. Cr\u00e9\u00e9e en 2017, dans le but de pr\u00e9server des espaces rares de terre pleine, l\u2019association s\u2019oppose \u00e0 un projet immobilier dans le ... Read More","og_url":"https:\/\/www.altercampagne.net\/?p=11704","og_site_name":"AlterTour","article_published_time":"2018-07-23T18:29:21+00:00","article_modified_time":"2018-08-09T14:32:37+00:00","og_image":[{"width":900,"height":471,"url":"https:\/\/www.altercampagne.net\/wp-content\/uploads\/2018\/07\/AT2018-Marmites-volantes-2018-07-24-25_Altertour-JSubiry-1jpg.jpg","type":"image\/jpeg"}],"author":"Julie","twitter_card":"summary_large_image","twitter_misc":{"\u00c9crit par":"Julie","Dur\u00e9e de lecture estim\u00e9e":"1 minute"},"schema":{"@context":"https:\/\/schema.org","@graph":[{"@type":"Article","@id":"https:\/\/www.altercampagne.net\/?p=11704#article","isPartOf":{"@id":"https:\/\/www.altercampagne.net\/?p=11704"},"author":{"name":"Julie","@id":"https:\/\/www.altercampagne.net\/#\/schema\/person\/ea52458af5ca10d56e01a1b53249ddc4"},"headline":"L&rsquo;AlterTour passe \u00e0 Paris !","datePublished":"2018-07-23T18:29:21+00:00","dateModified":"2018-08-09T14:32:37+00:00","mainEntityOfPage":{"@id":"https:\/\/www.altercampagne.net\/?p=11704"},"wordCount":272,"image":{"@id":"https:\/\/www.altercampagne.net\/?p=11704#primaryimage"},"thumbnailUrl":"https:\/\/www.altercampagne.net\/wp-content\/uploads\/2018\/07\/AT2018-Marmites-volantes-2018-07-24-25_Altertour-JSubiry-1jpg.jpg","keywords":["marmites volantes","Montreuil","Murs \u00e0 P\u00eaches","gentilly","\u00eelot vert","b\u00e9tonisation"],"articleSection":["Alimentation","\u00c9conomie","\u00c9dition 2018","\u00cele-de-France","Environnement"],"inLanguage":"fr-FR"},{"@type":"WebPage","@id":"https:\/\/www.altercampagne.net\/?p=11704","url":"https:\/\/www.altercampagne.net\/?p=11704","name":"L'AlterTour passe \u00e0 Paris ! - AlterTour","isPartOf":{"@id":"https:\/\/www.altercampagne.net\/#website"},"primaryImageOfPage":{"@id":"https:\/\/www.altercampagne.net\/?p=11704#primaryimage"},"image":{"@id":"https:\/\/www.altercampagne.net\/?p=11704#primaryimage"},"thumbnailUrl":"https:\/\/www.altercampagne.net\/wp-content\/uploads\/2018\/07\/AT2018-Marmites-volantes-2018-07-24-25_Altertour-JSubiry-1jpg.jpg","datePublished":"2018-07-23T18:29:21+00:00","dateModified":"2018-08-09T14:32:37+00:00","author":{"@id":"https:\/\/www.altercampagne.net\/#\/schema\/person\/ea52458af5ca10d56e01a1b53249ddc4"},"breadcrumb":{"@id":"https:\/\/www.altercampagne.net\/?p=11704#breadcrumb"},"inLanguage":"fr-FR","potentialAction":[{"@type":"ReadAction","target":["https:\/\/www.altercampagne.net\/?p=11704"]}]},{"@type":"ImageObject","inLanguage":"fr-FR","@id":"https:\/\/www.altercampagne.net\/?p=11704#primaryimage","url":"https:\/\/www.altercampagne.net\/wp-content\/uploads\/2018\/07\/AT2018-Marmites-volantes-2018-07-24-25_Altertour-JSubiry-1jpg.jpg","contentUrl":"https:\/\/www.altercampagne.net\/wp-content\/uploads\/2018\/07\/AT2018-Marmites-volantes-2018-07-24-25_Altertour-JSubiry-1jpg.jpg","width":900,"height":471},{"@type":"BreadcrumbList","@id":"https:\/\/www.altercampagne.net\/?p=11704#breadcrumb","itemListElement":[{"@type":"ListItem","position":1,"name":"Accueil","item":"https:\/\/www.altercampagne.net\/"},{"@type":"ListItem","position":2,"name":"L&rsquo;AlterTour passe \u00e0 Paris !"}]},{"@type":"WebSite","@id":"https:\/\/www.altercampagne.net\/#website","url":"https:\/\/www.altercampagne.net\/","name":"AlterTour","description":"Reliez les Alternatives \u00e0 v\u00e9lo","potentialAction":[{"@type":"SearchAction","target":{"@type":"EntryPoint","urlTemplate":"https:\/\/www.altercampagne.net\/?s={search_term_string}"},"query-input":{"@type":"PropertyValueSpecification","valueRequired":true,"valueName":"search_term_string"}}],"inLanguage":"fr-FR"},{"@type":"Person","@id":"https:\/\/www.altercampagne.net\/#\/schema\/person\/ea52458af5ca10d56e01a1b53249ddc4","name":"Julie","image":{"@type":"ImageObject","inLanguage":"fr-FR","@id":"https:\/\/secure.gravatar.com\/avatar\/33c4c11c34e0f9cccad9f436c1a60f900028dcdb26df84756951418faf70fa39?s=96&d=mm&r=g","url":"https:\/\/secure.gravatar.com\/avatar\/33c4c11c34e0f9cccad9f436c1a60f900028dcdb26df84756951418faf70fa39?s=96&d=mm&r=g","contentUrl":"https:\/\/secure.gravatar.com\/avatar\/33c4c11c34e0f9cccad9f436c1a60f900028dcdb26df84756951418faf70fa39?s=96&d=mm&r=g","caption":"Julie"},"url":"https:\/\/www.altercampagne.net\/?author=192"}]}},"_links":{"self":[{"href":"https:\/\/www.altercampagne.net\/index.php?rest_route=\/wp\/v2\/posts\/11704","targetHints":{"allow":["GET"]}}],"collection":[{"href":"https:\/\/www.altercampagne.net\/index.php?rest_route=\/wp\/v2\/posts"}],"about":[{"href":"https:\/\/www.altercampagne.net\/index.php?rest_route=\/wp\/v2\/types\/post"}],"author":[{"embeddable":true,"href":"https:\/\/www.altercampagne.net\/index.php?rest_route=\/wp\/v2\/users\/192"}],"replies":[{"embeddable":true,"href":"https:\/\/www.altercampagne.net\/index.php?rest_route=%2Fwp%2Fv2%2Fcomments&post=11704"}],"version-history":[{"count":0,"href":"https:\/\/www.altercampagne.net\/index.php?rest_route=\/wp\/v2\/posts\/11704\/revisions"}],"wp:featuredmedia":[{"embeddable":true,"href":"https:\/\/www.altercampagne.net\/index.php?rest_route=\/wp\/v2\/media\/11807"}],"wp:attachment":[{"href":"https:\/\/www.altercampagne.net\/index.php?rest_route=%2Fwp%2Fv2%2Fmedia&parent=11704"}],"wp:term":[{"taxonomy":"category","embeddable":true,"href":"https:\/\/www.altercampagne.net\/index.php?rest_route=%2Fwp%2Fv2%2Fcategories&post=11704"},{"taxonomy":"post_tag","embeddable":true,"href":"https:\/\/www.altercampagne.net\/index.php?rest_route=%2Fwp%2Fv2%2Ftags&post=11704"}],"curies":[{"name":"wp","href":"https:\/\/api.w.org\/{rel}","templated":true}]}}