{"id":11712,"date":"2018-07-17T10:15:43","date_gmt":"2018-07-17T08:15:43","guid":{"rendered":"http:\/\/www.altercampagne.net\/?p=11712"},"modified":"2018-08-12T23:56:05","modified_gmt":"2018-08-12T21:56:05","slug":"laltertour-a-lessertival","status":"publish","type":"post","link":"https:\/\/www.altercampagne.net\/?p=11712","title":{"rendered":"L&rsquo;AlterTour \u00e0 l&rsquo;Essertival"},"content":{"rendered":"<h5>De l&rsquo;initiative locale au changement global<\/h5>\n<div>Ce matin les altercyclistes se sont lev\u00e9s t\u00f4t pour aller \u00e0 la rencontre de <strong><a href=\"http:\/\/www.altercampagne.net\/?p=11498\" target=\"_blank\" rel=\"noopener\">Fran\u00e7ois Ruffin et de l&rsquo;\u00e9quipe de Fakir<\/a>.<\/strong><\/div>\n<div><\/div>\n<div>Apr\u00e8s les pr\u00e9sentations, Fran\u00e7ois Ruffin a parl\u00e9 du sujet \u00ab\u00a0qu&rsquo;il a dans le ventre\u00a0\u00bb : les conditions de prises en charge des patients dans les h\u00f4pitaux psychiatriques de la r\u00e9gion (chambres surpeupl\u00e9s, soignants qui s&rsquo;\u00e9puise) pour le mettre au regard de l&rsquo;axe de r\u00e9flexion de l&rsquo;AlterTour \u00ab\u00a0violence des pouvoirs, puissance des vouloirs\u00a0\u00bb.<\/div>\n<div><\/div>\n<div>Pour lui, les changements et initiatives \u00e0 petite \u00e9chelle sont importants. Cependant pour un changement global il est n\u00e9cessaire qu&rsquo;ils s&rsquo;accompagnent par une volont\u00e9 politique.<\/div>\n<h5><\/h5>\n<div><a href=\"http:\/\/www.altercampagne.net\/wp-content\/uploads\/2018\/07\/AT_Amiens_Ruffin-copie.jpg\"><img loading=\"lazy\" decoding=\"async\" class=\"alignnone wp-image-11713 size-full\" src=\"http:\/\/www.altercampagne.net\/wp-content\/uploads\/2018\/07\/AT_Amiens_Ruffin-copie.jpg\" alt=\"\" width=\"992\" height=\"472\" srcset=\"https:\/\/www.altercampagne.net\/wp-content\/uploads\/2018\/07\/AT_Amiens_Ruffin-copie.jpg 992w, https:\/\/www.altercampagne.net\/wp-content\/uploads\/2018\/07\/AT_Amiens_Ruffin-copie-300x143.jpg 300w, https:\/\/www.altercampagne.net\/wp-content\/uploads\/2018\/07\/AT_Amiens_Ruffin-copie-768x365.jpg 768w, https:\/\/www.altercampagne.net\/wp-content\/uploads\/2018\/07\/AT_Amiens_Ruffin-copie-610x290.jpg 610w, https:\/\/www.altercampagne.net\/wp-content\/uploads\/2018\/07\/AT_Amiens_Ruffin-copie-100x48.jpg 100w, https:\/\/www.altercampagne.net\/wp-content\/uploads\/2018\/07\/AT_Amiens_Ruffin-copie-862x410.jpg 862w\" sizes=\"auto, (max-width: 992px) 100vw, 992px\" \/><\/a><\/div>\n<h5>L&rsquo;Essertival : la culture l\u00e0 o\u00f9 on ne l&rsquo;attend pas<\/h5>\n<div>Apr\u00e8s cet \u00e9change, quelques kilom\u00e8tres, un sauvetage de chien, un bon repas, la d\u00e9couverte de la gare de Croissy et un sacr\u00e9 faux-plat, les altercyclistes se sont arr\u00eat\u00e9s \u00e0 <a href=\"http:\/\/les-esserres.net\" target=\"_blank\" rel=\"noopener\"><strong>l&rsquo;Essertival<\/strong><\/a>.\u00a0\u00c0 la base une entreprise familiale des ann\u00e9es 70,\u00a0 le lieu a \u00e9t\u00e9 repris en 1999 par les descendants sous forme associative, pour en faire un lieu de vie culturel.<\/div>\n<div><\/div>\n<div>Au rythme de diff\u00e9rents \u00e9v\u00e8nements, des artistes de tous horizons viennent s&rsquo;exprimer lors de festivals. Ils transportent le lieu par leur musique et le transforme par leurs cr\u00e9ations. \u00c0 d&rsquo;autres occasions l&rsquo;Essertival ouvre ses portes comme lors de notre accueil autour d&rsquo;un agr\u00e9able repas et d&rsquo;un concert priv\u00e9 de Massto.<\/div>\n<h5><\/h5>\n<p>Laure &amp; Thibaut<\/p>\n<div>\n<h5><a href=\"http:\/\/www.altercampagne.net\/wp-content\/uploads\/2018\/07\/2018-07-16-LesEsserts-1.jpg\"><img loading=\"lazy\" decoding=\"async\" class=\"wp-image-11726 size-full aligncenter\" src=\"http:\/\/www.altercampagne.net\/wp-content\/uploads\/2018\/07\/2018-07-16-LesEsserts-1.jpg\" alt=\"\" width=\"432\" height=\"768\" srcset=\"https:\/\/www.altercampagne.net\/wp-content\/uploads\/2018\/07\/2018-07-16-LesEsserts-1.jpg 432w, https:\/\/www.altercampagne.net\/wp-content\/uploads\/2018\/07\/2018-07-16-LesEsserts-1-169x300.jpg 169w, https:\/\/www.altercampagne.net\/wp-content\/uploads\/2018\/07\/2018-07-16-LesEsserts-1-100x178.jpg 100w\" sizes=\"auto, (max-width: 432px) 100vw, 432px\" \/><\/a><\/h5>\n<\/div>\n<div><\/div>\n","protected":false},"excerpt":{"rendered":"<p>De l&rsquo;initiative locale au changement global Ce matin les altercyclistes se sont lev\u00e9s t\u00f4t pour aller \u00e0 la rencontre de Fran\u00e7ois Ruffin et de l&rsquo;\u00e9quipe de Fakir. Apr\u00e8s les pr\u00e9sentations, Fran\u00e7ois Ruffin a parl\u00e9 du sujet \u00ab\u00a0qu&rsquo;il a dans le ventre\u00a0\u00bb : les conditions de prises en charge des patients &#8230; <\/p>\n<div><a href=\"https:\/\/www.altercampagne.net\/?p=11712\" class=\"more-link\">Read More<\/a><\/div>\n","protected":false},"author":192,"featured_media":11714,"comment_status":"closed","ping_status":"closed","sticky":false,"template":"","format":"standard","meta":{"footnotes":""},"categories":[3490,3470,3476],"tags":[3353,3381,3559,3672,3674,3682,3683,3684],"class_list":["post-11712","post","type-post","status-publish","format-standard","has-post-thumbnail","hentry","category-culture","category-edition-2018","category-hauts-de-france","tag-amiens","tag-hauts-de-france","tag-picardie","tag-ruffin","tag-francois-ruffin","tag-les-esserts","tag-essertival","tag-fakir"],"yoast_head":"<!-- This site is optimized with the Yoast SEO plugin v27.3 - https:\/\/yoast.com\/product\/yoast-seo-wordpress\/ -->\n<title>L&#039;AlterTour \u00e0 l&#039;Essertival - AlterTour<\/title>\n<meta name=\"robots\" content=\"index, follow, max-snippet:-1, max-image-preview:large, max-video-preview:-1\" \/>\n<link rel=\"canonical\" href=\"https:\/\/www.altercampagne.net\/?p=11712\" \/>\n<meta property=\"og:locale\" content=\"fr_FR\" \/>\n<meta property=\"og:type\" content=\"article\" \/>\n<meta property=\"og:title\" content=\"L&#039;AlterTour \u00e0 l&#039;Essertival - AlterTour\" \/>\n<meta property=\"og:description\" content=\"De l&rsquo;initiative locale au changement global Ce matin les altercyclistes se sont lev\u00e9s t\u00f4t pour aller \u00e0 la rencontre de Fran\u00e7ois Ruffin et de l&rsquo;\u00e9quipe de Fakir. Apr\u00e8s les pr\u00e9sentations, Fran\u00e7ois Ruffin a parl\u00e9 du sujet \u00ab\u00a0qu&rsquo;il a dans le ventre\u00a0\u00bb : les conditions de prises en charge des patients ... Read More\" \/>\n<meta property=\"og:url\" content=\"https:\/\/www.altercampagne.net\/?p=11712\" \/>\n<meta property=\"og:site_name\" content=\"AlterTour\" \/>\n<meta property=\"article:published_time\" content=\"2018-07-17T08:15:43+00:00\" \/>\n<meta property=\"article:modified_time\" content=\"2018-08-12T21:56:05+00:00\" \/>\n<meta property=\"og:image\" content=\"https:\/\/www.altercampagne.net\/wp-content\/uploads\/2018\/07\/2018-08-16-Essertival.jpg\" \/>\n\t<meta property=\"og:image:width\" content=\"768\" \/>\n\t<meta property=\"og:image:height\" content=\"432\" \/>\n\t<meta property=\"og:image:type\" content=\"image\/jpeg\" \/>\n<meta name=\"author\" content=\"Julie\" \/>\n<meta name=\"twitter:card\" content=\"summary_large_image\" \/>\n<meta name=\"twitter:label1\" content=\"\u00c9crit par\" \/>\n\t<meta name=\"twitter:data1\" content=\"Julie\" \/>\n\t<meta name=\"twitter:label2\" content=\"Dur\u00e9e de lecture estim\u00e9e\" \/>\n\t<meta name=\"twitter:data2\" content=\"1 minute\" \/>\n<script type=\"application\/ld+json\" class=\"yoast-schema-graph\">{\"@context\":\"https:\\\/\\\/schema.org\",\"@graph\":[{\"@type\":\"Article\",\"@id\":\"https:\\\/\\\/www.altercampagne.net\\\/?p=11712#article\",\"isPartOf\":{\"@id\":\"https:\\\/\\\/www.altercampagne.net\\\/?p=11712\"},\"author\":{\"name\":\"Julie\",\"@id\":\"https:\\\/\\\/www.altercampagne.net\\\/#\\\/schema\\\/person\\\/ea52458af5ca10d56e01a1b53249ddc4\"},\"headline\":\"L&rsquo;AlterTour \u00e0 l&rsquo;Essertival\",\"datePublished\":\"2018-07-17T08:15:43+00:00\",\"dateModified\":\"2018-08-12T21:56:05+00:00\",\"mainEntityOfPage\":{\"@id\":\"https:\\\/\\\/www.altercampagne.net\\\/?p=11712\"},\"wordCount\":259,\"image\":{\"@id\":\"https:\\\/\\\/www.altercampagne.net\\\/?p=11712#primaryimage\"},\"thumbnailUrl\":\"https:\\\/\\\/www.altercampagne.net\\\/wp-content\\\/uploads\\\/2018\\\/07\\\/2018-08-16-Essertival.jpg\",\"keywords\":[\"Amiens\",\"Hauts-de-France\",\"Picardie\",\"Ruffin\",\"Fran\u00e7ois Ruffin\",\"Les Esserts\",\"Essertival\",\"Fakir\"],\"articleSection\":[\"Culture\",\"\u00c9dition 2018\",\"Hauts-de-France\"],\"inLanguage\":\"fr-FR\"},{\"@type\":\"WebPage\",\"@id\":\"https:\\\/\\\/www.altercampagne.net\\\/?p=11712\",\"url\":\"https:\\\/\\\/www.altercampagne.net\\\/?p=11712\",\"name\":\"L'AlterTour \u00e0 l'Essertival - AlterTour\",\"isPartOf\":{\"@id\":\"https:\\\/\\\/www.altercampagne.net\\\/#website\"},\"primaryImageOfPage\":{\"@id\":\"https:\\\/\\\/www.altercampagne.net\\\/?p=11712#primaryimage\"},\"image\":{\"@id\":\"https:\\\/\\\/www.altercampagne.net\\\/?p=11712#primaryimage\"},\"thumbnailUrl\":\"https:\\\/\\\/www.altercampagne.net\\\/wp-content\\\/uploads\\\/2018\\\/07\\\/2018-08-16-Essertival.jpg\",\"datePublished\":\"2018-07-17T08:15:43+00:00\",\"dateModified\":\"2018-08-12T21:56:05+00:00\",\"author\":{\"@id\":\"https:\\\/\\\/www.altercampagne.net\\\/#\\\/schema\\\/person\\\/ea52458af5ca10d56e01a1b53249ddc4\"},\"breadcrumb\":{\"@id\":\"https:\\\/\\\/www.altercampagne.net\\\/?p=11712#breadcrumb\"},\"inLanguage\":\"fr-FR\",\"potentialAction\":[{\"@type\":\"ReadAction\",\"target\":[\"https:\\\/\\\/www.altercampagne.net\\\/?p=11712\"]}]},{\"@type\":\"ImageObject\",\"inLanguage\":\"fr-FR\",\"@id\":\"https:\\\/\\\/www.altercampagne.net\\\/?p=11712#primaryimage\",\"url\":\"https:\\\/\\\/www.altercampagne.net\\\/wp-content\\\/uploads\\\/2018\\\/07\\\/2018-08-16-Essertival.jpg\",\"contentUrl\":\"https:\\\/\\\/www.altercampagne.net\\\/wp-content\\\/uploads\\\/2018\\\/07\\\/2018-08-16-Essertival.jpg\",\"width\":768,\"height\":432},{\"@type\":\"BreadcrumbList\",\"@id\":\"https:\\\/\\\/www.altercampagne.net\\\/?p=11712#breadcrumb\",\"itemListElement\":[{\"@type\":\"ListItem\",\"position\":1,\"name\":\"Accueil\",\"item\":\"https:\\\/\\\/www.altercampagne.net\\\/\"},{\"@type\":\"ListItem\",\"position\":2,\"name\":\"L&rsquo;AlterTour \u00e0 l&rsquo;Essertival\"}]},{\"@type\":\"WebSite\",\"@id\":\"https:\\\/\\\/www.altercampagne.net\\\/#website\",\"url\":\"https:\\\/\\\/www.altercampagne.net\\\/\",\"name\":\"AlterTour\",\"description\":\"Reliez les Alternatives \u00e0 v\u00e9lo\",\"potentialAction\":[{\"@type\":\"SearchAction\",\"target\":{\"@type\":\"EntryPoint\",\"urlTemplate\":\"https:\\\/\\\/www.altercampagne.net\\\/?s={search_term_string}\"},\"query-input\":{\"@type\":\"PropertyValueSpecification\",\"valueRequired\":true,\"valueName\":\"search_term_string\"}}],\"inLanguage\":\"fr-FR\"},{\"@type\":\"Person\",\"@id\":\"https:\\\/\\\/www.altercampagne.net\\\/#\\\/schema\\\/person\\\/ea52458af5ca10d56e01a1b53249ddc4\",\"name\":\"Julie\",\"image\":{\"@type\":\"ImageObject\",\"inLanguage\":\"fr-FR\",\"@id\":\"https:\\\/\\\/secure.gravatar.com\\\/avatar\\\/33c4c11c34e0f9cccad9f436c1a60f900028dcdb26df84756951418faf70fa39?s=96&d=mm&r=g\",\"url\":\"https:\\\/\\\/secure.gravatar.com\\\/avatar\\\/33c4c11c34e0f9cccad9f436c1a60f900028dcdb26df84756951418faf70fa39?s=96&d=mm&r=g\",\"contentUrl\":\"https:\\\/\\\/secure.gravatar.com\\\/avatar\\\/33c4c11c34e0f9cccad9f436c1a60f900028dcdb26df84756951418faf70fa39?s=96&d=mm&r=g\",\"caption\":\"Julie\"},\"url\":\"https:\\\/\\\/www.altercampagne.net\\\/?author=192\"}]}<\/script>\n<!-- \/ Yoast SEO plugin. -->","yoast_head_json":{"title":"L'AlterTour \u00e0 l'Essertival - AlterTour","robots":{"index":"index","follow":"follow","max-snippet":"max-snippet:-1","max-image-preview":"max-image-preview:large","max-video-preview":"max-video-preview:-1"},"canonical":"https:\/\/www.altercampagne.net\/?p=11712","og_locale":"fr_FR","og_type":"article","og_title":"L'AlterTour \u00e0 l'Essertival - AlterTour","og_description":"De l&rsquo;initiative locale au changement global Ce matin les altercyclistes se sont lev\u00e9s t\u00f4t pour aller \u00e0 la rencontre de Fran\u00e7ois Ruffin et de l&rsquo;\u00e9quipe de Fakir. Apr\u00e8s les pr\u00e9sentations, Fran\u00e7ois Ruffin a parl\u00e9 du sujet \u00ab\u00a0qu&rsquo;il a dans le ventre\u00a0\u00bb : les conditions de prises en charge des patients ... Read More","og_url":"https:\/\/www.altercampagne.net\/?p=11712","og_site_name":"AlterTour","article_published_time":"2018-07-17T08:15:43+00:00","article_modified_time":"2018-08-12T21:56:05+00:00","og_image":[{"width":768,"height":432,"url":"https:\/\/www.altercampagne.net\/wp-content\/uploads\/2018\/07\/2018-08-16-Essertival.jpg","type":"image\/jpeg"}],"author":"Julie","twitter_card":"summary_large_image","twitter_misc":{"\u00c9crit par":"Julie","Dur\u00e9e de lecture estim\u00e9e":"1 minute"},"schema":{"@context":"https:\/\/schema.org","@graph":[{"@type":"Article","@id":"https:\/\/www.altercampagne.net\/?p=11712#article","isPartOf":{"@id":"https:\/\/www.altercampagne.net\/?p=11712"},"author":{"name":"Julie","@id":"https:\/\/www.altercampagne.net\/#\/schema\/person\/ea52458af5ca10d56e01a1b53249ddc4"},"headline":"L&rsquo;AlterTour \u00e0 l&rsquo;Essertival","datePublished":"2018-07-17T08:15:43+00:00","dateModified":"2018-08-12T21:56:05+00:00","mainEntityOfPage":{"@id":"https:\/\/www.altercampagne.net\/?p=11712"},"wordCount":259,"image":{"@id":"https:\/\/www.altercampagne.net\/?p=11712#primaryimage"},"thumbnailUrl":"https:\/\/www.altercampagne.net\/wp-content\/uploads\/2018\/07\/2018-08-16-Essertival.jpg","keywords":["Amiens","Hauts-de-France","Picardie","Ruffin","Fran\u00e7ois Ruffin","Les Esserts","Essertival","Fakir"],"articleSection":["Culture","\u00c9dition 2018","Hauts-de-France"],"inLanguage":"fr-FR"},{"@type":"WebPage","@id":"https:\/\/www.altercampagne.net\/?p=11712","url":"https:\/\/www.altercampagne.net\/?p=11712","name":"L'AlterTour \u00e0 l'Essertival - AlterTour","isPartOf":{"@id":"https:\/\/www.altercampagne.net\/#website"},"primaryImageOfPage":{"@id":"https:\/\/www.altercampagne.net\/?p=11712#primaryimage"},"image":{"@id":"https:\/\/www.altercampagne.net\/?p=11712#primaryimage"},"thumbnailUrl":"https:\/\/www.altercampagne.net\/wp-content\/uploads\/2018\/07\/2018-08-16-Essertival.jpg","datePublished":"2018-07-17T08:15:43+00:00","dateModified":"2018-08-12T21:56:05+00:00","author":{"@id":"https:\/\/www.altercampagne.net\/#\/schema\/person\/ea52458af5ca10d56e01a1b53249ddc4"},"breadcrumb":{"@id":"https:\/\/www.altercampagne.net\/?p=11712#breadcrumb"},"inLanguage":"fr-FR","potentialAction":[{"@type":"ReadAction","target":["https:\/\/www.altercampagne.net\/?p=11712"]}]},{"@type":"ImageObject","inLanguage":"fr-FR","@id":"https:\/\/www.altercampagne.net\/?p=11712#primaryimage","url":"https:\/\/www.altercampagne.net\/wp-content\/uploads\/2018\/07\/2018-08-16-Essertival.jpg","contentUrl":"https:\/\/www.altercampagne.net\/wp-content\/uploads\/2018\/07\/2018-08-16-Essertival.jpg","width":768,"height":432},{"@type":"BreadcrumbList","@id":"https:\/\/www.altercampagne.net\/?p=11712#breadcrumb","itemListElement":[{"@type":"ListItem","position":1,"name":"Accueil","item":"https:\/\/www.altercampagne.net\/"},{"@type":"ListItem","position":2,"name":"L&rsquo;AlterTour \u00e0 l&rsquo;Essertival"}]},{"@type":"WebSite","@id":"https:\/\/www.altercampagne.net\/#website","url":"https:\/\/www.altercampagne.net\/","name":"AlterTour","description":"Reliez les Alternatives \u00e0 v\u00e9lo","potentialAction":[{"@type":"SearchAction","target":{"@type":"EntryPoint","urlTemplate":"https:\/\/www.altercampagne.net\/?s={search_term_string}"},"query-input":{"@type":"PropertyValueSpecification","valueRequired":true,"valueName":"search_term_string"}}],"inLanguage":"fr-FR"},{"@type":"Person","@id":"https:\/\/www.altercampagne.net\/#\/schema\/person\/ea52458af5ca10d56e01a1b53249ddc4","name":"Julie","image":{"@type":"ImageObject","inLanguage":"fr-FR","@id":"https:\/\/secure.gravatar.com\/avatar\/33c4c11c34e0f9cccad9f436c1a60f900028dcdb26df84756951418faf70fa39?s=96&d=mm&r=g","url":"https:\/\/secure.gravatar.com\/avatar\/33c4c11c34e0f9cccad9f436c1a60f900028dcdb26df84756951418faf70fa39?s=96&d=mm&r=g","contentUrl":"https:\/\/secure.gravatar.com\/avatar\/33c4c11c34e0f9cccad9f436c1a60f900028dcdb26df84756951418faf70fa39?s=96&d=mm&r=g","caption":"Julie"},"url":"https:\/\/www.altercampagne.net\/?author=192"}]}},"_links":{"self":[{"href":"https:\/\/www.altercampagne.net\/index.php?rest_route=\/wp\/v2\/posts\/11712","targetHints":{"allow":["GET"]}}],"collection":[{"href":"https:\/\/www.altercampagne.net\/index.php?rest_route=\/wp\/v2\/posts"}],"about":[{"href":"https:\/\/www.altercampagne.net\/index.php?rest_route=\/wp\/v2\/types\/post"}],"author":[{"embeddable":true,"href":"https:\/\/www.altercampagne.net\/index.php?rest_route=\/wp\/v2\/users\/192"}],"replies":[{"embeddable":true,"href":"https:\/\/www.altercampagne.net\/index.php?rest_route=%2Fwp%2Fv2%2Fcomments&post=11712"}],"version-history":[{"count":0,"href":"https:\/\/www.altercampagne.net\/index.php?rest_route=\/wp\/v2\/posts\/11712\/revisions"}],"wp:featuredmedia":[{"embeddable":true,"href":"https:\/\/www.altercampagne.net\/index.php?rest_route=\/wp\/v2\/media\/11714"}],"wp:attachment":[{"href":"https:\/\/www.altercampagne.net\/index.php?rest_route=%2Fwp%2Fv2%2Fmedia&parent=11712"}],"wp:term":[{"taxonomy":"category","embeddable":true,"href":"https:\/\/www.altercampagne.net\/index.php?rest_route=%2Fwp%2Fv2%2Fcategories&post=11712"},{"taxonomy":"post_tag","embeddable":true,"href":"https:\/\/www.altercampagne.net\/index.php?rest_route=%2Fwp%2Fv2%2Ftags&post=11712"}],"curies":[{"name":"wp","href":"https:\/\/api.w.org\/{rel}","templated":true}]}}