{"id":11750,"date":"2018-08-03T20:00:44","date_gmt":"2018-08-03T18:00:44","guid":{"rendered":"http:\/\/www.altercampagne.net\/?p=11750"},"modified":"2018-08-23T17:16:48","modified_gmt":"2018-08-23T15:16:48","slug":"convergence-des-luttes-a-rouen-quand-les-ecolos-rencontrent-les-grevistes","status":"publish","type":"post","link":"https:\/\/www.altercampagne.net\/?p=11750","title":{"rendered":"Convergence des luttes \u00e0 Rouen : quand les \u00e9cologistes visitent les syndicats"},"content":{"rendered":"<p>(Dimanche 22 juillet) Les altercyclistes venus de la campagne normande, rejoignirent Rouen, apr\u00e8s avoir travers\u00e9 pendant vingt kilom\u00e8tres la zone industrielle totalement d\u00e9serte en ce dimanche. D\u00e9filaient autour d&rsquo;eux \u00e0 mesure qu&rsquo;ils p\u00e9dalaient, les impressionnants silos de c\u00e9r\u00e9ales et autres monumentaux r\u00e9ceptacles \u00e0 mati\u00e8res premi\u00e8res. Sans doute ont-ils pu m\u00e9diter, lors de cette interminable procession des infrastructures en b\u00e9ton, sur les ravages de la soci\u00e9t\u00e9 thermo-industrielle. Mais nos \u00e9cologistes allaient bient\u00f4t rencontrer des humains faits de chair et d&rsquo;os qui, tous les matins, se l\u00e8vent pour faire fonctionner ces grosses machines, en troquant leur force de travail contre cette chose qu&rsquo;on appelle l&rsquo;argent. Dans le centre-ville en effet, une rencontre atypique \u00e9tait pr\u00e9vue et nos altercyclistes se retrouv\u00e8rent bient\u00f4t au quartier g\u00e9n\u00e9ral des syndicats de cheminots. Le temps d\u2019un moment d\u2019\u00e9change, \u00a0une petite vingtaine de personnes se m\u00e9lang\u00e8rent\u00a0: militants des syndicats cheminots, de syndicats infirmiers, militants associatifs, citoyens rouennais, \u00e9lu.<\/p>\n<p><a href=\"http:\/\/www.altercampagne.net\/wp-content\/uploads\/2018\/08\/20180722_184622.jpg\"><img loading=\"lazy\" decoding=\"async\" class=\"alignnone size-medium wp-image-11856\" src=\"http:\/\/www.altercampagne.net\/wp-content\/uploads\/2018\/08\/20180722_184622-300x225.jpg\" alt=\"\" width=\"300\" height=\"225\" srcset=\"https:\/\/www.altercampagne.net\/wp-content\/uploads\/2018\/08\/20180722_184622-300x225.jpg 300w, https:\/\/www.altercampagne.net\/wp-content\/uploads\/2018\/08\/20180722_184622-768x576.jpg 768w, https:\/\/www.altercampagne.net\/wp-content\/uploads\/2018\/08\/20180722_184622-1024x768.jpg 1024w, https:\/\/www.altercampagne.net\/wp-content\/uploads\/2018\/08\/20180722_184622-610x458.jpg 610w, https:\/\/www.altercampagne.net\/wp-content\/uploads\/2018\/08\/20180722_184622-100x75.jpg 100w, https:\/\/www.altercampagne.net\/wp-content\/uploads\/2018\/08\/20180722_184622-862x647.jpg 862w, https:\/\/www.altercampagne.net\/wp-content\/uploads\/2018\/08\/20180722_184622-1080x810.jpg 1080w\" sizes=\"auto, (max-width: 300px) 100vw, 300px\" \/><\/a><\/p>\n<p>Apr\u00e8s un rapide tour de table, les syndicats d\u2019infirmiers et de cheminots expliqu\u00e8rent aux altercyclistes leurs luttes respectives, et comment ils tentent de converger contre la destruction organis\u00e9e du service public.<\/p>\n<p><strong>Gr\u00e8ve de la faim \u00e0 l\u2019h\u00f4pital<\/strong><\/p>\n<p>Les infirmiers de l\u2019h\u00f4pital psychiatrique de Rouen nous ont expliqu\u00e9 comment les conditions de travail ont \u00e9volu\u00e9 depuis une dizaine d\u2019ann\u00e9es, vers un management d\u00e9shumanis\u00e9 et comptable, oubliant la priorit\u00e9\u00a0: soigner les personnes. On a remplac\u00e9 l\u2019accueil et l\u2019\u00e9coute du patient par un tableau excel qui calcule tout, sauf les \u00ab bonjour\u00a0\u00bb et les attentions. A bout, les travailleurs se sont mobilis\u00e9s, certains sont all\u00e9s jusqu\u2019\u00e0 entreprendre une gr\u00e8ve de la faim\u00a0: elle durera 18 jours pour certains, leur laissant parfois de graves s\u00e9quelles. Il ne s\u2019agissait m\u00eame pas de demander une revalorisation de salaire mais simplement des conditions normales de travail, la premi\u00e8re revendication \u00e9tant l\u2019ouverture de nouveaux postes. L\u2019objectif\u00a0est aussi bien de pouvoir travailler dignement, que de pouvoir accueillir dignement les personnes. Ils ont fini par arracher une poign\u00e9e d\u2019emploi qui a mis la lutte en sommeil. (Mais 3 jours plus tard, les gestionnaires \u00e9taient de nouveau \u00e0 l\u2019attaque), mais surtout la lutte a fait des petits. On compte aujourd\u2019hui 420 h\u00f4pitaux en lutte dans toute la France.<\/p>\n<p><strong>Gr\u00e8ve \u00e0 la SNCF<\/strong><\/p>\n<p>Puis les cheminots sont revenus sur la lutte nationale, largement m\u00e9diatis\u00e9e, qui s\u2019est conduite depuis plusieurs mois. La r\u00e9forme du statut du cheminot n\u2019est qu\u2019un des aspects. Les agents d\u2019escale, charg\u00e9s de l\u2019accueil et de l\u2019information dans les gares, seront bient\u00f4t remplac\u00e9s par des machines\u00a0: pour l\u2019usager, il deviendra pratiquement impossible de pouvoir parler \u00e0 une personne humaine. Les effectifs du fret quant \u00e0 eux, ont consid\u00e9rablement chut\u00e9 depuis les ann\u00e9es 80, alors m\u00eame que le transport en train est beaucoup moins polluant (un train \u00e9quivaut \u00e0 55 camions). Le syst\u00e8me de la gr\u00e8ve perl\u00e9e a plu \u00e0 une grande majorit\u00e9 (cheminots et usagers), mais cette lutte par intermittence n\u2019a pas favoris\u00e9 le d\u00e9bat par petits groupes. Beaucoup de cheminots participant \u00e0 la gr\u00e8ve se retrouvaient absents aux assembl\u00e9s g\u00e9n\u00e9rales. Depuis, la loi est pass\u00e9e, plusieurs autres d\u00e9crets sont \u00e0 venir, et le taux de gr\u00e9vistes est en baisse depuis juillet.<\/p>\n<p><strong><em>\u00ab\u00a0Le capitaliste ne fabrique pas des bottes pour l\u2019amour des bottes.\u00a0\u00bb<\/em><\/strong><\/p>\n<p>Si les enjeux sont diff\u00e9rents du secteur hospitalier au secteur ferroviaire, la logique qui les traverse semble \u00e9trangement similaire. M\u00eame dans le secteur public, r\u00e9sistants cheminots ou infirmiers sont confront\u00e9s au mouvement de l\u2019accumulation capitaliste, accompli par des \u00eatres \u00e9trangement semblables, parlant, avec le m\u00eame ton polic\u00e9, v\u00eatu des m\u00eames habits, un m\u00eame langage\u00a0abstrait: \u00ab\u00a0imp\u00e9ratif financier\u00a0\u00bb, \u00ab\u00a0contrainte budg\u00e9taire\u00a0\u00bb. A la t\u00e9l\u00e9vision, on entend leurs condisciples v\u00e9n\u00e9rer les m\u00eames dieux, expliquer \u00ab\u00a0avec p\u00e9dagogie\u00a0\u00bb et d\u2019un air convaincu pourquoi nous sommes tous plong\u00e9s dans le m\u00eame bateau, soumis \u00e0 des choses aussi \u00ab\u00a0\u00e9videntes\u00a0\u00bb que la \u00ab\u00a0loi du march\u00e9\u00a0\u00bb, \u00ab\u00a0la concurrence\u00a0\u00bb et \u00ab\u00a0l\u2019imp\u00e9ratif de croissance\u00a0\u00bb. \u00a0Tous ces \u00eatres semblables, ces gestionnaires, se remplacent si bien, qu\u2019on en viendrait presqu\u2019\u00e0 se demander si leur rouleau compresseur financier, qui d\u00e9vaste nos vies et an\u00e9antit la plan\u00e8te, est vraiment une affaire de personne. On a beau mettre quelques banquiers en prison, cela ne change rien \u00e0 l\u2019affaire.<\/p>\n<p><a href=\"http:\/\/www.altercampagne.net\/wp-content\/uploads\/2018\/08\/20180722_185244.jpg\"><img loading=\"lazy\" decoding=\"async\" class=\"alignnone size-medium wp-image-11857\" src=\"http:\/\/www.altercampagne.net\/wp-content\/uploads\/2018\/08\/20180722_185244-300x225.jpg\" alt=\"\" width=\"300\" height=\"225\" srcset=\"https:\/\/www.altercampagne.net\/wp-content\/uploads\/2018\/08\/20180722_185244-300x225.jpg 300w, https:\/\/www.altercampagne.net\/wp-content\/uploads\/2018\/08\/20180722_185244-768x576.jpg 768w, https:\/\/www.altercampagne.net\/wp-content\/uploads\/2018\/08\/20180722_185244-1024x768.jpg 1024w, https:\/\/www.altercampagne.net\/wp-content\/uploads\/2018\/08\/20180722_185244-610x458.jpg 610w, https:\/\/www.altercampagne.net\/wp-content\/uploads\/2018\/08\/20180722_185244-100x75.jpg 100w, https:\/\/www.altercampagne.net\/wp-content\/uploads\/2018\/08\/20180722_185244-862x647.jpg 862w, https:\/\/www.altercampagne.net\/wp-content\/uploads\/2018\/08\/20180722_185244-1080x810.jpg 1080w\" sizes=\"auto, (max-width: 300px) 100vw, 300px\" \/><\/a><\/p>\n<p><strong><em>\u00ab Un monde \u00e0 gagner\u00a0\u00bb<\/em><\/strong><\/p>\n<p>Alors ce n\u2019est pas un hasard si, militants de la cause sociale rencontraient aujourd\u2019hui ceux de la cause \u00e9cologique. Les uns et les autres trouvent\u00a0 en face d\u2019eux les m\u00eames fous, emp\u00eatr\u00e9s dans leur logique guerri\u00e8re et f\u00e9tichiste du \u00a0\u00ab\u00a0si on n\u2019avance pas, on recule\u00a0\u00bb. Jusqu\u2019o\u00f9 allons-nous continuer \u00e0 vouloir faire avec ces inconscients?\u00a0 Nous ne sommes pas condamn\u00e9s \u00e0 mourir de faim \u00e0 la prochaine crise financi\u00e8re au milieu des montagnes de marchandises. Mais pr\u00e9cis\u00e9ment, la rencontre de ce dimanche est un signe de plus qu\u2019il ne faut plus grand-chose, pour que les diff\u00e9rentes esp\u00e8ces de militants encore sp\u00e9cialis\u00e9s, se reconnaissent bient\u00f4t comme des militants tout court, et se r\u00e9unissent entre citoyens responsables, soucieux de leur devenir, pr\u00eats \u00e0 prendre leur destin en main pour construire un nouveau monde.<\/p>\n<p>Louise<\/p>\n","protected":false},"excerpt":{"rendered":"<p>(Dimanche 22 juillet) Les altercyclistes venus de la campagne normande, rejoignirent Rouen, apr\u00e8s avoir travers\u00e9 pendant vingt kilom\u00e8tres la zone industrielle totalement d\u00e9serte en ce dimanche. D\u00e9filaient autour d&rsquo;eux \u00e0 mesure qu&rsquo;ils p\u00e9dalaient, les impressionnants silos de c\u00e9r\u00e9ales et autres monumentaux r\u00e9ceptacles \u00e0 mati\u00e8res premi\u00e8res. Sans doute ont-ils pu m\u00e9diter, &#8230; <\/p>\n<div><a href=\"https:\/\/www.altercampagne.net\/?p=11750\" class=\"more-link\">Read More<\/a><\/div>\n","protected":false},"author":178,"featured_media":0,"comment_status":"closed","ping_status":"closed","sticky":false,"template":"","format":"standard","meta":{"footnotes":""},"categories":[3231,3484,3470,3486,3478,3542,3488,3540],"tags":[1108,3685,3686,3687],"class_list":["post-11750","post","type-post","status-publish","format-standard","hentry","category-echappee-belle","category-economie","category-edition-2018","category-environnement","category-normandie","category-lutte","category-social","category-transverse","tag-luttes-sociales","tag-convergence-des-luttes","tag-economie-politique","tag-greves","no-post-thumbnail"],"yoast_head":"<!-- This site is optimized with the Yoast SEO plugin v27.3 - https:\/\/yoast.com\/product\/yoast-seo-wordpress\/ -->\n<title>Convergence des luttes \u00e0 Rouen : quand les \u00e9cologistes visitent les syndicats - AlterTour<\/title>\n<meta name=\"robots\" content=\"index, follow, max-snippet:-1, max-image-preview:large, max-video-preview:-1\" \/>\n<link rel=\"canonical\" href=\"https:\/\/www.altercampagne.net\/?p=11750\" \/>\n<meta property=\"og:locale\" content=\"fr_FR\" \/>\n<meta property=\"og:type\" content=\"article\" \/>\n<meta property=\"og:title\" content=\"Convergence des luttes \u00e0 Rouen : quand les \u00e9cologistes visitent les syndicats - AlterTour\" \/>\n<meta property=\"og:description\" content=\"(Dimanche 22 juillet) Les altercyclistes venus de la campagne normande, rejoignirent Rouen, apr\u00e8s avoir travers\u00e9 pendant vingt kilom\u00e8tres la zone industrielle totalement d\u00e9serte en ce dimanche. D\u00e9filaient autour d&rsquo;eux \u00e0 mesure qu&rsquo;ils p\u00e9dalaient, les impressionnants silos de c\u00e9r\u00e9ales et autres monumentaux r\u00e9ceptacles \u00e0 mati\u00e8res premi\u00e8res. Sans doute ont-ils pu m\u00e9diter, ... Read More\" \/>\n<meta property=\"og:url\" content=\"https:\/\/www.altercampagne.net\/?p=11750\" \/>\n<meta property=\"og:site_name\" content=\"AlterTour\" \/>\n<meta property=\"article:published_time\" content=\"2018-08-03T18:00:44+00:00\" \/>\n<meta property=\"article:modified_time\" content=\"2018-08-23T15:16:48+00:00\" \/>\n<meta property=\"og:image\" content=\"http:\/\/www.altercampagne.net\/wp-content\/uploads\/2018\/08\/20180722_184622-300x225.jpg\" \/>\n<meta name=\"author\" content=\"Dominique M\" \/>\n<meta name=\"twitter:card\" content=\"summary_large_image\" \/>\n<meta name=\"twitter:label1\" content=\"\u00c9crit par\" \/>\n\t<meta name=\"twitter:data1\" content=\"Dominique M\" \/>\n\t<meta name=\"twitter:label2\" content=\"Dur\u00e9e de lecture estim\u00e9e\" \/>\n\t<meta name=\"twitter:data2\" content=\"5 minutes\" \/>\n<script type=\"application\/ld+json\" class=\"yoast-schema-graph\">{\"@context\":\"https:\\\/\\\/schema.org\",\"@graph\":[{\"@type\":\"Article\",\"@id\":\"https:\\\/\\\/www.altercampagne.net\\\/?p=11750#article\",\"isPartOf\":{\"@id\":\"https:\\\/\\\/www.altercampagne.net\\\/?p=11750\"},\"author\":{\"name\":\"Dominique M\",\"@id\":\"https:\\\/\\\/www.altercampagne.net\\\/#\\\/schema\\\/person\\\/e48dab7c07a339fab9ba06f93515f6b8\"},\"headline\":\"Convergence des luttes \u00e0 Rouen : quand les \u00e9cologistes visitent les syndicats\",\"datePublished\":\"2018-08-03T18:00:44+00:00\",\"dateModified\":\"2018-08-23T15:16:48+00:00\",\"mainEntityOfPage\":{\"@id\":\"https:\\\/\\\/www.altercampagne.net\\\/?p=11750\"},\"wordCount\":932,\"image\":{\"@id\":\"https:\\\/\\\/www.altercampagne.net\\\/?p=11750#primaryimage\"},\"thumbnailUrl\":\"http:\\\/\\\/www.altercampagne.net\\\/wp-content\\\/uploads\\\/2018\\\/08\\\/20180722_184622-300x225.jpg\",\"keywords\":[\"luttes sociales\",\"convergence des luttes\",\"\u00e9conomie politique\",\"gr\u00e8ves\"],\"articleSection\":[\"Echapp\u00e9e Belle\",\"\u00c9conomie\",\"\u00c9dition 2018\",\"Environnement\",\"Normandie\",\"Lutte\",\"Social\",\"Transverse\"],\"inLanguage\":\"fr-FR\"},{\"@type\":\"WebPage\",\"@id\":\"https:\\\/\\\/www.altercampagne.net\\\/?p=11750\",\"url\":\"https:\\\/\\\/www.altercampagne.net\\\/?p=11750\",\"name\":\"Convergence des luttes \u00e0 Rouen : quand les \u00e9cologistes visitent les syndicats - AlterTour\",\"isPartOf\":{\"@id\":\"https:\\\/\\\/www.altercampagne.net\\\/#website\"},\"primaryImageOfPage\":{\"@id\":\"https:\\\/\\\/www.altercampagne.net\\\/?p=11750#primaryimage\"},\"image\":{\"@id\":\"https:\\\/\\\/www.altercampagne.net\\\/?p=11750#primaryimage\"},\"thumbnailUrl\":\"http:\\\/\\\/www.altercampagne.net\\\/wp-content\\\/uploads\\\/2018\\\/08\\\/20180722_184622-300x225.jpg\",\"datePublished\":\"2018-08-03T18:00:44+00:00\",\"dateModified\":\"2018-08-23T15:16:48+00:00\",\"author\":{\"@id\":\"https:\\\/\\\/www.altercampagne.net\\\/#\\\/schema\\\/person\\\/e48dab7c07a339fab9ba06f93515f6b8\"},\"breadcrumb\":{\"@id\":\"https:\\\/\\\/www.altercampagne.net\\\/?p=11750#breadcrumb\"},\"inLanguage\":\"fr-FR\",\"potentialAction\":[{\"@type\":\"ReadAction\",\"target\":[\"https:\\\/\\\/www.altercampagne.net\\\/?p=11750\"]}]},{\"@type\":\"ImageObject\",\"inLanguage\":\"fr-FR\",\"@id\":\"https:\\\/\\\/www.altercampagne.net\\\/?p=11750#primaryimage\",\"url\":\"https:\\\/\\\/www.altercampagne.net\\\/wp-content\\\/uploads\\\/2018\\\/08\\\/20180722_184622.jpg\",\"contentUrl\":\"https:\\\/\\\/www.altercampagne.net\\\/wp-content\\\/uploads\\\/2018\\\/08\\\/20180722_184622.jpg\",\"width\":4128,\"height\":3096},{\"@type\":\"BreadcrumbList\",\"@id\":\"https:\\\/\\\/www.altercampagne.net\\\/?p=11750#breadcrumb\",\"itemListElement\":[{\"@type\":\"ListItem\",\"position\":1,\"name\":\"Accueil\",\"item\":\"https:\\\/\\\/www.altercampagne.net\\\/\"},{\"@type\":\"ListItem\",\"position\":2,\"name\":\"Convergence des luttes \u00e0 Rouen : quand les \u00e9cologistes visitent les syndicats\"}]},{\"@type\":\"WebSite\",\"@id\":\"https:\\\/\\\/www.altercampagne.net\\\/#website\",\"url\":\"https:\\\/\\\/www.altercampagne.net\\\/\",\"name\":\"AlterTour\",\"description\":\"Reliez les Alternatives \u00e0 v\u00e9lo\",\"potentialAction\":[{\"@type\":\"SearchAction\",\"target\":{\"@type\":\"EntryPoint\",\"urlTemplate\":\"https:\\\/\\\/www.altercampagne.net\\\/?s={search_term_string}\"},\"query-input\":{\"@type\":\"PropertyValueSpecification\",\"valueRequired\":true,\"valueName\":\"search_term_string\"}}],\"inLanguage\":\"fr-FR\"},{\"@type\":\"Person\",\"@id\":\"https:\\\/\\\/www.altercampagne.net\\\/#\\\/schema\\\/person\\\/e48dab7c07a339fab9ba06f93515f6b8\",\"name\":\"Dominique M\",\"image\":{\"@type\":\"ImageObject\",\"inLanguage\":\"fr-FR\",\"@id\":\"https:\\\/\\\/secure.gravatar.com\\\/avatar\\\/092c57fdc9f39c44abbde0d4097df6625bc4f493de36df80b8a4c0cd8764a2c0?s=96&d=mm&r=g\",\"url\":\"https:\\\/\\\/secure.gravatar.com\\\/avatar\\\/092c57fdc9f39c44abbde0d4097df6625bc4f493de36df80b8a4c0cd8764a2c0?s=96&d=mm&r=g\",\"contentUrl\":\"https:\\\/\\\/secure.gravatar.com\\\/avatar\\\/092c57fdc9f39c44abbde0d4097df6625bc4f493de36df80b8a4c0cd8764a2c0?s=96&d=mm&r=g\",\"caption\":\"Dominique M\"},\"url\":\"https:\\\/\\\/www.altercampagne.net\\\/?author=178\"}]}<\/script>\n<!-- \/ Yoast SEO plugin. -->","yoast_head_json":{"title":"Convergence des luttes \u00e0 Rouen : quand les \u00e9cologistes visitent les syndicats - AlterTour","robots":{"index":"index","follow":"follow","max-snippet":"max-snippet:-1","max-image-preview":"max-image-preview:large","max-video-preview":"max-video-preview:-1"},"canonical":"https:\/\/www.altercampagne.net\/?p=11750","og_locale":"fr_FR","og_type":"article","og_title":"Convergence des luttes \u00e0 Rouen : quand les \u00e9cologistes visitent les syndicats - AlterTour","og_description":"(Dimanche 22 juillet) Les altercyclistes venus de la campagne normande, rejoignirent Rouen, apr\u00e8s avoir travers\u00e9 pendant vingt kilom\u00e8tres la zone industrielle totalement d\u00e9serte en ce dimanche. D\u00e9filaient autour d&rsquo;eux \u00e0 mesure qu&rsquo;ils p\u00e9dalaient, les impressionnants silos de c\u00e9r\u00e9ales et autres monumentaux r\u00e9ceptacles \u00e0 mati\u00e8res premi\u00e8res. Sans doute ont-ils pu m\u00e9diter, ... Read More","og_url":"https:\/\/www.altercampagne.net\/?p=11750","og_site_name":"AlterTour","article_published_time":"2018-08-03T18:00:44+00:00","article_modified_time":"2018-08-23T15:16:48+00:00","og_image":[{"url":"http:\/\/www.altercampagne.net\/wp-content\/uploads\/2018\/08\/20180722_184622-300x225.jpg","type":"","width":"","height":""}],"author":"Dominique M","twitter_card":"summary_large_image","twitter_misc":{"\u00c9crit par":"Dominique M","Dur\u00e9e de lecture estim\u00e9e":"5 minutes"},"schema":{"@context":"https:\/\/schema.org","@graph":[{"@type":"Article","@id":"https:\/\/www.altercampagne.net\/?p=11750#article","isPartOf":{"@id":"https:\/\/www.altercampagne.net\/?p=11750"},"author":{"name":"Dominique M","@id":"https:\/\/www.altercampagne.net\/#\/schema\/person\/e48dab7c07a339fab9ba06f93515f6b8"},"headline":"Convergence des luttes \u00e0 Rouen : quand les \u00e9cologistes visitent les syndicats","datePublished":"2018-08-03T18:00:44+00:00","dateModified":"2018-08-23T15:16:48+00:00","mainEntityOfPage":{"@id":"https:\/\/www.altercampagne.net\/?p=11750"},"wordCount":932,"image":{"@id":"https:\/\/www.altercampagne.net\/?p=11750#primaryimage"},"thumbnailUrl":"http:\/\/www.altercampagne.net\/wp-content\/uploads\/2018\/08\/20180722_184622-300x225.jpg","keywords":["luttes sociales","convergence des luttes","\u00e9conomie politique","gr\u00e8ves"],"articleSection":["Echapp\u00e9e Belle","\u00c9conomie","\u00c9dition 2018","Environnement","Normandie","Lutte","Social","Transverse"],"inLanguage":"fr-FR"},{"@type":"WebPage","@id":"https:\/\/www.altercampagne.net\/?p=11750","url":"https:\/\/www.altercampagne.net\/?p=11750","name":"Convergence des luttes \u00e0 Rouen : quand les \u00e9cologistes visitent les syndicats - AlterTour","isPartOf":{"@id":"https:\/\/www.altercampagne.net\/#website"},"primaryImageOfPage":{"@id":"https:\/\/www.altercampagne.net\/?p=11750#primaryimage"},"image":{"@id":"https:\/\/www.altercampagne.net\/?p=11750#primaryimage"},"thumbnailUrl":"http:\/\/www.altercampagne.net\/wp-content\/uploads\/2018\/08\/20180722_184622-300x225.jpg","datePublished":"2018-08-03T18:00:44+00:00","dateModified":"2018-08-23T15:16:48+00:00","author":{"@id":"https:\/\/www.altercampagne.net\/#\/schema\/person\/e48dab7c07a339fab9ba06f93515f6b8"},"breadcrumb":{"@id":"https:\/\/www.altercampagne.net\/?p=11750#breadcrumb"},"inLanguage":"fr-FR","potentialAction":[{"@type":"ReadAction","target":["https:\/\/www.altercampagne.net\/?p=11750"]}]},{"@type":"ImageObject","inLanguage":"fr-FR","@id":"https:\/\/www.altercampagne.net\/?p=11750#primaryimage","url":"https:\/\/www.altercampagne.net\/wp-content\/uploads\/2018\/08\/20180722_184622.jpg","contentUrl":"https:\/\/www.altercampagne.net\/wp-content\/uploads\/2018\/08\/20180722_184622.jpg","width":4128,"height":3096},{"@type":"BreadcrumbList","@id":"https:\/\/www.altercampagne.net\/?p=11750#breadcrumb","itemListElement":[{"@type":"ListItem","position":1,"name":"Accueil","item":"https:\/\/www.altercampagne.net\/"},{"@type":"ListItem","position":2,"name":"Convergence des luttes \u00e0 Rouen : quand les \u00e9cologistes visitent les syndicats"}]},{"@type":"WebSite","@id":"https:\/\/www.altercampagne.net\/#website","url":"https:\/\/www.altercampagne.net\/","name":"AlterTour","description":"Reliez les Alternatives \u00e0 v\u00e9lo","potentialAction":[{"@type":"SearchAction","target":{"@type":"EntryPoint","urlTemplate":"https:\/\/www.altercampagne.net\/?s={search_term_string}"},"query-input":{"@type":"PropertyValueSpecification","valueRequired":true,"valueName":"search_term_string"}}],"inLanguage":"fr-FR"},{"@type":"Person","@id":"https:\/\/www.altercampagne.net\/#\/schema\/person\/e48dab7c07a339fab9ba06f93515f6b8","name":"Dominique M","image":{"@type":"ImageObject","inLanguage":"fr-FR","@id":"https:\/\/secure.gravatar.com\/avatar\/092c57fdc9f39c44abbde0d4097df6625bc4f493de36df80b8a4c0cd8764a2c0?s=96&d=mm&r=g","url":"https:\/\/secure.gravatar.com\/avatar\/092c57fdc9f39c44abbde0d4097df6625bc4f493de36df80b8a4c0cd8764a2c0?s=96&d=mm&r=g","contentUrl":"https:\/\/secure.gravatar.com\/avatar\/092c57fdc9f39c44abbde0d4097df6625bc4f493de36df80b8a4c0cd8764a2c0?s=96&d=mm&r=g","caption":"Dominique M"},"url":"https:\/\/www.altercampagne.net\/?author=178"}]}},"_links":{"self":[{"href":"https:\/\/www.altercampagne.net\/index.php?rest_route=\/wp\/v2\/posts\/11750","targetHints":{"allow":["GET"]}}],"collection":[{"href":"https:\/\/www.altercampagne.net\/index.php?rest_route=\/wp\/v2\/posts"}],"about":[{"href":"https:\/\/www.altercampagne.net\/index.php?rest_route=\/wp\/v2\/types\/post"}],"author":[{"embeddable":true,"href":"https:\/\/www.altercampagne.net\/index.php?rest_route=\/wp\/v2\/users\/178"}],"replies":[{"embeddable":true,"href":"https:\/\/www.altercampagne.net\/index.php?rest_route=%2Fwp%2Fv2%2Fcomments&post=11750"}],"version-history":[{"count":0,"href":"https:\/\/www.altercampagne.net\/index.php?rest_route=\/wp\/v2\/posts\/11750\/revisions"}],"wp:attachment":[{"href":"https:\/\/www.altercampagne.net\/index.php?rest_route=%2Fwp%2Fv2%2Fmedia&parent=11750"}],"wp:term":[{"taxonomy":"category","embeddable":true,"href":"https:\/\/www.altercampagne.net\/index.php?rest_route=%2Fwp%2Fv2%2Fcategories&post=11750"},{"taxonomy":"post_tag","embeddable":true,"href":"https:\/\/www.altercampagne.net\/index.php?rest_route=%2Fwp%2Fv2%2Ftags&post=11750"}],"curies":[{"name":"wp","href":"https:\/\/api.w.org\/{rel}","templated":true}]}}