{"id":11775,"date":"2018-08-07T20:41:00","date_gmt":"2018-08-07T18:41:00","guid":{"rendered":"http:\/\/www.altercampagne.net\/?p=11775"},"modified":"2018-08-28T18:22:52","modified_gmt":"2018-08-28T16:22:52","slug":"sortir-les-terres-agricoles-de-la-speculation-fonciere","status":"publish","type":"post","link":"https:\/\/www.altercampagne.net\/?p=11775","title":{"rendered":"Sortir les terres agricoles de la sp\u00e9culation fonci\u00e8re"},"content":{"rendered":"<p>Le 7 ao\u00fbt, nous avons roul\u00e9 de Sauvigny \u00e0 Moutrot en Meurthe-et-Moselle (54).<\/p>\n<p>Nous \u00e9tions accueillit dans la Ferme des Grands Jardins de Didier et Nathalie. Install\u00e9 sur pr\u00e8s de 60 hectares, ils \u00e9l\u00e8vent des cochons gascons, des vaches ainsi que de quelques poules et des oies.<\/p>\n<p>A 16h30, des gens du village nous ont rejoints pour visiter la ferme.<\/p>\n<p>Anne-Lise nous a pr\u00e9sent\u00e9 l&rsquo;action de l&rsquo;association Terre de Liens. Celle-ci ach\u00e8te des terres agricoles pour les extraire de la sp\u00e9culation fonci\u00e8re et permettre l&rsquo;installation d&rsquo;agriculteurs bio. A l&rsquo;heure o\u00f9 la demande de produits bio et locaux est de plus en plus forte, l&rsquo;action de Terre de Liens Lorraine va dans le sens de l&rsquo;histoire ! Terre de liens a permis \u00e0 Didier et Nathalie d\u2019acc\u00e9der \u00e0 14 hectares suppl\u00e9mentaires.<\/p>\n<p>Apr\u00e8s avoir vu les diff\u00e9rents animaux de la ferme, Didier nous a propos\u00e9 une balade z\u00e9ro d\u00e9chets le long de la route nationale. En 10 min, sur 300 m\u00e8tre de route nous avons ramass\u00e9 plusieurs kilo de d\u00e9chets. Est-il encore utile de pr\u00e9ciser que la nature de g\u00e9n\u00e8re pas de d\u00e9chets, seul l&rsquo;\u00eatre humain est capable de cette\u00a0 triste performance.<\/p>\n<p>Enfin, nous avons partag\u00e9 un repas avec les habitants du coin, venus pass\u00e9s la soir\u00e9e avec nous. Un groupe de musique d\u2019ici a jou\u00e9 et certains d\u2019entre nous ont dans\u00e9 des danses folks.<\/p>\n<p style=\"text-align: right;\"><strong>Juliette<\/strong><\/p>\n","protected":false},"excerpt":{"rendered":"<p>Le 7 ao\u00fbt, nous avons roul\u00e9 de Sauvigny \u00e0 Moutrot en Meurthe-et-Moselle (54). Nous \u00e9tions accueillit dans la Ferme des Grands Jardins de Didier et Nathalie. Install\u00e9 sur pr\u00e8s de 60 hectares, ils \u00e9l\u00e8vent des cochons gascons, des vaches ainsi que de quelques poules et des oies. A 16h30, des &#8230; <\/p>\n<div><a href=\"https:\/\/www.altercampagne.net\/?p=11775\" class=\"more-link\">Read More<\/a><\/div>\n","protected":false},"author":214,"featured_media":11893,"comment_status":"closed","ping_status":"closed","sticky":false,"template":"","format":"standard","meta":{"footnotes":""},"categories":[3483,3484,3475,3470],"tags":[247,429,1540,3368,3693],"class_list":["post-11775","post","type-post","status-publish","format-standard","has-post-thumbnail","hentry","category-agriculture","category-economie","category-grand-est","category-edition-2018","tag-lorraine","tag-terre-de-liens","tag-meurthe-et-moselle","tag-moutrot","tag-ferme-des-grands-jardins"],"yoast_head":"<!-- This site is optimized with the Yoast SEO plugin v27.3 - https:\/\/yoast.com\/product\/yoast-seo-wordpress\/ -->\n<title>Sortir les terres agricoles de la sp\u00e9culation fonci\u00e8re - AlterTour<\/title>\n<meta name=\"robots\" content=\"index, follow, max-snippet:-1, max-image-preview:large, max-video-preview:-1\" \/>\n<link rel=\"canonical\" href=\"https:\/\/www.altercampagne.net\/?p=11775\" \/>\n<meta property=\"og:locale\" content=\"fr_FR\" \/>\n<meta property=\"og:type\" content=\"article\" \/>\n<meta property=\"og:title\" content=\"Sortir les terres agricoles de la sp\u00e9culation fonci\u00e8re - AlterTour\" \/>\n<meta property=\"og:description\" content=\"Le 7 ao\u00fbt, nous avons roul\u00e9 de Sauvigny \u00e0 Moutrot en Meurthe-et-Moselle (54). Nous \u00e9tions accueillit dans la Ferme des Grands Jardins de Didier et Nathalie. Install\u00e9 sur pr\u00e8s de 60 hectares, ils \u00e9l\u00e8vent des cochons gascons, des vaches ainsi que de quelques poules et des oies. A 16h30, des ... Read More\" \/>\n<meta property=\"og:url\" content=\"https:\/\/www.altercampagne.net\/?p=11775\" \/>\n<meta property=\"og:site_name\" content=\"AlterTour\" \/>\n<meta property=\"article:published_time\" content=\"2018-08-07T18:41:00+00:00\" \/>\n<meta property=\"article:modified_time\" content=\"2018-08-28T16:22:52+00:00\" \/>\n<meta property=\"og:image\" content=\"https:\/\/www.altercampagne.net\/wp-content\/uploads\/2018\/08\/AT2018-ferme-des-grnads-jardins-1-e1601458876581.jpg\" \/>\n\t<meta property=\"og:image:width\" content=\"654\" \/>\n\t<meta property=\"og:image:height\" content=\"343\" \/>\n\t<meta property=\"og:image:type\" content=\"image\/jpeg\" \/>\n<meta name=\"author\" content=\"Mathieu\" \/>\n<meta name=\"twitter:card\" content=\"summary_large_image\" \/>\n<meta name=\"twitter:label1\" content=\"\u00c9crit par\" \/>\n\t<meta name=\"twitter:data1\" content=\"Mathieu\" \/>\n\t<meta name=\"twitter:label2\" content=\"Dur\u00e9e de lecture estim\u00e9e\" \/>\n\t<meta name=\"twitter:data2\" content=\"1 minute\" \/>\n<script type=\"application\/ld+json\" class=\"yoast-schema-graph\">{\"@context\":\"https:\\\/\\\/schema.org\",\"@graph\":[{\"@type\":\"Article\",\"@id\":\"https:\\\/\\\/www.altercampagne.net\\\/?p=11775#article\",\"isPartOf\":{\"@id\":\"https:\\\/\\\/www.altercampagne.net\\\/?p=11775\"},\"author\":{\"name\":\"Mathieu\",\"@id\":\"https:\\\/\\\/www.altercampagne.net\\\/#\\\/schema\\\/person\\\/0f261460c09e430caa0f9bcffa319109\"},\"headline\":\"Sortir les terres agricoles de la sp\u00e9culation fonci\u00e8re\",\"datePublished\":\"2018-08-07T18:41:00+00:00\",\"dateModified\":\"2018-08-28T16:22:52+00:00\",\"mainEntityOfPage\":{\"@id\":\"https:\\\/\\\/www.altercampagne.net\\\/?p=11775\"},\"wordCount\":256,\"image\":{\"@id\":\"https:\\\/\\\/www.altercampagne.net\\\/?p=11775#primaryimage\"},\"thumbnailUrl\":\"https:\\\/\\\/www.altercampagne.net\\\/wp-content\\\/uploads\\\/2018\\\/08\\\/AT2018-ferme-des-grnads-jardins-1-e1601458876581.jpg\",\"keywords\":[\"Lorraine\",\"terre de liens\",\"Meurthe-et-Moselle\",\"Moutrot\",\"Ferme des Grands Jardins\"],\"articleSection\":[\"Agriculture\",\"\u00c9conomie\",\"Grand Est\",\"\u00c9dition 2018\"],\"inLanguage\":\"fr-FR\"},{\"@type\":\"WebPage\",\"@id\":\"https:\\\/\\\/www.altercampagne.net\\\/?p=11775\",\"url\":\"https:\\\/\\\/www.altercampagne.net\\\/?p=11775\",\"name\":\"Sortir les terres agricoles de la sp\u00e9culation fonci\u00e8re - AlterTour\",\"isPartOf\":{\"@id\":\"https:\\\/\\\/www.altercampagne.net\\\/#website\"},\"primaryImageOfPage\":{\"@id\":\"https:\\\/\\\/www.altercampagne.net\\\/?p=11775#primaryimage\"},\"image\":{\"@id\":\"https:\\\/\\\/www.altercampagne.net\\\/?p=11775#primaryimage\"},\"thumbnailUrl\":\"https:\\\/\\\/www.altercampagne.net\\\/wp-content\\\/uploads\\\/2018\\\/08\\\/AT2018-ferme-des-grnads-jardins-1-e1601458876581.jpg\",\"datePublished\":\"2018-08-07T18:41:00+00:00\",\"dateModified\":\"2018-08-28T16:22:52+00:00\",\"author\":{\"@id\":\"https:\\\/\\\/www.altercampagne.net\\\/#\\\/schema\\\/person\\\/0f261460c09e430caa0f9bcffa319109\"},\"breadcrumb\":{\"@id\":\"https:\\\/\\\/www.altercampagne.net\\\/?p=11775#breadcrumb\"},\"inLanguage\":\"fr-FR\",\"potentialAction\":[{\"@type\":\"ReadAction\",\"target\":[\"https:\\\/\\\/www.altercampagne.net\\\/?p=11775\"]}]},{\"@type\":\"ImageObject\",\"inLanguage\":\"fr-FR\",\"@id\":\"https:\\\/\\\/www.altercampagne.net\\\/?p=11775#primaryimage\",\"url\":\"https:\\\/\\\/www.altercampagne.net\\\/wp-content\\\/uploads\\\/2018\\\/08\\\/AT2018-ferme-des-grnads-jardins-1-e1601458876581.jpg\",\"contentUrl\":\"https:\\\/\\\/www.altercampagne.net\\\/wp-content\\\/uploads\\\/2018\\\/08\\\/AT2018-ferme-des-grnads-jardins-1-e1601458876581.jpg\",\"width\":654,\"height\":343},{\"@type\":\"BreadcrumbList\",\"@id\":\"https:\\\/\\\/www.altercampagne.net\\\/?p=11775#breadcrumb\",\"itemListElement\":[{\"@type\":\"ListItem\",\"position\":1,\"name\":\"Accueil\",\"item\":\"https:\\\/\\\/www.altercampagne.net\\\/\"},{\"@type\":\"ListItem\",\"position\":2,\"name\":\"Sortir les terres agricoles de la sp\u00e9culation fonci\u00e8re\"}]},{\"@type\":\"WebSite\",\"@id\":\"https:\\\/\\\/www.altercampagne.net\\\/#website\",\"url\":\"https:\\\/\\\/www.altercampagne.net\\\/\",\"name\":\"AlterTour\",\"description\":\"Reliez les Alternatives \u00e0 v\u00e9lo\",\"potentialAction\":[{\"@type\":\"SearchAction\",\"target\":{\"@type\":\"EntryPoint\",\"urlTemplate\":\"https:\\\/\\\/www.altercampagne.net\\\/?s={search_term_string}\"},\"query-input\":{\"@type\":\"PropertyValueSpecification\",\"valueRequired\":true,\"valueName\":\"search_term_string\"}}],\"inLanguage\":\"fr-FR\"},{\"@type\":\"Person\",\"@id\":\"https:\\\/\\\/www.altercampagne.net\\\/#\\\/schema\\\/person\\\/0f261460c09e430caa0f9bcffa319109\",\"name\":\"Mathieu\",\"image\":{\"@type\":\"ImageObject\",\"inLanguage\":\"fr-FR\",\"@id\":\"https:\\\/\\\/secure.gravatar.com\\\/avatar\\\/aa9d3d24c83f2141e5e2709d0f63d09a99f6be6bb7a50abc4915838d9f54501a?s=96&d=mm&r=g\",\"url\":\"https:\\\/\\\/secure.gravatar.com\\\/avatar\\\/aa9d3d24c83f2141e5e2709d0f63d09a99f6be6bb7a50abc4915838d9f54501a?s=96&d=mm&r=g\",\"contentUrl\":\"https:\\\/\\\/secure.gravatar.com\\\/avatar\\\/aa9d3d24c83f2141e5e2709d0f63d09a99f6be6bb7a50abc4915838d9f54501a?s=96&d=mm&r=g\",\"caption\":\"Mathieu\"},\"url\":\"https:\\\/\\\/www.altercampagne.net\\\/?author=214\"}]}<\/script>\n<!-- \/ Yoast SEO plugin. -->","yoast_head_json":{"title":"Sortir les terres agricoles de la sp\u00e9culation fonci\u00e8re - AlterTour","robots":{"index":"index","follow":"follow","max-snippet":"max-snippet:-1","max-image-preview":"max-image-preview:large","max-video-preview":"max-video-preview:-1"},"canonical":"https:\/\/www.altercampagne.net\/?p=11775","og_locale":"fr_FR","og_type":"article","og_title":"Sortir les terres agricoles de la sp\u00e9culation fonci\u00e8re - AlterTour","og_description":"Le 7 ao\u00fbt, nous avons roul\u00e9 de Sauvigny \u00e0 Moutrot en Meurthe-et-Moselle (54). Nous \u00e9tions accueillit dans la Ferme des Grands Jardins de Didier et Nathalie. Install\u00e9 sur pr\u00e8s de 60 hectares, ils \u00e9l\u00e8vent des cochons gascons, des vaches ainsi que de quelques poules et des oies. A 16h30, des ... Read More","og_url":"https:\/\/www.altercampagne.net\/?p=11775","og_site_name":"AlterTour","article_published_time":"2018-08-07T18:41:00+00:00","article_modified_time":"2018-08-28T16:22:52+00:00","og_image":[{"width":654,"height":343,"url":"https:\/\/www.altercampagne.net\/wp-content\/uploads\/2018\/08\/AT2018-ferme-des-grnads-jardins-1-e1601458876581.jpg","type":"image\/jpeg"}],"author":"Mathieu","twitter_card":"summary_large_image","twitter_misc":{"\u00c9crit par":"Mathieu","Dur\u00e9e de lecture estim\u00e9e":"1 minute"},"schema":{"@context":"https:\/\/schema.org","@graph":[{"@type":"Article","@id":"https:\/\/www.altercampagne.net\/?p=11775#article","isPartOf":{"@id":"https:\/\/www.altercampagne.net\/?p=11775"},"author":{"name":"Mathieu","@id":"https:\/\/www.altercampagne.net\/#\/schema\/person\/0f261460c09e430caa0f9bcffa319109"},"headline":"Sortir les terres agricoles de la sp\u00e9culation fonci\u00e8re","datePublished":"2018-08-07T18:41:00+00:00","dateModified":"2018-08-28T16:22:52+00:00","mainEntityOfPage":{"@id":"https:\/\/www.altercampagne.net\/?p=11775"},"wordCount":256,"image":{"@id":"https:\/\/www.altercampagne.net\/?p=11775#primaryimage"},"thumbnailUrl":"https:\/\/www.altercampagne.net\/wp-content\/uploads\/2018\/08\/AT2018-ferme-des-grnads-jardins-1-e1601458876581.jpg","keywords":["Lorraine","terre de liens","Meurthe-et-Moselle","Moutrot","Ferme des Grands Jardins"],"articleSection":["Agriculture","\u00c9conomie","Grand Est","\u00c9dition 2018"],"inLanguage":"fr-FR"},{"@type":"WebPage","@id":"https:\/\/www.altercampagne.net\/?p=11775","url":"https:\/\/www.altercampagne.net\/?p=11775","name":"Sortir les terres agricoles de la sp\u00e9culation fonci\u00e8re - AlterTour","isPartOf":{"@id":"https:\/\/www.altercampagne.net\/#website"},"primaryImageOfPage":{"@id":"https:\/\/www.altercampagne.net\/?p=11775#primaryimage"},"image":{"@id":"https:\/\/www.altercampagne.net\/?p=11775#primaryimage"},"thumbnailUrl":"https:\/\/www.altercampagne.net\/wp-content\/uploads\/2018\/08\/AT2018-ferme-des-grnads-jardins-1-e1601458876581.jpg","datePublished":"2018-08-07T18:41:00+00:00","dateModified":"2018-08-28T16:22:52+00:00","author":{"@id":"https:\/\/www.altercampagne.net\/#\/schema\/person\/0f261460c09e430caa0f9bcffa319109"},"breadcrumb":{"@id":"https:\/\/www.altercampagne.net\/?p=11775#breadcrumb"},"inLanguage":"fr-FR","potentialAction":[{"@type":"ReadAction","target":["https:\/\/www.altercampagne.net\/?p=11775"]}]},{"@type":"ImageObject","inLanguage":"fr-FR","@id":"https:\/\/www.altercampagne.net\/?p=11775#primaryimage","url":"https:\/\/www.altercampagne.net\/wp-content\/uploads\/2018\/08\/AT2018-ferme-des-grnads-jardins-1-e1601458876581.jpg","contentUrl":"https:\/\/www.altercampagne.net\/wp-content\/uploads\/2018\/08\/AT2018-ferme-des-grnads-jardins-1-e1601458876581.jpg","width":654,"height":343},{"@type":"BreadcrumbList","@id":"https:\/\/www.altercampagne.net\/?p=11775#breadcrumb","itemListElement":[{"@type":"ListItem","position":1,"name":"Accueil","item":"https:\/\/www.altercampagne.net\/"},{"@type":"ListItem","position":2,"name":"Sortir les terres agricoles de la sp\u00e9culation fonci\u00e8re"}]},{"@type":"WebSite","@id":"https:\/\/www.altercampagne.net\/#website","url":"https:\/\/www.altercampagne.net\/","name":"AlterTour","description":"Reliez les Alternatives \u00e0 v\u00e9lo","potentialAction":[{"@type":"SearchAction","target":{"@type":"EntryPoint","urlTemplate":"https:\/\/www.altercampagne.net\/?s={search_term_string}"},"query-input":{"@type":"PropertyValueSpecification","valueRequired":true,"valueName":"search_term_string"}}],"inLanguage":"fr-FR"},{"@type":"Person","@id":"https:\/\/www.altercampagne.net\/#\/schema\/person\/0f261460c09e430caa0f9bcffa319109","name":"Mathieu","image":{"@type":"ImageObject","inLanguage":"fr-FR","@id":"https:\/\/secure.gravatar.com\/avatar\/aa9d3d24c83f2141e5e2709d0f63d09a99f6be6bb7a50abc4915838d9f54501a?s=96&d=mm&r=g","url":"https:\/\/secure.gravatar.com\/avatar\/aa9d3d24c83f2141e5e2709d0f63d09a99f6be6bb7a50abc4915838d9f54501a?s=96&d=mm&r=g","contentUrl":"https:\/\/secure.gravatar.com\/avatar\/aa9d3d24c83f2141e5e2709d0f63d09a99f6be6bb7a50abc4915838d9f54501a?s=96&d=mm&r=g","caption":"Mathieu"},"url":"https:\/\/www.altercampagne.net\/?author=214"}]}},"_links":{"self":[{"href":"https:\/\/www.altercampagne.net\/index.php?rest_route=\/wp\/v2\/posts\/11775","targetHints":{"allow":["GET"]}}],"collection":[{"href":"https:\/\/www.altercampagne.net\/index.php?rest_route=\/wp\/v2\/posts"}],"about":[{"href":"https:\/\/www.altercampagne.net\/index.php?rest_route=\/wp\/v2\/types\/post"}],"author":[{"embeddable":true,"href":"https:\/\/www.altercampagne.net\/index.php?rest_route=\/wp\/v2\/users\/214"}],"replies":[{"embeddable":true,"href":"https:\/\/www.altercampagne.net\/index.php?rest_route=%2Fwp%2Fv2%2Fcomments&post=11775"}],"version-history":[{"count":0,"href":"https:\/\/www.altercampagne.net\/index.php?rest_route=\/wp\/v2\/posts\/11775\/revisions"}],"wp:featuredmedia":[{"embeddable":true,"href":"https:\/\/www.altercampagne.net\/index.php?rest_route=\/wp\/v2\/media\/11893"}],"wp:attachment":[{"href":"https:\/\/www.altercampagne.net\/index.php?rest_route=%2Fwp%2Fv2%2Fmedia&parent=11775"}],"wp:term":[{"taxonomy":"category","embeddable":true,"href":"https:\/\/www.altercampagne.net\/index.php?rest_route=%2Fwp%2Fv2%2Fcategories&post=11775"},{"taxonomy":"post_tag","embeddable":true,"href":"https:\/\/www.altercampagne.net\/index.php?rest_route=%2Fwp%2Fv2%2Ftags&post=11775"}],"curies":[{"name":"wp","href":"https:\/\/api.w.org\/{rel}","templated":true}]}}