{"id":11778,"date":"2018-07-18T20:05:25","date_gmt":"2018-07-18T18:05:25","guid":{"rendered":"http:\/\/www.altercampagne.net\/?p=11778"},"modified":"2018-08-08T18:23:46","modified_gmt":"2018-08-08T16:23:46","slug":"le-maraichage-une-passion","status":"publish","type":"post","link":"https:\/\/www.altercampagne.net\/?p=11778","title":{"rendered":"Quand la finance m\u00e8ne au mara\u00eechage"},"content":{"rendered":"<p>Apr\u00e8s la r\u00e9union des trois tours de v\u00e9los \u00e0 l\u2019\u00e9cosite de Beauvais (AlterTour, Tour Alternatiba, Cyclotrans Europe), les cyclistes de l\u2019AlterTour sont partis sans retard pour la prochaine \u00e9tape. La terre entre Beauvais et Gisors est envelopp\u00e9e par des cultures agricoles, un paysage lisse \u00e0 perte de vue. Sauf une mont\u00e9e avant l\u2019arriv\u00e9e du lieu de d\u00e9jeuner, un d\u00e9fi adouci par l\u2019ombre offert tel un cadeau par la foret silencieuse.<\/p>\n<p>Nous arrivons avec de l\u2019avance au village de la Lalandelle, sous un soleil \u00e9crasant. En attendant la pr\u00e9paration du repas, nous nous asseyons en cercle pour rappeler nos pr\u00e9noms et partager nos sentiments sur le voyage. Le cercle se cl\u00f4t en douceur par un s\u00e9ance de yoga improvis\u00e9 au pied d\u2019un arbre. Avant de partager le repas, un journaliste de la presse locale nous demande de poser pour une photo collectif.<\/p>\n<p>Le repas termin\u00e9, nous revoil\u00e0 sur la route pour Gisors. Une fois arriv\u00e9, nous rejoignons la fermette biologique de l\u2019Epte. Nous installons nos tentes dans une plaine ouverte, et nous sommes accueillis par Aurelien, qui nous d\u00e9crit son parcours. Une carri\u00e8re qui a travers\u00e9 la finance et la gendarmerie, il s\u2019est finalement lanc\u00e9 dans l\u2019agriculture biologique sur un exploitation de 2,7 hectares il y a cinq ans. Il partage ensuite les obstacles sur son parcours, du nettoyage de l\u2019eau de souche, de l\u2019inondation de la rivi\u00e8re l\u2019Epte, de la bureaucratie, des plantes dits \u00ab\u00a0adventistes\u00a0\u00bb (mauvais herbes)\u2026 Il a tendance \u00e0 baisser les yeux par terre. Cadr\u00e9 par ses champs derri\u00e8re lui, il \u00e9voque \u00ab\u00a0l\u2019Angelus\u00a0\u00bb de Millet, d\u00e9gagent l\u2019auguste gravit\u00e9 de ceux qui sont proche de la Terre. il garde n\u00e9anmoins l\u2019espoir pour le futur, nous informant sur l\u2019arriv\u00e9e d\u2019un stagiaire d\u2019origine Malienne qui lui aidera, et qui en contrepartie pourrait \u00eatre pay\u00e9, r\u00e9gularis\u00e9 et h\u00e9berg\u00e9. Nous faisons le tour du terrain, allant des champs de courges, choux, oignons, ail, fenouil. Tout pr\u00e8s du champs de salade se trouve un enclos rempli de canards, joyeuses cr\u00e9atures ch\u00e8res au propri\u00e9taire du terrain qui les garde pour le plaisir. Nous aidons Aurelien \u00e0 cueillir les salades mont\u00e9es pour les nourrir. Au bout du terrain se trouve la rivi\u00e8re de l\u2019Epte, ou quelques passants s\u2019\u00e9chappent de la chaleur en se plongeant dans l\u2019eau. La journ\u00e9e se cl\u00f4t par un repas simple, sous un soleil safran enflamm\u00e9. Nous retournons au camp. Le ciel \u00e9toil\u00e9 au dessus de nous libre de pollution, un reflet sym\u00e9trique de la terre en dessous de nos corps en repos.<span class=\"m_2555190882613277373gmail-apple-converted-space\">\u00a0<\/span><\/p>\n<p style=\"text-align: right;\"><strong>Kelly<\/strong><\/p>\n","protected":false},"excerpt":{"rendered":"<p>Apr\u00e8s la r\u00e9union des trois tours de v\u00e9los \u00e0 l\u2019\u00e9cosite de Beauvais (AlterTour, Tour Alternatiba, Cyclotrans Europe), les cyclistes de l\u2019AlterTour sont partis sans retard pour la prochaine \u00e9tape. La terre entre Beauvais et Gisors est envelopp\u00e9e par des cultures agricoles, un paysage lisse \u00e0 perte de vue. Sauf une &#8230; <\/p>\n<div><a href=\"https:\/\/www.altercampagne.net\/?p=11778\" class=\"more-link\">Read More<\/a><\/div>\n","protected":false},"author":214,"featured_media":11779,"comment_status":"closed","ping_status":"closed","sticky":false,"template":"","format":"standard","meta":{"footnotes":""},"categories":[3483,3470,3478],"tags":[3242,3694,3695],"class_list":["post-11778","post","type-post","status-publish","format-standard","has-post-thumbnail","hentry","category-agriculture","category-edition-2018","category-normandie","tag-eure","tag-fermette-bio-de-lepte","tag-gisors"],"yoast_head":"<!-- This site is optimized with the Yoast SEO plugin v27.3 - https:\/\/yoast.com\/product\/yoast-seo-wordpress\/ -->\n<title>Quand la finance m\u00e8ne au mara\u00eechage - AlterTour<\/title>\n<meta name=\"robots\" content=\"index, follow, max-snippet:-1, max-image-preview:large, max-video-preview:-1\" \/>\n<link rel=\"canonical\" href=\"https:\/\/www.altercampagne.net\/?p=11778\" \/>\n<meta property=\"og:locale\" content=\"fr_FR\" \/>\n<meta property=\"og:type\" content=\"article\" \/>\n<meta property=\"og:title\" content=\"Quand la finance m\u00e8ne au mara\u00eechage - AlterTour\" \/>\n<meta property=\"og:description\" content=\"Apr\u00e8s la r\u00e9union des trois tours de v\u00e9los \u00e0 l\u2019\u00e9cosite de Beauvais (AlterTour, Tour Alternatiba, Cyclotrans Europe), les cyclistes de l\u2019AlterTour sont partis sans retard pour la prochaine \u00e9tape. La terre entre Beauvais et Gisors est envelopp\u00e9e par des cultures agricoles, un paysage lisse \u00e0 perte de vue. Sauf une ... Read More\" \/>\n<meta property=\"og:url\" content=\"https:\/\/www.altercampagne.net\/?p=11778\" \/>\n<meta property=\"og:site_name\" content=\"AlterTour\" \/>\n<meta property=\"article:published_time\" content=\"2018-07-18T18:05:25+00:00\" \/>\n<meta property=\"article:modified_time\" content=\"2018-08-08T16:23:46+00:00\" \/>\n<meta property=\"og:image\" content=\"https:\/\/www.altercampagne.net\/wp-content\/uploads\/2018\/08\/AT2018-ferme-bio-de-l-epte-P1180361.jpg\" \/>\n\t<meta property=\"og:image:width\" content=\"1000\" \/>\n\t<meta property=\"og:image:height\" content=\"523\" \/>\n\t<meta property=\"og:image:type\" content=\"image\/jpeg\" \/>\n<meta name=\"author\" content=\"Mathieu\" \/>\n<meta name=\"twitter:card\" content=\"summary_large_image\" \/>\n<meta name=\"twitter:label1\" content=\"\u00c9crit par\" \/>\n\t<meta name=\"twitter:data1\" content=\"Mathieu\" \/>\n\t<meta name=\"twitter:label2\" content=\"Dur\u00e9e de lecture estim\u00e9e\" \/>\n\t<meta name=\"twitter:data2\" content=\"2 minutes\" \/>\n<script type=\"application\/ld+json\" class=\"yoast-schema-graph\">{\"@context\":\"https:\\\/\\\/schema.org\",\"@graph\":[{\"@type\":\"Article\",\"@id\":\"https:\\\/\\\/www.altercampagne.net\\\/?p=11778#article\",\"isPartOf\":{\"@id\":\"https:\\\/\\\/www.altercampagne.net\\\/?p=11778\"},\"author\":{\"name\":\"Mathieu\",\"@id\":\"https:\\\/\\\/www.altercampagne.net\\\/#\\\/schema\\\/person\\\/0f261460c09e430caa0f9bcffa319109\"},\"headline\":\"Quand la finance m\u00e8ne au mara\u00eechage\",\"datePublished\":\"2018-07-18T18:05:25+00:00\",\"dateModified\":\"2018-08-08T16:23:46+00:00\",\"mainEntityOfPage\":{\"@id\":\"https:\\\/\\\/www.altercampagne.net\\\/?p=11778\"},\"wordCount\":465,\"image\":{\"@id\":\"https:\\\/\\\/www.altercampagne.net\\\/?p=11778#primaryimage\"},\"thumbnailUrl\":\"https:\\\/\\\/www.altercampagne.net\\\/wp-content\\\/uploads\\\/2018\\\/08\\\/AT2018-ferme-bio-de-l-epte-P1180361.jpg\",\"keywords\":[\"Eure\",\"Fermette bio de l'epte\",\"Gisors\"],\"articleSection\":[\"Agriculture\",\"\u00c9dition 2018\",\"Normandie\"],\"inLanguage\":\"fr-FR\"},{\"@type\":\"WebPage\",\"@id\":\"https:\\\/\\\/www.altercampagne.net\\\/?p=11778\",\"url\":\"https:\\\/\\\/www.altercampagne.net\\\/?p=11778\",\"name\":\"Quand la finance m\u00e8ne au mara\u00eechage - AlterTour\",\"isPartOf\":{\"@id\":\"https:\\\/\\\/www.altercampagne.net\\\/#website\"},\"primaryImageOfPage\":{\"@id\":\"https:\\\/\\\/www.altercampagne.net\\\/?p=11778#primaryimage\"},\"image\":{\"@id\":\"https:\\\/\\\/www.altercampagne.net\\\/?p=11778#primaryimage\"},\"thumbnailUrl\":\"https:\\\/\\\/www.altercampagne.net\\\/wp-content\\\/uploads\\\/2018\\\/08\\\/AT2018-ferme-bio-de-l-epte-P1180361.jpg\",\"datePublished\":\"2018-07-18T18:05:25+00:00\",\"dateModified\":\"2018-08-08T16:23:46+00:00\",\"author\":{\"@id\":\"https:\\\/\\\/www.altercampagne.net\\\/#\\\/schema\\\/person\\\/0f261460c09e430caa0f9bcffa319109\"},\"breadcrumb\":{\"@id\":\"https:\\\/\\\/www.altercampagne.net\\\/?p=11778#breadcrumb\"},\"inLanguage\":\"fr-FR\",\"potentialAction\":[{\"@type\":\"ReadAction\",\"target\":[\"https:\\\/\\\/www.altercampagne.net\\\/?p=11778\"]}]},{\"@type\":\"ImageObject\",\"inLanguage\":\"fr-FR\",\"@id\":\"https:\\\/\\\/www.altercampagne.net\\\/?p=11778#primaryimage\",\"url\":\"https:\\\/\\\/www.altercampagne.net\\\/wp-content\\\/uploads\\\/2018\\\/08\\\/AT2018-ferme-bio-de-l-epte-P1180361.jpg\",\"contentUrl\":\"https:\\\/\\\/www.altercampagne.net\\\/wp-content\\\/uploads\\\/2018\\\/08\\\/AT2018-ferme-bio-de-l-epte-P1180361.jpg\",\"width\":1000,\"height\":523},{\"@type\":\"BreadcrumbList\",\"@id\":\"https:\\\/\\\/www.altercampagne.net\\\/?p=11778#breadcrumb\",\"itemListElement\":[{\"@type\":\"ListItem\",\"position\":1,\"name\":\"Accueil\",\"item\":\"https:\\\/\\\/www.altercampagne.net\\\/\"},{\"@type\":\"ListItem\",\"position\":2,\"name\":\"Quand la finance m\u00e8ne au mara\u00eechage\"}]},{\"@type\":\"WebSite\",\"@id\":\"https:\\\/\\\/www.altercampagne.net\\\/#website\",\"url\":\"https:\\\/\\\/www.altercampagne.net\\\/\",\"name\":\"AlterTour\",\"description\":\"Reliez les Alternatives \u00e0 v\u00e9lo\",\"potentialAction\":[{\"@type\":\"SearchAction\",\"target\":{\"@type\":\"EntryPoint\",\"urlTemplate\":\"https:\\\/\\\/www.altercampagne.net\\\/?s={search_term_string}\"},\"query-input\":{\"@type\":\"PropertyValueSpecification\",\"valueRequired\":true,\"valueName\":\"search_term_string\"}}],\"inLanguage\":\"fr-FR\"},{\"@type\":\"Person\",\"@id\":\"https:\\\/\\\/www.altercampagne.net\\\/#\\\/schema\\\/person\\\/0f261460c09e430caa0f9bcffa319109\",\"name\":\"Mathieu\",\"image\":{\"@type\":\"ImageObject\",\"inLanguage\":\"fr-FR\",\"@id\":\"https:\\\/\\\/secure.gravatar.com\\\/avatar\\\/aa9d3d24c83f2141e5e2709d0f63d09a99f6be6bb7a50abc4915838d9f54501a?s=96&d=mm&r=g\",\"url\":\"https:\\\/\\\/secure.gravatar.com\\\/avatar\\\/aa9d3d24c83f2141e5e2709d0f63d09a99f6be6bb7a50abc4915838d9f54501a?s=96&d=mm&r=g\",\"contentUrl\":\"https:\\\/\\\/secure.gravatar.com\\\/avatar\\\/aa9d3d24c83f2141e5e2709d0f63d09a99f6be6bb7a50abc4915838d9f54501a?s=96&d=mm&r=g\",\"caption\":\"Mathieu\"},\"url\":\"https:\\\/\\\/www.altercampagne.net\\\/?author=214\"}]}<\/script>\n<!-- \/ Yoast SEO plugin. -->","yoast_head_json":{"title":"Quand la finance m\u00e8ne au mara\u00eechage - AlterTour","robots":{"index":"index","follow":"follow","max-snippet":"max-snippet:-1","max-image-preview":"max-image-preview:large","max-video-preview":"max-video-preview:-1"},"canonical":"https:\/\/www.altercampagne.net\/?p=11778","og_locale":"fr_FR","og_type":"article","og_title":"Quand la finance m\u00e8ne au mara\u00eechage - AlterTour","og_description":"Apr\u00e8s la r\u00e9union des trois tours de v\u00e9los \u00e0 l\u2019\u00e9cosite de Beauvais (AlterTour, Tour Alternatiba, Cyclotrans Europe), les cyclistes de l\u2019AlterTour sont partis sans retard pour la prochaine \u00e9tape. La terre entre Beauvais et Gisors est envelopp\u00e9e par des cultures agricoles, un paysage lisse \u00e0 perte de vue. Sauf une ... Read More","og_url":"https:\/\/www.altercampagne.net\/?p=11778","og_site_name":"AlterTour","article_published_time":"2018-07-18T18:05:25+00:00","article_modified_time":"2018-08-08T16:23:46+00:00","og_image":[{"width":1000,"height":523,"url":"https:\/\/www.altercampagne.net\/wp-content\/uploads\/2018\/08\/AT2018-ferme-bio-de-l-epte-P1180361.jpg","type":"image\/jpeg"}],"author":"Mathieu","twitter_card":"summary_large_image","twitter_misc":{"\u00c9crit par":"Mathieu","Dur\u00e9e de lecture estim\u00e9e":"2 minutes"},"schema":{"@context":"https:\/\/schema.org","@graph":[{"@type":"Article","@id":"https:\/\/www.altercampagne.net\/?p=11778#article","isPartOf":{"@id":"https:\/\/www.altercampagne.net\/?p=11778"},"author":{"name":"Mathieu","@id":"https:\/\/www.altercampagne.net\/#\/schema\/person\/0f261460c09e430caa0f9bcffa319109"},"headline":"Quand la finance m\u00e8ne au mara\u00eechage","datePublished":"2018-07-18T18:05:25+00:00","dateModified":"2018-08-08T16:23:46+00:00","mainEntityOfPage":{"@id":"https:\/\/www.altercampagne.net\/?p=11778"},"wordCount":465,"image":{"@id":"https:\/\/www.altercampagne.net\/?p=11778#primaryimage"},"thumbnailUrl":"https:\/\/www.altercampagne.net\/wp-content\/uploads\/2018\/08\/AT2018-ferme-bio-de-l-epte-P1180361.jpg","keywords":["Eure","Fermette bio de l'epte","Gisors"],"articleSection":["Agriculture","\u00c9dition 2018","Normandie"],"inLanguage":"fr-FR"},{"@type":"WebPage","@id":"https:\/\/www.altercampagne.net\/?p=11778","url":"https:\/\/www.altercampagne.net\/?p=11778","name":"Quand la finance m\u00e8ne au mara\u00eechage - AlterTour","isPartOf":{"@id":"https:\/\/www.altercampagne.net\/#website"},"primaryImageOfPage":{"@id":"https:\/\/www.altercampagne.net\/?p=11778#primaryimage"},"image":{"@id":"https:\/\/www.altercampagne.net\/?p=11778#primaryimage"},"thumbnailUrl":"https:\/\/www.altercampagne.net\/wp-content\/uploads\/2018\/08\/AT2018-ferme-bio-de-l-epte-P1180361.jpg","datePublished":"2018-07-18T18:05:25+00:00","dateModified":"2018-08-08T16:23:46+00:00","author":{"@id":"https:\/\/www.altercampagne.net\/#\/schema\/person\/0f261460c09e430caa0f9bcffa319109"},"breadcrumb":{"@id":"https:\/\/www.altercampagne.net\/?p=11778#breadcrumb"},"inLanguage":"fr-FR","potentialAction":[{"@type":"ReadAction","target":["https:\/\/www.altercampagne.net\/?p=11778"]}]},{"@type":"ImageObject","inLanguage":"fr-FR","@id":"https:\/\/www.altercampagne.net\/?p=11778#primaryimage","url":"https:\/\/www.altercampagne.net\/wp-content\/uploads\/2018\/08\/AT2018-ferme-bio-de-l-epte-P1180361.jpg","contentUrl":"https:\/\/www.altercampagne.net\/wp-content\/uploads\/2018\/08\/AT2018-ferme-bio-de-l-epte-P1180361.jpg","width":1000,"height":523},{"@type":"BreadcrumbList","@id":"https:\/\/www.altercampagne.net\/?p=11778#breadcrumb","itemListElement":[{"@type":"ListItem","position":1,"name":"Accueil","item":"https:\/\/www.altercampagne.net\/"},{"@type":"ListItem","position":2,"name":"Quand la finance m\u00e8ne au mara\u00eechage"}]},{"@type":"WebSite","@id":"https:\/\/www.altercampagne.net\/#website","url":"https:\/\/www.altercampagne.net\/","name":"AlterTour","description":"Reliez les Alternatives \u00e0 v\u00e9lo","potentialAction":[{"@type":"SearchAction","target":{"@type":"EntryPoint","urlTemplate":"https:\/\/www.altercampagne.net\/?s={search_term_string}"},"query-input":{"@type":"PropertyValueSpecification","valueRequired":true,"valueName":"search_term_string"}}],"inLanguage":"fr-FR"},{"@type":"Person","@id":"https:\/\/www.altercampagne.net\/#\/schema\/person\/0f261460c09e430caa0f9bcffa319109","name":"Mathieu","image":{"@type":"ImageObject","inLanguage":"fr-FR","@id":"https:\/\/secure.gravatar.com\/avatar\/aa9d3d24c83f2141e5e2709d0f63d09a99f6be6bb7a50abc4915838d9f54501a?s=96&d=mm&r=g","url":"https:\/\/secure.gravatar.com\/avatar\/aa9d3d24c83f2141e5e2709d0f63d09a99f6be6bb7a50abc4915838d9f54501a?s=96&d=mm&r=g","contentUrl":"https:\/\/secure.gravatar.com\/avatar\/aa9d3d24c83f2141e5e2709d0f63d09a99f6be6bb7a50abc4915838d9f54501a?s=96&d=mm&r=g","caption":"Mathieu"},"url":"https:\/\/www.altercampagne.net\/?author=214"}]}},"_links":{"self":[{"href":"https:\/\/www.altercampagne.net\/index.php?rest_route=\/wp\/v2\/posts\/11778","targetHints":{"allow":["GET"]}}],"collection":[{"href":"https:\/\/www.altercampagne.net\/index.php?rest_route=\/wp\/v2\/posts"}],"about":[{"href":"https:\/\/www.altercampagne.net\/index.php?rest_route=\/wp\/v2\/types\/post"}],"author":[{"embeddable":true,"href":"https:\/\/www.altercampagne.net\/index.php?rest_route=\/wp\/v2\/users\/214"}],"replies":[{"embeddable":true,"href":"https:\/\/www.altercampagne.net\/index.php?rest_route=%2Fwp%2Fv2%2Fcomments&post=11778"}],"version-history":[{"count":0,"href":"https:\/\/www.altercampagne.net\/index.php?rest_route=\/wp\/v2\/posts\/11778\/revisions"}],"wp:featuredmedia":[{"embeddable":true,"href":"https:\/\/www.altercampagne.net\/index.php?rest_route=\/wp\/v2\/media\/11779"}],"wp:attachment":[{"href":"https:\/\/www.altercampagne.net\/index.php?rest_route=%2Fwp%2Fv2%2Fmedia&parent=11778"}],"wp:term":[{"taxonomy":"category","embeddable":true,"href":"https:\/\/www.altercampagne.net\/index.php?rest_route=%2Fwp%2Fv2%2Fcategories&post=11778"},{"taxonomy":"post_tag","embeddable":true,"href":"https:\/\/www.altercampagne.net\/index.php?rest_route=%2Fwp%2Fv2%2Ftags&post=11778"}],"curies":[{"name":"wp","href":"https:\/\/api.w.org\/{rel}","templated":true}]}}