{"id":11783,"date":"2018-08-02T20:26:55","date_gmt":"2018-08-02T18:26:55","guid":{"rendered":"http:\/\/www.altercampagne.net\/?p=11783"},"modified":"2018-08-08T18:34:45","modified_gmt":"2018-08-08T16:34:45","slug":"sorganiser-collectivement-pour-une-autre-agriculture","status":"publish","type":"post","link":"https:\/\/www.altercampagne.net\/?p=11783","title":{"rendered":"S&rsquo;organiser collectivement pour une autre agriculture !"},"content":{"rendered":"<p>Pr\u00e8s du lac du Der (le ch\u00eane en parler local), Benoit et David animent le comptoir Soli\u2019Der d&rsquo;Arrigny. Dans une ancienne \u00e9cole, pr\u00eat\u00e9e par la mairie, ils proposent depuis 5 ans des produits alimentaires, bios ou non en vente directe\u00a0: fromage, viande, l\u00e9gumes au menu.\u00a0 Ici, le maraicher bio le plus proche, Arnaud, qui se joindra au groupe de pr\u00e9sentation est \u00e0 35 kms\u2026\u00a0 Autour, sur un territoire peu peupl\u00e9, beaucoup ont des jardins et souvent vivent petitement, sans qu\u2019une dynamique alternative se mette en place. Se d\u00e9veloppe une agriculture industrielle dans un secteur remembr\u00e9 o\u00f9 la taille des champs est impressionnante ainsi que les odeurs qui parfois saisissent les altercyclistes\u00a0! Autant dire qu\u2019avec une dizaine de commandes par semaine, les producteurs qui viennent font beaucoup de kilom\u00e8tres pour peu de chose, mais \u00ab\u00a0ils aiment bien l\u2019ambiance\u00a0\u00bb, la rencontre avec les habitants qui vont profiter de leurs produits locaux et de saison. Une question revient souvent dans l\u2019\u00e9change tr\u00e8s dynamique que nous avons avec eux\u00a0: \u00ab\u00a0comment d\u00e9passer cette situation\u00a0?\u00a0\u00bb Peut-\u00eatre en laissant les producteurs s\u2019organiser eux-m\u00eames pour la vente directe, peut \u00eatre en r\u00e9fl\u00e9chissant \u00e0 la contrainte que repr\u00e9sente la commande sur internet. En tout cas, dans ce petit village de 250 habitants, depuis bient\u00f4t dix ans, sous des formes diverses, le petit groupe exp\u00e9rimente et d\u2019une certaine fa\u00e7on, essaime dans les villes voisines,\u2026\u00a0 et esp\u00e8re, avec Arnaud \u00ab\u00a0pouvoir accueillir et faire avec d\u2019autres\u00a0\u00bb.<\/p>\n<p style=\"text-align: right;\"><strong>Danielle<\/strong><\/p>\n","protected":false},"excerpt":{"rendered":"<p>Pr\u00e8s du lac du Der (le ch\u00eane en parler local), Benoit et David animent le comptoir Soli\u2019Der d&rsquo;Arrigny. Dans une ancienne \u00e9cole, pr\u00eat\u00e9e par la mairie, ils proposent depuis 5 ans des produits alimentaires, bios ou non en vente directe\u00a0: fromage, viande, l\u00e9gumes au menu.\u00a0 Ici, le maraicher bio le &#8230; <\/p>\n<div><a href=\"https:\/\/www.altercampagne.net\/?p=11783\" class=\"more-link\">Read More<\/a><\/div>\n","protected":false},"author":176,"featured_media":11784,"comment_status":"closed","ping_status":"closed","sticky":false,"template":"","format":"standard","meta":{"footnotes":""},"categories":[3483,3475,3470],"tags":[2774,3235,3696,3697],"class_list":["post-11783","post","type-post","status-publish","format-standard","has-post-thumbnail","hentry","category-agriculture","category-grand-est","category-edition-2018","tag-champagne-ardenne","tag-marne","tag-comptoir-solider","tag-lac-du-der"],"yoast_head":"<!-- This site is optimized with the Yoast SEO plugin v27.3 - https:\/\/yoast.com\/product\/yoast-seo-wordpress\/ -->\n<title>S&#039;organiser collectivement pour une autre agriculture ! - AlterTour<\/title>\n<meta name=\"robots\" content=\"index, follow, max-snippet:-1, max-image-preview:large, max-video-preview:-1\" \/>\n<link rel=\"canonical\" href=\"https:\/\/www.altercampagne.net\/?p=11783\" \/>\n<meta property=\"og:locale\" content=\"fr_FR\" \/>\n<meta property=\"og:type\" content=\"article\" \/>\n<meta property=\"og:title\" content=\"S&#039;organiser collectivement pour une autre agriculture ! - AlterTour\" \/>\n<meta property=\"og:description\" content=\"Pr\u00e8s du lac du Der (le ch\u00eane en parler local), Benoit et David animent le comptoir Soli\u2019Der d&rsquo;Arrigny. Dans une ancienne \u00e9cole, pr\u00eat\u00e9e par la mairie, ils proposent depuis 5 ans des produits alimentaires, bios ou non en vente directe\u00a0: fromage, viande, l\u00e9gumes au menu.\u00a0 Ici, le maraicher bio le ... Read More\" \/>\n<meta property=\"og:url\" content=\"https:\/\/www.altercampagne.net\/?p=11783\" \/>\n<meta property=\"og:site_name\" content=\"AlterTour\" \/>\n<meta property=\"article:published_time\" content=\"2018-08-02T18:26:55+00:00\" \/>\n<meta property=\"article:modified_time\" content=\"2018-08-08T16:34:45+00:00\" \/>\n<meta property=\"og:image\" content=\"https:\/\/www.altercampagne.net\/wp-content\/uploads\/2018\/08\/AT2018-DSCF5303.jpg\" \/>\n\t<meta property=\"og:image:width\" content=\"1000\" \/>\n\t<meta property=\"og:image:height\" content=\"523\" \/>\n\t<meta property=\"og:image:type\" content=\"image\/jpeg\" \/>\n<meta name=\"author\" content=\"Danielle\" \/>\n<meta name=\"twitter:card\" content=\"summary_large_image\" \/>\n<meta name=\"twitter:label1\" content=\"\u00c9crit par\" \/>\n\t<meta name=\"twitter:data1\" content=\"Danielle\" \/>\n\t<meta name=\"twitter:label2\" content=\"Dur\u00e9e de lecture estim\u00e9e\" \/>\n\t<meta name=\"twitter:data2\" content=\"1 minute\" \/>\n<script type=\"application\/ld+json\" class=\"yoast-schema-graph\">{\"@context\":\"https:\\\/\\\/schema.org\",\"@graph\":[{\"@type\":\"Article\",\"@id\":\"https:\\\/\\\/www.altercampagne.net\\\/?p=11783#article\",\"isPartOf\":{\"@id\":\"https:\\\/\\\/www.altercampagne.net\\\/?p=11783\"},\"author\":{\"name\":\"Danielle\",\"@id\":\"https:\\\/\\\/www.altercampagne.net\\\/#\\\/schema\\\/person\\\/51a66b19d7cefe375b07ec2f79a4163e\"},\"headline\":\"S&rsquo;organiser collectivement pour une autre agriculture !\",\"datePublished\":\"2018-08-02T18:26:55+00:00\",\"dateModified\":\"2018-08-08T16:34:45+00:00\",\"mainEntityOfPage\":{\"@id\":\"https:\\\/\\\/www.altercampagne.net\\\/?p=11783\"},\"wordCount\":265,\"image\":{\"@id\":\"https:\\\/\\\/www.altercampagne.net\\\/?p=11783#primaryimage\"},\"thumbnailUrl\":\"https:\\\/\\\/www.altercampagne.net\\\/wp-content\\\/uploads\\\/2018\\\/08\\\/AT2018-DSCF5303.jpg\",\"keywords\":[\"champagne-Ardenne\",\"Marne\",\"comptoir Soli\u2019Der\",\"lac du Der\"],\"articleSection\":[\"Agriculture\",\"Grand Est\",\"\u00c9dition 2018\"],\"inLanguage\":\"fr-FR\"},{\"@type\":\"WebPage\",\"@id\":\"https:\\\/\\\/www.altercampagne.net\\\/?p=11783\",\"url\":\"https:\\\/\\\/www.altercampagne.net\\\/?p=11783\",\"name\":\"S'organiser collectivement pour une autre agriculture ! - AlterTour\",\"isPartOf\":{\"@id\":\"https:\\\/\\\/www.altercampagne.net\\\/#website\"},\"primaryImageOfPage\":{\"@id\":\"https:\\\/\\\/www.altercampagne.net\\\/?p=11783#primaryimage\"},\"image\":{\"@id\":\"https:\\\/\\\/www.altercampagne.net\\\/?p=11783#primaryimage\"},\"thumbnailUrl\":\"https:\\\/\\\/www.altercampagne.net\\\/wp-content\\\/uploads\\\/2018\\\/08\\\/AT2018-DSCF5303.jpg\",\"datePublished\":\"2018-08-02T18:26:55+00:00\",\"dateModified\":\"2018-08-08T16:34:45+00:00\",\"author\":{\"@id\":\"https:\\\/\\\/www.altercampagne.net\\\/#\\\/schema\\\/person\\\/51a66b19d7cefe375b07ec2f79a4163e\"},\"breadcrumb\":{\"@id\":\"https:\\\/\\\/www.altercampagne.net\\\/?p=11783#breadcrumb\"},\"inLanguage\":\"fr-FR\",\"potentialAction\":[{\"@type\":\"ReadAction\",\"target\":[\"https:\\\/\\\/www.altercampagne.net\\\/?p=11783\"]}]},{\"@type\":\"ImageObject\",\"inLanguage\":\"fr-FR\",\"@id\":\"https:\\\/\\\/www.altercampagne.net\\\/?p=11783#primaryimage\",\"url\":\"https:\\\/\\\/www.altercampagne.net\\\/wp-content\\\/uploads\\\/2018\\\/08\\\/AT2018-DSCF5303.jpg\",\"contentUrl\":\"https:\\\/\\\/www.altercampagne.net\\\/wp-content\\\/uploads\\\/2018\\\/08\\\/AT2018-DSCF5303.jpg\",\"width\":1000,\"height\":523},{\"@type\":\"BreadcrumbList\",\"@id\":\"https:\\\/\\\/www.altercampagne.net\\\/?p=11783#breadcrumb\",\"itemListElement\":[{\"@type\":\"ListItem\",\"position\":1,\"name\":\"Accueil\",\"item\":\"https:\\\/\\\/www.altercampagne.net\\\/\"},{\"@type\":\"ListItem\",\"position\":2,\"name\":\"S&rsquo;organiser collectivement pour une autre agriculture !\"}]},{\"@type\":\"WebSite\",\"@id\":\"https:\\\/\\\/www.altercampagne.net\\\/#website\",\"url\":\"https:\\\/\\\/www.altercampagne.net\\\/\",\"name\":\"AlterTour\",\"description\":\"Reliez les Alternatives \u00e0 v\u00e9lo\",\"potentialAction\":[{\"@type\":\"SearchAction\",\"target\":{\"@type\":\"EntryPoint\",\"urlTemplate\":\"https:\\\/\\\/www.altercampagne.net\\\/?s={search_term_string}\"},\"query-input\":{\"@type\":\"PropertyValueSpecification\",\"valueRequired\":true,\"valueName\":\"search_term_string\"}}],\"inLanguage\":\"fr-FR\"},{\"@type\":\"Person\",\"@id\":\"https:\\\/\\\/www.altercampagne.net\\\/#\\\/schema\\\/person\\\/51a66b19d7cefe375b07ec2f79a4163e\",\"name\":\"Danielle\",\"image\":{\"@type\":\"ImageObject\",\"inLanguage\":\"fr-FR\",\"@id\":\"https:\\\/\\\/secure.gravatar.com\\\/avatar\\\/04d576be7738f1d143003cddc1b859129ca5325fbbfe0ceb5cba7ee2583933ec?s=96&d=mm&r=g\",\"url\":\"https:\\\/\\\/secure.gravatar.com\\\/avatar\\\/04d576be7738f1d143003cddc1b859129ca5325fbbfe0ceb5cba7ee2583933ec?s=96&d=mm&r=g\",\"contentUrl\":\"https:\\\/\\\/secure.gravatar.com\\\/avatar\\\/04d576be7738f1d143003cddc1b859129ca5325fbbfe0ceb5cba7ee2583933ec?s=96&d=mm&r=g\",\"caption\":\"Danielle\"},\"url\":\"https:\\\/\\\/www.altercampagne.net\\\/?author=176\"}]}<\/script>\n<!-- \/ Yoast SEO plugin. -->","yoast_head_json":{"title":"S'organiser collectivement pour une autre agriculture ! - AlterTour","robots":{"index":"index","follow":"follow","max-snippet":"max-snippet:-1","max-image-preview":"max-image-preview:large","max-video-preview":"max-video-preview:-1"},"canonical":"https:\/\/www.altercampagne.net\/?p=11783","og_locale":"fr_FR","og_type":"article","og_title":"S'organiser collectivement pour une autre agriculture ! - AlterTour","og_description":"Pr\u00e8s du lac du Der (le ch\u00eane en parler local), Benoit et David animent le comptoir Soli\u2019Der d&rsquo;Arrigny. Dans une ancienne \u00e9cole, pr\u00eat\u00e9e par la mairie, ils proposent depuis 5 ans des produits alimentaires, bios ou non en vente directe\u00a0: fromage, viande, l\u00e9gumes au menu.\u00a0 Ici, le maraicher bio le ... Read More","og_url":"https:\/\/www.altercampagne.net\/?p=11783","og_site_name":"AlterTour","article_published_time":"2018-08-02T18:26:55+00:00","article_modified_time":"2018-08-08T16:34:45+00:00","og_image":[{"width":1000,"height":523,"url":"https:\/\/www.altercampagne.net\/wp-content\/uploads\/2018\/08\/AT2018-DSCF5303.jpg","type":"image\/jpeg"}],"author":"Danielle","twitter_card":"summary_large_image","twitter_misc":{"\u00c9crit par":"Danielle","Dur\u00e9e de lecture estim\u00e9e":"1 minute"},"schema":{"@context":"https:\/\/schema.org","@graph":[{"@type":"Article","@id":"https:\/\/www.altercampagne.net\/?p=11783#article","isPartOf":{"@id":"https:\/\/www.altercampagne.net\/?p=11783"},"author":{"name":"Danielle","@id":"https:\/\/www.altercampagne.net\/#\/schema\/person\/51a66b19d7cefe375b07ec2f79a4163e"},"headline":"S&rsquo;organiser collectivement pour une autre agriculture !","datePublished":"2018-08-02T18:26:55+00:00","dateModified":"2018-08-08T16:34:45+00:00","mainEntityOfPage":{"@id":"https:\/\/www.altercampagne.net\/?p=11783"},"wordCount":265,"image":{"@id":"https:\/\/www.altercampagne.net\/?p=11783#primaryimage"},"thumbnailUrl":"https:\/\/www.altercampagne.net\/wp-content\/uploads\/2018\/08\/AT2018-DSCF5303.jpg","keywords":["champagne-Ardenne","Marne","comptoir Soli\u2019Der","lac du Der"],"articleSection":["Agriculture","Grand Est","\u00c9dition 2018"],"inLanguage":"fr-FR"},{"@type":"WebPage","@id":"https:\/\/www.altercampagne.net\/?p=11783","url":"https:\/\/www.altercampagne.net\/?p=11783","name":"S'organiser collectivement pour une autre agriculture ! - AlterTour","isPartOf":{"@id":"https:\/\/www.altercampagne.net\/#website"},"primaryImageOfPage":{"@id":"https:\/\/www.altercampagne.net\/?p=11783#primaryimage"},"image":{"@id":"https:\/\/www.altercampagne.net\/?p=11783#primaryimage"},"thumbnailUrl":"https:\/\/www.altercampagne.net\/wp-content\/uploads\/2018\/08\/AT2018-DSCF5303.jpg","datePublished":"2018-08-02T18:26:55+00:00","dateModified":"2018-08-08T16:34:45+00:00","author":{"@id":"https:\/\/www.altercampagne.net\/#\/schema\/person\/51a66b19d7cefe375b07ec2f79a4163e"},"breadcrumb":{"@id":"https:\/\/www.altercampagne.net\/?p=11783#breadcrumb"},"inLanguage":"fr-FR","potentialAction":[{"@type":"ReadAction","target":["https:\/\/www.altercampagne.net\/?p=11783"]}]},{"@type":"ImageObject","inLanguage":"fr-FR","@id":"https:\/\/www.altercampagne.net\/?p=11783#primaryimage","url":"https:\/\/www.altercampagne.net\/wp-content\/uploads\/2018\/08\/AT2018-DSCF5303.jpg","contentUrl":"https:\/\/www.altercampagne.net\/wp-content\/uploads\/2018\/08\/AT2018-DSCF5303.jpg","width":1000,"height":523},{"@type":"BreadcrumbList","@id":"https:\/\/www.altercampagne.net\/?p=11783#breadcrumb","itemListElement":[{"@type":"ListItem","position":1,"name":"Accueil","item":"https:\/\/www.altercampagne.net\/"},{"@type":"ListItem","position":2,"name":"S&rsquo;organiser collectivement pour une autre agriculture !"}]},{"@type":"WebSite","@id":"https:\/\/www.altercampagne.net\/#website","url":"https:\/\/www.altercampagne.net\/","name":"AlterTour","description":"Reliez les Alternatives \u00e0 v\u00e9lo","potentialAction":[{"@type":"SearchAction","target":{"@type":"EntryPoint","urlTemplate":"https:\/\/www.altercampagne.net\/?s={search_term_string}"},"query-input":{"@type":"PropertyValueSpecification","valueRequired":true,"valueName":"search_term_string"}}],"inLanguage":"fr-FR"},{"@type":"Person","@id":"https:\/\/www.altercampagne.net\/#\/schema\/person\/51a66b19d7cefe375b07ec2f79a4163e","name":"Danielle","image":{"@type":"ImageObject","inLanguage":"fr-FR","@id":"https:\/\/secure.gravatar.com\/avatar\/04d576be7738f1d143003cddc1b859129ca5325fbbfe0ceb5cba7ee2583933ec?s=96&d=mm&r=g","url":"https:\/\/secure.gravatar.com\/avatar\/04d576be7738f1d143003cddc1b859129ca5325fbbfe0ceb5cba7ee2583933ec?s=96&d=mm&r=g","contentUrl":"https:\/\/secure.gravatar.com\/avatar\/04d576be7738f1d143003cddc1b859129ca5325fbbfe0ceb5cba7ee2583933ec?s=96&d=mm&r=g","caption":"Danielle"},"url":"https:\/\/www.altercampagne.net\/?author=176"}]}},"_links":{"self":[{"href":"https:\/\/www.altercampagne.net\/index.php?rest_route=\/wp\/v2\/posts\/11783","targetHints":{"allow":["GET"]}}],"collection":[{"href":"https:\/\/www.altercampagne.net\/index.php?rest_route=\/wp\/v2\/posts"}],"about":[{"href":"https:\/\/www.altercampagne.net\/index.php?rest_route=\/wp\/v2\/types\/post"}],"author":[{"embeddable":true,"href":"https:\/\/www.altercampagne.net\/index.php?rest_route=\/wp\/v2\/users\/176"}],"replies":[{"embeddable":true,"href":"https:\/\/www.altercampagne.net\/index.php?rest_route=%2Fwp%2Fv2%2Fcomments&post=11783"}],"version-history":[{"count":0,"href":"https:\/\/www.altercampagne.net\/index.php?rest_route=\/wp\/v2\/posts\/11783\/revisions"}],"wp:featuredmedia":[{"embeddable":true,"href":"https:\/\/www.altercampagne.net\/index.php?rest_route=\/wp\/v2\/media\/11784"}],"wp:attachment":[{"href":"https:\/\/www.altercampagne.net\/index.php?rest_route=%2Fwp%2Fv2%2Fmedia&parent=11783"}],"wp:term":[{"taxonomy":"category","embeddable":true,"href":"https:\/\/www.altercampagne.net\/index.php?rest_route=%2Fwp%2Fv2%2Fcategories&post=11783"},{"taxonomy":"post_tag","embeddable":true,"href":"https:\/\/www.altercampagne.net\/index.php?rest_route=%2Fwp%2Fv2%2Ftags&post=11783"}],"curies":[{"name":"wp","href":"https:\/\/api.w.org\/{rel}","templated":true}]}}