{"id":11804,"date":"2018-07-16T20:14:24","date_gmt":"2018-07-16T18:14:24","guid":{"rendered":"http:\/\/www.altercampagne.net\/?p=11804"},"modified":"2018-08-09T16:24:34","modified_gmt":"2018-08-09T14:24:34","slug":"francois-ruffin-donne-le-depart-de-laltertour-2018","status":"publish","type":"post","link":"https:\/\/www.altercampagne.net\/?p=11804","title":{"rendered":"Fran\u00e7ois Ruffin donne le d\u00e9part de l&rsquo;AlterTour 2018"},"content":{"rendered":"<div dir=\"auto\">Ce matin les altercyclistes se sont lev\u00e9s t\u00f4t pour aller \u00e0 la rencontre de Fran\u00e7ois Ruffin et de l&rsquo;\u00e9quipe de Fakir.<\/div>\n<div dir=\"auto\"><\/div>\n<div dir=\"auto\">Apr\u00e8s les pr\u00e9sentations, Fran\u00e7ois Ruffin a parl\u00e9 du sujet \u00ab\u00a0qu&rsquo;il a dans le ventre\u00a0\u00bb : les conditions de prises en charge des patients dans les h\u00f4pitaux psychiatriques de la r\u00e9gion (chambres surpeupl\u00e9s, soignants qui s&rsquo;\u00e9puise) pour le mettre au regard de l&rsquo;axe de r\u00e9flexion de l&rsquo;alter tour \u00ab\u00a0violence des pouvoirs, puissance des vouloirs\u00a0\u00bb.<\/div>\n<div dir=\"auto\"><\/div>\n<div dir=\"auto\">Pour lui, les changements et initiatives \u00e0 petite \u00e9chelle sont importants. Cependant pour un changement global il est n\u00e9cessaire qu&rsquo;ils s&rsquo;accompagnent par une volont\u00e9 politique.<\/div>\n<div dir=\"auto\"><\/div>\n<div dir=\"auto\">Apr\u00e8s cet \u00e9change, quelques kilom\u00e8tres, un sauvetage de chien, un bon repas, la d\u00e9couverte de la gare de Croissy et un sacr\u00e9 faux-plat, les altercyclistes se sont arr\u00eat\u00e9s \u00e0 l&rsquo;<a href=\"https:\/\/www.google.fr\/url?sa=t&amp;rct=j&amp;q=&amp;esrc=s&amp;source=web&amp;cd=1&amp;cad=rja&amp;uact=8&amp;ved=2ahUKEwjR45qalODcAhUS1RoKHa03DpkQFjAAegQIChAB&amp;url=http%3A%2F%2Fles-esserres.net%2F&amp;usg=AOvVaw0UFOeGE9rR65h84bXfYBya\" target=\"_blank\" rel=\"noopener\">Essertival<\/a>.<\/div>\n<div dir=\"auto\"><\/div>\n<div dir=\"auto\">\u00c0 la base une entreprise familiale des ann\u00e9es 70,\u00a0 le lieu a \u00e9t\u00e9 repris en 1999 par les descendants sous forme associative, pour en faire un lieu de vie culturel.<\/div>\n<div dir=\"auto\"><\/div>\n<div dir=\"auto\">Au rythme de diff\u00e9rents \u00e9v\u00e8nements, des artistes de tout horizon viennent s&rsquo;exprimer lors de festivals. Ils transportent le lieu par leur musique et le transforme par leurs cr\u00e9ations. \u00c0 d&rsquo;autres occasions l&rsquo;Essertival ouvre ces portes comme notre l&rsquo;accueil autour d&rsquo;un agr\u00e9able repas et d&rsquo;un concert priv\u00e9 de <a href=\"https:\/\/www.google.fr\/url?sa=t&amp;rct=j&amp;q=&amp;esrc=s&amp;source=web&amp;cd=1&amp;cad=rja&amp;uact=8&amp;ved=2ahUKEwj2--mtlODcAhVHQRoKHe6hBQQQFjAAegQICRAB&amp;url=https%3A%2F%2Ffr-fr.facebook.com%2FMasstoProject%2F&amp;usg=AOvVaw0_LO1JvwjMVzaZfDacllw5\" target=\"_blank\" rel=\"noopener\">Massto<\/a>.<\/div>\n<div dir=\"auto\"><\/div>\n<div dir=\"auto\" style=\"text-align: right;\"><strong>Laure &amp; Thibaut<\/strong><\/div>\n","protected":false},"excerpt":{"rendered":"<p>Ce matin les altercyclistes se sont lev\u00e9s t\u00f4t pour aller \u00e0 la rencontre de Fran\u00e7ois Ruffin et de l&rsquo;\u00e9quipe de Fakir. Apr\u00e8s les pr\u00e9sentations, Fran\u00e7ois Ruffin a parl\u00e9 du sujet \u00ab\u00a0qu&rsquo;il a dans le ventre\u00a0\u00bb : les conditions de prises en charge des patients dans les h\u00f4pitaux psychiatriques de la &#8230; <\/p>\n<div><a href=\"https:\/\/www.altercampagne.net\/?p=11804\" class=\"more-link\">Read More<\/a><\/div>\n","protected":false},"author":214,"featured_media":11805,"comment_status":"closed","ping_status":"closed","sticky":false,"template":"","format":"standard","meta":{"footnotes":""},"categories":[3490,3470,3476,3488],"tags":[3674,3683,3684,3703],"class_list":["post-11804","post","type-post","status-publish","format-standard","has-post-thumbnail","hentry","category-culture","category-edition-2018","category-hauts-de-france","category-social","tag-francois-ruffin","tag-essertival","tag-fakir","tag-massto"],"yoast_head":"<!-- This site is optimized with the Yoast SEO plugin v27.3 - https:\/\/yoast.com\/product\/yoast-seo-wordpress\/ -->\n<title>Fran\u00e7ois Ruffin donne le d\u00e9part de l&#039;AlterTour 2018 - AlterTour<\/title>\n<meta name=\"robots\" content=\"index, follow, max-snippet:-1, max-image-preview:large, max-video-preview:-1\" \/>\n<link rel=\"canonical\" href=\"https:\/\/www.altercampagne.net\/?p=11804\" \/>\n<meta property=\"og:locale\" content=\"fr_FR\" \/>\n<meta property=\"og:type\" content=\"article\" \/>\n<meta property=\"og:title\" content=\"Fran\u00e7ois Ruffin donne le d\u00e9part de l&#039;AlterTour 2018 - AlterTour\" \/>\n<meta property=\"og:description\" content=\"Ce matin les altercyclistes se sont lev\u00e9s t\u00f4t pour aller \u00e0 la rencontre de Fran\u00e7ois Ruffin et de l&rsquo;\u00e9quipe de Fakir. Apr\u00e8s les pr\u00e9sentations, Fran\u00e7ois Ruffin a parl\u00e9 du sujet \u00ab\u00a0qu&rsquo;il a dans le ventre\u00a0\u00bb : les conditions de prises en charge des patients dans les h\u00f4pitaux psychiatriques de la ... Read More\" \/>\n<meta property=\"og:url\" content=\"https:\/\/www.altercampagne.net\/?p=11804\" \/>\n<meta property=\"og:site_name\" content=\"AlterTour\" \/>\n<meta property=\"article:published_time\" content=\"2018-07-16T18:14:24+00:00\" \/>\n<meta property=\"article:modified_time\" content=\"2018-08-09T14:24:34+00:00\" \/>\n<meta property=\"og:image\" content=\"https:\/\/www.altercampagne.net\/wp-content\/uploads\/2018\/08\/AT2018-Francois-ruffin-20180716_091711.jpg\" \/>\n\t<meta property=\"og:image:width\" content=\"800\" \/>\n\t<meta property=\"og:image:height\" content=\"418\" \/>\n\t<meta property=\"og:image:type\" content=\"image\/jpeg\" \/>\n<meta name=\"author\" content=\"Mathieu\" \/>\n<meta name=\"twitter:card\" content=\"summary_large_image\" \/>\n<meta name=\"twitter:label1\" content=\"\u00c9crit par\" \/>\n\t<meta name=\"twitter:data1\" content=\"Mathieu\" \/>\n\t<meta name=\"twitter:label2\" content=\"Dur\u00e9e de lecture estim\u00e9e\" \/>\n\t<meta name=\"twitter:data2\" content=\"1 minute\" \/>\n<script type=\"application\/ld+json\" class=\"yoast-schema-graph\">{\"@context\":\"https:\\\/\\\/schema.org\",\"@graph\":[{\"@type\":\"Article\",\"@id\":\"https:\\\/\\\/www.altercampagne.net\\\/?p=11804#article\",\"isPartOf\":{\"@id\":\"https:\\\/\\\/www.altercampagne.net\\\/?p=11804\"},\"author\":{\"name\":\"Mathieu\",\"@id\":\"https:\\\/\\\/www.altercampagne.net\\\/#\\\/schema\\\/person\\\/0f261460c09e430caa0f9bcffa319109\"},\"headline\":\"Fran\u00e7ois Ruffin donne le d\u00e9part de l&rsquo;AlterTour 2018\",\"datePublished\":\"2018-07-16T18:14:24+00:00\",\"dateModified\":\"2018-08-09T14:24:34+00:00\",\"mainEntityOfPage\":{\"@id\":\"https:\\\/\\\/www.altercampagne.net\\\/?p=11804\"},\"wordCount\":247,\"image\":{\"@id\":\"https:\\\/\\\/www.altercampagne.net\\\/?p=11804#primaryimage\"},\"thumbnailUrl\":\"https:\\\/\\\/www.altercampagne.net\\\/wp-content\\\/uploads\\\/2018\\\/08\\\/AT2018-Francois-ruffin-20180716_091711.jpg\",\"keywords\":[\"Fran\u00e7ois Ruffin\",\"Essertival\",\"Fakir\",\"Massto\"],\"articleSection\":[\"Culture\",\"\u00c9dition 2018\",\"Hauts-de-France\",\"Social\"],\"inLanguage\":\"fr-FR\"},{\"@type\":\"WebPage\",\"@id\":\"https:\\\/\\\/www.altercampagne.net\\\/?p=11804\",\"url\":\"https:\\\/\\\/www.altercampagne.net\\\/?p=11804\",\"name\":\"Fran\u00e7ois Ruffin donne le d\u00e9part de l'AlterTour 2018 - AlterTour\",\"isPartOf\":{\"@id\":\"https:\\\/\\\/www.altercampagne.net\\\/#website\"},\"primaryImageOfPage\":{\"@id\":\"https:\\\/\\\/www.altercampagne.net\\\/?p=11804#primaryimage\"},\"image\":{\"@id\":\"https:\\\/\\\/www.altercampagne.net\\\/?p=11804#primaryimage\"},\"thumbnailUrl\":\"https:\\\/\\\/www.altercampagne.net\\\/wp-content\\\/uploads\\\/2018\\\/08\\\/AT2018-Francois-ruffin-20180716_091711.jpg\",\"datePublished\":\"2018-07-16T18:14:24+00:00\",\"dateModified\":\"2018-08-09T14:24:34+00:00\",\"author\":{\"@id\":\"https:\\\/\\\/www.altercampagne.net\\\/#\\\/schema\\\/person\\\/0f261460c09e430caa0f9bcffa319109\"},\"breadcrumb\":{\"@id\":\"https:\\\/\\\/www.altercampagne.net\\\/?p=11804#breadcrumb\"},\"inLanguage\":\"fr-FR\",\"potentialAction\":[{\"@type\":\"ReadAction\",\"target\":[\"https:\\\/\\\/www.altercampagne.net\\\/?p=11804\"]}]},{\"@type\":\"ImageObject\",\"inLanguage\":\"fr-FR\",\"@id\":\"https:\\\/\\\/www.altercampagne.net\\\/?p=11804#primaryimage\",\"url\":\"https:\\\/\\\/www.altercampagne.net\\\/wp-content\\\/uploads\\\/2018\\\/08\\\/AT2018-Francois-ruffin-20180716_091711.jpg\",\"contentUrl\":\"https:\\\/\\\/www.altercampagne.net\\\/wp-content\\\/uploads\\\/2018\\\/08\\\/AT2018-Francois-ruffin-20180716_091711.jpg\",\"width\":800,\"height\":418},{\"@type\":\"BreadcrumbList\",\"@id\":\"https:\\\/\\\/www.altercampagne.net\\\/?p=11804#breadcrumb\",\"itemListElement\":[{\"@type\":\"ListItem\",\"position\":1,\"name\":\"Accueil\",\"item\":\"https:\\\/\\\/www.altercampagne.net\\\/\"},{\"@type\":\"ListItem\",\"position\":2,\"name\":\"Fran\u00e7ois Ruffin donne le d\u00e9part de l&rsquo;AlterTour 2018\"}]},{\"@type\":\"WebSite\",\"@id\":\"https:\\\/\\\/www.altercampagne.net\\\/#website\",\"url\":\"https:\\\/\\\/www.altercampagne.net\\\/\",\"name\":\"AlterTour\",\"description\":\"Reliez les Alternatives \u00e0 v\u00e9lo\",\"potentialAction\":[{\"@type\":\"SearchAction\",\"target\":{\"@type\":\"EntryPoint\",\"urlTemplate\":\"https:\\\/\\\/www.altercampagne.net\\\/?s={search_term_string}\"},\"query-input\":{\"@type\":\"PropertyValueSpecification\",\"valueRequired\":true,\"valueName\":\"search_term_string\"}}],\"inLanguage\":\"fr-FR\"},{\"@type\":\"Person\",\"@id\":\"https:\\\/\\\/www.altercampagne.net\\\/#\\\/schema\\\/person\\\/0f261460c09e430caa0f9bcffa319109\",\"name\":\"Mathieu\",\"image\":{\"@type\":\"ImageObject\",\"inLanguage\":\"fr-FR\",\"@id\":\"https:\\\/\\\/secure.gravatar.com\\\/avatar\\\/aa9d3d24c83f2141e5e2709d0f63d09a99f6be6bb7a50abc4915838d9f54501a?s=96&d=mm&r=g\",\"url\":\"https:\\\/\\\/secure.gravatar.com\\\/avatar\\\/aa9d3d24c83f2141e5e2709d0f63d09a99f6be6bb7a50abc4915838d9f54501a?s=96&d=mm&r=g\",\"contentUrl\":\"https:\\\/\\\/secure.gravatar.com\\\/avatar\\\/aa9d3d24c83f2141e5e2709d0f63d09a99f6be6bb7a50abc4915838d9f54501a?s=96&d=mm&r=g\",\"caption\":\"Mathieu\"},\"url\":\"https:\\\/\\\/www.altercampagne.net\\\/?author=214\"}]}<\/script>\n<!-- \/ Yoast SEO plugin. -->","yoast_head_json":{"title":"Fran\u00e7ois Ruffin donne le d\u00e9part de l'AlterTour 2018 - AlterTour","robots":{"index":"index","follow":"follow","max-snippet":"max-snippet:-1","max-image-preview":"max-image-preview:large","max-video-preview":"max-video-preview:-1"},"canonical":"https:\/\/www.altercampagne.net\/?p=11804","og_locale":"fr_FR","og_type":"article","og_title":"Fran\u00e7ois Ruffin donne le d\u00e9part de l'AlterTour 2018 - AlterTour","og_description":"Ce matin les altercyclistes se sont lev\u00e9s t\u00f4t pour aller \u00e0 la rencontre de Fran\u00e7ois Ruffin et de l&rsquo;\u00e9quipe de Fakir. Apr\u00e8s les pr\u00e9sentations, Fran\u00e7ois Ruffin a parl\u00e9 du sujet \u00ab\u00a0qu&rsquo;il a dans le ventre\u00a0\u00bb : les conditions de prises en charge des patients dans les h\u00f4pitaux psychiatriques de la ... Read More","og_url":"https:\/\/www.altercampagne.net\/?p=11804","og_site_name":"AlterTour","article_published_time":"2018-07-16T18:14:24+00:00","article_modified_time":"2018-08-09T14:24:34+00:00","og_image":[{"width":800,"height":418,"url":"https:\/\/www.altercampagne.net\/wp-content\/uploads\/2018\/08\/AT2018-Francois-ruffin-20180716_091711.jpg","type":"image\/jpeg"}],"author":"Mathieu","twitter_card":"summary_large_image","twitter_misc":{"\u00c9crit par":"Mathieu","Dur\u00e9e de lecture estim\u00e9e":"1 minute"},"schema":{"@context":"https:\/\/schema.org","@graph":[{"@type":"Article","@id":"https:\/\/www.altercampagne.net\/?p=11804#article","isPartOf":{"@id":"https:\/\/www.altercampagne.net\/?p=11804"},"author":{"name":"Mathieu","@id":"https:\/\/www.altercampagne.net\/#\/schema\/person\/0f261460c09e430caa0f9bcffa319109"},"headline":"Fran\u00e7ois Ruffin donne le d\u00e9part de l&rsquo;AlterTour 2018","datePublished":"2018-07-16T18:14:24+00:00","dateModified":"2018-08-09T14:24:34+00:00","mainEntityOfPage":{"@id":"https:\/\/www.altercampagne.net\/?p=11804"},"wordCount":247,"image":{"@id":"https:\/\/www.altercampagne.net\/?p=11804#primaryimage"},"thumbnailUrl":"https:\/\/www.altercampagne.net\/wp-content\/uploads\/2018\/08\/AT2018-Francois-ruffin-20180716_091711.jpg","keywords":["Fran\u00e7ois Ruffin","Essertival","Fakir","Massto"],"articleSection":["Culture","\u00c9dition 2018","Hauts-de-France","Social"],"inLanguage":"fr-FR"},{"@type":"WebPage","@id":"https:\/\/www.altercampagne.net\/?p=11804","url":"https:\/\/www.altercampagne.net\/?p=11804","name":"Fran\u00e7ois Ruffin donne le d\u00e9part de l'AlterTour 2018 - AlterTour","isPartOf":{"@id":"https:\/\/www.altercampagne.net\/#website"},"primaryImageOfPage":{"@id":"https:\/\/www.altercampagne.net\/?p=11804#primaryimage"},"image":{"@id":"https:\/\/www.altercampagne.net\/?p=11804#primaryimage"},"thumbnailUrl":"https:\/\/www.altercampagne.net\/wp-content\/uploads\/2018\/08\/AT2018-Francois-ruffin-20180716_091711.jpg","datePublished":"2018-07-16T18:14:24+00:00","dateModified":"2018-08-09T14:24:34+00:00","author":{"@id":"https:\/\/www.altercampagne.net\/#\/schema\/person\/0f261460c09e430caa0f9bcffa319109"},"breadcrumb":{"@id":"https:\/\/www.altercampagne.net\/?p=11804#breadcrumb"},"inLanguage":"fr-FR","potentialAction":[{"@type":"ReadAction","target":["https:\/\/www.altercampagne.net\/?p=11804"]}]},{"@type":"ImageObject","inLanguage":"fr-FR","@id":"https:\/\/www.altercampagne.net\/?p=11804#primaryimage","url":"https:\/\/www.altercampagne.net\/wp-content\/uploads\/2018\/08\/AT2018-Francois-ruffin-20180716_091711.jpg","contentUrl":"https:\/\/www.altercampagne.net\/wp-content\/uploads\/2018\/08\/AT2018-Francois-ruffin-20180716_091711.jpg","width":800,"height":418},{"@type":"BreadcrumbList","@id":"https:\/\/www.altercampagne.net\/?p=11804#breadcrumb","itemListElement":[{"@type":"ListItem","position":1,"name":"Accueil","item":"https:\/\/www.altercampagne.net\/"},{"@type":"ListItem","position":2,"name":"Fran\u00e7ois Ruffin donne le d\u00e9part de l&rsquo;AlterTour 2018"}]},{"@type":"WebSite","@id":"https:\/\/www.altercampagne.net\/#website","url":"https:\/\/www.altercampagne.net\/","name":"AlterTour","description":"Reliez les Alternatives \u00e0 v\u00e9lo","potentialAction":[{"@type":"SearchAction","target":{"@type":"EntryPoint","urlTemplate":"https:\/\/www.altercampagne.net\/?s={search_term_string}"},"query-input":{"@type":"PropertyValueSpecification","valueRequired":true,"valueName":"search_term_string"}}],"inLanguage":"fr-FR"},{"@type":"Person","@id":"https:\/\/www.altercampagne.net\/#\/schema\/person\/0f261460c09e430caa0f9bcffa319109","name":"Mathieu","image":{"@type":"ImageObject","inLanguage":"fr-FR","@id":"https:\/\/secure.gravatar.com\/avatar\/aa9d3d24c83f2141e5e2709d0f63d09a99f6be6bb7a50abc4915838d9f54501a?s=96&d=mm&r=g","url":"https:\/\/secure.gravatar.com\/avatar\/aa9d3d24c83f2141e5e2709d0f63d09a99f6be6bb7a50abc4915838d9f54501a?s=96&d=mm&r=g","contentUrl":"https:\/\/secure.gravatar.com\/avatar\/aa9d3d24c83f2141e5e2709d0f63d09a99f6be6bb7a50abc4915838d9f54501a?s=96&d=mm&r=g","caption":"Mathieu"},"url":"https:\/\/www.altercampagne.net\/?author=214"}]}},"_links":{"self":[{"href":"https:\/\/www.altercampagne.net\/index.php?rest_route=\/wp\/v2\/posts\/11804","targetHints":{"allow":["GET"]}}],"collection":[{"href":"https:\/\/www.altercampagne.net\/index.php?rest_route=\/wp\/v2\/posts"}],"about":[{"href":"https:\/\/www.altercampagne.net\/index.php?rest_route=\/wp\/v2\/types\/post"}],"author":[{"embeddable":true,"href":"https:\/\/www.altercampagne.net\/index.php?rest_route=\/wp\/v2\/users\/214"}],"replies":[{"embeddable":true,"href":"https:\/\/www.altercampagne.net\/index.php?rest_route=%2Fwp%2Fv2%2Fcomments&post=11804"}],"version-history":[{"count":0,"href":"https:\/\/www.altercampagne.net\/index.php?rest_route=\/wp\/v2\/posts\/11804\/revisions"}],"wp:featuredmedia":[{"embeddable":true,"href":"https:\/\/www.altercampagne.net\/index.php?rest_route=\/wp\/v2\/media\/11805"}],"wp:attachment":[{"href":"https:\/\/www.altercampagne.net\/index.php?rest_route=%2Fwp%2Fv2%2Fmedia&parent=11804"}],"wp:term":[{"taxonomy":"category","embeddable":true,"href":"https:\/\/www.altercampagne.net\/index.php?rest_route=%2Fwp%2Fv2%2Fcategories&post=11804"},{"taxonomy":"post_tag","embeddable":true,"href":"https:\/\/www.altercampagne.net\/index.php?rest_route=%2Fwp%2Fv2%2Ftags&post=11804"}],"curies":[{"name":"wp","href":"https:\/\/api.w.org\/{rel}","templated":true}]}}