{"id":11812,"date":"2018-07-24T20:46:18","date_gmt":"2018-07-24T18:46:18","guid":{"rendered":"http:\/\/www.altercampagne.net\/?p=11812"},"modified":"2018-08-09T16:56:51","modified_gmt":"2018-08-09T14:56:51","slug":"comment-depolluer-les-sols-pour-faire-de-lagroecologie","status":"publish","type":"post","link":"https:\/\/www.altercampagne.net\/?p=11812","title":{"rendered":"Comment d\u00e9polluer les sols pour faire de l\u2019agro\u00e9cologie ?"},"content":{"rendered":"<p>Mardi 24 Juillet, aux alentours de 17 heures 30 nous voil\u00e0 arriv\u00e9 chez les Fermiers de la Francilienne \u00e0 Villetaneuse. Apr\u00e8s une ballade, plus qu\u2019urbaine, c\u2019est le d\u00e9paysement complet. Un grand espace, que nous ne tarderons pas \u00e0 visiter s\u2019offre \u00e0 nous. C\u2019est \u00c9lo\u00efse, agronome form\u00e9e en agro\u00e9cologie qui avec toute sa belle \u00e9nergie s\u2019occupe de nous accueillir et nous faire visiter l\u2019ensemble du terrain et du projet.<\/p>\n<p>Apr\u00e8s les lapins, c\u2019est avec \u00ab\u00a0Tulipe\u00a0\u00bb, la vache laiti\u00e8re que nous faisons connaissance. S\u2019ensuit une rencontre avec les cochons, les truies, les ch\u00e8vres. \u00ab\u00a0Cheval\u00a0\u00bb, le bouc est lui aussi pr\u00e9sent, majestueux et qui part son nom est un support p\u00e9dagogique humoristique pour les enfants en visite ne cessant de r\u00e9p\u00e9ter \u00ab\u00a0mais ce n\u2019est pas un cheval, mais un bouc\u00a0\u00bb. Effectivement\u00a0! Tous les animaux dont nous faisons la connaissance sont des animaux qui ont \u00e9t\u00e9 recueillit parce qu&rsquo;ils \u00e9taient maltrait\u00e9s ou saisi d&rsquo;un abattoir, dont il fait d\u2019autant plus sens de prendre soin pour des enfants vivant des difficult\u00e9s au quotidien ou les personnes sous-main de justice travaillant dans la ferme.<\/p>\n<p>Mais cet espace n\u2019est pas seulement un espace de \u00ab\u00a0zooth\u00e9rapie\u00a0\u00bb ou de \u00ab\u00a0fermoth\u00e9rapie\u00a0\u00bb, il est \u00e9galement un espace agricole \u00e0 penser. En effet, la suite de la visite concerne les terres qu\u2019il est difficile d\u2019exploiter tant elles sont pollu\u00e9es. Le comble pour une agronome : disposer d\u2019une parcelle de terre g\u00e9n\u00e9reuse mais inexploitable car dangereuse \u2026 Ce n\u2019est pas sans compter sur l\u2019ing\u00e9niosit\u00e9 et l\u2019envie des personnes sur place qui inventent, testent chaque jour des alternatives \u00e0 cet handicap\u00a0: production hors sol, construction d\u2019une serre, utilisation de champignons pour d\u00e9polluer\u2026 C\u2019est finalement le champ des possibles.<\/p>\n<p>Faire avec ce que l\u2019on a, et ne pas limiter son imagination, voil\u00e0 ce que nous apprend cette visite. Cr\u00e9\u00e9e en Mars 2016, la ferme est aujourd\u2019hui exclusivement am\u00e9nag\u00e9e avec des mat\u00e9riaux de r\u00e9cup\u00e9ration et de r\u00e9emploi. Mais avant tout c\u2019est un lieu ouvert \u00e0 toutes et tous. Peuvent s\u2019y croiser, des enfants du quartier qui y trouve un rep\u00e8re, des enfants parisiens venus en visite se reconnecter avec la terre et le monde animal, des salari\u00e9.es de plus ou moins grandes entreprises venues effectuer leur journ\u00e9e sociale d\u2019entreprise, des personnes \u00ab\u00a0sous-main de justice\u00a0\u00bb qui viennent travailler chaque jour et faire vivre le lieu, des jeunes \u00e9tudiants en \u00e9thologie, des alter touristes\u2026<\/p>\n<p>Alors pourquoi pas vous\u00a0?<\/p>\n<p style=\"text-align: right;\"><strong>Nolwenn <\/strong><\/p>\n","protected":false},"excerpt":{"rendered":"<p>Mardi 24 Juillet, aux alentours de 17 heures 30 nous voil\u00e0 arriv\u00e9 chez les Fermiers de la Francilienne \u00e0 Villetaneuse. Apr\u00e8s une ballade, plus qu\u2019urbaine, c\u2019est le d\u00e9paysement complet. Un grand espace, que nous ne tarderons pas \u00e0 visiter s\u2019offre \u00e0 nous. C\u2019est \u00c9lo\u00efse, agronome form\u00e9e en agro\u00e9cologie qui avec &#8230; <\/p>\n<div><a href=\"https:\/\/www.altercampagne.net\/?p=11812\" class=\"more-link\">Read More<\/a><\/div>\n","protected":false},"author":214,"featured_media":11813,"comment_status":"closed","ping_status":"closed","sticky":false,"template":"","format":"standard","meta":{"footnotes":""},"categories":[3483,3470,3477,3488],"tags":[405,1490,3455,3543,3706],"class_list":["post-11812","post","type-post","status-publish","format-standard","has-post-thumbnail","hentry","category-agriculture","category-edition-2018","category-ile-de-france","category-social","tag-agroecologie","tag-ile-de-france","tag-fermiers-de-la-francilienne","tag-villetaneuse","tag-zootherapie"],"yoast_head":"<!-- This site is optimized with the Yoast SEO plugin v27.3 - https:\/\/yoast.com\/product\/yoast-seo-wordpress\/ -->\n<title>Comment d\u00e9polluer les sols pour faire de l\u2019agro\u00e9cologie ? - AlterTour<\/title>\n<meta name=\"robots\" content=\"index, follow, max-snippet:-1, max-image-preview:large, max-video-preview:-1\" \/>\n<link rel=\"canonical\" href=\"https:\/\/www.altercampagne.net\/?p=11812\" \/>\n<meta property=\"og:locale\" content=\"fr_FR\" \/>\n<meta property=\"og:type\" content=\"article\" \/>\n<meta property=\"og:title\" content=\"Comment d\u00e9polluer les sols pour faire de l\u2019agro\u00e9cologie ? - AlterTour\" \/>\n<meta property=\"og:description\" content=\"Mardi 24 Juillet, aux alentours de 17 heures 30 nous voil\u00e0 arriv\u00e9 chez les Fermiers de la Francilienne \u00e0 Villetaneuse. Apr\u00e8s une ballade, plus qu\u2019urbaine, c\u2019est le d\u00e9paysement complet. Un grand espace, que nous ne tarderons pas \u00e0 visiter s\u2019offre \u00e0 nous. C\u2019est \u00c9lo\u00efse, agronome form\u00e9e en agro\u00e9cologie qui avec ... Read More\" \/>\n<meta property=\"og:url\" content=\"https:\/\/www.altercampagne.net\/?p=11812\" \/>\n<meta property=\"og:site_name\" content=\"AlterTour\" \/>\n<meta property=\"article:published_time\" content=\"2018-07-24T18:46:18+00:00\" \/>\n<meta property=\"article:modified_time\" content=\"2018-08-09T14:56:51+00:00\" \/>\n<meta property=\"og:image\" content=\"https:\/\/www.altercampagne.net\/wp-content\/uploads\/2018\/08\/AT2018-fermiers-de-la-francilienne-2018-07-24-25_Altertour-JSubiry-81.jpg\" \/>\n\t<meta property=\"og:image:width\" content=\"900\" \/>\n\t<meta property=\"og:image:height\" content=\"471\" \/>\n\t<meta property=\"og:image:type\" content=\"image\/jpeg\" \/>\n<meta name=\"author\" content=\"Mathieu\" \/>\n<meta name=\"twitter:card\" content=\"summary_large_image\" \/>\n<meta name=\"twitter:label1\" content=\"\u00c9crit par\" \/>\n\t<meta name=\"twitter:data1\" content=\"Mathieu\" \/>\n\t<meta name=\"twitter:label2\" content=\"Dur\u00e9e de lecture estim\u00e9e\" \/>\n\t<meta name=\"twitter:data2\" content=\"2 minutes\" \/>\n<script type=\"application\/ld+json\" class=\"yoast-schema-graph\">{\"@context\":\"https:\\\/\\\/schema.org\",\"@graph\":[{\"@type\":\"Article\",\"@id\":\"https:\\\/\\\/www.altercampagne.net\\\/?p=11812#article\",\"isPartOf\":{\"@id\":\"https:\\\/\\\/www.altercampagne.net\\\/?p=11812\"},\"author\":{\"name\":\"Mathieu\",\"@id\":\"https:\\\/\\\/www.altercampagne.net\\\/#\\\/schema\\\/person\\\/0f261460c09e430caa0f9bcffa319109\"},\"headline\":\"Comment d\u00e9polluer les sols pour faire de l\u2019agro\u00e9cologie ?\",\"datePublished\":\"2018-07-24T18:46:18+00:00\",\"dateModified\":\"2018-08-09T14:56:51+00:00\",\"mainEntityOfPage\":{\"@id\":\"https:\\\/\\\/www.altercampagne.net\\\/?p=11812\"},\"wordCount\":447,\"image\":{\"@id\":\"https:\\\/\\\/www.altercampagne.net\\\/?p=11812#primaryimage\"},\"thumbnailUrl\":\"https:\\\/\\\/www.altercampagne.net\\\/wp-content\\\/uploads\\\/2018\\\/08\\\/AT2018-fermiers-de-la-francilienne-2018-07-24-25_Altertour-JSubiry-81.jpg\",\"keywords\":[\"agro\u00e9cologie\",\"ile-de-france\",\"fermiers de la francilienne\",\"Villetaneuse\",\"zooth\u00e9rapie\"],\"articleSection\":[\"Agriculture\",\"\u00c9dition 2018\",\"\u00cele-de-France\",\"Social\"],\"inLanguage\":\"fr-FR\"},{\"@type\":\"WebPage\",\"@id\":\"https:\\\/\\\/www.altercampagne.net\\\/?p=11812\",\"url\":\"https:\\\/\\\/www.altercampagne.net\\\/?p=11812\",\"name\":\"Comment d\u00e9polluer les sols pour faire de l\u2019agro\u00e9cologie ? - AlterTour\",\"isPartOf\":{\"@id\":\"https:\\\/\\\/www.altercampagne.net\\\/#website\"},\"primaryImageOfPage\":{\"@id\":\"https:\\\/\\\/www.altercampagne.net\\\/?p=11812#primaryimage\"},\"image\":{\"@id\":\"https:\\\/\\\/www.altercampagne.net\\\/?p=11812#primaryimage\"},\"thumbnailUrl\":\"https:\\\/\\\/www.altercampagne.net\\\/wp-content\\\/uploads\\\/2018\\\/08\\\/AT2018-fermiers-de-la-francilienne-2018-07-24-25_Altertour-JSubiry-81.jpg\",\"datePublished\":\"2018-07-24T18:46:18+00:00\",\"dateModified\":\"2018-08-09T14:56:51+00:00\",\"author\":{\"@id\":\"https:\\\/\\\/www.altercampagne.net\\\/#\\\/schema\\\/person\\\/0f261460c09e430caa0f9bcffa319109\"},\"breadcrumb\":{\"@id\":\"https:\\\/\\\/www.altercampagne.net\\\/?p=11812#breadcrumb\"},\"inLanguage\":\"fr-FR\",\"potentialAction\":[{\"@type\":\"ReadAction\",\"target\":[\"https:\\\/\\\/www.altercampagne.net\\\/?p=11812\"]}]},{\"@type\":\"ImageObject\",\"inLanguage\":\"fr-FR\",\"@id\":\"https:\\\/\\\/www.altercampagne.net\\\/?p=11812#primaryimage\",\"url\":\"https:\\\/\\\/www.altercampagne.net\\\/wp-content\\\/uploads\\\/2018\\\/08\\\/AT2018-fermiers-de-la-francilienne-2018-07-24-25_Altertour-JSubiry-81.jpg\",\"contentUrl\":\"https:\\\/\\\/www.altercampagne.net\\\/wp-content\\\/uploads\\\/2018\\\/08\\\/AT2018-fermiers-de-la-francilienne-2018-07-24-25_Altertour-JSubiry-81.jpg\",\"width\":900,\"height\":471},{\"@type\":\"BreadcrumbList\",\"@id\":\"https:\\\/\\\/www.altercampagne.net\\\/?p=11812#breadcrumb\",\"itemListElement\":[{\"@type\":\"ListItem\",\"position\":1,\"name\":\"Accueil\",\"item\":\"https:\\\/\\\/www.altercampagne.net\\\/\"},{\"@type\":\"ListItem\",\"position\":2,\"name\":\"Comment d\u00e9polluer les sols pour faire de l\u2019agro\u00e9cologie ?\"}]},{\"@type\":\"WebSite\",\"@id\":\"https:\\\/\\\/www.altercampagne.net\\\/#website\",\"url\":\"https:\\\/\\\/www.altercampagne.net\\\/\",\"name\":\"AlterTour\",\"description\":\"Reliez les Alternatives \u00e0 v\u00e9lo\",\"potentialAction\":[{\"@type\":\"SearchAction\",\"target\":{\"@type\":\"EntryPoint\",\"urlTemplate\":\"https:\\\/\\\/www.altercampagne.net\\\/?s={search_term_string}\"},\"query-input\":{\"@type\":\"PropertyValueSpecification\",\"valueRequired\":true,\"valueName\":\"search_term_string\"}}],\"inLanguage\":\"fr-FR\"},{\"@type\":\"Person\",\"@id\":\"https:\\\/\\\/www.altercampagne.net\\\/#\\\/schema\\\/person\\\/0f261460c09e430caa0f9bcffa319109\",\"name\":\"Mathieu\",\"image\":{\"@type\":\"ImageObject\",\"inLanguage\":\"fr-FR\",\"@id\":\"https:\\\/\\\/secure.gravatar.com\\\/avatar\\\/aa9d3d24c83f2141e5e2709d0f63d09a99f6be6bb7a50abc4915838d9f54501a?s=96&d=mm&r=g\",\"url\":\"https:\\\/\\\/secure.gravatar.com\\\/avatar\\\/aa9d3d24c83f2141e5e2709d0f63d09a99f6be6bb7a50abc4915838d9f54501a?s=96&d=mm&r=g\",\"contentUrl\":\"https:\\\/\\\/secure.gravatar.com\\\/avatar\\\/aa9d3d24c83f2141e5e2709d0f63d09a99f6be6bb7a50abc4915838d9f54501a?s=96&d=mm&r=g\",\"caption\":\"Mathieu\"},\"url\":\"https:\\\/\\\/www.altercampagne.net\\\/?author=214\"}]}<\/script>\n<!-- \/ Yoast SEO plugin. -->","yoast_head_json":{"title":"Comment d\u00e9polluer les sols pour faire de l\u2019agro\u00e9cologie ? - AlterTour","robots":{"index":"index","follow":"follow","max-snippet":"max-snippet:-1","max-image-preview":"max-image-preview:large","max-video-preview":"max-video-preview:-1"},"canonical":"https:\/\/www.altercampagne.net\/?p=11812","og_locale":"fr_FR","og_type":"article","og_title":"Comment d\u00e9polluer les sols pour faire de l\u2019agro\u00e9cologie ? - AlterTour","og_description":"Mardi 24 Juillet, aux alentours de 17 heures 30 nous voil\u00e0 arriv\u00e9 chez les Fermiers de la Francilienne \u00e0 Villetaneuse. Apr\u00e8s une ballade, plus qu\u2019urbaine, c\u2019est le d\u00e9paysement complet. Un grand espace, que nous ne tarderons pas \u00e0 visiter s\u2019offre \u00e0 nous. C\u2019est \u00c9lo\u00efse, agronome form\u00e9e en agro\u00e9cologie qui avec ... Read More","og_url":"https:\/\/www.altercampagne.net\/?p=11812","og_site_name":"AlterTour","article_published_time":"2018-07-24T18:46:18+00:00","article_modified_time":"2018-08-09T14:56:51+00:00","og_image":[{"width":900,"height":471,"url":"https:\/\/www.altercampagne.net\/wp-content\/uploads\/2018\/08\/AT2018-fermiers-de-la-francilienne-2018-07-24-25_Altertour-JSubiry-81.jpg","type":"image\/jpeg"}],"author":"Mathieu","twitter_card":"summary_large_image","twitter_misc":{"\u00c9crit par":"Mathieu","Dur\u00e9e de lecture estim\u00e9e":"2 minutes"},"schema":{"@context":"https:\/\/schema.org","@graph":[{"@type":"Article","@id":"https:\/\/www.altercampagne.net\/?p=11812#article","isPartOf":{"@id":"https:\/\/www.altercampagne.net\/?p=11812"},"author":{"name":"Mathieu","@id":"https:\/\/www.altercampagne.net\/#\/schema\/person\/0f261460c09e430caa0f9bcffa319109"},"headline":"Comment d\u00e9polluer les sols pour faire de l\u2019agro\u00e9cologie ?","datePublished":"2018-07-24T18:46:18+00:00","dateModified":"2018-08-09T14:56:51+00:00","mainEntityOfPage":{"@id":"https:\/\/www.altercampagne.net\/?p=11812"},"wordCount":447,"image":{"@id":"https:\/\/www.altercampagne.net\/?p=11812#primaryimage"},"thumbnailUrl":"https:\/\/www.altercampagne.net\/wp-content\/uploads\/2018\/08\/AT2018-fermiers-de-la-francilienne-2018-07-24-25_Altertour-JSubiry-81.jpg","keywords":["agro\u00e9cologie","ile-de-france","fermiers de la francilienne","Villetaneuse","zooth\u00e9rapie"],"articleSection":["Agriculture","\u00c9dition 2018","\u00cele-de-France","Social"],"inLanguage":"fr-FR"},{"@type":"WebPage","@id":"https:\/\/www.altercampagne.net\/?p=11812","url":"https:\/\/www.altercampagne.net\/?p=11812","name":"Comment d\u00e9polluer les sols pour faire de l\u2019agro\u00e9cologie ? - AlterTour","isPartOf":{"@id":"https:\/\/www.altercampagne.net\/#website"},"primaryImageOfPage":{"@id":"https:\/\/www.altercampagne.net\/?p=11812#primaryimage"},"image":{"@id":"https:\/\/www.altercampagne.net\/?p=11812#primaryimage"},"thumbnailUrl":"https:\/\/www.altercampagne.net\/wp-content\/uploads\/2018\/08\/AT2018-fermiers-de-la-francilienne-2018-07-24-25_Altertour-JSubiry-81.jpg","datePublished":"2018-07-24T18:46:18+00:00","dateModified":"2018-08-09T14:56:51+00:00","author":{"@id":"https:\/\/www.altercampagne.net\/#\/schema\/person\/0f261460c09e430caa0f9bcffa319109"},"breadcrumb":{"@id":"https:\/\/www.altercampagne.net\/?p=11812#breadcrumb"},"inLanguage":"fr-FR","potentialAction":[{"@type":"ReadAction","target":["https:\/\/www.altercampagne.net\/?p=11812"]}]},{"@type":"ImageObject","inLanguage":"fr-FR","@id":"https:\/\/www.altercampagne.net\/?p=11812#primaryimage","url":"https:\/\/www.altercampagne.net\/wp-content\/uploads\/2018\/08\/AT2018-fermiers-de-la-francilienne-2018-07-24-25_Altertour-JSubiry-81.jpg","contentUrl":"https:\/\/www.altercampagne.net\/wp-content\/uploads\/2018\/08\/AT2018-fermiers-de-la-francilienne-2018-07-24-25_Altertour-JSubiry-81.jpg","width":900,"height":471},{"@type":"BreadcrumbList","@id":"https:\/\/www.altercampagne.net\/?p=11812#breadcrumb","itemListElement":[{"@type":"ListItem","position":1,"name":"Accueil","item":"https:\/\/www.altercampagne.net\/"},{"@type":"ListItem","position":2,"name":"Comment d\u00e9polluer les sols pour faire de l\u2019agro\u00e9cologie ?"}]},{"@type":"WebSite","@id":"https:\/\/www.altercampagne.net\/#website","url":"https:\/\/www.altercampagne.net\/","name":"AlterTour","description":"Reliez les Alternatives \u00e0 v\u00e9lo","potentialAction":[{"@type":"SearchAction","target":{"@type":"EntryPoint","urlTemplate":"https:\/\/www.altercampagne.net\/?s={search_term_string}"},"query-input":{"@type":"PropertyValueSpecification","valueRequired":true,"valueName":"search_term_string"}}],"inLanguage":"fr-FR"},{"@type":"Person","@id":"https:\/\/www.altercampagne.net\/#\/schema\/person\/0f261460c09e430caa0f9bcffa319109","name":"Mathieu","image":{"@type":"ImageObject","inLanguage":"fr-FR","@id":"https:\/\/secure.gravatar.com\/avatar\/aa9d3d24c83f2141e5e2709d0f63d09a99f6be6bb7a50abc4915838d9f54501a?s=96&d=mm&r=g","url":"https:\/\/secure.gravatar.com\/avatar\/aa9d3d24c83f2141e5e2709d0f63d09a99f6be6bb7a50abc4915838d9f54501a?s=96&d=mm&r=g","contentUrl":"https:\/\/secure.gravatar.com\/avatar\/aa9d3d24c83f2141e5e2709d0f63d09a99f6be6bb7a50abc4915838d9f54501a?s=96&d=mm&r=g","caption":"Mathieu"},"url":"https:\/\/www.altercampagne.net\/?author=214"}]}},"_links":{"self":[{"href":"https:\/\/www.altercampagne.net\/index.php?rest_route=\/wp\/v2\/posts\/11812","targetHints":{"allow":["GET"]}}],"collection":[{"href":"https:\/\/www.altercampagne.net\/index.php?rest_route=\/wp\/v2\/posts"}],"about":[{"href":"https:\/\/www.altercampagne.net\/index.php?rest_route=\/wp\/v2\/types\/post"}],"author":[{"embeddable":true,"href":"https:\/\/www.altercampagne.net\/index.php?rest_route=\/wp\/v2\/users\/214"}],"replies":[{"embeddable":true,"href":"https:\/\/www.altercampagne.net\/index.php?rest_route=%2Fwp%2Fv2%2Fcomments&post=11812"}],"version-history":[{"count":0,"href":"https:\/\/www.altercampagne.net\/index.php?rest_route=\/wp\/v2\/posts\/11812\/revisions"}],"wp:featuredmedia":[{"embeddable":true,"href":"https:\/\/www.altercampagne.net\/index.php?rest_route=\/wp\/v2\/media\/11813"}],"wp:attachment":[{"href":"https:\/\/www.altercampagne.net\/index.php?rest_route=%2Fwp%2Fv2%2Fmedia&parent=11812"}],"wp:term":[{"taxonomy":"category","embeddable":true,"href":"https:\/\/www.altercampagne.net\/index.php?rest_route=%2Fwp%2Fv2%2Fcategories&post=11812"},{"taxonomy":"post_tag","embeddable":true,"href":"https:\/\/www.altercampagne.net\/index.php?rest_route=%2Fwp%2Fv2%2Ftags&post=11812"}],"curies":[{"name":"wp","href":"https:\/\/api.w.org\/{rel}","templated":true}]}}