{"id":11815,"date":"2018-07-17T20:01:46","date_gmt":"2018-07-17T18:01:46","guid":{"rendered":"http:\/\/www.altercampagne.net\/?p=11815"},"modified":"2018-08-09T17:08:11","modified_gmt":"2018-08-09T15:08:11","slug":"super-accueil-a-beauvais-pour-la-convergence-altertour-tour-alternatiba","status":"publish","type":"post","link":"https:\/\/www.altercampagne.net\/?p=11815","title":{"rendered":"Super accueil \u00e0 Beauvais pour la convergence AlterTour \/ Tour Alternatiba !"},"content":{"rendered":"<p align=\"JUSTIFY\">Ce matin debout 6h00, direction Beauvais\u00a0! Nous suivons une route bien sinueuse, entre bocages, champs de culture \u00e0 l\u2019horizon, \u00e9oliennes et vaches. Et puis, amus\u00e9s, nous vivons \u00e0 contre-courant la route du tour de France.<\/p>\n<p align=\"JUSTIFY\">Petite pause bien m\u00e9rit\u00e9e \u00e0 Crevecoeur-le-Grand sous les explications de Cl\u00e9mence\u00a0: cette ville a accueilli Fran\u00e7ois Ier au ch\u00e2teau situ\u00e9 au c\u0153ur du centre-bourg et le mariage de Jos\u00e9phine Backer. Nous retrouvons ici m\u00eame un membre de l\u2019association BeauV\u00e9lo. Nous faisons route ensemble jusque Beauvais. Sur la route, \u00e0 partir de l\u00e0, quelques cyclistes nous rejoignent pour finir \u00e0 Beauvais avec une v\u00e9lorution autour du plan d\u2019eau du Canada, organis\u00e9 par Beauvais en Transition pour l\u2019AlterTour et Tour Alternatiba. En effet, c\u2019est \u00e0 Beauvais puis \u00e0 Bure dans quelques jours que nous croisons la route du Tour Alternatiba.<\/p>\n<p align=\"JUSTIFY\">L\u2019apr\u00e8s-midi se d\u00e9roule en 3 ateliers\u00a0: Les ateliers de la Bergerette, BeauV\u00e9lo et les composts collectifs.<\/p>\n<p>LES ATELIERS DE LA BERGERETTE<\/p>\n<p>BEAUVELOS<\/p>\n<p>LES COMPOSTS COLLECTIFS<\/p>\n<p><i>\u00ab\u00a0le jardin contient autant de merveille que le bout du monde\u00a0\u00bb<\/i><\/p>\n<p align=\"JUSTIFY\">Michelle et Axelle nous conduisent dans les quartiers de Beauvais pour d\u00e9couvrir les composts collectifs et participatifs mis en place par l\u2019association Collembole et Cie. L\u2019id\u00e9e\u00a0; cr\u00e9er un composts au c\u0153ur des quartiers, pour tous. Chaque compost est suivi et g\u00e9r\u00e9 par un animateur, et au fur et \u00e0 mesure, l\u2019animateur se doit de laisser sa place aux habitants et r\u00e9aliser des temps de jardinage, permettant d\u2019utiliser le compost cr\u00e9e. Une fois par semaine, l\u2019animateur est pr\u00e9sent pour discuter, \u00e9changer et r\u00e9aliser des ateliers de jardinages avec les habitants. Il est souvent plus facile de mobiliser les enfants sur ce genre d\u2019activit\u00e9.<\/p>\n<p align=\"JUSTIFY\">Beaucoup de partenariat sont mis en place pour cr\u00e9er et\/ou entretenir ces lieux. Les am\u00e9nagements des composti\u00e8res, jardins, r\u00e9cup\u00e9ration d\u2019eau de pluie\u2026 ont \u00e9t\u00e9 cr\u00e9e par Emma\u00fcs, Rosalie, le Tch\u00f4 Caf\u00e9 (associations pour les enfants de quartiers) et animateurs de Collembole. Des subventions de l\u2019\u00e9tat, de la r\u00e9gion et du d\u00e9partement couvrent les frais de mat\u00e9riaux et de temps (r\u00e9mun\u00e9ration des animateurs).<\/p>\n<p align=\"JUSTIFY\">L\u2019association Collembole et Cie comptent aujourd\u2019hui 7 composti\u00e8res sur l\u2019ensemble du Beauvaisis, avec ou non des jardins collectifs.<\/p>\n<p align=\"JUSTIFY\">Pour mettre en place un compost et par la suite un jardin collectif, il est important de prendre le temps et faire avec les habitants pour qu\u2019ils s\u2019investissent. Il est d\u2019autant plus int\u00e9ressant lorsque la demande d\u2019am\u00e9nagement de composti\u00e8res ou de jardins est concr\u00e9tis\u00e9e par les habitants.<\/p>\n<p align=\"JUSTIFY\">En plus, site web de l\u2019association\u00a0: <a href=\"http:\/\/collembole.fr\/\">http:\/\/collembole.fr\/<\/a> et lecture\u00a0: <i>Les jardins collectifs de Pari<\/i>s de Thierry Delahaye<\/p>\n<p align=\"JUSTIFY\">En soir\u00e9e, nous avons pu assister \u00e0 une conf\u00e9rence sur l\u2019action de lutte non-violente par l\u2019ANCV-COP 21. Il s\u2019agit d\u2019un mouvement populaire non-violent contre toutes les formes d\u2019injustice envers le climat. Il op\u00e8re des luttes non-violente pour faire pression sur les structures qui nous aveugle.<\/p>\n<p align=\"JUSTIFY\">Nous avons pu d\u00e9crypter ensemble l\u2019organisons d\u2019une manifestation pour nettoyer les banques les plus sales (\u00e9vasion fiscale, porteur de projet gaz de schiste, projet minier g\u00e9ant&#8230;)\u00a0; quelles sont les temps ou actions \u00e0 mettre en place avant\/apr\u00e8s toutes luttes\u00a0? (briefing, d\u00e9briefing, rep\u00e9rage&#8230;), quelles r\u00f4les partager\u00a0? (anges-gardiens, serpilleurs, \u00e9vacuateurs, sir\u00e8nes et porte voix, communicants presse, police\u2026).<\/p>\n<p align=\"JUSTIFY\">Nous avons aussi \u00e9t\u00e9 \u00e9clair\u00e9 sur les aspects juridiques. Que faire en cas d\u2019arrestation pour contr\u00f4le d\u2019identit\u00e9\u00a0? Comment r\u00e9agir lors d\u2019une mise en garde \u00e0 vue ou proc\u00e8s\u00a0? (d\u00e9cliner toujours son identit\u00e9, r\u00e9pondre ensuite par \u00ab\u00a0Je n\u2019ai rien \u00e0 d\u00e9clarer\u00a0\u00bb, demander toujours un avocat commis d\u2019office lorsqu\u2019il est propos\u00e9, refuser la comparution imm\u00e9diate\u2026). Il faut savoir aussi que le refus des prises d\u2019empreinte ou d\u2019ADN sont consid\u00e9r\u00e9 comme un d\u00e9lit.<\/p>\n<p align=\"JUSTIFY\">ANCV-COP 21 organise le 6 septembre 2018 une lutte m\u00e9nage de la soci\u00e9t\u00e9 g\u00e9n\u00e9rale \u00e0 l\u2019\u00e9chelle national (contre un projet de gaz de schiste port\u00e9 par cet banque). Renseigne toi aupr\u00e8s de ton ANCV-COP 21 locale ou sur <a href=\"https:\/\/anv-cop21.org\/strategie-de-non-violence\/\">https:\/\/anv-cop21.org\/strategie-de-non-violence\/<\/a> pour y participer.<\/p>\n<p align=\"JUSTIFY\">La journ\u00e9e s\u2019est termin\u00e9e par une soir\u00e9e Pizza-folk. Un pizzaiolo du coin, nous a concocter des pizzas pour tous les go\u00fbts gr\u00e2ce \u00e0 son four \u00e0 pizza ambulant. \u00ab\u00a0<i>Quart d\u2019heure picard\u00a0\u00bb<\/i> nous a fait danser et chantonner du folk jusque bien tard dans la nuit.<\/p>\n<p align=\"JUSTIFY\">Une journ\u00e9e bien charg\u00e9e, riche de rencontres, de partages, de connaissances, de d\u00e9parts et d\u2019arriv\u00e9es, ces journ\u00e9es comme on les aime \u00e0 l\u2019AlterTour.<\/p>\n<p style=\"text-align: right;\" align=\"JUSTIFY\"><strong>Blandine<\/strong><\/p>\n","protected":false},"excerpt":{"rendered":"<p>Ce matin debout 6h00, direction Beauvais\u00a0! Nous suivons une route bien sinueuse, entre bocages, champs de culture \u00e0 l\u2019horizon, \u00e9oliennes et vaches. Et puis, amus\u00e9s, nous vivons \u00e0 contre-courant la route du tour de France. Petite pause bien m\u00e9rit\u00e9e \u00e0 Crevecoeur-le-Grand sous les explications de Cl\u00e9mence\u00a0: cette ville a accueilli &#8230; <\/p>\n<div><a href=\"https:\/\/www.altercampagne.net\/?p=11815\" class=\"more-link\">Read More<\/a><\/div>\n","protected":false},"author":214,"featured_media":11816,"comment_status":"closed","ping_status":"closed","sticky":false,"template":"","format":"standard","meta":{"footnotes":""},"categories":[3489,3470,3476,3488],"tags":[1137,3240,3381,3559],"class_list":["post-11815","post","type-post","status-publish","format-standard","has-post-thumbnail","hentry","category-alimentation","category-edition-2018","category-hauts-de-france","category-social","tag-beauvais","tag-oise","tag-hauts-de-france","tag-picardie"],"yoast_head":"<!-- This site is optimized with the Yoast SEO plugin v27.3 - https:\/\/yoast.com\/product\/yoast-seo-wordpress\/ -->\n<title>Super accueil \u00e0 Beauvais pour la convergence AlterTour \/ Tour Alternatiba ! - AlterTour<\/title>\n<meta name=\"robots\" content=\"index, follow, max-snippet:-1, max-image-preview:large, max-video-preview:-1\" \/>\n<link rel=\"canonical\" href=\"https:\/\/www.altercampagne.net\/?p=11815\" \/>\n<meta property=\"og:locale\" content=\"fr_FR\" \/>\n<meta property=\"og:type\" content=\"article\" \/>\n<meta property=\"og:title\" content=\"Super accueil \u00e0 Beauvais pour la convergence AlterTour \/ Tour Alternatiba ! - AlterTour\" \/>\n<meta property=\"og:description\" content=\"Ce matin debout 6h00, direction Beauvais\u00a0! Nous suivons une route bien sinueuse, entre bocages, champs de culture \u00e0 l\u2019horizon, \u00e9oliennes et vaches. Et puis, amus\u00e9s, nous vivons \u00e0 contre-courant la route du tour de France. Petite pause bien m\u00e9rit\u00e9e \u00e0 Crevecoeur-le-Grand sous les explications de Cl\u00e9mence\u00a0: cette ville a accueilli ... Read More\" \/>\n<meta property=\"og:url\" content=\"https:\/\/www.altercampagne.net\/?p=11815\" \/>\n<meta property=\"og:site_name\" content=\"AlterTour\" \/>\n<meta property=\"article:published_time\" content=\"2018-07-17T18:01:46+00:00\" \/>\n<meta property=\"article:modified_time\" content=\"2018-08-09T15:08:11+00:00\" \/>\n<meta property=\"og:image\" content=\"https:\/\/www.altercampagne.net\/wp-content\/uploads\/2018\/08\/AT2018-beauvais-P7170051.jpg\" \/>\n\t<meta property=\"og:image:width\" content=\"800\" \/>\n\t<meta property=\"og:image:height\" content=\"418\" \/>\n\t<meta property=\"og:image:type\" content=\"image\/jpeg\" \/>\n<meta name=\"author\" content=\"Mathieu\" \/>\n<meta name=\"twitter:card\" content=\"summary_large_image\" \/>\n<meta name=\"twitter:label1\" content=\"\u00c9crit par\" \/>\n\t<meta name=\"twitter:data1\" content=\"Mathieu\" \/>\n\t<meta name=\"twitter:label2\" content=\"Dur\u00e9e de lecture estim\u00e9e\" \/>\n\t<meta name=\"twitter:data2\" content=\"4 minutes\" \/>\n<script type=\"application\/ld+json\" class=\"yoast-schema-graph\">{\"@context\":\"https:\\\/\\\/schema.org\",\"@graph\":[{\"@type\":\"Article\",\"@id\":\"https:\\\/\\\/www.altercampagne.net\\\/?p=11815#article\",\"isPartOf\":{\"@id\":\"https:\\\/\\\/www.altercampagne.net\\\/?p=11815\"},\"author\":{\"name\":\"Mathieu\",\"@id\":\"https:\\\/\\\/www.altercampagne.net\\\/#\\\/schema\\\/person\\\/0f261460c09e430caa0f9bcffa319109\"},\"headline\":\"Super accueil \u00e0 Beauvais pour la convergence AlterTour \\\/ Tour Alternatiba !\",\"datePublished\":\"2018-07-17T18:01:46+00:00\",\"dateModified\":\"2018-08-09T15:08:11+00:00\",\"mainEntityOfPage\":{\"@id\":\"https:\\\/\\\/www.altercampagne.net\\\/?p=11815\"},\"wordCount\":806,\"image\":{\"@id\":\"https:\\\/\\\/www.altercampagne.net\\\/?p=11815#primaryimage\"},\"thumbnailUrl\":\"https:\\\/\\\/www.altercampagne.net\\\/wp-content\\\/uploads\\\/2018\\\/08\\\/AT2018-beauvais-P7170051.jpg\",\"keywords\":[\"beauvais\",\"Oise\",\"Hauts-de-France\",\"Picardie\"],\"articleSection\":[\"Alimentation\",\"\u00c9dition 2018\",\"Hauts-de-France\",\"Social\"],\"inLanguage\":\"fr-FR\"},{\"@type\":\"WebPage\",\"@id\":\"https:\\\/\\\/www.altercampagne.net\\\/?p=11815\",\"url\":\"https:\\\/\\\/www.altercampagne.net\\\/?p=11815\",\"name\":\"Super accueil \u00e0 Beauvais pour la convergence AlterTour \\\/ Tour Alternatiba ! - AlterTour\",\"isPartOf\":{\"@id\":\"https:\\\/\\\/www.altercampagne.net\\\/#website\"},\"primaryImageOfPage\":{\"@id\":\"https:\\\/\\\/www.altercampagne.net\\\/?p=11815#primaryimage\"},\"image\":{\"@id\":\"https:\\\/\\\/www.altercampagne.net\\\/?p=11815#primaryimage\"},\"thumbnailUrl\":\"https:\\\/\\\/www.altercampagne.net\\\/wp-content\\\/uploads\\\/2018\\\/08\\\/AT2018-beauvais-P7170051.jpg\",\"datePublished\":\"2018-07-17T18:01:46+00:00\",\"dateModified\":\"2018-08-09T15:08:11+00:00\",\"author\":{\"@id\":\"https:\\\/\\\/www.altercampagne.net\\\/#\\\/schema\\\/person\\\/0f261460c09e430caa0f9bcffa319109\"},\"breadcrumb\":{\"@id\":\"https:\\\/\\\/www.altercampagne.net\\\/?p=11815#breadcrumb\"},\"inLanguage\":\"fr-FR\",\"potentialAction\":[{\"@type\":\"ReadAction\",\"target\":[\"https:\\\/\\\/www.altercampagne.net\\\/?p=11815\"]}]},{\"@type\":\"ImageObject\",\"inLanguage\":\"fr-FR\",\"@id\":\"https:\\\/\\\/www.altercampagne.net\\\/?p=11815#primaryimage\",\"url\":\"https:\\\/\\\/www.altercampagne.net\\\/wp-content\\\/uploads\\\/2018\\\/08\\\/AT2018-beauvais-P7170051.jpg\",\"contentUrl\":\"https:\\\/\\\/www.altercampagne.net\\\/wp-content\\\/uploads\\\/2018\\\/08\\\/AT2018-beauvais-P7170051.jpg\",\"width\":800,\"height\":418},{\"@type\":\"BreadcrumbList\",\"@id\":\"https:\\\/\\\/www.altercampagne.net\\\/?p=11815#breadcrumb\",\"itemListElement\":[{\"@type\":\"ListItem\",\"position\":1,\"name\":\"Accueil\",\"item\":\"https:\\\/\\\/www.altercampagne.net\\\/\"},{\"@type\":\"ListItem\",\"position\":2,\"name\":\"Super accueil \u00e0 Beauvais pour la convergence AlterTour \\\/ Tour Alternatiba !\"}]},{\"@type\":\"WebSite\",\"@id\":\"https:\\\/\\\/www.altercampagne.net\\\/#website\",\"url\":\"https:\\\/\\\/www.altercampagne.net\\\/\",\"name\":\"AlterTour\",\"description\":\"Reliez les Alternatives \u00e0 v\u00e9lo\",\"potentialAction\":[{\"@type\":\"SearchAction\",\"target\":{\"@type\":\"EntryPoint\",\"urlTemplate\":\"https:\\\/\\\/www.altercampagne.net\\\/?s={search_term_string}\"},\"query-input\":{\"@type\":\"PropertyValueSpecification\",\"valueRequired\":true,\"valueName\":\"search_term_string\"}}],\"inLanguage\":\"fr-FR\"},{\"@type\":\"Person\",\"@id\":\"https:\\\/\\\/www.altercampagne.net\\\/#\\\/schema\\\/person\\\/0f261460c09e430caa0f9bcffa319109\",\"name\":\"Mathieu\",\"image\":{\"@type\":\"ImageObject\",\"inLanguage\":\"fr-FR\",\"@id\":\"https:\\\/\\\/secure.gravatar.com\\\/avatar\\\/aa9d3d24c83f2141e5e2709d0f63d09a99f6be6bb7a50abc4915838d9f54501a?s=96&d=mm&r=g\",\"url\":\"https:\\\/\\\/secure.gravatar.com\\\/avatar\\\/aa9d3d24c83f2141e5e2709d0f63d09a99f6be6bb7a50abc4915838d9f54501a?s=96&d=mm&r=g\",\"contentUrl\":\"https:\\\/\\\/secure.gravatar.com\\\/avatar\\\/aa9d3d24c83f2141e5e2709d0f63d09a99f6be6bb7a50abc4915838d9f54501a?s=96&d=mm&r=g\",\"caption\":\"Mathieu\"},\"url\":\"https:\\\/\\\/www.altercampagne.net\\\/?author=214\"}]}<\/script>\n<!-- \/ Yoast SEO plugin. -->","yoast_head_json":{"title":"Super accueil \u00e0 Beauvais pour la convergence AlterTour \/ Tour Alternatiba ! - AlterTour","robots":{"index":"index","follow":"follow","max-snippet":"max-snippet:-1","max-image-preview":"max-image-preview:large","max-video-preview":"max-video-preview:-1"},"canonical":"https:\/\/www.altercampagne.net\/?p=11815","og_locale":"fr_FR","og_type":"article","og_title":"Super accueil \u00e0 Beauvais pour la convergence AlterTour \/ Tour Alternatiba ! - AlterTour","og_description":"Ce matin debout 6h00, direction Beauvais\u00a0! Nous suivons une route bien sinueuse, entre bocages, champs de culture \u00e0 l\u2019horizon, \u00e9oliennes et vaches. Et puis, amus\u00e9s, nous vivons \u00e0 contre-courant la route du tour de France. Petite pause bien m\u00e9rit\u00e9e \u00e0 Crevecoeur-le-Grand sous les explications de Cl\u00e9mence\u00a0: cette ville a accueilli ... Read More","og_url":"https:\/\/www.altercampagne.net\/?p=11815","og_site_name":"AlterTour","article_published_time":"2018-07-17T18:01:46+00:00","article_modified_time":"2018-08-09T15:08:11+00:00","og_image":[{"width":800,"height":418,"url":"https:\/\/www.altercampagne.net\/wp-content\/uploads\/2018\/08\/AT2018-beauvais-P7170051.jpg","type":"image\/jpeg"}],"author":"Mathieu","twitter_card":"summary_large_image","twitter_misc":{"\u00c9crit par":"Mathieu","Dur\u00e9e de lecture estim\u00e9e":"4 minutes"},"schema":{"@context":"https:\/\/schema.org","@graph":[{"@type":"Article","@id":"https:\/\/www.altercampagne.net\/?p=11815#article","isPartOf":{"@id":"https:\/\/www.altercampagne.net\/?p=11815"},"author":{"name":"Mathieu","@id":"https:\/\/www.altercampagne.net\/#\/schema\/person\/0f261460c09e430caa0f9bcffa319109"},"headline":"Super accueil \u00e0 Beauvais pour la convergence AlterTour \/ Tour Alternatiba !","datePublished":"2018-07-17T18:01:46+00:00","dateModified":"2018-08-09T15:08:11+00:00","mainEntityOfPage":{"@id":"https:\/\/www.altercampagne.net\/?p=11815"},"wordCount":806,"image":{"@id":"https:\/\/www.altercampagne.net\/?p=11815#primaryimage"},"thumbnailUrl":"https:\/\/www.altercampagne.net\/wp-content\/uploads\/2018\/08\/AT2018-beauvais-P7170051.jpg","keywords":["beauvais","Oise","Hauts-de-France","Picardie"],"articleSection":["Alimentation","\u00c9dition 2018","Hauts-de-France","Social"],"inLanguage":"fr-FR"},{"@type":"WebPage","@id":"https:\/\/www.altercampagne.net\/?p=11815","url":"https:\/\/www.altercampagne.net\/?p=11815","name":"Super accueil \u00e0 Beauvais pour la convergence AlterTour \/ Tour Alternatiba ! - AlterTour","isPartOf":{"@id":"https:\/\/www.altercampagne.net\/#website"},"primaryImageOfPage":{"@id":"https:\/\/www.altercampagne.net\/?p=11815#primaryimage"},"image":{"@id":"https:\/\/www.altercampagne.net\/?p=11815#primaryimage"},"thumbnailUrl":"https:\/\/www.altercampagne.net\/wp-content\/uploads\/2018\/08\/AT2018-beauvais-P7170051.jpg","datePublished":"2018-07-17T18:01:46+00:00","dateModified":"2018-08-09T15:08:11+00:00","author":{"@id":"https:\/\/www.altercampagne.net\/#\/schema\/person\/0f261460c09e430caa0f9bcffa319109"},"breadcrumb":{"@id":"https:\/\/www.altercampagne.net\/?p=11815#breadcrumb"},"inLanguage":"fr-FR","potentialAction":[{"@type":"ReadAction","target":["https:\/\/www.altercampagne.net\/?p=11815"]}]},{"@type":"ImageObject","inLanguage":"fr-FR","@id":"https:\/\/www.altercampagne.net\/?p=11815#primaryimage","url":"https:\/\/www.altercampagne.net\/wp-content\/uploads\/2018\/08\/AT2018-beauvais-P7170051.jpg","contentUrl":"https:\/\/www.altercampagne.net\/wp-content\/uploads\/2018\/08\/AT2018-beauvais-P7170051.jpg","width":800,"height":418},{"@type":"BreadcrumbList","@id":"https:\/\/www.altercampagne.net\/?p=11815#breadcrumb","itemListElement":[{"@type":"ListItem","position":1,"name":"Accueil","item":"https:\/\/www.altercampagne.net\/"},{"@type":"ListItem","position":2,"name":"Super accueil \u00e0 Beauvais pour la convergence AlterTour \/ Tour Alternatiba !"}]},{"@type":"WebSite","@id":"https:\/\/www.altercampagne.net\/#website","url":"https:\/\/www.altercampagne.net\/","name":"AlterTour","description":"Reliez les Alternatives \u00e0 v\u00e9lo","potentialAction":[{"@type":"SearchAction","target":{"@type":"EntryPoint","urlTemplate":"https:\/\/www.altercampagne.net\/?s={search_term_string}"},"query-input":{"@type":"PropertyValueSpecification","valueRequired":true,"valueName":"search_term_string"}}],"inLanguage":"fr-FR"},{"@type":"Person","@id":"https:\/\/www.altercampagne.net\/#\/schema\/person\/0f261460c09e430caa0f9bcffa319109","name":"Mathieu","image":{"@type":"ImageObject","inLanguage":"fr-FR","@id":"https:\/\/secure.gravatar.com\/avatar\/aa9d3d24c83f2141e5e2709d0f63d09a99f6be6bb7a50abc4915838d9f54501a?s=96&d=mm&r=g","url":"https:\/\/secure.gravatar.com\/avatar\/aa9d3d24c83f2141e5e2709d0f63d09a99f6be6bb7a50abc4915838d9f54501a?s=96&d=mm&r=g","contentUrl":"https:\/\/secure.gravatar.com\/avatar\/aa9d3d24c83f2141e5e2709d0f63d09a99f6be6bb7a50abc4915838d9f54501a?s=96&d=mm&r=g","caption":"Mathieu"},"url":"https:\/\/www.altercampagne.net\/?author=214"}]}},"_links":{"self":[{"href":"https:\/\/www.altercampagne.net\/index.php?rest_route=\/wp\/v2\/posts\/11815","targetHints":{"allow":["GET"]}}],"collection":[{"href":"https:\/\/www.altercampagne.net\/index.php?rest_route=\/wp\/v2\/posts"}],"about":[{"href":"https:\/\/www.altercampagne.net\/index.php?rest_route=\/wp\/v2\/types\/post"}],"author":[{"embeddable":true,"href":"https:\/\/www.altercampagne.net\/index.php?rest_route=\/wp\/v2\/users\/214"}],"replies":[{"embeddable":true,"href":"https:\/\/www.altercampagne.net\/index.php?rest_route=%2Fwp%2Fv2%2Fcomments&post=11815"}],"version-history":[{"count":0,"href":"https:\/\/www.altercampagne.net\/index.php?rest_route=\/wp\/v2\/posts\/11815\/revisions"}],"wp:featuredmedia":[{"embeddable":true,"href":"https:\/\/www.altercampagne.net\/index.php?rest_route=\/wp\/v2\/media\/11816"}],"wp:attachment":[{"href":"https:\/\/www.altercampagne.net\/index.php?rest_route=%2Fwp%2Fv2%2Fmedia&parent=11815"}],"wp:term":[{"taxonomy":"category","embeddable":true,"href":"https:\/\/www.altercampagne.net\/index.php?rest_route=%2Fwp%2Fv2%2Fcategories&post=11815"},{"taxonomy":"post_tag","embeddable":true,"href":"https:\/\/www.altercampagne.net\/index.php?rest_route=%2Fwp%2Fv2%2Ftags&post=11815"}],"curies":[{"name":"wp","href":"https:\/\/api.w.org\/{rel}","templated":true}]}}