{"id":11822,"date":"2018-08-11T20:19:37","date_gmt":"2018-08-11T18:19:37","guid":{"rendered":"http:\/\/www.altercampagne.net\/?p=11822"},"modified":"2018-08-13T12:23:03","modified_gmt":"2018-08-13T10:23:03","slug":"la-fanfare-dejantee-rockncuivre-de-la-faille","status":"publish","type":"post","link":"https:\/\/www.altercampagne.net\/?p=11822","title":{"rendered":"La Fanfare d\u00e9jant\u00e9e rock\u2019n\u2019cuivre de la Faille !"},"content":{"rendered":"<p>Le matin, \u00e0 Einvaux, il y a d\u00e9j\u00e0 une vid\u00e9o sur Facebook, post\u00e9e par les accueillants de La Faille. C\u2019est viral, un peu foufou, \u00e7a donne envie de pousser sur les p\u00e9dales\u00a0: on y voit Lise, Max et une fanfare d\u00e9jant\u00e9e qui nous d\u00e9livrent un message rock\u2019n\u2019cuivre. \u00c7a donne le ton.<\/p>\n<p>Quand on arrive, la surprise est \u00e0 la hauteur\u00a0: la rue lorraine, l\u2019unique du village des Carri\u00e8res de Badonviller, transform\u00e9e en dance-hall sous le soleil plombant de ce samedi 11 aout. Cuivre, chant, bim-bam. Hello guys, voici La Faille\u00a0: un lieu culturel install\u00e9 dans une ancienne ferme avec une magnifique sc\u00e8ne dans la grande \u00e0 foin. On nous joue \u00ab\u00a0Roue libre\u00a0\u00bb &#8211; tant qu\u2019\u00e0 faire- spectacle sur le v\u00e9lo, \u00ab\u00a0prolongement naturel du corps\u00a0\u00bb-. Y a un bar, avec de la bonne bi\u00e8re locale (made in Celles sur Plaine, la brasserie des lacs), une terrasse, un grand jardin pr\u00eat\u00e9 par un voisin. Tous les ans, 6 \u00e9v\u00e9nements, \u00e0 destination des gens du canton, de la r\u00e9gion, du pays. Un public vari\u00e9, local, de tous les \u00e2ges, qui vient profiter de ce nid de culture improbable. \u00ab\u00a0On cherche surtout \u00e0 toucher les gens du coin. C\u2019est toujours rempli. On communique surtout vers les adh\u00e9rents, les proches, c\u2019est du bouche \u00e0 oreille au d\u00e9but, et maintenant, c\u2019est un vrai r\u00e9seau \u2013 comme Achille \u00e0 Repaix-. C\u2019est un lieu priv\u00e9 et associatif, avec une offre culturelle pointue en milieu rural\u00a0: danse tango (avec les s\u0153urs Bustello \u2013 stage le week end + bal-), des soir\u00e9es musique (Flying Orkestar), des spectacles (les Fr\u00e8res Chrysanth\u00e8mes, avec leur nouveau spectacle).\u00a0\u00bb, nous explique Vincent, qui vient donner un coup de main \u00e0 la Faille pour maitriser les consommations d\u2019\u00e9nergies du lieu.<\/p>\n<p>On kiffe, on surkiffe\u00a0!<\/p>\n<p style=\"text-align: right;\"><strong>Florent<\/strong><\/p>\n","protected":false},"excerpt":{"rendered":"<p>Le matin, \u00e0 Einvaux, il y a d\u00e9j\u00e0 une vid\u00e9o sur Facebook, post\u00e9e par les accueillants de La Faille. C\u2019est viral, un peu foufou, \u00e7a donne envie de pousser sur les p\u00e9dales\u00a0: on y voit Lise, Max et une fanfare d\u00e9jant\u00e9e qui nous d\u00e9livrent un message rock\u2019n\u2019cuivre. \u00c7a donne le &#8230; <\/p>\n<div><a href=\"https:\/\/www.altercampagne.net\/?p=11822\" class=\"more-link\">Read More<\/a><\/div>\n","protected":false},"author":214,"featured_media":11828,"comment_status":"closed","ping_status":"closed","sticky":false,"template":"","format":"standard","meta":{"footnotes":""},"categories":[3490,3475,3470],"tags":[247,3234,3337,3371],"class_list":["post-11822","post","type-post","status-publish","format-standard","has-post-thumbnail","hentry","category-culture","category-grand-est","category-edition-2018","tag-lorraine","tag-vosges","tag-la-faille","tag-badonviller"],"yoast_head":"<!-- This site is optimized with the Yoast SEO plugin v27.3 - https:\/\/yoast.com\/product\/yoast-seo-wordpress\/ -->\n<title>La Fanfare d\u00e9jant\u00e9e rock\u2019n\u2019cuivre de la Faille ! - AlterTour<\/title>\n<meta name=\"robots\" content=\"index, follow, max-snippet:-1, max-image-preview:large, max-video-preview:-1\" \/>\n<link rel=\"canonical\" href=\"https:\/\/www.altercampagne.net\/?p=11822\" \/>\n<meta property=\"og:locale\" content=\"fr_FR\" \/>\n<meta property=\"og:type\" content=\"article\" \/>\n<meta property=\"og:title\" content=\"La Fanfare d\u00e9jant\u00e9e rock\u2019n\u2019cuivre de la Faille ! - AlterTour\" \/>\n<meta property=\"og:description\" content=\"Le matin, \u00e0 Einvaux, il y a d\u00e9j\u00e0 une vid\u00e9o sur Facebook, post\u00e9e par les accueillants de La Faille. C\u2019est viral, un peu foufou, \u00e7a donne envie de pousser sur les p\u00e9dales\u00a0: on y voit Lise, Max et une fanfare d\u00e9jant\u00e9e qui nous d\u00e9livrent un message rock\u2019n\u2019cuivre. \u00c7a donne le ... Read More\" \/>\n<meta property=\"og:url\" content=\"https:\/\/www.altercampagne.net\/?p=11822\" \/>\n<meta property=\"og:site_name\" content=\"AlterTour\" \/>\n<meta property=\"article:published_time\" content=\"2018-08-11T18:19:37+00:00\" \/>\n<meta property=\"article:modified_time\" content=\"2018-08-13T10:23:03+00:00\" \/>\n<meta property=\"og:image\" content=\"https:\/\/www.altercampagne.net\/wp-content\/uploads\/2018\/08\/2018-08-13-La-Faille-20180811_201138.jpg\" \/>\n\t<meta property=\"og:image:width\" content=\"800\" \/>\n\t<meta property=\"og:image:height\" content=\"418\" \/>\n\t<meta property=\"og:image:type\" content=\"image\/jpeg\" \/>\n<meta name=\"author\" content=\"Mathieu\" \/>\n<meta name=\"twitter:card\" content=\"summary_large_image\" \/>\n<meta name=\"twitter:label1\" content=\"\u00c9crit par\" \/>\n\t<meta name=\"twitter:data1\" content=\"Mathieu\" \/>\n\t<meta name=\"twitter:label2\" content=\"Dur\u00e9e de lecture estim\u00e9e\" \/>\n\t<meta name=\"twitter:data2\" content=\"2 minutes\" \/>\n<script type=\"application\/ld+json\" class=\"yoast-schema-graph\">{\"@context\":\"https:\\\/\\\/schema.org\",\"@graph\":[{\"@type\":\"Article\",\"@id\":\"https:\\\/\\\/www.altercampagne.net\\\/?p=11822#article\",\"isPartOf\":{\"@id\":\"https:\\\/\\\/www.altercampagne.net\\\/?p=11822\"},\"author\":{\"name\":\"Mathieu\",\"@id\":\"https:\\\/\\\/www.altercampagne.net\\\/#\\\/schema\\\/person\\\/0f261460c09e430caa0f9bcffa319109\"},\"headline\":\"La Fanfare d\u00e9jant\u00e9e rock\u2019n\u2019cuivre de la Faille !\",\"datePublished\":\"2018-08-11T18:19:37+00:00\",\"dateModified\":\"2018-08-13T10:23:03+00:00\",\"mainEntityOfPage\":{\"@id\":\"https:\\\/\\\/www.altercampagne.net\\\/?p=11822\"},\"wordCount\":319,\"image\":{\"@id\":\"https:\\\/\\\/www.altercampagne.net\\\/?p=11822#primaryimage\"},\"thumbnailUrl\":\"https:\\\/\\\/www.altercampagne.net\\\/wp-content\\\/uploads\\\/2018\\\/08\\\/2018-08-13-La-Faille-20180811_201138.jpg\",\"keywords\":[\"Lorraine\",\"Vosges\",\"La Faille\",\"Badonviller\"],\"articleSection\":[\"Culture\",\"Grand Est\",\"\u00c9dition 2018\"],\"inLanguage\":\"fr-FR\"},{\"@type\":\"WebPage\",\"@id\":\"https:\\\/\\\/www.altercampagne.net\\\/?p=11822\",\"url\":\"https:\\\/\\\/www.altercampagne.net\\\/?p=11822\",\"name\":\"La Fanfare d\u00e9jant\u00e9e rock\u2019n\u2019cuivre de la Faille ! - AlterTour\",\"isPartOf\":{\"@id\":\"https:\\\/\\\/www.altercampagne.net\\\/#website\"},\"primaryImageOfPage\":{\"@id\":\"https:\\\/\\\/www.altercampagne.net\\\/?p=11822#primaryimage\"},\"image\":{\"@id\":\"https:\\\/\\\/www.altercampagne.net\\\/?p=11822#primaryimage\"},\"thumbnailUrl\":\"https:\\\/\\\/www.altercampagne.net\\\/wp-content\\\/uploads\\\/2018\\\/08\\\/2018-08-13-La-Faille-20180811_201138.jpg\",\"datePublished\":\"2018-08-11T18:19:37+00:00\",\"dateModified\":\"2018-08-13T10:23:03+00:00\",\"author\":{\"@id\":\"https:\\\/\\\/www.altercampagne.net\\\/#\\\/schema\\\/person\\\/0f261460c09e430caa0f9bcffa319109\"},\"breadcrumb\":{\"@id\":\"https:\\\/\\\/www.altercampagne.net\\\/?p=11822#breadcrumb\"},\"inLanguage\":\"fr-FR\",\"potentialAction\":[{\"@type\":\"ReadAction\",\"target\":[\"https:\\\/\\\/www.altercampagne.net\\\/?p=11822\"]}]},{\"@type\":\"ImageObject\",\"inLanguage\":\"fr-FR\",\"@id\":\"https:\\\/\\\/www.altercampagne.net\\\/?p=11822#primaryimage\",\"url\":\"https:\\\/\\\/www.altercampagne.net\\\/wp-content\\\/uploads\\\/2018\\\/08\\\/2018-08-13-La-Faille-20180811_201138.jpg\",\"contentUrl\":\"https:\\\/\\\/www.altercampagne.net\\\/wp-content\\\/uploads\\\/2018\\\/08\\\/2018-08-13-La-Faille-20180811_201138.jpg\",\"width\":800,\"height\":418},{\"@type\":\"BreadcrumbList\",\"@id\":\"https:\\\/\\\/www.altercampagne.net\\\/?p=11822#breadcrumb\",\"itemListElement\":[{\"@type\":\"ListItem\",\"position\":1,\"name\":\"Accueil\",\"item\":\"https:\\\/\\\/www.altercampagne.net\\\/\"},{\"@type\":\"ListItem\",\"position\":2,\"name\":\"La Fanfare d\u00e9jant\u00e9e rock\u2019n\u2019cuivre de la Faille !\"}]},{\"@type\":\"WebSite\",\"@id\":\"https:\\\/\\\/www.altercampagne.net\\\/#website\",\"url\":\"https:\\\/\\\/www.altercampagne.net\\\/\",\"name\":\"AlterTour\",\"description\":\"Reliez les Alternatives \u00e0 v\u00e9lo\",\"potentialAction\":[{\"@type\":\"SearchAction\",\"target\":{\"@type\":\"EntryPoint\",\"urlTemplate\":\"https:\\\/\\\/www.altercampagne.net\\\/?s={search_term_string}\"},\"query-input\":{\"@type\":\"PropertyValueSpecification\",\"valueRequired\":true,\"valueName\":\"search_term_string\"}}],\"inLanguage\":\"fr-FR\"},{\"@type\":\"Person\",\"@id\":\"https:\\\/\\\/www.altercampagne.net\\\/#\\\/schema\\\/person\\\/0f261460c09e430caa0f9bcffa319109\",\"name\":\"Mathieu\",\"image\":{\"@type\":\"ImageObject\",\"inLanguage\":\"fr-FR\",\"@id\":\"https:\\\/\\\/secure.gravatar.com\\\/avatar\\\/aa9d3d24c83f2141e5e2709d0f63d09a99f6be6bb7a50abc4915838d9f54501a?s=96&d=mm&r=g\",\"url\":\"https:\\\/\\\/secure.gravatar.com\\\/avatar\\\/aa9d3d24c83f2141e5e2709d0f63d09a99f6be6bb7a50abc4915838d9f54501a?s=96&d=mm&r=g\",\"contentUrl\":\"https:\\\/\\\/secure.gravatar.com\\\/avatar\\\/aa9d3d24c83f2141e5e2709d0f63d09a99f6be6bb7a50abc4915838d9f54501a?s=96&d=mm&r=g\",\"caption\":\"Mathieu\"},\"url\":\"https:\\\/\\\/www.altercampagne.net\\\/?author=214\"}]}<\/script>\n<!-- \/ Yoast SEO plugin. -->","yoast_head_json":{"title":"La Fanfare d\u00e9jant\u00e9e rock\u2019n\u2019cuivre de la Faille ! - AlterTour","robots":{"index":"index","follow":"follow","max-snippet":"max-snippet:-1","max-image-preview":"max-image-preview:large","max-video-preview":"max-video-preview:-1"},"canonical":"https:\/\/www.altercampagne.net\/?p=11822","og_locale":"fr_FR","og_type":"article","og_title":"La Fanfare d\u00e9jant\u00e9e rock\u2019n\u2019cuivre de la Faille ! - AlterTour","og_description":"Le matin, \u00e0 Einvaux, il y a d\u00e9j\u00e0 une vid\u00e9o sur Facebook, post\u00e9e par les accueillants de La Faille. C\u2019est viral, un peu foufou, \u00e7a donne envie de pousser sur les p\u00e9dales\u00a0: on y voit Lise, Max et une fanfare d\u00e9jant\u00e9e qui nous d\u00e9livrent un message rock\u2019n\u2019cuivre. \u00c7a donne le ... Read More","og_url":"https:\/\/www.altercampagne.net\/?p=11822","og_site_name":"AlterTour","article_published_time":"2018-08-11T18:19:37+00:00","article_modified_time":"2018-08-13T10:23:03+00:00","og_image":[{"width":800,"height":418,"url":"https:\/\/www.altercampagne.net\/wp-content\/uploads\/2018\/08\/2018-08-13-La-Faille-20180811_201138.jpg","type":"image\/jpeg"}],"author":"Mathieu","twitter_card":"summary_large_image","twitter_misc":{"\u00c9crit par":"Mathieu","Dur\u00e9e de lecture estim\u00e9e":"2 minutes"},"schema":{"@context":"https:\/\/schema.org","@graph":[{"@type":"Article","@id":"https:\/\/www.altercampagne.net\/?p=11822#article","isPartOf":{"@id":"https:\/\/www.altercampagne.net\/?p=11822"},"author":{"name":"Mathieu","@id":"https:\/\/www.altercampagne.net\/#\/schema\/person\/0f261460c09e430caa0f9bcffa319109"},"headline":"La Fanfare d\u00e9jant\u00e9e rock\u2019n\u2019cuivre de la Faille !","datePublished":"2018-08-11T18:19:37+00:00","dateModified":"2018-08-13T10:23:03+00:00","mainEntityOfPage":{"@id":"https:\/\/www.altercampagne.net\/?p=11822"},"wordCount":319,"image":{"@id":"https:\/\/www.altercampagne.net\/?p=11822#primaryimage"},"thumbnailUrl":"https:\/\/www.altercampagne.net\/wp-content\/uploads\/2018\/08\/2018-08-13-La-Faille-20180811_201138.jpg","keywords":["Lorraine","Vosges","La Faille","Badonviller"],"articleSection":["Culture","Grand Est","\u00c9dition 2018"],"inLanguage":"fr-FR"},{"@type":"WebPage","@id":"https:\/\/www.altercampagne.net\/?p=11822","url":"https:\/\/www.altercampagne.net\/?p=11822","name":"La Fanfare d\u00e9jant\u00e9e rock\u2019n\u2019cuivre de la Faille ! - AlterTour","isPartOf":{"@id":"https:\/\/www.altercampagne.net\/#website"},"primaryImageOfPage":{"@id":"https:\/\/www.altercampagne.net\/?p=11822#primaryimage"},"image":{"@id":"https:\/\/www.altercampagne.net\/?p=11822#primaryimage"},"thumbnailUrl":"https:\/\/www.altercampagne.net\/wp-content\/uploads\/2018\/08\/2018-08-13-La-Faille-20180811_201138.jpg","datePublished":"2018-08-11T18:19:37+00:00","dateModified":"2018-08-13T10:23:03+00:00","author":{"@id":"https:\/\/www.altercampagne.net\/#\/schema\/person\/0f261460c09e430caa0f9bcffa319109"},"breadcrumb":{"@id":"https:\/\/www.altercampagne.net\/?p=11822#breadcrumb"},"inLanguage":"fr-FR","potentialAction":[{"@type":"ReadAction","target":["https:\/\/www.altercampagne.net\/?p=11822"]}]},{"@type":"ImageObject","inLanguage":"fr-FR","@id":"https:\/\/www.altercampagne.net\/?p=11822#primaryimage","url":"https:\/\/www.altercampagne.net\/wp-content\/uploads\/2018\/08\/2018-08-13-La-Faille-20180811_201138.jpg","contentUrl":"https:\/\/www.altercampagne.net\/wp-content\/uploads\/2018\/08\/2018-08-13-La-Faille-20180811_201138.jpg","width":800,"height":418},{"@type":"BreadcrumbList","@id":"https:\/\/www.altercampagne.net\/?p=11822#breadcrumb","itemListElement":[{"@type":"ListItem","position":1,"name":"Accueil","item":"https:\/\/www.altercampagne.net\/"},{"@type":"ListItem","position":2,"name":"La Fanfare d\u00e9jant\u00e9e rock\u2019n\u2019cuivre de la Faille !"}]},{"@type":"WebSite","@id":"https:\/\/www.altercampagne.net\/#website","url":"https:\/\/www.altercampagne.net\/","name":"AlterTour","description":"Reliez les Alternatives \u00e0 v\u00e9lo","potentialAction":[{"@type":"SearchAction","target":{"@type":"EntryPoint","urlTemplate":"https:\/\/www.altercampagne.net\/?s={search_term_string}"},"query-input":{"@type":"PropertyValueSpecification","valueRequired":true,"valueName":"search_term_string"}}],"inLanguage":"fr-FR"},{"@type":"Person","@id":"https:\/\/www.altercampagne.net\/#\/schema\/person\/0f261460c09e430caa0f9bcffa319109","name":"Mathieu","image":{"@type":"ImageObject","inLanguage":"fr-FR","@id":"https:\/\/secure.gravatar.com\/avatar\/aa9d3d24c83f2141e5e2709d0f63d09a99f6be6bb7a50abc4915838d9f54501a?s=96&d=mm&r=g","url":"https:\/\/secure.gravatar.com\/avatar\/aa9d3d24c83f2141e5e2709d0f63d09a99f6be6bb7a50abc4915838d9f54501a?s=96&d=mm&r=g","contentUrl":"https:\/\/secure.gravatar.com\/avatar\/aa9d3d24c83f2141e5e2709d0f63d09a99f6be6bb7a50abc4915838d9f54501a?s=96&d=mm&r=g","caption":"Mathieu"},"url":"https:\/\/www.altercampagne.net\/?author=214"}]}},"_links":{"self":[{"href":"https:\/\/www.altercampagne.net\/index.php?rest_route=\/wp\/v2\/posts\/11822","targetHints":{"allow":["GET"]}}],"collection":[{"href":"https:\/\/www.altercampagne.net\/index.php?rest_route=\/wp\/v2\/posts"}],"about":[{"href":"https:\/\/www.altercampagne.net\/index.php?rest_route=\/wp\/v2\/types\/post"}],"author":[{"embeddable":true,"href":"https:\/\/www.altercampagne.net\/index.php?rest_route=\/wp\/v2\/users\/214"}],"replies":[{"embeddable":true,"href":"https:\/\/www.altercampagne.net\/index.php?rest_route=%2Fwp%2Fv2%2Fcomments&post=11822"}],"version-history":[{"count":0,"href":"https:\/\/www.altercampagne.net\/index.php?rest_route=\/wp\/v2\/posts\/11822\/revisions"}],"wp:featuredmedia":[{"embeddable":true,"href":"https:\/\/www.altercampagne.net\/index.php?rest_route=\/wp\/v2\/media\/11828"}],"wp:attachment":[{"href":"https:\/\/www.altercampagne.net\/index.php?rest_route=%2Fwp%2Fv2%2Fmedia&parent=11822"}],"wp:term":[{"taxonomy":"category","embeddable":true,"href":"https:\/\/www.altercampagne.net\/index.php?rest_route=%2Fwp%2Fv2%2Fcategories&post=11822"},{"taxonomy":"post_tag","embeddable":true,"href":"https:\/\/www.altercampagne.net\/index.php?rest_route=%2Fwp%2Fv2%2Ftags&post=11822"}],"curies":[{"name":"wp","href":"https:\/\/api.w.org\/{rel}","templated":true}]}}