{"id":11979,"date":"2018-08-09T20:27:54","date_gmt":"2018-08-09T18:27:54","guid":{"rendered":"http:\/\/www.altercampagne.net\/?p=11979"},"modified":"2018-09-03T16:02:04","modified_gmt":"2018-09-03T14:02:04","slug":"laltertour-fait-etape-a-la-mjc-des-3-maisons","status":"publish","type":"post","link":"https:\/\/www.altercampagne.net\/?p=11979","title":{"rendered":"L\u2019AlterTour fait \u00e9tape \u00e0 la MJC des 3 Maisons"},"content":{"rendered":"<p>Partis le 14 juillet d\u2019Amiens, pour arriver le 26 ao\u00fbt \u00e0 Kolbsheim, en Alsace, les participants \u00e0 l\u2019AlterTour, tour \u00e0 v\u00e9lo participatif, ont fait \u00e9tape mercredi \u00e0 la MJC des 3 Maisons. La quarantaine de cyclistes a install\u00e9 ses tentes pour deux nuits dans le jardin partag\u00e9. L\u2019occasion de d\u00e9couvrir le lieu et les alternatives qui y sont d\u00e9velopp\u00e9es, de participer \u00e0 des chantiers de travail collectifs (remise en \u00e9tat de la fraiseraie, confection d\u2019un sirop de menthe du jardin), et aussi de visiter l\u2019atelier participatif Dynamo. \/Photo Jean-Christophe VINCENT<\/p>\n<p style=\"text-align: right;\"><strong><a href=\"https:\/\/c.estrepublicain.fr\/edition-de-nancy-ville\/2018\/08\/09\/l-alter-tour-fait-etape-a-la-mjc-des-3-maisons\" target=\"_blank\" rel=\"noopener\">L&rsquo;Est R\u00e9publicain<\/a>, Le 09\/08\/2018<\/strong><\/p>\n","protected":false},"excerpt":{"rendered":"<p>Partis le 14 juillet d\u2019Amiens, pour arriver le 26 ao\u00fbt \u00e0 Kolbsheim, en Alsace, les participants \u00e0 l\u2019AlterTour, tour \u00e0 v\u00e9lo participatif, ont fait \u00e9tape mercredi \u00e0 la MJC des 3 Maisons. La quarantaine de cyclistes a install\u00e9 ses tentes pour deux nuits dans le jardin partag\u00e9. L\u2019occasion de d\u00e9couvrir &#8230; <\/p>\n<div><a href=\"https:\/\/www.altercampagne.net\/?p=11979\" class=\"more-link\">Read More<\/a><\/div>\n","protected":false},"author":214,"featured_media":11980,"comment_status":"closed","ping_status":"closed","sticky":false,"template":"","format":"standard","meta":{"footnotes":""},"categories":[3475,239,3470],"tags":[173,3335],"class_list":["post-11979","post","type-post","status-publish","format-standard","has-post-thumbnail","hentry","category-grand-est","category-revue-de-presse","category-edition-2018","tag-atelier-dynamo","tag-mjc-des-3-maisons"],"yoast_head":"<!-- This site is optimized with the Yoast SEO plugin v27.3 - https:\/\/yoast.com\/product\/yoast-seo-wordpress\/ -->\n<title>L\u2019AlterTour fait \u00e9tape \u00e0 la MJC des 3 Maisons - AlterTour<\/title>\n<meta name=\"robots\" content=\"index, follow, max-snippet:-1, max-image-preview:large, max-video-preview:-1\" \/>\n<link rel=\"canonical\" href=\"https:\/\/www.altercampagne.net\/?p=11979\" \/>\n<meta property=\"og:locale\" content=\"fr_FR\" \/>\n<meta property=\"og:type\" content=\"article\" \/>\n<meta property=\"og:title\" content=\"L\u2019AlterTour fait \u00e9tape \u00e0 la MJC des 3 Maisons - AlterTour\" \/>\n<meta property=\"og:description\" content=\"Partis le 14 juillet d\u2019Amiens, pour arriver le 26 ao\u00fbt \u00e0 Kolbsheim, en Alsace, les participants \u00e0 l\u2019AlterTour, tour \u00e0 v\u00e9lo participatif, ont fait \u00e9tape mercredi \u00e0 la MJC des 3 Maisons. La quarantaine de cyclistes a install\u00e9 ses tentes pour deux nuits dans le jardin partag\u00e9. L\u2019occasion de d\u00e9couvrir ... Read More\" \/>\n<meta property=\"og:url\" content=\"https:\/\/www.altercampagne.net\/?p=11979\" \/>\n<meta property=\"og:site_name\" content=\"AlterTour\" \/>\n<meta property=\"article:published_time\" content=\"2018-08-09T18:27:54+00:00\" \/>\n<meta property=\"article:modified_time\" content=\"2018-09-03T14:02:04+00:00\" \/>\n<meta property=\"og:image\" content=\"https:\/\/www.altercampagne.net\/wp-content\/uploads\/2018\/09\/AT2018-08-09.jpg\" \/>\n\t<meta property=\"og:image:width\" content=\"1000\" \/>\n\t<meta property=\"og:image:height\" content=\"523\" \/>\n\t<meta property=\"og:image:type\" content=\"image\/jpeg\" \/>\n<meta name=\"author\" content=\"Mathieu\" \/>\n<meta name=\"twitter:card\" content=\"summary_large_image\" \/>\n<meta name=\"twitter:label1\" content=\"\u00c9crit par\" \/>\n\t<meta name=\"twitter:data1\" content=\"Mathieu\" \/>\n<script type=\"application\/ld+json\" class=\"yoast-schema-graph\">{\"@context\":\"https:\\\/\\\/schema.org\",\"@graph\":[{\"@type\":\"Article\",\"@id\":\"https:\\\/\\\/www.altercampagne.net\\\/?p=11979#article\",\"isPartOf\":{\"@id\":\"https:\\\/\\\/www.altercampagne.net\\\/?p=11979\"},\"author\":{\"name\":\"Mathieu\",\"@id\":\"https:\\\/\\\/www.altercampagne.net\\\/#\\\/schema\\\/person\\\/0f261460c09e430caa0f9bcffa319109\"},\"headline\":\"L\u2019AlterTour fait \u00e9tape \u00e0 la MJC des 3 Maisons\",\"datePublished\":\"2018-08-09T18:27:54+00:00\",\"dateModified\":\"2018-09-03T14:02:04+00:00\",\"mainEntityOfPage\":{\"@id\":\"https:\\\/\\\/www.altercampagne.net\\\/?p=11979\"},\"wordCount\":105,\"image\":{\"@id\":\"https:\\\/\\\/www.altercampagne.net\\\/?p=11979#primaryimage\"},\"thumbnailUrl\":\"https:\\\/\\\/www.altercampagne.net\\\/wp-content\\\/uploads\\\/2018\\\/09\\\/AT2018-08-09.jpg\",\"keywords\":[\"Atelier Dynamo\",\"MJC des 3 Maisons\"],\"articleSection\":[\"Grand Est\",\"Revue de presse\",\"\u00c9dition 2018\"],\"inLanguage\":\"fr-FR\"},{\"@type\":\"WebPage\",\"@id\":\"https:\\\/\\\/www.altercampagne.net\\\/?p=11979\",\"url\":\"https:\\\/\\\/www.altercampagne.net\\\/?p=11979\",\"name\":\"L\u2019AlterTour fait \u00e9tape \u00e0 la MJC des 3 Maisons - AlterTour\",\"isPartOf\":{\"@id\":\"https:\\\/\\\/www.altercampagne.net\\\/#website\"},\"primaryImageOfPage\":{\"@id\":\"https:\\\/\\\/www.altercampagne.net\\\/?p=11979#primaryimage\"},\"image\":{\"@id\":\"https:\\\/\\\/www.altercampagne.net\\\/?p=11979#primaryimage\"},\"thumbnailUrl\":\"https:\\\/\\\/www.altercampagne.net\\\/wp-content\\\/uploads\\\/2018\\\/09\\\/AT2018-08-09.jpg\",\"datePublished\":\"2018-08-09T18:27:54+00:00\",\"dateModified\":\"2018-09-03T14:02:04+00:00\",\"author\":{\"@id\":\"https:\\\/\\\/www.altercampagne.net\\\/#\\\/schema\\\/person\\\/0f261460c09e430caa0f9bcffa319109\"},\"breadcrumb\":{\"@id\":\"https:\\\/\\\/www.altercampagne.net\\\/?p=11979#breadcrumb\"},\"inLanguage\":\"fr-FR\",\"potentialAction\":[{\"@type\":\"ReadAction\",\"target\":[\"https:\\\/\\\/www.altercampagne.net\\\/?p=11979\"]}]},{\"@type\":\"ImageObject\",\"inLanguage\":\"fr-FR\",\"@id\":\"https:\\\/\\\/www.altercampagne.net\\\/?p=11979#primaryimage\",\"url\":\"https:\\\/\\\/www.altercampagne.net\\\/wp-content\\\/uploads\\\/2018\\\/09\\\/AT2018-08-09.jpg\",\"contentUrl\":\"https:\\\/\\\/www.altercampagne.net\\\/wp-content\\\/uploads\\\/2018\\\/09\\\/AT2018-08-09.jpg\",\"width\":1000,\"height\":523},{\"@type\":\"BreadcrumbList\",\"@id\":\"https:\\\/\\\/www.altercampagne.net\\\/?p=11979#breadcrumb\",\"itemListElement\":[{\"@type\":\"ListItem\",\"position\":1,\"name\":\"Accueil\",\"item\":\"https:\\\/\\\/www.altercampagne.net\\\/\"},{\"@type\":\"ListItem\",\"position\":2,\"name\":\"L\u2019AlterTour fait \u00e9tape \u00e0 la MJC des 3 Maisons\"}]},{\"@type\":\"WebSite\",\"@id\":\"https:\\\/\\\/www.altercampagne.net\\\/#website\",\"url\":\"https:\\\/\\\/www.altercampagne.net\\\/\",\"name\":\"AlterTour\",\"description\":\"Reliez les Alternatives \u00e0 v\u00e9lo\",\"potentialAction\":[{\"@type\":\"SearchAction\",\"target\":{\"@type\":\"EntryPoint\",\"urlTemplate\":\"https:\\\/\\\/www.altercampagne.net\\\/?s={search_term_string}\"},\"query-input\":{\"@type\":\"PropertyValueSpecification\",\"valueRequired\":true,\"valueName\":\"search_term_string\"}}],\"inLanguage\":\"fr-FR\"},{\"@type\":\"Person\",\"@id\":\"https:\\\/\\\/www.altercampagne.net\\\/#\\\/schema\\\/person\\\/0f261460c09e430caa0f9bcffa319109\",\"name\":\"Mathieu\",\"image\":{\"@type\":\"ImageObject\",\"inLanguage\":\"fr-FR\",\"@id\":\"https:\\\/\\\/secure.gravatar.com\\\/avatar\\\/aa9d3d24c83f2141e5e2709d0f63d09a99f6be6bb7a50abc4915838d9f54501a?s=96&d=mm&r=g\",\"url\":\"https:\\\/\\\/secure.gravatar.com\\\/avatar\\\/aa9d3d24c83f2141e5e2709d0f63d09a99f6be6bb7a50abc4915838d9f54501a?s=96&d=mm&r=g\",\"contentUrl\":\"https:\\\/\\\/secure.gravatar.com\\\/avatar\\\/aa9d3d24c83f2141e5e2709d0f63d09a99f6be6bb7a50abc4915838d9f54501a?s=96&d=mm&r=g\",\"caption\":\"Mathieu\"},\"url\":\"https:\\\/\\\/www.altercampagne.net\\\/?author=214\"}]}<\/script>\n<!-- \/ Yoast SEO plugin. -->","yoast_head_json":{"title":"L\u2019AlterTour fait \u00e9tape \u00e0 la MJC des 3 Maisons - AlterTour","robots":{"index":"index","follow":"follow","max-snippet":"max-snippet:-1","max-image-preview":"max-image-preview:large","max-video-preview":"max-video-preview:-1"},"canonical":"https:\/\/www.altercampagne.net\/?p=11979","og_locale":"fr_FR","og_type":"article","og_title":"L\u2019AlterTour fait \u00e9tape \u00e0 la MJC des 3 Maisons - AlterTour","og_description":"Partis le 14 juillet d\u2019Amiens, pour arriver le 26 ao\u00fbt \u00e0 Kolbsheim, en Alsace, les participants \u00e0 l\u2019AlterTour, tour \u00e0 v\u00e9lo participatif, ont fait \u00e9tape mercredi \u00e0 la MJC des 3 Maisons. La quarantaine de cyclistes a install\u00e9 ses tentes pour deux nuits dans le jardin partag\u00e9. L\u2019occasion de d\u00e9couvrir ... Read More","og_url":"https:\/\/www.altercampagne.net\/?p=11979","og_site_name":"AlterTour","article_published_time":"2018-08-09T18:27:54+00:00","article_modified_time":"2018-09-03T14:02:04+00:00","og_image":[{"width":1000,"height":523,"url":"https:\/\/www.altercampagne.net\/wp-content\/uploads\/2018\/09\/AT2018-08-09.jpg","type":"image\/jpeg"}],"author":"Mathieu","twitter_card":"summary_large_image","twitter_misc":{"\u00c9crit par":"Mathieu"},"schema":{"@context":"https:\/\/schema.org","@graph":[{"@type":"Article","@id":"https:\/\/www.altercampagne.net\/?p=11979#article","isPartOf":{"@id":"https:\/\/www.altercampagne.net\/?p=11979"},"author":{"name":"Mathieu","@id":"https:\/\/www.altercampagne.net\/#\/schema\/person\/0f261460c09e430caa0f9bcffa319109"},"headline":"L\u2019AlterTour fait \u00e9tape \u00e0 la MJC des 3 Maisons","datePublished":"2018-08-09T18:27:54+00:00","dateModified":"2018-09-03T14:02:04+00:00","mainEntityOfPage":{"@id":"https:\/\/www.altercampagne.net\/?p=11979"},"wordCount":105,"image":{"@id":"https:\/\/www.altercampagne.net\/?p=11979#primaryimage"},"thumbnailUrl":"https:\/\/www.altercampagne.net\/wp-content\/uploads\/2018\/09\/AT2018-08-09.jpg","keywords":["Atelier Dynamo","MJC des 3 Maisons"],"articleSection":["Grand Est","Revue de presse","\u00c9dition 2018"],"inLanguage":"fr-FR"},{"@type":"WebPage","@id":"https:\/\/www.altercampagne.net\/?p=11979","url":"https:\/\/www.altercampagne.net\/?p=11979","name":"L\u2019AlterTour fait \u00e9tape \u00e0 la MJC des 3 Maisons - AlterTour","isPartOf":{"@id":"https:\/\/www.altercampagne.net\/#website"},"primaryImageOfPage":{"@id":"https:\/\/www.altercampagne.net\/?p=11979#primaryimage"},"image":{"@id":"https:\/\/www.altercampagne.net\/?p=11979#primaryimage"},"thumbnailUrl":"https:\/\/www.altercampagne.net\/wp-content\/uploads\/2018\/09\/AT2018-08-09.jpg","datePublished":"2018-08-09T18:27:54+00:00","dateModified":"2018-09-03T14:02:04+00:00","author":{"@id":"https:\/\/www.altercampagne.net\/#\/schema\/person\/0f261460c09e430caa0f9bcffa319109"},"breadcrumb":{"@id":"https:\/\/www.altercampagne.net\/?p=11979#breadcrumb"},"inLanguage":"fr-FR","potentialAction":[{"@type":"ReadAction","target":["https:\/\/www.altercampagne.net\/?p=11979"]}]},{"@type":"ImageObject","inLanguage":"fr-FR","@id":"https:\/\/www.altercampagne.net\/?p=11979#primaryimage","url":"https:\/\/www.altercampagne.net\/wp-content\/uploads\/2018\/09\/AT2018-08-09.jpg","contentUrl":"https:\/\/www.altercampagne.net\/wp-content\/uploads\/2018\/09\/AT2018-08-09.jpg","width":1000,"height":523},{"@type":"BreadcrumbList","@id":"https:\/\/www.altercampagne.net\/?p=11979#breadcrumb","itemListElement":[{"@type":"ListItem","position":1,"name":"Accueil","item":"https:\/\/www.altercampagne.net\/"},{"@type":"ListItem","position":2,"name":"L\u2019AlterTour fait \u00e9tape \u00e0 la MJC des 3 Maisons"}]},{"@type":"WebSite","@id":"https:\/\/www.altercampagne.net\/#website","url":"https:\/\/www.altercampagne.net\/","name":"AlterTour","description":"Reliez les Alternatives \u00e0 v\u00e9lo","potentialAction":[{"@type":"SearchAction","target":{"@type":"EntryPoint","urlTemplate":"https:\/\/www.altercampagne.net\/?s={search_term_string}"},"query-input":{"@type":"PropertyValueSpecification","valueRequired":true,"valueName":"search_term_string"}}],"inLanguage":"fr-FR"},{"@type":"Person","@id":"https:\/\/www.altercampagne.net\/#\/schema\/person\/0f261460c09e430caa0f9bcffa319109","name":"Mathieu","image":{"@type":"ImageObject","inLanguage":"fr-FR","@id":"https:\/\/secure.gravatar.com\/avatar\/aa9d3d24c83f2141e5e2709d0f63d09a99f6be6bb7a50abc4915838d9f54501a?s=96&d=mm&r=g","url":"https:\/\/secure.gravatar.com\/avatar\/aa9d3d24c83f2141e5e2709d0f63d09a99f6be6bb7a50abc4915838d9f54501a?s=96&d=mm&r=g","contentUrl":"https:\/\/secure.gravatar.com\/avatar\/aa9d3d24c83f2141e5e2709d0f63d09a99f6be6bb7a50abc4915838d9f54501a?s=96&d=mm&r=g","caption":"Mathieu"},"url":"https:\/\/www.altercampagne.net\/?author=214"}]}},"_links":{"self":[{"href":"https:\/\/www.altercampagne.net\/index.php?rest_route=\/wp\/v2\/posts\/11979","targetHints":{"allow":["GET"]}}],"collection":[{"href":"https:\/\/www.altercampagne.net\/index.php?rest_route=\/wp\/v2\/posts"}],"about":[{"href":"https:\/\/www.altercampagne.net\/index.php?rest_route=\/wp\/v2\/types\/post"}],"author":[{"embeddable":true,"href":"https:\/\/www.altercampagne.net\/index.php?rest_route=\/wp\/v2\/users\/214"}],"replies":[{"embeddable":true,"href":"https:\/\/www.altercampagne.net\/index.php?rest_route=%2Fwp%2Fv2%2Fcomments&post=11979"}],"version-history":[{"count":0,"href":"https:\/\/www.altercampagne.net\/index.php?rest_route=\/wp\/v2\/posts\/11979\/revisions"}],"wp:featuredmedia":[{"embeddable":true,"href":"https:\/\/www.altercampagne.net\/index.php?rest_route=\/wp\/v2\/media\/11980"}],"wp:attachment":[{"href":"https:\/\/www.altercampagne.net\/index.php?rest_route=%2Fwp%2Fv2%2Fmedia&parent=11979"}],"wp:term":[{"taxonomy":"category","embeddable":true,"href":"https:\/\/www.altercampagne.net\/index.php?rest_route=%2Fwp%2Fv2%2Fcategories&post=11979"},{"taxonomy":"post_tag","embeddable":true,"href":"https:\/\/www.altercampagne.net\/index.php?rest_route=%2Fwp%2Fv2%2Ftags&post=11979"}],"curies":[{"name":"wp","href":"https:\/\/api.w.org\/{rel}","templated":true}]}}