{"id":11982,"date":"2018-08-24T20:38:10","date_gmt":"2018-08-24T18:38:10","guid":{"rendered":"http:\/\/www.altercampagne.net\/?p=11982"},"modified":"2018-09-03T19:03:14","modified_gmt":"2018-09-03T17:03:14","slug":"laltertour-fait-etape-a-la-maison-mimir","status":"publish","type":"post","link":"https:\/\/www.altercampagne.net\/?p=11982","title":{"rendered":"L\u2019AlterTour fait \u00e9tape \u00e0 la Maison Mimir"},"content":{"rendered":"<p>Ils sont partis d\u2019Amiens le 14\u00a0juillet et sont arriv\u00e9s hier vers 17\u00a0h \u00e0 la Maison Mimir, apr\u00e8s un repas \u2013 et avant une nuit \u2013 au jardin partag\u00e9 Saint-Gal ; ils repartiront cet apr\u00e8s-midi en direction de Kolbsheim et de sa ZAD du Moulin, avant de participer en soir\u00e9e \u00e0 l\u2019ouverture du 3<span class=\"exposant\">e<\/span> \u00a0Festival du Bishno\u00ef, \u00e0 Ernolsheim-sur-Bruche. \u00ab\u00a0Ils\u00a0\u00bb, ce sont les participants du 11<span class=\"exposant\">e<\/span> AlterTour, ce tour de France \u00e0 v\u00e9lo des initiatives \u00e9cologiques et solidaires, qui fait depuis vendredi dernier \u00e9tape en Alsace.<\/p>\n<p>\u00ab\u00a0Personne ne fait les six semaines. Les gens participent \u00e0 la carte, la moyenne \u00e9tant d\u2019une semaine, avec une cinquantaine de personnes pr\u00e9sentes par \u00e9tape\u00a0\u00bb, explique Julie Lefort, membre de l\u2019organisation. Familles avec enfants, militants convaincus, retrait\u00e9s,\u00a0etc.\u00a0: un joyeux m\u00e9lange qui fonctionne en autosuffisance, mange v\u00e9g\u00e9tarien, bio et local\u2026 Et a d\u00e9couvert en soir\u00e9e la maison Mimir, haut lieu alternatif strasbourgeois avec sa bagagerie, ses chantiers participatifs et ses soir\u00e9es d\u00e9jant\u00e9es.<\/p>\n<p>Pour les accueillir, outre les \u00ab\u00a0Mimiriens\u00a0\u00bb, Bret\u2019zelle, le collectif Cambouis et les Binouz Bikers\u2026 L\u2019occasion de (pr\u00e9-) annoncer la premi\u00e8re \u00ab\u00a0F\u00eate du cambouis\u00a0\u00bb, qui aura lieu les 22 et 23\u00a0septembre prochains place Hans-Arp, devant le Mus\u00e9e d\u2019art moderne et contemporain de Strasbourg. Au programme\u00a0: ateliers Do it yourself , essais de v\u00e9los sp\u00e9ciaux, concerts v\u00e9log\u00e9n\u00e9r\u00e9s, kermesse et jeux. Une \u00ab\u00a0AlterF\u00eate\u00a0\u00bb, en quelque sorte, dont la soir\u00e9e \u00e0 la Maison Mimir donnait un bel avant-go\u00fbt.<\/p>\n<p style=\"text-align: right;\"><strong>V.W., <\/strong><a href=\"https:\/\/c.dna.fr\/edition-de-strasbourg\/2018\/08\/24\/l-altertour-fait-etape-a-la-maison-mimir\" target=\"_blank\" rel=\"noopener\"><strong>Derni\u00e8res Nouvelles d&rsquo;Alsace<\/strong><\/a><strong>, le 24\/08\/2018<\/strong><\/p>\n","protected":false},"excerpt":{"rendered":"<p>Ils sont partis d\u2019Amiens le 14\u00a0juillet et sont arriv\u00e9s hier vers 17\u00a0h \u00e0 la Maison Mimir, apr\u00e8s un repas \u2013 et avant une nuit \u2013 au jardin partag\u00e9 Saint-Gal ; ils repartiront cet apr\u00e8s-midi en direction de Kolbsheim et de sa ZAD du Moulin, avant de participer en soir\u00e9e \u00e0 &#8230; <\/p>\n<div><a href=\"https:\/\/www.altercampagne.net\/?p=11982\" class=\"more-link\">Read More<\/a><\/div>\n","protected":false},"author":214,"featured_media":11983,"comment_status":"closed","ping_status":"closed","sticky":false,"template":"","format":"standard","meta":{"footnotes":""},"categories":[3475,239,3470],"tags":[3233,3278,3352,3379,3380,3548,3592,3715,3716,3717,3718],"class_list":["post-11982","post","type-post","status-publish","format-standard","has-post-thumbnail","hentry","category-grand-est","category-revue-de-presse","category-edition-2018","tag-bas-rhin","tag-julie-lefort","tag-zad-du-moulin","tag-strasbourg","tag-kolbsheim","tag-maison-mimir","tag-alsace","tag-dna","tag-dernieres-nouvelles-dalsace","tag-festival-du-bishnoi","tag-bretzelle"],"yoast_head":"<!-- This site is optimized with the Yoast SEO plugin v27.3 - https:\/\/yoast.com\/product\/yoast-seo-wordpress\/ -->\n<title>L\u2019AlterTour fait \u00e9tape \u00e0 la Maison Mimir - AlterTour<\/title>\n<meta name=\"robots\" content=\"index, follow, max-snippet:-1, max-image-preview:large, max-video-preview:-1\" \/>\n<link rel=\"canonical\" href=\"https:\/\/www.altercampagne.net\/?p=11982\" \/>\n<meta property=\"og:locale\" content=\"fr_FR\" \/>\n<meta property=\"og:type\" content=\"article\" \/>\n<meta property=\"og:title\" content=\"L\u2019AlterTour fait \u00e9tape \u00e0 la Maison Mimir - AlterTour\" \/>\n<meta property=\"og:description\" content=\"Ils sont partis d\u2019Amiens le 14\u00a0juillet et sont arriv\u00e9s hier vers 17\u00a0h \u00e0 la Maison Mimir, apr\u00e8s un repas \u2013 et avant une nuit \u2013 au jardin partag\u00e9 Saint-Gal ; ils repartiront cet apr\u00e8s-midi en direction de Kolbsheim et de sa ZAD du Moulin, avant de participer en soir\u00e9e \u00e0 ... Read More\" \/>\n<meta property=\"og:url\" content=\"https:\/\/www.altercampagne.net\/?p=11982\" \/>\n<meta property=\"og:site_name\" content=\"AlterTour\" \/>\n<meta property=\"article:published_time\" content=\"2018-08-24T18:38:10+00:00\" \/>\n<meta property=\"article:modified_time\" content=\"2018-09-03T17:03:14+00:00\" \/>\n<meta property=\"og:image\" content=\"https:\/\/www.altercampagne.net\/wp-content\/uploads\/2018\/09\/AT2018-08-24-L-AlterTour-a-la-maison-mimir.jpg\" \/>\n\t<meta property=\"og:image:width\" content=\"860\" \/>\n\t<meta property=\"og:image:height\" content=\"450\" \/>\n\t<meta property=\"og:image:type\" content=\"image\/jpeg\" \/>\n<meta name=\"author\" content=\"Mathieu\" \/>\n<meta name=\"twitter:card\" content=\"summary_large_image\" \/>\n<meta name=\"twitter:label1\" content=\"\u00c9crit par\" \/>\n\t<meta name=\"twitter:data1\" content=\"Mathieu\" \/>\n\t<meta name=\"twitter:label2\" content=\"Dur\u00e9e de lecture estim\u00e9e\" \/>\n\t<meta name=\"twitter:data2\" content=\"1 minute\" \/>\n<script type=\"application\/ld+json\" class=\"yoast-schema-graph\">{\"@context\":\"https:\\\/\\\/schema.org\",\"@graph\":[{\"@type\":\"Article\",\"@id\":\"https:\\\/\\\/www.altercampagne.net\\\/?p=11982#article\",\"isPartOf\":{\"@id\":\"https:\\\/\\\/www.altercampagne.net\\\/?p=11982\"},\"author\":{\"name\":\"Mathieu\",\"@id\":\"https:\\\/\\\/www.altercampagne.net\\\/#\\\/schema\\\/person\\\/0f261460c09e430caa0f9bcffa319109\"},\"headline\":\"L\u2019AlterTour fait \u00e9tape \u00e0 la Maison Mimir\",\"datePublished\":\"2018-08-24T18:38:10+00:00\",\"dateModified\":\"2018-09-03T17:03:14+00:00\",\"mainEntityOfPage\":{\"@id\":\"https:\\\/\\\/www.altercampagne.net\\\/?p=11982\"},\"wordCount\":270,\"image\":{\"@id\":\"https:\\\/\\\/www.altercampagne.net\\\/?p=11982#primaryimage\"},\"thumbnailUrl\":\"https:\\\/\\\/www.altercampagne.net\\\/wp-content\\\/uploads\\\/2018\\\/09\\\/AT2018-08-24-L-AlterTour-a-la-maison-mimir.jpg\",\"keywords\":[\"Bas-Rhin\",\"Julie Lefort\",\"ZAD du Moulin\",\"Strasbourg\",\"Kolbsheim\",\"Maison Mimir\",\"Alsace\",\"DNA\",\"Derni\u00e8res Nouvelles d'Alsace\",\"Festival du Bishno\u00ef\",\"Bret\u2019zelle\"],\"articleSection\":[\"Grand Est\",\"Revue de presse\",\"\u00c9dition 2018\"],\"inLanguage\":\"fr-FR\"},{\"@type\":\"WebPage\",\"@id\":\"https:\\\/\\\/www.altercampagne.net\\\/?p=11982\",\"url\":\"https:\\\/\\\/www.altercampagne.net\\\/?p=11982\",\"name\":\"L\u2019AlterTour fait \u00e9tape \u00e0 la Maison Mimir - AlterTour\",\"isPartOf\":{\"@id\":\"https:\\\/\\\/www.altercampagne.net\\\/#website\"},\"primaryImageOfPage\":{\"@id\":\"https:\\\/\\\/www.altercampagne.net\\\/?p=11982#primaryimage\"},\"image\":{\"@id\":\"https:\\\/\\\/www.altercampagne.net\\\/?p=11982#primaryimage\"},\"thumbnailUrl\":\"https:\\\/\\\/www.altercampagne.net\\\/wp-content\\\/uploads\\\/2018\\\/09\\\/AT2018-08-24-L-AlterTour-a-la-maison-mimir.jpg\",\"datePublished\":\"2018-08-24T18:38:10+00:00\",\"dateModified\":\"2018-09-03T17:03:14+00:00\",\"author\":{\"@id\":\"https:\\\/\\\/www.altercampagne.net\\\/#\\\/schema\\\/person\\\/0f261460c09e430caa0f9bcffa319109\"},\"breadcrumb\":{\"@id\":\"https:\\\/\\\/www.altercampagne.net\\\/?p=11982#breadcrumb\"},\"inLanguage\":\"fr-FR\",\"potentialAction\":[{\"@type\":\"ReadAction\",\"target\":[\"https:\\\/\\\/www.altercampagne.net\\\/?p=11982\"]}]},{\"@type\":\"ImageObject\",\"inLanguage\":\"fr-FR\",\"@id\":\"https:\\\/\\\/www.altercampagne.net\\\/?p=11982#primaryimage\",\"url\":\"https:\\\/\\\/www.altercampagne.net\\\/wp-content\\\/uploads\\\/2018\\\/09\\\/AT2018-08-24-L-AlterTour-a-la-maison-mimir.jpg\",\"contentUrl\":\"https:\\\/\\\/www.altercampagne.net\\\/wp-content\\\/uploads\\\/2018\\\/09\\\/AT2018-08-24-L-AlterTour-a-la-maison-mimir.jpg\",\"width\":860,\"height\":450},{\"@type\":\"BreadcrumbList\",\"@id\":\"https:\\\/\\\/www.altercampagne.net\\\/?p=11982#breadcrumb\",\"itemListElement\":[{\"@type\":\"ListItem\",\"position\":1,\"name\":\"Accueil\",\"item\":\"https:\\\/\\\/www.altercampagne.net\\\/\"},{\"@type\":\"ListItem\",\"position\":2,\"name\":\"L\u2019AlterTour fait \u00e9tape \u00e0 la Maison Mimir\"}]},{\"@type\":\"WebSite\",\"@id\":\"https:\\\/\\\/www.altercampagne.net\\\/#website\",\"url\":\"https:\\\/\\\/www.altercampagne.net\\\/\",\"name\":\"AlterTour\",\"description\":\"Reliez les Alternatives \u00e0 v\u00e9lo\",\"potentialAction\":[{\"@type\":\"SearchAction\",\"target\":{\"@type\":\"EntryPoint\",\"urlTemplate\":\"https:\\\/\\\/www.altercampagne.net\\\/?s={search_term_string}\"},\"query-input\":{\"@type\":\"PropertyValueSpecification\",\"valueRequired\":true,\"valueName\":\"search_term_string\"}}],\"inLanguage\":\"fr-FR\"},{\"@type\":\"Person\",\"@id\":\"https:\\\/\\\/www.altercampagne.net\\\/#\\\/schema\\\/person\\\/0f261460c09e430caa0f9bcffa319109\",\"name\":\"Mathieu\",\"image\":{\"@type\":\"ImageObject\",\"inLanguage\":\"fr-FR\",\"@id\":\"https:\\\/\\\/secure.gravatar.com\\\/avatar\\\/aa9d3d24c83f2141e5e2709d0f63d09a99f6be6bb7a50abc4915838d9f54501a?s=96&d=mm&r=g\",\"url\":\"https:\\\/\\\/secure.gravatar.com\\\/avatar\\\/aa9d3d24c83f2141e5e2709d0f63d09a99f6be6bb7a50abc4915838d9f54501a?s=96&d=mm&r=g\",\"contentUrl\":\"https:\\\/\\\/secure.gravatar.com\\\/avatar\\\/aa9d3d24c83f2141e5e2709d0f63d09a99f6be6bb7a50abc4915838d9f54501a?s=96&d=mm&r=g\",\"caption\":\"Mathieu\"},\"url\":\"https:\\\/\\\/www.altercampagne.net\\\/?author=214\"}]}<\/script>\n<!-- \/ Yoast SEO plugin. -->","yoast_head_json":{"title":"L\u2019AlterTour fait \u00e9tape \u00e0 la Maison Mimir - AlterTour","robots":{"index":"index","follow":"follow","max-snippet":"max-snippet:-1","max-image-preview":"max-image-preview:large","max-video-preview":"max-video-preview:-1"},"canonical":"https:\/\/www.altercampagne.net\/?p=11982","og_locale":"fr_FR","og_type":"article","og_title":"L\u2019AlterTour fait \u00e9tape \u00e0 la Maison Mimir - AlterTour","og_description":"Ils sont partis d\u2019Amiens le 14\u00a0juillet et sont arriv\u00e9s hier vers 17\u00a0h \u00e0 la Maison Mimir, apr\u00e8s un repas \u2013 et avant une nuit \u2013 au jardin partag\u00e9 Saint-Gal ; ils repartiront cet apr\u00e8s-midi en direction de Kolbsheim et de sa ZAD du Moulin, avant de participer en soir\u00e9e \u00e0 ... Read More","og_url":"https:\/\/www.altercampagne.net\/?p=11982","og_site_name":"AlterTour","article_published_time":"2018-08-24T18:38:10+00:00","article_modified_time":"2018-09-03T17:03:14+00:00","og_image":[{"width":860,"height":450,"url":"https:\/\/www.altercampagne.net\/wp-content\/uploads\/2018\/09\/AT2018-08-24-L-AlterTour-a-la-maison-mimir.jpg","type":"image\/jpeg"}],"author":"Mathieu","twitter_card":"summary_large_image","twitter_misc":{"\u00c9crit par":"Mathieu","Dur\u00e9e de lecture estim\u00e9e":"1 minute"},"schema":{"@context":"https:\/\/schema.org","@graph":[{"@type":"Article","@id":"https:\/\/www.altercampagne.net\/?p=11982#article","isPartOf":{"@id":"https:\/\/www.altercampagne.net\/?p=11982"},"author":{"name":"Mathieu","@id":"https:\/\/www.altercampagne.net\/#\/schema\/person\/0f261460c09e430caa0f9bcffa319109"},"headline":"L\u2019AlterTour fait \u00e9tape \u00e0 la Maison Mimir","datePublished":"2018-08-24T18:38:10+00:00","dateModified":"2018-09-03T17:03:14+00:00","mainEntityOfPage":{"@id":"https:\/\/www.altercampagne.net\/?p=11982"},"wordCount":270,"image":{"@id":"https:\/\/www.altercampagne.net\/?p=11982#primaryimage"},"thumbnailUrl":"https:\/\/www.altercampagne.net\/wp-content\/uploads\/2018\/09\/AT2018-08-24-L-AlterTour-a-la-maison-mimir.jpg","keywords":["Bas-Rhin","Julie Lefort","ZAD du Moulin","Strasbourg","Kolbsheim","Maison Mimir","Alsace","DNA","Derni\u00e8res Nouvelles d'Alsace","Festival du Bishno\u00ef","Bret\u2019zelle"],"articleSection":["Grand Est","Revue de presse","\u00c9dition 2018"],"inLanguage":"fr-FR"},{"@type":"WebPage","@id":"https:\/\/www.altercampagne.net\/?p=11982","url":"https:\/\/www.altercampagne.net\/?p=11982","name":"L\u2019AlterTour fait \u00e9tape \u00e0 la Maison Mimir - AlterTour","isPartOf":{"@id":"https:\/\/www.altercampagne.net\/#website"},"primaryImageOfPage":{"@id":"https:\/\/www.altercampagne.net\/?p=11982#primaryimage"},"image":{"@id":"https:\/\/www.altercampagne.net\/?p=11982#primaryimage"},"thumbnailUrl":"https:\/\/www.altercampagne.net\/wp-content\/uploads\/2018\/09\/AT2018-08-24-L-AlterTour-a-la-maison-mimir.jpg","datePublished":"2018-08-24T18:38:10+00:00","dateModified":"2018-09-03T17:03:14+00:00","author":{"@id":"https:\/\/www.altercampagne.net\/#\/schema\/person\/0f261460c09e430caa0f9bcffa319109"},"breadcrumb":{"@id":"https:\/\/www.altercampagne.net\/?p=11982#breadcrumb"},"inLanguage":"fr-FR","potentialAction":[{"@type":"ReadAction","target":["https:\/\/www.altercampagne.net\/?p=11982"]}]},{"@type":"ImageObject","inLanguage":"fr-FR","@id":"https:\/\/www.altercampagne.net\/?p=11982#primaryimage","url":"https:\/\/www.altercampagne.net\/wp-content\/uploads\/2018\/09\/AT2018-08-24-L-AlterTour-a-la-maison-mimir.jpg","contentUrl":"https:\/\/www.altercampagne.net\/wp-content\/uploads\/2018\/09\/AT2018-08-24-L-AlterTour-a-la-maison-mimir.jpg","width":860,"height":450},{"@type":"BreadcrumbList","@id":"https:\/\/www.altercampagne.net\/?p=11982#breadcrumb","itemListElement":[{"@type":"ListItem","position":1,"name":"Accueil","item":"https:\/\/www.altercampagne.net\/"},{"@type":"ListItem","position":2,"name":"L\u2019AlterTour fait \u00e9tape \u00e0 la Maison Mimir"}]},{"@type":"WebSite","@id":"https:\/\/www.altercampagne.net\/#website","url":"https:\/\/www.altercampagne.net\/","name":"AlterTour","description":"Reliez les Alternatives \u00e0 v\u00e9lo","potentialAction":[{"@type":"SearchAction","target":{"@type":"EntryPoint","urlTemplate":"https:\/\/www.altercampagne.net\/?s={search_term_string}"},"query-input":{"@type":"PropertyValueSpecification","valueRequired":true,"valueName":"search_term_string"}}],"inLanguage":"fr-FR"},{"@type":"Person","@id":"https:\/\/www.altercampagne.net\/#\/schema\/person\/0f261460c09e430caa0f9bcffa319109","name":"Mathieu","image":{"@type":"ImageObject","inLanguage":"fr-FR","@id":"https:\/\/secure.gravatar.com\/avatar\/aa9d3d24c83f2141e5e2709d0f63d09a99f6be6bb7a50abc4915838d9f54501a?s=96&d=mm&r=g","url":"https:\/\/secure.gravatar.com\/avatar\/aa9d3d24c83f2141e5e2709d0f63d09a99f6be6bb7a50abc4915838d9f54501a?s=96&d=mm&r=g","contentUrl":"https:\/\/secure.gravatar.com\/avatar\/aa9d3d24c83f2141e5e2709d0f63d09a99f6be6bb7a50abc4915838d9f54501a?s=96&d=mm&r=g","caption":"Mathieu"},"url":"https:\/\/www.altercampagne.net\/?author=214"}]}},"_links":{"self":[{"href":"https:\/\/www.altercampagne.net\/index.php?rest_route=\/wp\/v2\/posts\/11982","targetHints":{"allow":["GET"]}}],"collection":[{"href":"https:\/\/www.altercampagne.net\/index.php?rest_route=\/wp\/v2\/posts"}],"about":[{"href":"https:\/\/www.altercampagne.net\/index.php?rest_route=\/wp\/v2\/types\/post"}],"author":[{"embeddable":true,"href":"https:\/\/www.altercampagne.net\/index.php?rest_route=\/wp\/v2\/users\/214"}],"replies":[{"embeddable":true,"href":"https:\/\/www.altercampagne.net\/index.php?rest_route=%2Fwp%2Fv2%2Fcomments&post=11982"}],"version-history":[{"count":0,"href":"https:\/\/www.altercampagne.net\/index.php?rest_route=\/wp\/v2\/posts\/11982\/revisions"}],"wp:featuredmedia":[{"embeddable":true,"href":"https:\/\/www.altercampagne.net\/index.php?rest_route=\/wp\/v2\/media\/11983"}],"wp:attachment":[{"href":"https:\/\/www.altercampagne.net\/index.php?rest_route=%2Fwp%2Fv2%2Fmedia&parent=11982"}],"wp:term":[{"taxonomy":"category","embeddable":true,"href":"https:\/\/www.altercampagne.net\/index.php?rest_route=%2Fwp%2Fv2%2Fcategories&post=11982"},{"taxonomy":"post_tag","embeddable":true,"href":"https:\/\/www.altercampagne.net\/index.php?rest_route=%2Fwp%2Fv2%2Ftags&post=11982"}],"curies":[{"name":"wp","href":"https:\/\/api.w.org\/{rel}","templated":true}]}}