{"id":11985,"date":"2018-08-24T20:06:44","date_gmt":"2018-08-24T18:06:44","guid":{"rendered":"http:\/\/www.altercampagne.net\/?p=11985"},"modified":"2018-09-03T15:53:14","modified_gmt":"2018-09-03T13:53:14","slug":"festival-du-bishnoi-lalternative-ca-commence-par-le-velo","status":"publish","type":"post","link":"https:\/\/www.altercampagne.net\/?p=11985","title":{"rendered":"Festival du Bishno\u00ef : l\u2019alternative, \u00e7a commence par le v\u00e9lo"},"content":{"rendered":"<p class=\"accroche\"><strong>Le Bishno\u00ef, ce militant qui aspire \u00e0 changer de mode consommation et de transport, a ouvert sa \u00ab\u00a0r\u00e9serve\u00a0\u00bb, hier en fin d\u2019apr\u00e8s-midi \u00e0 Ernolsheim-Bruche\u2026<\/strong><\/p>\n<div class=\"richContentComponent textComponent\">\n<p>\u2026 et c\u2019est comme pr\u00e9vu, la manifestation AlterTour qui rallie des lieux de r\u00e9sistance en France qui a lanc\u00e9 ce 3<span class=\"exposant\">e<\/span> \u00a0festival. Une quarantaine de cyclistes sont arriv\u00e9s peu avant 17\u00a0h, en v\u00e9lorution depuis Strasbourg, accompagn\u00e9s d\u2019une trentaine de soutiens. Ils ont pos\u00e9 autant de tentes dans le champ que surplombe l\u2019ancienne minoterie, derri\u00e8re une grande sc\u00e8ne.<\/p>\n<p>Pour les premi\u00e8res notes de cette derni\u00e8re, une quinzaine de personnes \u00e9taient venues \u00ab\u00a0pour la musique\u00a0\u00bb. Du gospel pour commencer.<\/p>\n<\/div>\n<div class=\"richContentComponent textComponent\">\n<h4>Habitu\u00e9s de la lutte anti-GCO<\/h4>\n<p>Alors que les quelque 80 \u00e0 100 b\u00e9n\u00e9voles finissaient de dresser panneaux et stands, que le pr\u00e9sident Guillaume Bourlier donnait une interview \u00e0 une t\u00e9l\u00e9 locale, les deux premi\u00e8res heures ont vu affluer les habitu\u00e9s de la lutte anti-Grand contournement ouest, plut\u00f4t. Le \u00ab\u00a0simple\u00a0\u00bb habitant du village semblait n\u2019avoir pas (encore) point\u00e9 le bout de son nez\u2026<\/p>\n<p>L\u2019ambiance \u00e9tait encore calme, sous des ampoules de guinguette. Les slogans avaient refleuri, les stands des associations environnementalistes comme du \u00ab\u00a0consommer et se d\u00e9placer autrement\u00a0\u00bb s\u2019animaient en douceur. Ceux de petite restauration, alternatifs eux aussi, qu\u2019ils soient v\u00e9gans ou locavores, se garnissaient, tout en commen\u00e7ant \u00e0 se d\u00e9garnir. La buvette prenait \u00e9galement vie. Le festif s\u2019installait.<\/p>\n<p>Du c\u00f4t\u00e9 de la plateforme de la plaine verte du village, une conteuse fredonnait au milieu des arbres\u2026 des arbres sur lesquels les opposants \u00e0 l\u2019A355 vont recommencer \u00e0 veiller. L\u2019\u00e9ch\u00e9ance du 28\u00a0ao\u00fbt (la r\u00e9union du Conseil d\u00e9partemental de l\u2019environnement et des risques sanitaires et technologiques) est dans beaucoup de bouches.<\/p>\n<p style=\"text-align: right;\"><strong>N.S., <a href=\"https:\/\/c.dna.fr\/edition-de-molsheim-schirmeck\/2018\/08\/25\/l-alternative-ca-commence-par-le-velo\" target=\"_blank\" rel=\"noopener\">Derni\u00e8res Nouvelles d&rsquo;Alsace<\/a>, le 24\/08\/2018<\/strong><\/p>\n<\/div>\n","protected":false},"excerpt":{"rendered":"<p>Le Bishno\u00ef, ce militant qui aspire \u00e0 changer de mode consommation et de transport, a ouvert sa \u00ab\u00a0r\u00e9serve\u00a0\u00bb, hier en fin d\u2019apr\u00e8s-midi \u00e0 Ernolsheim-Bruche\u2026 \u2026 et c\u2019est comme pr\u00e9vu, la manifestation AlterTour qui rallie des lieux de r\u00e9sistance en France qui a lanc\u00e9 ce 3e \u00a0festival. Une quarantaine de cyclistes &#8230; <\/p>\n<div><a href=\"https:\/\/www.altercampagne.net\/?p=11985\" class=\"more-link\">Read More<\/a><\/div>\n","protected":false},"author":214,"featured_media":11986,"comment_status":"closed","ping_status":"closed","sticky":false,"template":"","format":"standard","meta":{"footnotes":""},"categories":[3475,239,3470,3542],"tags":[3233,3592,3629,3715,3717,3719,3720,3721],"class_list":["post-11985","post","type-post","status-publish","format-standard","has-post-thumbnail","hentry","category-grand-est","category-revue-de-presse","category-edition-2018","category-lutte","tag-bas-rhin","tag-alsace","tag-bishnoi","tag-dna","tag-festival-du-bishnoi","tag-ernolsheim-bruche","tag-derneieres-nouvelles-dalsace","tag-guillaume-bourlier"],"yoast_head":"<!-- This site is optimized with the Yoast SEO plugin v27.3 - https:\/\/yoast.com\/product\/yoast-seo-wordpress\/ -->\n<title>Festival du Bishno\u00ef : l\u2019alternative, \u00e7a commence par le v\u00e9lo - AlterTour<\/title>\n<meta name=\"robots\" content=\"index, follow, max-snippet:-1, max-image-preview:large, max-video-preview:-1\" \/>\n<link rel=\"canonical\" href=\"https:\/\/www.altercampagne.net\/?p=11985\" \/>\n<meta property=\"og:locale\" content=\"fr_FR\" \/>\n<meta property=\"og:type\" content=\"article\" \/>\n<meta property=\"og:title\" content=\"Festival du Bishno\u00ef : l\u2019alternative, \u00e7a commence par le v\u00e9lo - AlterTour\" \/>\n<meta property=\"og:description\" content=\"Le Bishno\u00ef, ce militant qui aspire \u00e0 changer de mode consommation et de transport, a ouvert sa \u00ab\u00a0r\u00e9serve\u00a0\u00bb, hier en fin d\u2019apr\u00e8s-midi \u00e0 Ernolsheim-Bruche\u2026 \u2026 et c\u2019est comme pr\u00e9vu, la manifestation AlterTour qui rallie des lieux de r\u00e9sistance en France qui a lanc\u00e9 ce 3e \u00a0festival. Une quarantaine de cyclistes ... Read More\" \/>\n<meta property=\"og:url\" content=\"https:\/\/www.altercampagne.net\/?p=11985\" \/>\n<meta property=\"og:site_name\" content=\"AlterTour\" \/>\n<meta property=\"article:published_time\" content=\"2018-08-24T18:06:44+00:00\" \/>\n<meta property=\"article:modified_time\" content=\"2018-09-03T13:53:14+00:00\" \/>\n<meta property=\"og:image\" content=\"https:\/\/www.altercampagne.net\/wp-content\/uploads\/2018\/09\/AT2018-08-24-Festival-du-Bishnoi-01.jpg\" \/>\n\t<meta property=\"og:image:width\" content=\"753\" \/>\n\t<meta property=\"og:image:height\" content=\"394\" \/>\n\t<meta property=\"og:image:type\" content=\"image\/jpeg\" \/>\n<meta name=\"author\" content=\"Mathieu\" \/>\n<meta name=\"twitter:card\" content=\"summary_large_image\" \/>\n<meta name=\"twitter:label1\" content=\"\u00c9crit par\" \/>\n\t<meta name=\"twitter:data1\" content=\"Mathieu\" \/>\n\t<meta name=\"twitter:label2\" content=\"Dur\u00e9e de lecture estim\u00e9e\" \/>\n\t<meta name=\"twitter:data2\" content=\"2 minutes\" \/>\n<script type=\"application\/ld+json\" class=\"yoast-schema-graph\">{\"@context\":\"https:\\\/\\\/schema.org\",\"@graph\":[{\"@type\":\"Article\",\"@id\":\"https:\\\/\\\/www.altercampagne.net\\\/?p=11985#article\",\"isPartOf\":{\"@id\":\"https:\\\/\\\/www.altercampagne.net\\\/?p=11985\"},\"author\":{\"name\":\"Mathieu\",\"@id\":\"https:\\\/\\\/www.altercampagne.net\\\/#\\\/schema\\\/person\\\/0f261460c09e430caa0f9bcffa319109\"},\"headline\":\"Festival du Bishno\u00ef : l\u2019alternative, \u00e7a commence par le v\u00e9lo\",\"datePublished\":\"2018-08-24T18:06:44+00:00\",\"dateModified\":\"2018-09-03T13:53:14+00:00\",\"mainEntityOfPage\":{\"@id\":\"https:\\\/\\\/www.altercampagne.net\\\/?p=11985\"},\"wordCount\":319,\"image\":{\"@id\":\"https:\\\/\\\/www.altercampagne.net\\\/?p=11985#primaryimage\"},\"thumbnailUrl\":\"https:\\\/\\\/www.altercampagne.net\\\/wp-content\\\/uploads\\\/2018\\\/09\\\/AT2018-08-24-Festival-du-Bishnoi-01.jpg\",\"keywords\":[\"Bas-Rhin\",\"Alsace\",\"Bishnoi\",\"DNA\",\"Festival du Bishno\u00ef\",\"Ernolsheim-Bruche\",\"Dernei\u00e8res Nouvelles d'Alsace\",\"Guillaume Bourlier\"],\"articleSection\":[\"Grand Est\",\"Revue de presse\",\"\u00c9dition 2018\",\"Lutte\"],\"inLanguage\":\"fr-FR\"},{\"@type\":\"WebPage\",\"@id\":\"https:\\\/\\\/www.altercampagne.net\\\/?p=11985\",\"url\":\"https:\\\/\\\/www.altercampagne.net\\\/?p=11985\",\"name\":\"Festival du Bishno\u00ef : l\u2019alternative, \u00e7a commence par le v\u00e9lo - AlterTour\",\"isPartOf\":{\"@id\":\"https:\\\/\\\/www.altercampagne.net\\\/#website\"},\"primaryImageOfPage\":{\"@id\":\"https:\\\/\\\/www.altercampagne.net\\\/?p=11985#primaryimage\"},\"image\":{\"@id\":\"https:\\\/\\\/www.altercampagne.net\\\/?p=11985#primaryimage\"},\"thumbnailUrl\":\"https:\\\/\\\/www.altercampagne.net\\\/wp-content\\\/uploads\\\/2018\\\/09\\\/AT2018-08-24-Festival-du-Bishnoi-01.jpg\",\"datePublished\":\"2018-08-24T18:06:44+00:00\",\"dateModified\":\"2018-09-03T13:53:14+00:00\",\"author\":{\"@id\":\"https:\\\/\\\/www.altercampagne.net\\\/#\\\/schema\\\/person\\\/0f261460c09e430caa0f9bcffa319109\"},\"breadcrumb\":{\"@id\":\"https:\\\/\\\/www.altercampagne.net\\\/?p=11985#breadcrumb\"},\"inLanguage\":\"fr-FR\",\"potentialAction\":[{\"@type\":\"ReadAction\",\"target\":[\"https:\\\/\\\/www.altercampagne.net\\\/?p=11985\"]}]},{\"@type\":\"ImageObject\",\"inLanguage\":\"fr-FR\",\"@id\":\"https:\\\/\\\/www.altercampagne.net\\\/?p=11985#primaryimage\",\"url\":\"https:\\\/\\\/www.altercampagne.net\\\/wp-content\\\/uploads\\\/2018\\\/09\\\/AT2018-08-24-Festival-du-Bishnoi-01.jpg\",\"contentUrl\":\"https:\\\/\\\/www.altercampagne.net\\\/wp-content\\\/uploads\\\/2018\\\/09\\\/AT2018-08-24-Festival-du-Bishnoi-01.jpg\",\"width\":753,\"height\":394},{\"@type\":\"BreadcrumbList\",\"@id\":\"https:\\\/\\\/www.altercampagne.net\\\/?p=11985#breadcrumb\",\"itemListElement\":[{\"@type\":\"ListItem\",\"position\":1,\"name\":\"Accueil\",\"item\":\"https:\\\/\\\/www.altercampagne.net\\\/\"},{\"@type\":\"ListItem\",\"position\":2,\"name\":\"Festival du Bishno\u00ef : l\u2019alternative, \u00e7a commence par le v\u00e9lo\"}]},{\"@type\":\"WebSite\",\"@id\":\"https:\\\/\\\/www.altercampagne.net\\\/#website\",\"url\":\"https:\\\/\\\/www.altercampagne.net\\\/\",\"name\":\"AlterTour\",\"description\":\"Reliez les Alternatives \u00e0 v\u00e9lo\",\"potentialAction\":[{\"@type\":\"SearchAction\",\"target\":{\"@type\":\"EntryPoint\",\"urlTemplate\":\"https:\\\/\\\/www.altercampagne.net\\\/?s={search_term_string}\"},\"query-input\":{\"@type\":\"PropertyValueSpecification\",\"valueRequired\":true,\"valueName\":\"search_term_string\"}}],\"inLanguage\":\"fr-FR\"},{\"@type\":\"Person\",\"@id\":\"https:\\\/\\\/www.altercampagne.net\\\/#\\\/schema\\\/person\\\/0f261460c09e430caa0f9bcffa319109\",\"name\":\"Mathieu\",\"image\":{\"@type\":\"ImageObject\",\"inLanguage\":\"fr-FR\",\"@id\":\"https:\\\/\\\/secure.gravatar.com\\\/avatar\\\/aa9d3d24c83f2141e5e2709d0f63d09a99f6be6bb7a50abc4915838d9f54501a?s=96&d=mm&r=g\",\"url\":\"https:\\\/\\\/secure.gravatar.com\\\/avatar\\\/aa9d3d24c83f2141e5e2709d0f63d09a99f6be6bb7a50abc4915838d9f54501a?s=96&d=mm&r=g\",\"contentUrl\":\"https:\\\/\\\/secure.gravatar.com\\\/avatar\\\/aa9d3d24c83f2141e5e2709d0f63d09a99f6be6bb7a50abc4915838d9f54501a?s=96&d=mm&r=g\",\"caption\":\"Mathieu\"},\"url\":\"https:\\\/\\\/www.altercampagne.net\\\/?author=214\"}]}<\/script>\n<!-- \/ Yoast SEO plugin. -->","yoast_head_json":{"title":"Festival du Bishno\u00ef : l\u2019alternative, \u00e7a commence par le v\u00e9lo - AlterTour","robots":{"index":"index","follow":"follow","max-snippet":"max-snippet:-1","max-image-preview":"max-image-preview:large","max-video-preview":"max-video-preview:-1"},"canonical":"https:\/\/www.altercampagne.net\/?p=11985","og_locale":"fr_FR","og_type":"article","og_title":"Festival du Bishno\u00ef : l\u2019alternative, \u00e7a commence par le v\u00e9lo - AlterTour","og_description":"Le Bishno\u00ef, ce militant qui aspire \u00e0 changer de mode consommation et de transport, a ouvert sa \u00ab\u00a0r\u00e9serve\u00a0\u00bb, hier en fin d\u2019apr\u00e8s-midi \u00e0 Ernolsheim-Bruche\u2026 \u2026 et c\u2019est comme pr\u00e9vu, la manifestation AlterTour qui rallie des lieux de r\u00e9sistance en France qui a lanc\u00e9 ce 3e \u00a0festival. Une quarantaine de cyclistes ... Read More","og_url":"https:\/\/www.altercampagne.net\/?p=11985","og_site_name":"AlterTour","article_published_time":"2018-08-24T18:06:44+00:00","article_modified_time":"2018-09-03T13:53:14+00:00","og_image":[{"width":753,"height":394,"url":"https:\/\/www.altercampagne.net\/wp-content\/uploads\/2018\/09\/AT2018-08-24-Festival-du-Bishnoi-01.jpg","type":"image\/jpeg"}],"author":"Mathieu","twitter_card":"summary_large_image","twitter_misc":{"\u00c9crit par":"Mathieu","Dur\u00e9e de lecture estim\u00e9e":"2 minutes"},"schema":{"@context":"https:\/\/schema.org","@graph":[{"@type":"Article","@id":"https:\/\/www.altercampagne.net\/?p=11985#article","isPartOf":{"@id":"https:\/\/www.altercampagne.net\/?p=11985"},"author":{"name":"Mathieu","@id":"https:\/\/www.altercampagne.net\/#\/schema\/person\/0f261460c09e430caa0f9bcffa319109"},"headline":"Festival du Bishno\u00ef : l\u2019alternative, \u00e7a commence par le v\u00e9lo","datePublished":"2018-08-24T18:06:44+00:00","dateModified":"2018-09-03T13:53:14+00:00","mainEntityOfPage":{"@id":"https:\/\/www.altercampagne.net\/?p=11985"},"wordCount":319,"image":{"@id":"https:\/\/www.altercampagne.net\/?p=11985#primaryimage"},"thumbnailUrl":"https:\/\/www.altercampagne.net\/wp-content\/uploads\/2018\/09\/AT2018-08-24-Festival-du-Bishnoi-01.jpg","keywords":["Bas-Rhin","Alsace","Bishnoi","DNA","Festival du Bishno\u00ef","Ernolsheim-Bruche","Dernei\u00e8res Nouvelles d'Alsace","Guillaume Bourlier"],"articleSection":["Grand Est","Revue de presse","\u00c9dition 2018","Lutte"],"inLanguage":"fr-FR"},{"@type":"WebPage","@id":"https:\/\/www.altercampagne.net\/?p=11985","url":"https:\/\/www.altercampagne.net\/?p=11985","name":"Festival du Bishno\u00ef : l\u2019alternative, \u00e7a commence par le v\u00e9lo - AlterTour","isPartOf":{"@id":"https:\/\/www.altercampagne.net\/#website"},"primaryImageOfPage":{"@id":"https:\/\/www.altercampagne.net\/?p=11985#primaryimage"},"image":{"@id":"https:\/\/www.altercampagne.net\/?p=11985#primaryimage"},"thumbnailUrl":"https:\/\/www.altercampagne.net\/wp-content\/uploads\/2018\/09\/AT2018-08-24-Festival-du-Bishnoi-01.jpg","datePublished":"2018-08-24T18:06:44+00:00","dateModified":"2018-09-03T13:53:14+00:00","author":{"@id":"https:\/\/www.altercampagne.net\/#\/schema\/person\/0f261460c09e430caa0f9bcffa319109"},"breadcrumb":{"@id":"https:\/\/www.altercampagne.net\/?p=11985#breadcrumb"},"inLanguage":"fr-FR","potentialAction":[{"@type":"ReadAction","target":["https:\/\/www.altercampagne.net\/?p=11985"]}]},{"@type":"ImageObject","inLanguage":"fr-FR","@id":"https:\/\/www.altercampagne.net\/?p=11985#primaryimage","url":"https:\/\/www.altercampagne.net\/wp-content\/uploads\/2018\/09\/AT2018-08-24-Festival-du-Bishnoi-01.jpg","contentUrl":"https:\/\/www.altercampagne.net\/wp-content\/uploads\/2018\/09\/AT2018-08-24-Festival-du-Bishnoi-01.jpg","width":753,"height":394},{"@type":"BreadcrumbList","@id":"https:\/\/www.altercampagne.net\/?p=11985#breadcrumb","itemListElement":[{"@type":"ListItem","position":1,"name":"Accueil","item":"https:\/\/www.altercampagne.net\/"},{"@type":"ListItem","position":2,"name":"Festival du Bishno\u00ef : l\u2019alternative, \u00e7a commence par le v\u00e9lo"}]},{"@type":"WebSite","@id":"https:\/\/www.altercampagne.net\/#website","url":"https:\/\/www.altercampagne.net\/","name":"AlterTour","description":"Reliez les Alternatives \u00e0 v\u00e9lo","potentialAction":[{"@type":"SearchAction","target":{"@type":"EntryPoint","urlTemplate":"https:\/\/www.altercampagne.net\/?s={search_term_string}"},"query-input":{"@type":"PropertyValueSpecification","valueRequired":true,"valueName":"search_term_string"}}],"inLanguage":"fr-FR"},{"@type":"Person","@id":"https:\/\/www.altercampagne.net\/#\/schema\/person\/0f261460c09e430caa0f9bcffa319109","name":"Mathieu","image":{"@type":"ImageObject","inLanguage":"fr-FR","@id":"https:\/\/secure.gravatar.com\/avatar\/aa9d3d24c83f2141e5e2709d0f63d09a99f6be6bb7a50abc4915838d9f54501a?s=96&d=mm&r=g","url":"https:\/\/secure.gravatar.com\/avatar\/aa9d3d24c83f2141e5e2709d0f63d09a99f6be6bb7a50abc4915838d9f54501a?s=96&d=mm&r=g","contentUrl":"https:\/\/secure.gravatar.com\/avatar\/aa9d3d24c83f2141e5e2709d0f63d09a99f6be6bb7a50abc4915838d9f54501a?s=96&d=mm&r=g","caption":"Mathieu"},"url":"https:\/\/www.altercampagne.net\/?author=214"}]}},"_links":{"self":[{"href":"https:\/\/www.altercampagne.net\/index.php?rest_route=\/wp\/v2\/posts\/11985","targetHints":{"allow":["GET"]}}],"collection":[{"href":"https:\/\/www.altercampagne.net\/index.php?rest_route=\/wp\/v2\/posts"}],"about":[{"href":"https:\/\/www.altercampagne.net\/index.php?rest_route=\/wp\/v2\/types\/post"}],"author":[{"embeddable":true,"href":"https:\/\/www.altercampagne.net\/index.php?rest_route=\/wp\/v2\/users\/214"}],"replies":[{"embeddable":true,"href":"https:\/\/www.altercampagne.net\/index.php?rest_route=%2Fwp%2Fv2%2Fcomments&post=11985"}],"version-history":[{"count":0,"href":"https:\/\/www.altercampagne.net\/index.php?rest_route=\/wp\/v2\/posts\/11985\/revisions"}],"wp:featuredmedia":[{"embeddable":true,"href":"https:\/\/www.altercampagne.net\/index.php?rest_route=\/wp\/v2\/media\/11986"}],"wp:attachment":[{"href":"https:\/\/www.altercampagne.net\/index.php?rest_route=%2Fwp%2Fv2%2Fmedia&parent=11985"}],"wp:term":[{"taxonomy":"category","embeddable":true,"href":"https:\/\/www.altercampagne.net\/index.php?rest_route=%2Fwp%2Fv2%2Fcategories&post=11985"},{"taxonomy":"post_tag","embeddable":true,"href":"https:\/\/www.altercampagne.net\/index.php?rest_route=%2Fwp%2Fv2%2Ftags&post=11985"}],"curies":[{"name":"wp","href":"https:\/\/api.w.org\/{rel}","templated":true}]}}