{"id":11988,"date":"2018-08-23T20:28:59","date_gmt":"2018-08-23T18:28:59","guid":{"rendered":"http:\/\/www.altercampagne.net\/?p=11988"},"modified":"2018-09-03T15:57:26","modified_gmt":"2018-09-03T13:57:26","slug":"contre-le-gco-et-au-dela","status":"publish","type":"post","link":"https:\/\/www.altercampagne.net\/?p=11988","title":{"rendered":"Contre le GCO, et au-del\u00e0"},"content":{"rendered":"<p>La R\u00e9serve du Bishno\u00ef \u2013 figure hindoue non-violente et \u00e9cologiste \u2013 avait pouss\u00e9 en 2016, en for\u00eat de Kolbsheim, sur le terreau de l\u2019opposition au Grand contournement ouest (GCO). L\u00e0 o\u00f9 depuis plus d\u2019un an s\u2019est install\u00e9e la Zone \u00e0 d\u00e9fendre du Moulin, en contrebas du ch\u00e2teau.<\/p>\n<p>Apr\u00e8s moults rebondissements tant du c\u00f4t\u00e9 des administrations que sur le terrain, ses habitants sont d\u00e9sormais expulsables, et l\u2019\u00e9ch\u00e9ance des travaux approche (les pr\u00e9paratoires sont autoris\u00e9s \u00e0 compter du 1<span class=\"exposant\">er<\/span> \u00a0septembre).<\/p>\n<p>Dans ce contexte, l\u2019association d\u2019Ernolsheim-Bruche pense \u00e0 l\u2019apr\u00e8s et le rendez-vous 2018, s\u2019il parlera encore de la lutte antiGCO, tiendra une trentaine de stands d\u00e9di\u00e9s plus largement \u00e0 la \u00ab\u00a0transition soci\u00e9tale\u00a0\u00bb, autour de l\u2019environnement, de la consommation ou du v\u00e9lo.<\/p>\n<p>L\u2019arriv\u00e9e du cycliste AlterTour, manifestation itin\u00e9rante qui rallie depuis mi-juillet des lieux de r\u00e9sistances et d\u2019alternatives, lancera d\u2019ailleurs cette \u00e9dition, vendredi \u00e0 17\u00a0h. Elle sera pass\u00e9e la veille (demain) par la Maison Mimir, l\u2019espace social autog\u00e9r\u00e9 de Strasbourg, et partie le jour m\u00eame \u00e0 14\u00a0h\u00a030 du Mus\u00e9e d\u2019art moderne et contemporain en\u2026 v\u00e9lorution.<\/p>\n<p>\u00c0 l\u2019instar des deux pr\u00e9c\u00e9dents, ce festival#3 se veut familial et festif, avec des concerts, des projections de documentaires, des visites naturalistes, une conf\u00e9rence\u2026 Des prises de parole d\u2019\u00e9lus, notamment d\u2019eurod\u00e9put\u00e9s verts, sont par ailleurs annonc\u00e9es.<\/p>\n<p style=\"text-align: right;\"><strong><a href=\"https:\/\/c.dna.fr\/environnement\/2018\/08\/23\/contre-le-gco-et-au-dela\" target=\"_blank\" rel=\"noopener\">Derni\u00e8res Nouvelles d&rsquo;Alsace<\/a>, le 23\/08\/2018<\/strong><\/p>\n","protected":false},"excerpt":{"rendered":"<p>La R\u00e9serve du Bishno\u00ef \u2013 figure hindoue non-violente et \u00e9cologiste \u2013 avait pouss\u00e9 en 2016, en for\u00eat de Kolbsheim, sur le terreau de l\u2019opposition au Grand contournement ouest (GCO). L\u00e0 o\u00f9 depuis plus d\u2019un an s\u2019est install\u00e9e la Zone \u00e0 d\u00e9fendre du Moulin, en contrebas du ch\u00e2teau. Apr\u00e8s moults rebondissements &#8230; <\/p>\n<div><a href=\"https:\/\/www.altercampagne.net\/?p=11988\" class=\"more-link\">Read More<\/a><\/div>\n","protected":false},"author":214,"featured_media":11989,"comment_status":"closed","ping_status":"closed","sticky":false,"template":"","format":"standard","meta":{"footnotes":""},"categories":[239,3470],"tags":[3233,3352,3380,3548,3592,3715,3716,3719,3722,3723,3724],"class_list":["post-11988","post","type-post","status-publish","format-standard","has-post-thumbnail","hentry","category-revue-de-presse","category-edition-2018","tag-bas-rhin","tag-zad-du-moulin","tag-kolbsheim","tag-maison-mimir","tag-alsace","tag-dna","tag-dernieres-nouvelles-dalsace","tag-ernolsheim-bruche","tag-gco","tag-reserve-du-bishnoi","tag-antigco"],"yoast_head":"<!-- This site is optimized with the Yoast SEO plugin v27.3 - https:\/\/yoast.com\/product\/yoast-seo-wordpress\/ -->\n<title>Contre le GCO, et au-del\u00e0 - AlterTour<\/title>\n<meta name=\"robots\" content=\"index, follow, max-snippet:-1, max-image-preview:large, max-video-preview:-1\" \/>\n<link rel=\"canonical\" href=\"https:\/\/www.altercampagne.net\/?p=11988\" \/>\n<meta property=\"og:locale\" content=\"fr_FR\" \/>\n<meta property=\"og:type\" content=\"article\" \/>\n<meta property=\"og:title\" content=\"Contre le GCO, et au-del\u00e0 - AlterTour\" \/>\n<meta property=\"og:description\" content=\"La R\u00e9serve du Bishno\u00ef \u2013 figure hindoue non-violente et \u00e9cologiste \u2013 avait pouss\u00e9 en 2016, en for\u00eat de Kolbsheim, sur le terreau de l\u2019opposition au Grand contournement ouest (GCO). L\u00e0 o\u00f9 depuis plus d\u2019un an s\u2019est install\u00e9e la Zone \u00e0 d\u00e9fendre du Moulin, en contrebas du ch\u00e2teau. Apr\u00e8s moults rebondissements ... Read More\" \/>\n<meta property=\"og:url\" content=\"https:\/\/www.altercampagne.net\/?p=11988\" \/>\n<meta property=\"og:site_name\" content=\"AlterTour\" \/>\n<meta property=\"article:published_time\" content=\"2018-08-23T18:28:59+00:00\" \/>\n<meta property=\"article:modified_time\" content=\"2018-09-03T13:57:26+00:00\" \/>\n<meta property=\"og:image\" content=\"https:\/\/www.altercampagne.net\/wp-content\/uploads\/2018\/09\/AT2018-08-23-Contre-le-GCO-et-au-dela.jpg\" \/>\n\t<meta property=\"og:image:width\" content=\"517\" \/>\n\t<meta property=\"og:image:height\" content=\"270\" \/>\n\t<meta property=\"og:image:type\" content=\"image\/jpeg\" \/>\n<meta name=\"author\" content=\"Mathieu\" \/>\n<meta name=\"twitter:card\" content=\"summary_large_image\" \/>\n<meta name=\"twitter:label1\" content=\"\u00c9crit par\" \/>\n\t<meta name=\"twitter:data1\" content=\"Mathieu\" \/>\n\t<meta name=\"twitter:label2\" content=\"Dur\u00e9e de lecture estim\u00e9e\" \/>\n\t<meta name=\"twitter:data2\" content=\"1 minute\" \/>\n<script type=\"application\/ld+json\" class=\"yoast-schema-graph\">{\"@context\":\"https:\\\/\\\/schema.org\",\"@graph\":[{\"@type\":\"Article\",\"@id\":\"https:\\\/\\\/www.altercampagne.net\\\/?p=11988#article\",\"isPartOf\":{\"@id\":\"https:\\\/\\\/www.altercampagne.net\\\/?p=11988\"},\"author\":{\"name\":\"Mathieu\",\"@id\":\"https:\\\/\\\/www.altercampagne.net\\\/#\\\/schema\\\/person\\\/0f261460c09e430caa0f9bcffa319109\"},\"headline\":\"Contre le GCO, et au-del\u00e0\",\"datePublished\":\"2018-08-23T18:28:59+00:00\",\"dateModified\":\"2018-09-03T13:57:26+00:00\",\"mainEntityOfPage\":{\"@id\":\"https:\\\/\\\/www.altercampagne.net\\\/?p=11988\"},\"wordCount\":254,\"image\":{\"@id\":\"https:\\\/\\\/www.altercampagne.net\\\/?p=11988#primaryimage\"},\"thumbnailUrl\":\"https:\\\/\\\/www.altercampagne.net\\\/wp-content\\\/uploads\\\/2018\\\/09\\\/AT2018-08-23-Contre-le-GCO-et-au-dela.jpg\",\"keywords\":[\"Bas-Rhin\",\"ZAD du Moulin\",\"Kolbsheim\",\"Maison Mimir\",\"Alsace\",\"DNA\",\"Derni\u00e8res Nouvelles d'Alsace\",\"Ernolsheim-Bruche\",\"GCO\",\"R\u00e9serve du Bishno\u00ef\",\"antiGCO\"],\"articleSection\":[\"Revue de presse\",\"\u00c9dition 2018\"],\"inLanguage\":\"fr-FR\"},{\"@type\":\"WebPage\",\"@id\":\"https:\\\/\\\/www.altercampagne.net\\\/?p=11988\",\"url\":\"https:\\\/\\\/www.altercampagne.net\\\/?p=11988\",\"name\":\"Contre le GCO, et au-del\u00e0 - AlterTour\",\"isPartOf\":{\"@id\":\"https:\\\/\\\/www.altercampagne.net\\\/#website\"},\"primaryImageOfPage\":{\"@id\":\"https:\\\/\\\/www.altercampagne.net\\\/?p=11988#primaryimage\"},\"image\":{\"@id\":\"https:\\\/\\\/www.altercampagne.net\\\/?p=11988#primaryimage\"},\"thumbnailUrl\":\"https:\\\/\\\/www.altercampagne.net\\\/wp-content\\\/uploads\\\/2018\\\/09\\\/AT2018-08-23-Contre-le-GCO-et-au-dela.jpg\",\"datePublished\":\"2018-08-23T18:28:59+00:00\",\"dateModified\":\"2018-09-03T13:57:26+00:00\",\"author\":{\"@id\":\"https:\\\/\\\/www.altercampagne.net\\\/#\\\/schema\\\/person\\\/0f261460c09e430caa0f9bcffa319109\"},\"breadcrumb\":{\"@id\":\"https:\\\/\\\/www.altercampagne.net\\\/?p=11988#breadcrumb\"},\"inLanguage\":\"fr-FR\",\"potentialAction\":[{\"@type\":\"ReadAction\",\"target\":[\"https:\\\/\\\/www.altercampagne.net\\\/?p=11988\"]}]},{\"@type\":\"ImageObject\",\"inLanguage\":\"fr-FR\",\"@id\":\"https:\\\/\\\/www.altercampagne.net\\\/?p=11988#primaryimage\",\"url\":\"https:\\\/\\\/www.altercampagne.net\\\/wp-content\\\/uploads\\\/2018\\\/09\\\/AT2018-08-23-Contre-le-GCO-et-au-dela.jpg\",\"contentUrl\":\"https:\\\/\\\/www.altercampagne.net\\\/wp-content\\\/uploads\\\/2018\\\/09\\\/AT2018-08-23-Contre-le-GCO-et-au-dela.jpg\",\"width\":517,\"height\":270},{\"@type\":\"BreadcrumbList\",\"@id\":\"https:\\\/\\\/www.altercampagne.net\\\/?p=11988#breadcrumb\",\"itemListElement\":[{\"@type\":\"ListItem\",\"position\":1,\"name\":\"Accueil\",\"item\":\"https:\\\/\\\/www.altercampagne.net\\\/\"},{\"@type\":\"ListItem\",\"position\":2,\"name\":\"Contre le GCO, et au-del\u00e0\"}]},{\"@type\":\"WebSite\",\"@id\":\"https:\\\/\\\/www.altercampagne.net\\\/#website\",\"url\":\"https:\\\/\\\/www.altercampagne.net\\\/\",\"name\":\"AlterTour\",\"description\":\"Reliez les Alternatives \u00e0 v\u00e9lo\",\"potentialAction\":[{\"@type\":\"SearchAction\",\"target\":{\"@type\":\"EntryPoint\",\"urlTemplate\":\"https:\\\/\\\/www.altercampagne.net\\\/?s={search_term_string}\"},\"query-input\":{\"@type\":\"PropertyValueSpecification\",\"valueRequired\":true,\"valueName\":\"search_term_string\"}}],\"inLanguage\":\"fr-FR\"},{\"@type\":\"Person\",\"@id\":\"https:\\\/\\\/www.altercampagne.net\\\/#\\\/schema\\\/person\\\/0f261460c09e430caa0f9bcffa319109\",\"name\":\"Mathieu\",\"image\":{\"@type\":\"ImageObject\",\"inLanguage\":\"fr-FR\",\"@id\":\"https:\\\/\\\/secure.gravatar.com\\\/avatar\\\/aa9d3d24c83f2141e5e2709d0f63d09a99f6be6bb7a50abc4915838d9f54501a?s=96&d=mm&r=g\",\"url\":\"https:\\\/\\\/secure.gravatar.com\\\/avatar\\\/aa9d3d24c83f2141e5e2709d0f63d09a99f6be6bb7a50abc4915838d9f54501a?s=96&d=mm&r=g\",\"contentUrl\":\"https:\\\/\\\/secure.gravatar.com\\\/avatar\\\/aa9d3d24c83f2141e5e2709d0f63d09a99f6be6bb7a50abc4915838d9f54501a?s=96&d=mm&r=g\",\"caption\":\"Mathieu\"},\"url\":\"https:\\\/\\\/www.altercampagne.net\\\/?author=214\"}]}<\/script>\n<!-- \/ Yoast SEO plugin. -->","yoast_head_json":{"title":"Contre le GCO, et au-del\u00e0 - AlterTour","robots":{"index":"index","follow":"follow","max-snippet":"max-snippet:-1","max-image-preview":"max-image-preview:large","max-video-preview":"max-video-preview:-1"},"canonical":"https:\/\/www.altercampagne.net\/?p=11988","og_locale":"fr_FR","og_type":"article","og_title":"Contre le GCO, et au-del\u00e0 - AlterTour","og_description":"La R\u00e9serve du Bishno\u00ef \u2013 figure hindoue non-violente et \u00e9cologiste \u2013 avait pouss\u00e9 en 2016, en for\u00eat de Kolbsheim, sur le terreau de l\u2019opposition au Grand contournement ouest (GCO). L\u00e0 o\u00f9 depuis plus d\u2019un an s\u2019est install\u00e9e la Zone \u00e0 d\u00e9fendre du Moulin, en contrebas du ch\u00e2teau. Apr\u00e8s moults rebondissements ... Read More","og_url":"https:\/\/www.altercampagne.net\/?p=11988","og_site_name":"AlterTour","article_published_time":"2018-08-23T18:28:59+00:00","article_modified_time":"2018-09-03T13:57:26+00:00","og_image":[{"width":517,"height":270,"url":"https:\/\/www.altercampagne.net\/wp-content\/uploads\/2018\/09\/AT2018-08-23-Contre-le-GCO-et-au-dela.jpg","type":"image\/jpeg"}],"author":"Mathieu","twitter_card":"summary_large_image","twitter_misc":{"\u00c9crit par":"Mathieu","Dur\u00e9e de lecture estim\u00e9e":"1 minute"},"schema":{"@context":"https:\/\/schema.org","@graph":[{"@type":"Article","@id":"https:\/\/www.altercampagne.net\/?p=11988#article","isPartOf":{"@id":"https:\/\/www.altercampagne.net\/?p=11988"},"author":{"name":"Mathieu","@id":"https:\/\/www.altercampagne.net\/#\/schema\/person\/0f261460c09e430caa0f9bcffa319109"},"headline":"Contre le GCO, et au-del\u00e0","datePublished":"2018-08-23T18:28:59+00:00","dateModified":"2018-09-03T13:57:26+00:00","mainEntityOfPage":{"@id":"https:\/\/www.altercampagne.net\/?p=11988"},"wordCount":254,"image":{"@id":"https:\/\/www.altercampagne.net\/?p=11988#primaryimage"},"thumbnailUrl":"https:\/\/www.altercampagne.net\/wp-content\/uploads\/2018\/09\/AT2018-08-23-Contre-le-GCO-et-au-dela.jpg","keywords":["Bas-Rhin","ZAD du Moulin","Kolbsheim","Maison Mimir","Alsace","DNA","Derni\u00e8res Nouvelles d'Alsace","Ernolsheim-Bruche","GCO","R\u00e9serve du Bishno\u00ef","antiGCO"],"articleSection":["Revue de presse","\u00c9dition 2018"],"inLanguage":"fr-FR"},{"@type":"WebPage","@id":"https:\/\/www.altercampagne.net\/?p=11988","url":"https:\/\/www.altercampagne.net\/?p=11988","name":"Contre le GCO, et au-del\u00e0 - AlterTour","isPartOf":{"@id":"https:\/\/www.altercampagne.net\/#website"},"primaryImageOfPage":{"@id":"https:\/\/www.altercampagne.net\/?p=11988#primaryimage"},"image":{"@id":"https:\/\/www.altercampagne.net\/?p=11988#primaryimage"},"thumbnailUrl":"https:\/\/www.altercampagne.net\/wp-content\/uploads\/2018\/09\/AT2018-08-23-Contre-le-GCO-et-au-dela.jpg","datePublished":"2018-08-23T18:28:59+00:00","dateModified":"2018-09-03T13:57:26+00:00","author":{"@id":"https:\/\/www.altercampagne.net\/#\/schema\/person\/0f261460c09e430caa0f9bcffa319109"},"breadcrumb":{"@id":"https:\/\/www.altercampagne.net\/?p=11988#breadcrumb"},"inLanguage":"fr-FR","potentialAction":[{"@type":"ReadAction","target":["https:\/\/www.altercampagne.net\/?p=11988"]}]},{"@type":"ImageObject","inLanguage":"fr-FR","@id":"https:\/\/www.altercampagne.net\/?p=11988#primaryimage","url":"https:\/\/www.altercampagne.net\/wp-content\/uploads\/2018\/09\/AT2018-08-23-Contre-le-GCO-et-au-dela.jpg","contentUrl":"https:\/\/www.altercampagne.net\/wp-content\/uploads\/2018\/09\/AT2018-08-23-Contre-le-GCO-et-au-dela.jpg","width":517,"height":270},{"@type":"BreadcrumbList","@id":"https:\/\/www.altercampagne.net\/?p=11988#breadcrumb","itemListElement":[{"@type":"ListItem","position":1,"name":"Accueil","item":"https:\/\/www.altercampagne.net\/"},{"@type":"ListItem","position":2,"name":"Contre le GCO, et au-del\u00e0"}]},{"@type":"WebSite","@id":"https:\/\/www.altercampagne.net\/#website","url":"https:\/\/www.altercampagne.net\/","name":"AlterTour","description":"Reliez les Alternatives \u00e0 v\u00e9lo","potentialAction":[{"@type":"SearchAction","target":{"@type":"EntryPoint","urlTemplate":"https:\/\/www.altercampagne.net\/?s={search_term_string}"},"query-input":{"@type":"PropertyValueSpecification","valueRequired":true,"valueName":"search_term_string"}}],"inLanguage":"fr-FR"},{"@type":"Person","@id":"https:\/\/www.altercampagne.net\/#\/schema\/person\/0f261460c09e430caa0f9bcffa319109","name":"Mathieu","image":{"@type":"ImageObject","inLanguage":"fr-FR","@id":"https:\/\/secure.gravatar.com\/avatar\/aa9d3d24c83f2141e5e2709d0f63d09a99f6be6bb7a50abc4915838d9f54501a?s=96&d=mm&r=g","url":"https:\/\/secure.gravatar.com\/avatar\/aa9d3d24c83f2141e5e2709d0f63d09a99f6be6bb7a50abc4915838d9f54501a?s=96&d=mm&r=g","contentUrl":"https:\/\/secure.gravatar.com\/avatar\/aa9d3d24c83f2141e5e2709d0f63d09a99f6be6bb7a50abc4915838d9f54501a?s=96&d=mm&r=g","caption":"Mathieu"},"url":"https:\/\/www.altercampagne.net\/?author=214"}]}},"_links":{"self":[{"href":"https:\/\/www.altercampagne.net\/index.php?rest_route=\/wp\/v2\/posts\/11988","targetHints":{"allow":["GET"]}}],"collection":[{"href":"https:\/\/www.altercampagne.net\/index.php?rest_route=\/wp\/v2\/posts"}],"about":[{"href":"https:\/\/www.altercampagne.net\/index.php?rest_route=\/wp\/v2\/types\/post"}],"author":[{"embeddable":true,"href":"https:\/\/www.altercampagne.net\/index.php?rest_route=\/wp\/v2\/users\/214"}],"replies":[{"embeddable":true,"href":"https:\/\/www.altercampagne.net\/index.php?rest_route=%2Fwp%2Fv2%2Fcomments&post=11988"}],"version-history":[{"count":0,"href":"https:\/\/www.altercampagne.net\/index.php?rest_route=\/wp\/v2\/posts\/11988\/revisions"}],"wp:featuredmedia":[{"embeddable":true,"href":"https:\/\/www.altercampagne.net\/index.php?rest_route=\/wp\/v2\/media\/11989"}],"wp:attachment":[{"href":"https:\/\/www.altercampagne.net\/index.php?rest_route=%2Fwp%2Fv2%2Fmedia&parent=11988"}],"wp:term":[{"taxonomy":"category","embeddable":true,"href":"https:\/\/www.altercampagne.net\/index.php?rest_route=%2Fwp%2Fv2%2Fcategories&post=11988"},{"taxonomy":"post_tag","embeddable":true,"href":"https:\/\/www.altercampagne.net\/index.php?rest_route=%2Fwp%2Fv2%2Ftags&post=11988"}],"curies":[{"name":"wp","href":"https:\/\/api.w.org\/{rel}","templated":true}]}}