{"id":11991,"date":"2018-08-22T20:45:02","date_gmt":"2018-08-22T18:45:02","guid":{"rendered":"http:\/\/www.altercampagne.net\/?p=11991"},"modified":"2018-09-03T15:51:50","modified_gmt":"2018-09-03T13:51:50","slug":"laltertour-traverse-lalsace","status":"publish","type":"post","link":"https:\/\/www.altercampagne.net\/?p=11991","title":{"rendered":"L\u2019AlterTour traverse l\u2019Alsace"},"content":{"rendered":"<p>Depuis dix ans, l\u2019AlterTour propose d\u2019aller rencontrer, \u00e0 v\u00e9lo, les acteurs de ce qu\u2019ils nomment la \u00ab transition \u00e9cologique et sociale \u00bb. Cette ann\u00e9e, ils sont partis d\u2019Amiens, dans la Somme, le 14 juillet. Le 15 ao\u00fbt, ils sont arriv\u00e9s \u00e0 Orbey pour passer le reste de leur p\u00e9riple en Alsace. Apr\u00e8s avoir travers\u00e9 le Haut-Rhin, ils atteindront Kolbsheim, leur destination finale, le 24 ao\u00fbt. N\u00e9e d\u2019un collectif d\u2019organismes, AlterCampagne \u00e9tait au d\u00e9part une association mobilis\u00e9e contre les OGM. Ses membres ont eu l\u2019id\u00e9e de faire le tour des initiatives s\u2019opposant au transg\u00e9nique en France. Au fil des rencontres, les participants ont int\u00e9gr\u00e9 un autre aspect \u00e0 leur circuit : celui du social. Ce mardi 21 ao\u00fbt, h\u00e9berg\u00e9s \u00e0 l\u2019\u00e9cole Steiner-Waldorf de Wintzenheim, ils en ont appris davantage sur la p\u00e9dagogie alternative.<\/p>\n<p>\u00ab On prend en compte tous les aspects de notre soci\u00e9t\u00e9, la question \u00e9tant : comment peut-on faire pour \u00eatre plus respectueux de la plan\u00e8te et de l\u2019humain ? Au fur et \u00e0 mesure de nos rencontres avec les acteurs de la transition \u00e9cologique et sociale, on d\u00e9couvre des solutions et on essaie de les faire conna\u00eetre \u00bb, dit Julie Lefort, membre de l\u2019AlterTour.<\/p>\n<p style=\"text-align: right;\"><strong><span class=\"author\">Lola COLLOMBAT<\/span>, <a href=\"https:\/\/c.dna.fr\/loisirs\/2018\/08\/22\/l-altertour-traverse-l-alsace\" target=\"_blank\" rel=\"noopener\">Derni\u00e8res Nouvelles d&rsquo;Alsace<\/a>, le 22\/08\/2018<\/strong><\/p>\n","protected":false},"excerpt":{"rendered":"<p>Depuis dix ans, l\u2019AlterTour propose d\u2019aller rencontrer, \u00e0 v\u00e9lo, les acteurs de ce qu\u2019ils nomment la \u00ab transition \u00e9cologique et sociale \u00bb. Cette ann\u00e9e, ils sont partis d\u2019Amiens, dans la Somme, le 14 juillet. Le 15 ao\u00fbt, ils sont arriv\u00e9s \u00e0 Orbey pour passer le reste de leur p\u00e9riple en &#8230; <\/p>\n<div><a href=\"https:\/\/www.altercampagne.net\/?p=11991\" class=\"more-link\">Read More<\/a><\/div>\n","protected":false},"author":214,"featured_media":11992,"comment_status":"closed","ping_status":"closed","sticky":false,"template":"","format":"standard","meta":{"footnotes":""},"categories":[3475,239,3470],"tags":[3233,3380,3592,3715,3716,3725],"class_list":["post-11991","post","type-post","status-publish","format-standard","has-post-thumbnail","hentry","category-grand-est","category-revue-de-presse","category-edition-2018","tag-bas-rhin","tag-kolbsheim","tag-alsace","tag-dna","tag-dernieres-nouvelles-dalsace","tag-lola-collombat"],"yoast_head":"<!-- This site is optimized with the Yoast SEO plugin v27.3 - https:\/\/yoast.com\/product\/yoast-seo-wordpress\/ -->\n<title>L\u2019AlterTour traverse l\u2019Alsace - AlterTour<\/title>\n<meta name=\"robots\" content=\"index, follow, max-snippet:-1, max-image-preview:large, max-video-preview:-1\" \/>\n<link rel=\"canonical\" href=\"https:\/\/www.altercampagne.net\/?p=11991\" \/>\n<meta property=\"og:locale\" content=\"fr_FR\" \/>\n<meta property=\"og:type\" content=\"article\" \/>\n<meta property=\"og:title\" content=\"L\u2019AlterTour traverse l\u2019Alsace - AlterTour\" \/>\n<meta property=\"og:description\" content=\"Depuis dix ans, l\u2019AlterTour propose d\u2019aller rencontrer, \u00e0 v\u00e9lo, les acteurs de ce qu\u2019ils nomment la \u00ab transition \u00e9cologique et sociale \u00bb. Cette ann\u00e9e, ils sont partis d\u2019Amiens, dans la Somme, le 14 juillet. Le 15 ao\u00fbt, ils sont arriv\u00e9s \u00e0 Orbey pour passer le reste de leur p\u00e9riple en ... Read More\" \/>\n<meta property=\"og:url\" content=\"https:\/\/www.altercampagne.net\/?p=11991\" \/>\n<meta property=\"og:site_name\" content=\"AlterTour\" \/>\n<meta property=\"article:published_time\" content=\"2018-08-22T18:45:02+00:00\" \/>\n<meta property=\"article:modified_time\" content=\"2018-09-03T13:51:50+00:00\" \/>\n<meta property=\"og:image\" content=\"https:\/\/www.altercampagne.net\/wp-content\/uploads\/2018\/09\/AT2018-08-22-l-AlterTour-traverse-l-alsace.jpg\" \/>\n\t<meta property=\"og:image:width\" content=\"860\" \/>\n\t<meta property=\"og:image:height\" content=\"450\" \/>\n\t<meta property=\"og:image:type\" content=\"image\/jpeg\" \/>\n<meta name=\"author\" content=\"Mathieu\" \/>\n<meta name=\"twitter:card\" content=\"summary_large_image\" \/>\n<meta name=\"twitter:label1\" content=\"\u00c9crit par\" \/>\n\t<meta name=\"twitter:data1\" content=\"Mathieu\" \/>\n\t<meta name=\"twitter:label2\" content=\"Dur\u00e9e de lecture estim\u00e9e\" \/>\n\t<meta name=\"twitter:data2\" content=\"1 minute\" \/>\n<script type=\"application\/ld+json\" class=\"yoast-schema-graph\">{\"@context\":\"https:\\\/\\\/schema.org\",\"@graph\":[{\"@type\":\"Article\",\"@id\":\"https:\\\/\\\/www.altercampagne.net\\\/?p=11991#article\",\"isPartOf\":{\"@id\":\"https:\\\/\\\/www.altercampagne.net\\\/?p=11991\"},\"author\":{\"name\":\"Mathieu\",\"@id\":\"https:\\\/\\\/www.altercampagne.net\\\/#\\\/schema\\\/person\\\/0f261460c09e430caa0f9bcffa319109\"},\"headline\":\"L\u2019AlterTour traverse l\u2019Alsace\",\"datePublished\":\"2018-08-22T18:45:02+00:00\",\"dateModified\":\"2018-09-03T13:51:50+00:00\",\"mainEntityOfPage\":{\"@id\":\"https:\\\/\\\/www.altercampagne.net\\\/?p=11991\"},\"wordCount\":225,\"image\":{\"@id\":\"https:\\\/\\\/www.altercampagne.net\\\/?p=11991#primaryimage\"},\"thumbnailUrl\":\"https:\\\/\\\/www.altercampagne.net\\\/wp-content\\\/uploads\\\/2018\\\/09\\\/AT2018-08-22-l-AlterTour-traverse-l-alsace.jpg\",\"keywords\":[\"Bas-Rhin\",\"Kolbsheim\",\"Alsace\",\"DNA\",\"Derni\u00e8res Nouvelles d'Alsace\",\"Lola COLLOMBAT\"],\"articleSection\":[\"Grand Est\",\"Revue de presse\",\"\u00c9dition 2018\"],\"inLanguage\":\"fr-FR\"},{\"@type\":\"WebPage\",\"@id\":\"https:\\\/\\\/www.altercampagne.net\\\/?p=11991\",\"url\":\"https:\\\/\\\/www.altercampagne.net\\\/?p=11991\",\"name\":\"L\u2019AlterTour traverse l\u2019Alsace - AlterTour\",\"isPartOf\":{\"@id\":\"https:\\\/\\\/www.altercampagne.net\\\/#website\"},\"primaryImageOfPage\":{\"@id\":\"https:\\\/\\\/www.altercampagne.net\\\/?p=11991#primaryimage\"},\"image\":{\"@id\":\"https:\\\/\\\/www.altercampagne.net\\\/?p=11991#primaryimage\"},\"thumbnailUrl\":\"https:\\\/\\\/www.altercampagne.net\\\/wp-content\\\/uploads\\\/2018\\\/09\\\/AT2018-08-22-l-AlterTour-traverse-l-alsace.jpg\",\"datePublished\":\"2018-08-22T18:45:02+00:00\",\"dateModified\":\"2018-09-03T13:51:50+00:00\",\"author\":{\"@id\":\"https:\\\/\\\/www.altercampagne.net\\\/#\\\/schema\\\/person\\\/0f261460c09e430caa0f9bcffa319109\"},\"breadcrumb\":{\"@id\":\"https:\\\/\\\/www.altercampagne.net\\\/?p=11991#breadcrumb\"},\"inLanguage\":\"fr-FR\",\"potentialAction\":[{\"@type\":\"ReadAction\",\"target\":[\"https:\\\/\\\/www.altercampagne.net\\\/?p=11991\"]}]},{\"@type\":\"ImageObject\",\"inLanguage\":\"fr-FR\",\"@id\":\"https:\\\/\\\/www.altercampagne.net\\\/?p=11991#primaryimage\",\"url\":\"https:\\\/\\\/www.altercampagne.net\\\/wp-content\\\/uploads\\\/2018\\\/09\\\/AT2018-08-22-l-AlterTour-traverse-l-alsace.jpg\",\"contentUrl\":\"https:\\\/\\\/www.altercampagne.net\\\/wp-content\\\/uploads\\\/2018\\\/09\\\/AT2018-08-22-l-AlterTour-traverse-l-alsace.jpg\",\"width\":860,\"height\":450},{\"@type\":\"BreadcrumbList\",\"@id\":\"https:\\\/\\\/www.altercampagne.net\\\/?p=11991#breadcrumb\",\"itemListElement\":[{\"@type\":\"ListItem\",\"position\":1,\"name\":\"Accueil\",\"item\":\"https:\\\/\\\/www.altercampagne.net\\\/\"},{\"@type\":\"ListItem\",\"position\":2,\"name\":\"L\u2019AlterTour traverse l\u2019Alsace\"}]},{\"@type\":\"WebSite\",\"@id\":\"https:\\\/\\\/www.altercampagne.net\\\/#website\",\"url\":\"https:\\\/\\\/www.altercampagne.net\\\/\",\"name\":\"AlterTour\",\"description\":\"Reliez les Alternatives \u00e0 v\u00e9lo\",\"potentialAction\":[{\"@type\":\"SearchAction\",\"target\":{\"@type\":\"EntryPoint\",\"urlTemplate\":\"https:\\\/\\\/www.altercampagne.net\\\/?s={search_term_string}\"},\"query-input\":{\"@type\":\"PropertyValueSpecification\",\"valueRequired\":true,\"valueName\":\"search_term_string\"}}],\"inLanguage\":\"fr-FR\"},{\"@type\":\"Person\",\"@id\":\"https:\\\/\\\/www.altercampagne.net\\\/#\\\/schema\\\/person\\\/0f261460c09e430caa0f9bcffa319109\",\"name\":\"Mathieu\",\"image\":{\"@type\":\"ImageObject\",\"inLanguage\":\"fr-FR\",\"@id\":\"https:\\\/\\\/secure.gravatar.com\\\/avatar\\\/aa9d3d24c83f2141e5e2709d0f63d09a99f6be6bb7a50abc4915838d9f54501a?s=96&d=mm&r=g\",\"url\":\"https:\\\/\\\/secure.gravatar.com\\\/avatar\\\/aa9d3d24c83f2141e5e2709d0f63d09a99f6be6bb7a50abc4915838d9f54501a?s=96&d=mm&r=g\",\"contentUrl\":\"https:\\\/\\\/secure.gravatar.com\\\/avatar\\\/aa9d3d24c83f2141e5e2709d0f63d09a99f6be6bb7a50abc4915838d9f54501a?s=96&d=mm&r=g\",\"caption\":\"Mathieu\"},\"url\":\"https:\\\/\\\/www.altercampagne.net\\\/?author=214\"}]}<\/script>\n<!-- \/ Yoast SEO plugin. -->","yoast_head_json":{"title":"L\u2019AlterTour traverse l\u2019Alsace - AlterTour","robots":{"index":"index","follow":"follow","max-snippet":"max-snippet:-1","max-image-preview":"max-image-preview:large","max-video-preview":"max-video-preview:-1"},"canonical":"https:\/\/www.altercampagne.net\/?p=11991","og_locale":"fr_FR","og_type":"article","og_title":"L\u2019AlterTour traverse l\u2019Alsace - AlterTour","og_description":"Depuis dix ans, l\u2019AlterTour propose d\u2019aller rencontrer, \u00e0 v\u00e9lo, les acteurs de ce qu\u2019ils nomment la \u00ab transition \u00e9cologique et sociale \u00bb. Cette ann\u00e9e, ils sont partis d\u2019Amiens, dans la Somme, le 14 juillet. Le 15 ao\u00fbt, ils sont arriv\u00e9s \u00e0 Orbey pour passer le reste de leur p\u00e9riple en ... Read More","og_url":"https:\/\/www.altercampagne.net\/?p=11991","og_site_name":"AlterTour","article_published_time":"2018-08-22T18:45:02+00:00","article_modified_time":"2018-09-03T13:51:50+00:00","og_image":[{"width":860,"height":450,"url":"https:\/\/www.altercampagne.net\/wp-content\/uploads\/2018\/09\/AT2018-08-22-l-AlterTour-traverse-l-alsace.jpg","type":"image\/jpeg"}],"author":"Mathieu","twitter_card":"summary_large_image","twitter_misc":{"\u00c9crit par":"Mathieu","Dur\u00e9e de lecture estim\u00e9e":"1 minute"},"schema":{"@context":"https:\/\/schema.org","@graph":[{"@type":"Article","@id":"https:\/\/www.altercampagne.net\/?p=11991#article","isPartOf":{"@id":"https:\/\/www.altercampagne.net\/?p=11991"},"author":{"name":"Mathieu","@id":"https:\/\/www.altercampagne.net\/#\/schema\/person\/0f261460c09e430caa0f9bcffa319109"},"headline":"L\u2019AlterTour traverse l\u2019Alsace","datePublished":"2018-08-22T18:45:02+00:00","dateModified":"2018-09-03T13:51:50+00:00","mainEntityOfPage":{"@id":"https:\/\/www.altercampagne.net\/?p=11991"},"wordCount":225,"image":{"@id":"https:\/\/www.altercampagne.net\/?p=11991#primaryimage"},"thumbnailUrl":"https:\/\/www.altercampagne.net\/wp-content\/uploads\/2018\/09\/AT2018-08-22-l-AlterTour-traverse-l-alsace.jpg","keywords":["Bas-Rhin","Kolbsheim","Alsace","DNA","Derni\u00e8res Nouvelles d'Alsace","Lola COLLOMBAT"],"articleSection":["Grand Est","Revue de presse","\u00c9dition 2018"],"inLanguage":"fr-FR"},{"@type":"WebPage","@id":"https:\/\/www.altercampagne.net\/?p=11991","url":"https:\/\/www.altercampagne.net\/?p=11991","name":"L\u2019AlterTour traverse l\u2019Alsace - AlterTour","isPartOf":{"@id":"https:\/\/www.altercampagne.net\/#website"},"primaryImageOfPage":{"@id":"https:\/\/www.altercampagne.net\/?p=11991#primaryimage"},"image":{"@id":"https:\/\/www.altercampagne.net\/?p=11991#primaryimage"},"thumbnailUrl":"https:\/\/www.altercampagne.net\/wp-content\/uploads\/2018\/09\/AT2018-08-22-l-AlterTour-traverse-l-alsace.jpg","datePublished":"2018-08-22T18:45:02+00:00","dateModified":"2018-09-03T13:51:50+00:00","author":{"@id":"https:\/\/www.altercampagne.net\/#\/schema\/person\/0f261460c09e430caa0f9bcffa319109"},"breadcrumb":{"@id":"https:\/\/www.altercampagne.net\/?p=11991#breadcrumb"},"inLanguage":"fr-FR","potentialAction":[{"@type":"ReadAction","target":["https:\/\/www.altercampagne.net\/?p=11991"]}]},{"@type":"ImageObject","inLanguage":"fr-FR","@id":"https:\/\/www.altercampagne.net\/?p=11991#primaryimage","url":"https:\/\/www.altercampagne.net\/wp-content\/uploads\/2018\/09\/AT2018-08-22-l-AlterTour-traverse-l-alsace.jpg","contentUrl":"https:\/\/www.altercampagne.net\/wp-content\/uploads\/2018\/09\/AT2018-08-22-l-AlterTour-traverse-l-alsace.jpg","width":860,"height":450},{"@type":"BreadcrumbList","@id":"https:\/\/www.altercampagne.net\/?p=11991#breadcrumb","itemListElement":[{"@type":"ListItem","position":1,"name":"Accueil","item":"https:\/\/www.altercampagne.net\/"},{"@type":"ListItem","position":2,"name":"L\u2019AlterTour traverse l\u2019Alsace"}]},{"@type":"WebSite","@id":"https:\/\/www.altercampagne.net\/#website","url":"https:\/\/www.altercampagne.net\/","name":"AlterTour","description":"Reliez les Alternatives \u00e0 v\u00e9lo","potentialAction":[{"@type":"SearchAction","target":{"@type":"EntryPoint","urlTemplate":"https:\/\/www.altercampagne.net\/?s={search_term_string}"},"query-input":{"@type":"PropertyValueSpecification","valueRequired":true,"valueName":"search_term_string"}}],"inLanguage":"fr-FR"},{"@type":"Person","@id":"https:\/\/www.altercampagne.net\/#\/schema\/person\/0f261460c09e430caa0f9bcffa319109","name":"Mathieu","image":{"@type":"ImageObject","inLanguage":"fr-FR","@id":"https:\/\/secure.gravatar.com\/avatar\/aa9d3d24c83f2141e5e2709d0f63d09a99f6be6bb7a50abc4915838d9f54501a?s=96&d=mm&r=g","url":"https:\/\/secure.gravatar.com\/avatar\/aa9d3d24c83f2141e5e2709d0f63d09a99f6be6bb7a50abc4915838d9f54501a?s=96&d=mm&r=g","contentUrl":"https:\/\/secure.gravatar.com\/avatar\/aa9d3d24c83f2141e5e2709d0f63d09a99f6be6bb7a50abc4915838d9f54501a?s=96&d=mm&r=g","caption":"Mathieu"},"url":"https:\/\/www.altercampagne.net\/?author=214"}]}},"_links":{"self":[{"href":"https:\/\/www.altercampagne.net\/index.php?rest_route=\/wp\/v2\/posts\/11991","targetHints":{"allow":["GET"]}}],"collection":[{"href":"https:\/\/www.altercampagne.net\/index.php?rest_route=\/wp\/v2\/posts"}],"about":[{"href":"https:\/\/www.altercampagne.net\/index.php?rest_route=\/wp\/v2\/types\/post"}],"author":[{"embeddable":true,"href":"https:\/\/www.altercampagne.net\/index.php?rest_route=\/wp\/v2\/users\/214"}],"replies":[{"embeddable":true,"href":"https:\/\/www.altercampagne.net\/index.php?rest_route=%2Fwp%2Fv2%2Fcomments&post=11991"}],"version-history":[{"count":0,"href":"https:\/\/www.altercampagne.net\/index.php?rest_route=\/wp\/v2\/posts\/11991\/revisions"}],"wp:featuredmedia":[{"embeddable":true,"href":"https:\/\/www.altercampagne.net\/index.php?rest_route=\/wp\/v2\/media\/11992"}],"wp:attachment":[{"href":"https:\/\/www.altercampagne.net\/index.php?rest_route=%2Fwp%2Fv2%2Fmedia&parent=11991"}],"wp:term":[{"taxonomy":"category","embeddable":true,"href":"https:\/\/www.altercampagne.net\/index.php?rest_route=%2Fwp%2Fv2%2Fcategories&post=11991"},{"taxonomy":"post_tag","embeddable":true,"href":"https:\/\/www.altercampagne.net\/index.php?rest_route=%2Fwp%2Fv2%2Ftags&post=11991"}],"curies":[{"name":"wp","href":"https:\/\/api.w.org\/{rel}","templated":true}]}}