{"id":12006,"date":"2018-08-21T20:26:44","date_gmt":"2018-08-21T18:26:44","guid":{"rendered":"http:\/\/www.altercampagne.net\/?p=12006"},"modified":"2018-09-05T13:03:39","modified_gmt":"2018-09-05T11:03:39","slug":"bishnoi-a-velo-vers-la-transition","status":"publish","type":"post","link":"https:\/\/www.altercampagne.net\/?p=12006","title":{"rendered":"Bishno\u00ef : \u00e0 v\u00e9lo vers la transition"},"content":{"rendered":"<div class=\"richContentComponent textComponent\">\n<p class=\"accroche\"><strong>La R\u00e9serve du Bishno\u00ef organise vendredi et samedi la 3e \u00a0\u00e9dition de son festival militant, \u00e0 Ernolsheim-Bruche. Toujours contre le GCO, plac\u00e9e \u00e0 l\u2019arriv\u00e9e d\u2019un tour cycliste alternatif, l\u2019association pense \u00e0 l\u2019apr\u00e8s et se mobilise pour la transition soci\u00e9tale.<\/strong><\/p>\n<p>Le Bishno\u00ef (*) avait sem\u00e9 avec l\u2019\u00e9t\u00e9, il doit maintenant faire germer. Et pour cela va manier l\u2019arrosoir un jour et demi durant. On parle ici de la petite graine du grand projet d\u2019un vivre autrement\u2026<\/p>\n<p>D\u00e9but juillet, ce fakir indien moustachu et enturbann\u00e9, r\u00e9incarn\u00e9 localement en habitant d\u2019Ernolsheim anti-GCO, avait en effet retrouv\u00e9 ses condisciples devant la projection de Qu\u2019est-ce qu\u2019on attend\u00a0? de Marie-Monique Robin. Le documentaire retrace la d\u00e9marche du village haut-rhinois d\u2019Ungersheim, qui s\u2019est lanc\u00e9 dans la transition \u00e9cologique.<\/p>\n<h5 class=\"rel\">\u00ab\u00a0Sortir de l\u2019opposition\u00a0\u00bb<\/h5>\n<p>S\u2019il ne s\u2019agit pas \u00e0 proprement parler de dupliquer l\u2019exp\u00e9rience, la cinquantaine de membres \u2013 dont une dizaine tr\u00e8s actifs \u2013 regarde par-dessus le pont du Grand contournement ouest\u00a0: au-del\u00e0 du dossier d\u2019A355, ils veulent vivre autrement, et \u00ab\u00a0sortir de l\u2019opposition\u00a0\u00bb pour \u00ab\u00a0\u00eatre dans la construction\u00a0\u00bb. Et profiter du festival pour en parler.<\/p>\n<p>L\u2019\u00e9dition de cette ann\u00e9e, la troisi\u00e8me cons\u00e9cutive, s\u2019est cal\u00e9e sur l\u2019arriv\u00e9e de l\u2019AlterTour 2018 (raison pour laquelle la date a gliss\u00e9 du printemps \u00e0 l\u2019\u00e9t\u00e9). Partie mi-juillet d\u2019Amiens, cette manifestation cycliste itin\u00e9rante rallie des alternatives et des lieux de r\u00e9sistance.<\/p>\n<p>Ernolsheim-Bruche en est l\u2019\u00e9tape finale, parce qu\u2019elle est voisine de Kolbsheim et de\u2026 sa Zad. Car depuis le rendez-vous #2, la lutte antiGCO a accouch\u00e9 d\u2019une Zone \u00e0 d\u00e9fendre, v\u00e9cu avec elle deux grosses anicroches parmi de multiples rebondissements\u00a0: en septembre et mars, les machines de Vinci (ou travaillant pour) qui d\u00e9barquent\u00a0; tout au long de l\u2019ann\u00e9e, des avis n\u00e9gatifs des autorit\u00e9s environnementales, des prises de positions politiques, un proc\u00e8s pour des Zadistes\u2026<\/p>\n<p>Somme d\u2019actualit\u00e9s qui ont sorti le troisi\u00e8me raout de sa \u00ab\u00a0r\u00e9serve\u00a0\u00bb de Kolbsheim, entre la maison \u00e9clusi\u00e8re et le moulin, friche mordant d\u00e9j\u00e0 sur le ban d\u2019Ernolsheim-Bruche, vers lequel il d\u00e9m\u00e9nage cette ann\u00e9e. Les autorit\u00e9s se sont plus que jamais assur\u00e9es que la s\u00e9curit\u00e9 serait en place. Rappelons-le, depuis le 20\u00a0juin l\u2019enclave des opposants est expulsable et les travaux pr\u00e9paratoires de d\u00e9boisement seront \u00e0 nouveau autoris\u00e9s du 1<span class=\"exposant\">er<\/span> \u00a0septembre au 15\u00a0octobre.<\/p>\n<p>La sous-pr\u00e9fecture a re\u00e7u Guillaume Bourlier, organisateur en chef aux c\u00f4t\u00e9s \u2013 \u00e0 l\u2019instar des autres fois \u2013 des associations Qualit\u00e9 de vie de Duppigheim (Monique Mebs) et Duttlenheim (Sylvain Metz). Et si la municipalit\u00e9 tenait auparavant \u00e0 se d\u00e9marquer, et n\u2019y \u00eatre associ\u00e9e ni de pr\u00e8s ni de loin, cette ann\u00e9e, elle a accept\u00e9 de mettre \u00e0 disposition un point d\u2019eau et de la main-d\u2019\u0153uvre communale.<\/p>\n<p>Bien s\u00fbr, la cause originelle de ce festival Bishno\u00ef \u2013 la lutte antiGCO et la f\u00e9d\u00e9ration de ses divers mouvements locaux, ruraux et urbains \u2013 demeure et tiendra stand. L\u2019un parmi la trentaine, rang\u00e9e en quatre carrefours\u00a0: \u00ab\u00a0V\u00e9lo\u00a0\u00bb (V\u00e9lorution, Bretz\u2019selle, AlterTour, Alternatiba\u2026), \u00ab\u00a0Grands projets inutiles ou impos\u00e9s\u00a0\u00bb (Stop Fessenheim, Bure, Conf\u00e9d\u00e9ration paysanne, Stuttgart 21, A45\u2026)\u00a0; \u00ab\u00a0Associations environnementales\u00a0\u00bb (Alsace nature, LPO, \u00e9glise protestante, apicultrice \u2013 vendredi uniquement \u2013\u2026); \u00abConsommation et d\u00e9chets\u00a0\u00bb (EurOasis, St\u00fcck, Amap de Pfettisheim, compostage, Do it yourself, vente en vrac, poulailler\u2026).<\/p>\n<p>Les visiteurs, apr\u00e8s s\u2019\u00eatre vus [ironiquement] remettre un ticket de p\u00e9age, h\u00f4tel \u00e0 insectes en tombola \u00e0 la cl\u00e9, seront invit\u00e9s \u00e0 emprunter le \u00ab\u00a0Chemin de la Transition\u00a0\u00bb. Plut\u00f4t que l\u2019\u00ab\u00a0Impasse Robert-Herrmann\u00a0\u00bb [du nom du pr\u00e9sident de l\u2019Eurom\u00e9tropole, pro GCO], dont la non-issue sera signal\u00e9e par la benne \u00e0 ordures du festival. Au bout du Chemin, par contre, un caf\u00e9 associatif, du moins une esquisse de celui dont r\u00eave pour son village Guillaume Bourlier. \u00ab\u00a0Un endroit o\u00f9 l\u2019on se rencontre, pour discuter et \u00e9changer sur le \u2018\u2018comment changer les choses\u2019\u2019, \u00e0 son \u00e9chelle.\u00a0\u00bb<\/p>\n<\/div>\n<div class=\"richContentComponent textComponent\">\n<h4>Au niveau local<\/h4>\n<p>\u00ab\u00a0L\u2019id\u00e9e, c\u2019est d\u2019\u00eatre positif\u00a0\u00bb, explique le chef des Bishno\u00efs, pour le festival et la suite. La R\u00e9serve va tenir AG \u00e0 l\u2019automne et modifier ses statuts en cons\u00e9quence. \u00ab\u00a0On veut d\u00e9passer la simple d\u00e9nonciation de ce qui ne tourne pas rond sur notre plan\u00e8te, et pour cela il faut se prendre en main au niveau local. Il ne faut pas attendre que \u00e7a vienne d\u2019en-haut\u00a0! Le GCO n\u2019est qu\u2019une partie du probl\u00e8me, notre soci\u00e9t\u00e9 consomme trop, produit trop d\u2019emballages, utilise trop de voitures\u2026\u00a0\u00bb En t\u00eate\u00a0: deux d\u00e9fis, l\u2019un \u00ab\u00a0z\u00e9ro d\u00e9chet\u00a0\u00bb (avec le soutien des deux communes Ernolsheim-Bruche et Kolbsheim), l\u2019autre \u00ab\u00a0z\u00e9ro kilom\u00e8tre\u00a0\u00bb.<\/p>\n<p>L\u2019ambiance, \u00e0 l\u2019instar des deux pr\u00e9c\u00e9dentes manifestations, se veut familiale et festive. Des concerts, des projections de documentaires, ainsi que des visites naturalistes, sont pr\u00e9vus tout au fil de la soir\u00e9e puis journ\u00e9e. Coup d\u2019envoi vendredi \u00e0 16\u00a0h\u00a030, puis retrouvailles samedi \u00e0 midi.<\/p>\n<p>L\u2019AlterTour est annonc\u00e9 pour 17\u00a0h, pass\u00e9 la veille par la Maison Mimir (\u00ab\u00a0espace social autog\u00e9r\u00e9\u00a0\u00bb de Strasbourg) et parti le jour m\u00eame du Mus\u00e9e d\u2019art moderne et contemporain de Strasbourg \u00e0 14\u00a0h\u00a030. Devrait lui succ\u00e9der celui de la tr\u00e8s engag\u00e9e Claire Chevrier, ancienne Zadiste, partie lundi \u00e0 cheval d\u2019Obersteinbach avec un petit groupe de cavaliers.<\/p>\n<p>Question affluence, l\u2019organisation vise une fr\u00e9quentation similaire \u00e0 celle de l\u2019an pass\u00e9\u00a0: 2\u00a0000 visiteurs sur les deux jours. Et attend des militants, mais pas que\u2026 \u00ab\u00a0Quand on pense \u2018\u2018changement\u2019\u2019, on se sent seul. Il faut f\u00e9d\u00e9rer les \u00e9nergies. On est dans l\u2019esprit de responsabilisation, de reprise en main\u00a0\u00bb, r\u00e9p\u00e8te Guillaume Bourlier. L\u2019\u00e9dition derni\u00e8re, le nombre de stands avait doubl\u00e9. Cette fois, une petite centaine de b\u00e9n\u00e9voles de la communaut\u00e9 des Bishno\u00efs sera sur le pont. Auxquels se joindront les guiboles de l\u2019AlterTour, apr\u00e8s celles de sa cons\u0153ur Alternatiba quinze jours plus t\u00f4t. Le Bishno\u00ef entretient bien sa plante.<\/p>\n<p style=\"text-align: right;\"><strong>N.S, <a href=\"https:\/\/c.dna.fr\/edition-de-molsheim-schirmeck\/2018\/08\/22\/a-velo-vers-la-transition\" target=\"_blank\" rel=\"noopener\">Derni\u00e8res Nouvelles d&rsquo;Alsace<\/a>, le 21\/08\/2018<\/strong><\/p>\n<\/div>\n","protected":false},"excerpt":{"rendered":"<p>La R\u00e9serve du Bishno\u00ef organise vendredi et samedi la 3e \u00a0\u00e9dition de son festival militant, \u00e0 Ernolsheim-Bruche. Toujours contre le GCO, plac\u00e9e \u00e0 l\u2019arriv\u00e9e d\u2019un tour cycliste alternatif, l\u2019association pense \u00e0 l\u2019apr\u00e8s et se mobilise pour la transition soci\u00e9tale. Le Bishno\u00ef (*) avait sem\u00e9 avec l\u2019\u00e9t\u00e9, il doit maintenant faire &#8230; <\/p>\n<div><a href=\"https:\/\/www.altercampagne.net\/?p=12006\" class=\"more-link\">Read More<\/a><\/div>\n","protected":false},"author":214,"featured_media":12007,"comment_status":"closed","ping_status":"closed","sticky":false,"template":"","format":"standard","meta":{"footnotes":""},"categories":[3475,239,3470,3542],"tags":[3233,3380,3592,3715,3716,3719,3722,3723],"class_list":["post-12006","post","type-post","status-publish","format-standard","has-post-thumbnail","hentry","category-grand-est","category-revue-de-presse","category-edition-2018","category-lutte","tag-bas-rhin","tag-kolbsheim","tag-alsace","tag-dna","tag-dernieres-nouvelles-dalsace","tag-ernolsheim-bruche","tag-gco","tag-reserve-du-bishnoi"],"yoast_head":"<!-- This site is optimized with the Yoast SEO plugin v27.3 - https:\/\/yoast.com\/product\/yoast-seo-wordpress\/ -->\n<title>Bishno\u00ef : \u00e0 v\u00e9lo vers la transition - AlterTour<\/title>\n<meta name=\"robots\" content=\"index, follow, max-snippet:-1, max-image-preview:large, max-video-preview:-1\" \/>\n<link rel=\"canonical\" href=\"https:\/\/www.altercampagne.net\/?p=12006\" \/>\n<meta property=\"og:locale\" content=\"fr_FR\" \/>\n<meta property=\"og:type\" content=\"article\" \/>\n<meta property=\"og:title\" content=\"Bishno\u00ef : \u00e0 v\u00e9lo vers la transition - AlterTour\" \/>\n<meta property=\"og:description\" content=\"La R\u00e9serve du Bishno\u00ef organise vendredi et samedi la 3e \u00a0\u00e9dition de son festival militant, \u00e0 Ernolsheim-Bruche. Toujours contre le GCO, plac\u00e9e \u00e0 l\u2019arriv\u00e9e d\u2019un tour cycliste alternatif, l\u2019association pense \u00e0 l\u2019apr\u00e8s et se mobilise pour la transition soci\u00e9tale. Le Bishno\u00ef (*) avait sem\u00e9 avec l\u2019\u00e9t\u00e9, il doit maintenant faire ... Read More\" \/>\n<meta property=\"og:url\" content=\"https:\/\/www.altercampagne.net\/?p=12006\" \/>\n<meta property=\"og:site_name\" content=\"AlterTour\" \/>\n<meta property=\"article:published_time\" content=\"2018-08-21T18:26:44+00:00\" \/>\n<meta property=\"article:modified_time\" content=\"2018-09-05T11:03:39+00:00\" \/>\n<meta property=\"og:image\" content=\"https:\/\/www.altercampagne.net\/wp-content\/uploads\/2018\/09\/AT2018-08-21-Bishnoi.jpg\" \/>\n\t<meta property=\"og:image:width\" content=\"860\" \/>\n\t<meta property=\"og:image:height\" content=\"450\" \/>\n\t<meta property=\"og:image:type\" content=\"image\/jpeg\" \/>\n<meta name=\"author\" content=\"Mathieu\" \/>\n<meta name=\"twitter:card\" content=\"summary_large_image\" \/>\n<meta name=\"twitter:label1\" content=\"\u00c9crit par\" \/>\n\t<meta name=\"twitter:data1\" content=\"Mathieu\" \/>\n\t<meta name=\"twitter:label2\" content=\"Dur\u00e9e de lecture estim\u00e9e\" \/>\n\t<meta name=\"twitter:data2\" content=\"5 minutes\" \/>\n<script type=\"application\/ld+json\" class=\"yoast-schema-graph\">{\"@context\":\"https:\\\/\\\/schema.org\",\"@graph\":[{\"@type\":\"Article\",\"@id\":\"https:\\\/\\\/www.altercampagne.net\\\/?p=12006#article\",\"isPartOf\":{\"@id\":\"https:\\\/\\\/www.altercampagne.net\\\/?p=12006\"},\"author\":{\"name\":\"Mathieu\",\"@id\":\"https:\\\/\\\/www.altercampagne.net\\\/#\\\/schema\\\/person\\\/0f261460c09e430caa0f9bcffa319109\"},\"headline\":\"Bishno\u00ef : \u00e0 v\u00e9lo vers la transition\",\"datePublished\":\"2018-08-21T18:26:44+00:00\",\"dateModified\":\"2018-09-05T11:03:39+00:00\",\"mainEntityOfPage\":{\"@id\":\"https:\\\/\\\/www.altercampagne.net\\\/?p=12006\"},\"wordCount\":1050,\"image\":{\"@id\":\"https:\\\/\\\/www.altercampagne.net\\\/?p=12006#primaryimage\"},\"thumbnailUrl\":\"https:\\\/\\\/www.altercampagne.net\\\/wp-content\\\/uploads\\\/2018\\\/09\\\/AT2018-08-21-Bishnoi.jpg\",\"keywords\":[\"Bas-Rhin\",\"Kolbsheim\",\"Alsace\",\"DNA\",\"Derni\u00e8res Nouvelles d'Alsace\",\"Ernolsheim-Bruche\",\"GCO\",\"R\u00e9serve du Bishno\u00ef\"],\"articleSection\":[\"Grand Est\",\"Revue de presse\",\"\u00c9dition 2018\",\"Lutte\"],\"inLanguage\":\"fr-FR\"},{\"@type\":\"WebPage\",\"@id\":\"https:\\\/\\\/www.altercampagne.net\\\/?p=12006\",\"url\":\"https:\\\/\\\/www.altercampagne.net\\\/?p=12006\",\"name\":\"Bishno\u00ef : \u00e0 v\u00e9lo vers la transition - AlterTour\",\"isPartOf\":{\"@id\":\"https:\\\/\\\/www.altercampagne.net\\\/#website\"},\"primaryImageOfPage\":{\"@id\":\"https:\\\/\\\/www.altercampagne.net\\\/?p=12006#primaryimage\"},\"image\":{\"@id\":\"https:\\\/\\\/www.altercampagne.net\\\/?p=12006#primaryimage\"},\"thumbnailUrl\":\"https:\\\/\\\/www.altercampagne.net\\\/wp-content\\\/uploads\\\/2018\\\/09\\\/AT2018-08-21-Bishnoi.jpg\",\"datePublished\":\"2018-08-21T18:26:44+00:00\",\"dateModified\":\"2018-09-05T11:03:39+00:00\",\"author\":{\"@id\":\"https:\\\/\\\/www.altercampagne.net\\\/#\\\/schema\\\/person\\\/0f261460c09e430caa0f9bcffa319109\"},\"breadcrumb\":{\"@id\":\"https:\\\/\\\/www.altercampagne.net\\\/?p=12006#breadcrumb\"},\"inLanguage\":\"fr-FR\",\"potentialAction\":[{\"@type\":\"ReadAction\",\"target\":[\"https:\\\/\\\/www.altercampagne.net\\\/?p=12006\"]}]},{\"@type\":\"ImageObject\",\"inLanguage\":\"fr-FR\",\"@id\":\"https:\\\/\\\/www.altercampagne.net\\\/?p=12006#primaryimage\",\"url\":\"https:\\\/\\\/www.altercampagne.net\\\/wp-content\\\/uploads\\\/2018\\\/09\\\/AT2018-08-21-Bishnoi.jpg\",\"contentUrl\":\"https:\\\/\\\/www.altercampagne.net\\\/wp-content\\\/uploads\\\/2018\\\/09\\\/AT2018-08-21-Bishnoi.jpg\",\"width\":860,\"height\":450},{\"@type\":\"BreadcrumbList\",\"@id\":\"https:\\\/\\\/www.altercampagne.net\\\/?p=12006#breadcrumb\",\"itemListElement\":[{\"@type\":\"ListItem\",\"position\":1,\"name\":\"Accueil\",\"item\":\"https:\\\/\\\/www.altercampagne.net\\\/\"},{\"@type\":\"ListItem\",\"position\":2,\"name\":\"Bishno\u00ef : \u00e0 v\u00e9lo vers la transition\"}]},{\"@type\":\"WebSite\",\"@id\":\"https:\\\/\\\/www.altercampagne.net\\\/#website\",\"url\":\"https:\\\/\\\/www.altercampagne.net\\\/\",\"name\":\"AlterTour\",\"description\":\"Reliez les Alternatives \u00e0 v\u00e9lo\",\"potentialAction\":[{\"@type\":\"SearchAction\",\"target\":{\"@type\":\"EntryPoint\",\"urlTemplate\":\"https:\\\/\\\/www.altercampagne.net\\\/?s={search_term_string}\"},\"query-input\":{\"@type\":\"PropertyValueSpecification\",\"valueRequired\":true,\"valueName\":\"search_term_string\"}}],\"inLanguage\":\"fr-FR\"},{\"@type\":\"Person\",\"@id\":\"https:\\\/\\\/www.altercampagne.net\\\/#\\\/schema\\\/person\\\/0f261460c09e430caa0f9bcffa319109\",\"name\":\"Mathieu\",\"image\":{\"@type\":\"ImageObject\",\"inLanguage\":\"fr-FR\",\"@id\":\"https:\\\/\\\/secure.gravatar.com\\\/avatar\\\/aa9d3d24c83f2141e5e2709d0f63d09a99f6be6bb7a50abc4915838d9f54501a?s=96&d=mm&r=g\",\"url\":\"https:\\\/\\\/secure.gravatar.com\\\/avatar\\\/aa9d3d24c83f2141e5e2709d0f63d09a99f6be6bb7a50abc4915838d9f54501a?s=96&d=mm&r=g\",\"contentUrl\":\"https:\\\/\\\/secure.gravatar.com\\\/avatar\\\/aa9d3d24c83f2141e5e2709d0f63d09a99f6be6bb7a50abc4915838d9f54501a?s=96&d=mm&r=g\",\"caption\":\"Mathieu\"},\"url\":\"https:\\\/\\\/www.altercampagne.net\\\/?author=214\"}]}<\/script>\n<!-- \/ Yoast SEO plugin. -->","yoast_head_json":{"title":"Bishno\u00ef : \u00e0 v\u00e9lo vers la transition - AlterTour","robots":{"index":"index","follow":"follow","max-snippet":"max-snippet:-1","max-image-preview":"max-image-preview:large","max-video-preview":"max-video-preview:-1"},"canonical":"https:\/\/www.altercampagne.net\/?p=12006","og_locale":"fr_FR","og_type":"article","og_title":"Bishno\u00ef : \u00e0 v\u00e9lo vers la transition - AlterTour","og_description":"La R\u00e9serve du Bishno\u00ef organise vendredi et samedi la 3e \u00a0\u00e9dition de son festival militant, \u00e0 Ernolsheim-Bruche. Toujours contre le GCO, plac\u00e9e \u00e0 l\u2019arriv\u00e9e d\u2019un tour cycliste alternatif, l\u2019association pense \u00e0 l\u2019apr\u00e8s et se mobilise pour la transition soci\u00e9tale. Le Bishno\u00ef (*) avait sem\u00e9 avec l\u2019\u00e9t\u00e9, il doit maintenant faire ... Read More","og_url":"https:\/\/www.altercampagne.net\/?p=12006","og_site_name":"AlterTour","article_published_time":"2018-08-21T18:26:44+00:00","article_modified_time":"2018-09-05T11:03:39+00:00","og_image":[{"width":860,"height":450,"url":"https:\/\/www.altercampagne.net\/wp-content\/uploads\/2018\/09\/AT2018-08-21-Bishnoi.jpg","type":"image\/jpeg"}],"author":"Mathieu","twitter_card":"summary_large_image","twitter_misc":{"\u00c9crit par":"Mathieu","Dur\u00e9e de lecture estim\u00e9e":"5 minutes"},"schema":{"@context":"https:\/\/schema.org","@graph":[{"@type":"Article","@id":"https:\/\/www.altercampagne.net\/?p=12006#article","isPartOf":{"@id":"https:\/\/www.altercampagne.net\/?p=12006"},"author":{"name":"Mathieu","@id":"https:\/\/www.altercampagne.net\/#\/schema\/person\/0f261460c09e430caa0f9bcffa319109"},"headline":"Bishno\u00ef : \u00e0 v\u00e9lo vers la transition","datePublished":"2018-08-21T18:26:44+00:00","dateModified":"2018-09-05T11:03:39+00:00","mainEntityOfPage":{"@id":"https:\/\/www.altercampagne.net\/?p=12006"},"wordCount":1050,"image":{"@id":"https:\/\/www.altercampagne.net\/?p=12006#primaryimage"},"thumbnailUrl":"https:\/\/www.altercampagne.net\/wp-content\/uploads\/2018\/09\/AT2018-08-21-Bishnoi.jpg","keywords":["Bas-Rhin","Kolbsheim","Alsace","DNA","Derni\u00e8res Nouvelles d'Alsace","Ernolsheim-Bruche","GCO","R\u00e9serve du Bishno\u00ef"],"articleSection":["Grand Est","Revue de presse","\u00c9dition 2018","Lutte"],"inLanguage":"fr-FR"},{"@type":"WebPage","@id":"https:\/\/www.altercampagne.net\/?p=12006","url":"https:\/\/www.altercampagne.net\/?p=12006","name":"Bishno\u00ef : \u00e0 v\u00e9lo vers la transition - AlterTour","isPartOf":{"@id":"https:\/\/www.altercampagne.net\/#website"},"primaryImageOfPage":{"@id":"https:\/\/www.altercampagne.net\/?p=12006#primaryimage"},"image":{"@id":"https:\/\/www.altercampagne.net\/?p=12006#primaryimage"},"thumbnailUrl":"https:\/\/www.altercampagne.net\/wp-content\/uploads\/2018\/09\/AT2018-08-21-Bishnoi.jpg","datePublished":"2018-08-21T18:26:44+00:00","dateModified":"2018-09-05T11:03:39+00:00","author":{"@id":"https:\/\/www.altercampagne.net\/#\/schema\/person\/0f261460c09e430caa0f9bcffa319109"},"breadcrumb":{"@id":"https:\/\/www.altercampagne.net\/?p=12006#breadcrumb"},"inLanguage":"fr-FR","potentialAction":[{"@type":"ReadAction","target":["https:\/\/www.altercampagne.net\/?p=12006"]}]},{"@type":"ImageObject","inLanguage":"fr-FR","@id":"https:\/\/www.altercampagne.net\/?p=12006#primaryimage","url":"https:\/\/www.altercampagne.net\/wp-content\/uploads\/2018\/09\/AT2018-08-21-Bishnoi.jpg","contentUrl":"https:\/\/www.altercampagne.net\/wp-content\/uploads\/2018\/09\/AT2018-08-21-Bishnoi.jpg","width":860,"height":450},{"@type":"BreadcrumbList","@id":"https:\/\/www.altercampagne.net\/?p=12006#breadcrumb","itemListElement":[{"@type":"ListItem","position":1,"name":"Accueil","item":"https:\/\/www.altercampagne.net\/"},{"@type":"ListItem","position":2,"name":"Bishno\u00ef : \u00e0 v\u00e9lo vers la transition"}]},{"@type":"WebSite","@id":"https:\/\/www.altercampagne.net\/#website","url":"https:\/\/www.altercampagne.net\/","name":"AlterTour","description":"Reliez les Alternatives \u00e0 v\u00e9lo","potentialAction":[{"@type":"SearchAction","target":{"@type":"EntryPoint","urlTemplate":"https:\/\/www.altercampagne.net\/?s={search_term_string}"},"query-input":{"@type":"PropertyValueSpecification","valueRequired":true,"valueName":"search_term_string"}}],"inLanguage":"fr-FR"},{"@type":"Person","@id":"https:\/\/www.altercampagne.net\/#\/schema\/person\/0f261460c09e430caa0f9bcffa319109","name":"Mathieu","image":{"@type":"ImageObject","inLanguage":"fr-FR","@id":"https:\/\/secure.gravatar.com\/avatar\/aa9d3d24c83f2141e5e2709d0f63d09a99f6be6bb7a50abc4915838d9f54501a?s=96&d=mm&r=g","url":"https:\/\/secure.gravatar.com\/avatar\/aa9d3d24c83f2141e5e2709d0f63d09a99f6be6bb7a50abc4915838d9f54501a?s=96&d=mm&r=g","contentUrl":"https:\/\/secure.gravatar.com\/avatar\/aa9d3d24c83f2141e5e2709d0f63d09a99f6be6bb7a50abc4915838d9f54501a?s=96&d=mm&r=g","caption":"Mathieu"},"url":"https:\/\/www.altercampagne.net\/?author=214"}]}},"_links":{"self":[{"href":"https:\/\/www.altercampagne.net\/index.php?rest_route=\/wp\/v2\/posts\/12006","targetHints":{"allow":["GET"]}}],"collection":[{"href":"https:\/\/www.altercampagne.net\/index.php?rest_route=\/wp\/v2\/posts"}],"about":[{"href":"https:\/\/www.altercampagne.net\/index.php?rest_route=\/wp\/v2\/types\/post"}],"author":[{"embeddable":true,"href":"https:\/\/www.altercampagne.net\/index.php?rest_route=\/wp\/v2\/users\/214"}],"replies":[{"embeddable":true,"href":"https:\/\/www.altercampagne.net\/index.php?rest_route=%2Fwp%2Fv2%2Fcomments&post=12006"}],"version-history":[{"count":0,"href":"https:\/\/www.altercampagne.net\/index.php?rest_route=\/wp\/v2\/posts\/12006\/revisions"}],"wp:featuredmedia":[{"embeddable":true,"href":"https:\/\/www.altercampagne.net\/index.php?rest_route=\/wp\/v2\/media\/12007"}],"wp:attachment":[{"href":"https:\/\/www.altercampagne.net\/index.php?rest_route=%2Fwp%2Fv2%2Fmedia&parent=12006"}],"wp:term":[{"taxonomy":"category","embeddable":true,"href":"https:\/\/www.altercampagne.net\/index.php?rest_route=%2Fwp%2Fv2%2Fcategories&post=12006"},{"taxonomy":"post_tag","embeddable":true,"href":"https:\/\/www.altercampagne.net\/index.php?rest_route=%2Fwp%2Fv2%2Ftags&post=12006"}],"curies":[{"name":"wp","href":"https:\/\/api.w.org\/{rel}","templated":true}]}}