{"id":12012,"date":"2018-08-16T20:11:55","date_gmt":"2018-08-16T18:11:55","guid":{"rendered":"http:\/\/www.altercampagne.net\/?p=12012"},"modified":"2018-09-03T17:23:49","modified_gmt":"2018-09-03T15:23:49","slug":"laltertour-decouvre-les-initiatives-locales","status":"publish","type":"post","link":"https:\/\/www.altercampagne.net\/?p=12012","title":{"rendered":"L\u2019AlterTour d\u00e9couvre les initiatives locales"},"content":{"rendered":"<p><strong>L\u2019AlterTour est une sorte de tour de France \u00e0 v\u00e9lo des initiatives \u00e9cologiques, solidaires et autres, du moment qu\u2019elles sont alternatives. Depuis lundi, la soixantaine de participants a pos\u00e9 leurs v\u00e9los \u00e0 Saint-Di\u00e9-des-Vosges.<\/strong><\/p>\n<div class=\"richContentComponent textComponent\">\n<p>Lundi, est arriv\u00e9e une dr\u00f4le \u00e9quipe de cyclistes \u00e0 Saint-Di\u00e9-des-Vosges. La soixantaine de participants \u00e0 ce tour de France est partie d\u2019Amiens le 14\u00a0juillet dernier. Apr\u00e8s un tour dans le sud de l\u2019Ile-de-France, ils ont pris la direction de l\u2019Est. L\u2019AlterTour se veut une visite de projets alternatifs en mati\u00e8re d\u2019\u00e9conomie solidaire, d\u2019initiatives \u00e9cologiques ou d\u2019alternatives en termes d\u2019\u00e9ducation ou de culture.<\/p>\n<p>Dans ce p\u00e9riple de bonnes actions, selon les participants, il y a aussi les points n\u00e9gatifs qu\u2019ils soulignent, \u00ab\u00a0les projets inutiles\u00a0\u00bb comme ils les appellent. Pour cette 11<span class=\"exposant\">e<\/span> \u00a0\u00e9dition, ils d\u00e9signent Europa city en r\u00e9gion parisienne, le site d\u2019enfouissement de Bure dans la Meuse et le contournement de Strasbourg. Mais \u00e0 Saint-Di\u00e9-des-Vosges, ils \u00e9taient pr\u00e9sents pour le bon c\u00f4t\u00e9 de leur programme. Alors, ils ont s\u00e9lectionn\u00e9 l\u2019association Engrenage et la construction de la maison en paille \u00e0 Marzelay (voir nos \u00e9ditions pr\u00e9c\u00e9dentes).<\/p>\n<p>Ainsi, \u00e0 Engrenage, ils sont venus apprendre comment fonctionnait l\u2019association, quels \u00e9taient ses buts et les moyens d\u2019y arriver. Pour cela, Nicolas Liebaut, m\u00e9canicien qui a achet\u00e9 le local de l\u2019association, a expliqu\u00e9 l\u2019histoire d\u2019Engrenage. \u00ab\u00a0J\u2019\u00e9tais r\u00e9parateur ambulant, mais j\u2019expliquais \u00e0 mes clients comment faire pour r\u00e9parer car 80\u00a0% des pannes \u00e9taient tr\u00e8s basiques\u00a0\u00bb, dit-il. \u00ab\u00a0J\u2019ai bien fait de changer de m\u00e9tier\u00a0\u00bb, s\u2019amuse Nicolas.<\/p>\n<p>Ainsi, l\u2019association milite sur trois axes. En premier lieu, \u00e9viter la mise au rebut des vieux v\u00e9los d\u2019o\u00f9 la collecte et la r\u00e9paration. Ensuite, il y a la \u00ab\u00a0v\u00e9lonomie\u00a0\u00bb. C\u2019est-\u00e0-dire le fait que les propri\u00e9taires puissent acqu\u00e9rir les savoirs pour utiliser et r\u00e9parer leur monture eux-m\u00eames. Enfin, Engrenage d\u00e9fend \u00e9galement la place du v\u00e9lo en ville, avec le sens du partage de la route pour tous les utilisateurs. Ces explications ont suscit\u00e9 de nombreuses questions de la part de ces visiteurs venus des quatre coins de France, souvent eux-m\u00eames dans des associations, qui voulaient apprendre les mani\u00e8res de faire et les exp\u00e9riences. Ensuite, il \u00e9tait temps de passer \u00e0 l\u2019atelier. En effet, m\u00eame si ces participants roulent \u00e0 v\u00e9lo une soixantaine de kilom\u00e8tres par jour, leurs montures ont souffert, et beaucoup ne savent pas vraiment les r\u00e9parer. Ainsi, c\u2019\u00e9tait s\u00e9quence regonflage, r\u00e9glage de d\u00e9railleur, de freins\u2026 De la th\u00e9orie \u00e0 la pratique.<\/p>\n<\/div>\n<div class=\"richContentComponent textComponent\">\n<h4>La maison en paille<\/h4>\n<p>Mardi, les AlterTours \u00e9taient \u00e0 Marzelay pour la construction de la maison en paille et enduit de terre. Apr\u00e8s une explication sur la g\u00e9n\u00e8se du projet et ses points forts par les propri\u00e9taires, une partie des participants \u00e0 l\u2019AlterTour ont tout simplement mis la main \u00e0 la p\u00e2te ou plut\u00f4t \u00e0 la terre pour enduire. Mercredi, ils reprenaient la route pour Orbey, \u00e0 la d\u00e9couverte d\u2019autres initiatives, d\u2019autres projets conforment \u00e0 leur id\u00e9al.<\/p>\n<p style=\"text-align: right;\"><strong>C\u00e9dric CITRAIN, <a href=\"https:\/\/c.vosgesmatin.fr\/edition-de-saint-die\/2018\/08\/16\/l-altertour-decouvre-les-initiatives-locales\" target=\"_blank\" rel=\"noopener\">Vosges Matin<\/a>, Le 16\/08\/2018<\/strong><\/p>\n<\/div>\n","protected":false},"excerpt":{"rendered":"<p>L\u2019AlterTour est une sorte de tour de France \u00e0 v\u00e9lo des initiatives \u00e9cologiques, solidaires et autres, du moment qu\u2019elles sont alternatives. Depuis lundi, la soixantaine de participants a pos\u00e9 leurs v\u00e9los \u00e0 Saint-Di\u00e9-des-Vosges. Lundi, est arriv\u00e9e une dr\u00f4le \u00e9quipe de cyclistes \u00e0 Saint-Di\u00e9-des-Vosges. La soixantaine de participants \u00e0 ce tour &#8230; <\/p>\n<div><a href=\"https:\/\/www.altercampagne.net\/?p=12012\" class=\"more-link\">Read More<\/a><\/div>\n","protected":false},"author":214,"featured_media":12013,"comment_status":"closed","ping_status":"closed","sticky":false,"template":"","format":"standard","meta":{"footnotes":""},"categories":[3475,239,3470],"tags":[247,3234,3372,3732],"class_list":["post-12012","post","type-post","status-publish","format-standard","has-post-thumbnail","hentry","category-grand-est","category-revue-de-presse","category-edition-2018","tag-lorraine","tag-vosges","tag-saint-die-des-vosges","tag-vosges-matin"],"yoast_head":"<!-- This site is optimized with the Yoast SEO plugin v27.3 - https:\/\/yoast.com\/product\/yoast-seo-wordpress\/ -->\n<title>L\u2019AlterTour d\u00e9couvre les initiatives locales - AlterTour<\/title>\n<meta name=\"robots\" content=\"index, follow, max-snippet:-1, max-image-preview:large, max-video-preview:-1\" \/>\n<link rel=\"canonical\" href=\"https:\/\/www.altercampagne.net\/?p=12012\" \/>\n<meta property=\"og:locale\" content=\"fr_FR\" \/>\n<meta property=\"og:type\" content=\"article\" \/>\n<meta property=\"og:title\" content=\"L\u2019AlterTour d\u00e9couvre les initiatives locales - AlterTour\" \/>\n<meta property=\"og:description\" content=\"L\u2019AlterTour est une sorte de tour de France \u00e0 v\u00e9lo des initiatives \u00e9cologiques, solidaires et autres, du moment qu\u2019elles sont alternatives. Depuis lundi, la soixantaine de participants a pos\u00e9 leurs v\u00e9los \u00e0 Saint-Di\u00e9-des-Vosges. Lundi, est arriv\u00e9e une dr\u00f4le \u00e9quipe de cyclistes \u00e0 Saint-Di\u00e9-des-Vosges. La soixantaine de participants \u00e0 ce tour ... Read More\" \/>\n<meta property=\"og:url\" content=\"https:\/\/www.altercampagne.net\/?p=12012\" \/>\n<meta property=\"og:site_name\" content=\"AlterTour\" \/>\n<meta property=\"article:published_time\" content=\"2018-08-16T18:11:55+00:00\" \/>\n<meta property=\"article:modified_time\" content=\"2018-09-03T15:23:49+00:00\" \/>\n<meta property=\"og:image\" content=\"https:\/\/www.altercampagne.net\/wp-content\/uploads\/2018\/09\/AT2018-08-16-L-Altertour-decouvre-les-initiatives-locales-03.jpg\" \/>\n\t<meta property=\"og:image:width\" content=\"1000\" \/>\n\t<meta property=\"og:image:height\" content=\"523\" \/>\n\t<meta property=\"og:image:type\" content=\"image\/jpeg\" \/>\n<meta name=\"author\" content=\"Mathieu\" \/>\n<meta name=\"twitter:card\" content=\"summary_large_image\" \/>\n<meta name=\"twitter:label1\" content=\"\u00c9crit par\" \/>\n\t<meta name=\"twitter:data1\" content=\"Mathieu\" \/>\n\t<meta name=\"twitter:label2\" content=\"Dur\u00e9e de lecture estim\u00e9e\" \/>\n\t<meta name=\"twitter:data2\" content=\"3 minutes\" \/>\n<script type=\"application\/ld+json\" class=\"yoast-schema-graph\">{\"@context\":\"https:\\\/\\\/schema.org\",\"@graph\":[{\"@type\":\"Article\",\"@id\":\"https:\\\/\\\/www.altercampagne.net\\\/?p=12012#article\",\"isPartOf\":{\"@id\":\"https:\\\/\\\/www.altercampagne.net\\\/?p=12012\"},\"author\":{\"name\":\"Mathieu\",\"@id\":\"https:\\\/\\\/www.altercampagne.net\\\/#\\\/schema\\\/person\\\/0f261460c09e430caa0f9bcffa319109\"},\"headline\":\"L\u2019AlterTour d\u00e9couvre les initiatives locales\",\"datePublished\":\"2018-08-16T18:11:55+00:00\",\"dateModified\":\"2018-09-03T15:23:49+00:00\",\"mainEntityOfPage\":{\"@id\":\"https:\\\/\\\/www.altercampagne.net\\\/?p=12012\"},\"wordCount\":547,\"image\":{\"@id\":\"https:\\\/\\\/www.altercampagne.net\\\/?p=12012#primaryimage\"},\"thumbnailUrl\":\"https:\\\/\\\/www.altercampagne.net\\\/wp-content\\\/uploads\\\/2018\\\/09\\\/AT2018-08-16-L-Altertour-decouvre-les-initiatives-locales-03.jpg\",\"keywords\":[\"Lorraine\",\"Vosges\",\"Saint-Di\u00e9-des-Vosges\",\"Vosges Matin\"],\"articleSection\":[\"Grand Est\",\"Revue de presse\",\"\u00c9dition 2018\"],\"inLanguage\":\"fr-FR\"},{\"@type\":\"WebPage\",\"@id\":\"https:\\\/\\\/www.altercampagne.net\\\/?p=12012\",\"url\":\"https:\\\/\\\/www.altercampagne.net\\\/?p=12012\",\"name\":\"L\u2019AlterTour d\u00e9couvre les initiatives locales - AlterTour\",\"isPartOf\":{\"@id\":\"https:\\\/\\\/www.altercampagne.net\\\/#website\"},\"primaryImageOfPage\":{\"@id\":\"https:\\\/\\\/www.altercampagne.net\\\/?p=12012#primaryimage\"},\"image\":{\"@id\":\"https:\\\/\\\/www.altercampagne.net\\\/?p=12012#primaryimage\"},\"thumbnailUrl\":\"https:\\\/\\\/www.altercampagne.net\\\/wp-content\\\/uploads\\\/2018\\\/09\\\/AT2018-08-16-L-Altertour-decouvre-les-initiatives-locales-03.jpg\",\"datePublished\":\"2018-08-16T18:11:55+00:00\",\"dateModified\":\"2018-09-03T15:23:49+00:00\",\"author\":{\"@id\":\"https:\\\/\\\/www.altercampagne.net\\\/#\\\/schema\\\/person\\\/0f261460c09e430caa0f9bcffa319109\"},\"breadcrumb\":{\"@id\":\"https:\\\/\\\/www.altercampagne.net\\\/?p=12012#breadcrumb\"},\"inLanguage\":\"fr-FR\",\"potentialAction\":[{\"@type\":\"ReadAction\",\"target\":[\"https:\\\/\\\/www.altercampagne.net\\\/?p=12012\"]}]},{\"@type\":\"ImageObject\",\"inLanguage\":\"fr-FR\",\"@id\":\"https:\\\/\\\/www.altercampagne.net\\\/?p=12012#primaryimage\",\"url\":\"https:\\\/\\\/www.altercampagne.net\\\/wp-content\\\/uploads\\\/2018\\\/09\\\/AT2018-08-16-L-Altertour-decouvre-les-initiatives-locales-03.jpg\",\"contentUrl\":\"https:\\\/\\\/www.altercampagne.net\\\/wp-content\\\/uploads\\\/2018\\\/09\\\/AT2018-08-16-L-Altertour-decouvre-les-initiatives-locales-03.jpg\",\"width\":1000,\"height\":523},{\"@type\":\"BreadcrumbList\",\"@id\":\"https:\\\/\\\/www.altercampagne.net\\\/?p=12012#breadcrumb\",\"itemListElement\":[{\"@type\":\"ListItem\",\"position\":1,\"name\":\"Accueil\",\"item\":\"https:\\\/\\\/www.altercampagne.net\\\/\"},{\"@type\":\"ListItem\",\"position\":2,\"name\":\"L\u2019AlterTour d\u00e9couvre les initiatives locales\"}]},{\"@type\":\"WebSite\",\"@id\":\"https:\\\/\\\/www.altercampagne.net\\\/#website\",\"url\":\"https:\\\/\\\/www.altercampagne.net\\\/\",\"name\":\"AlterTour\",\"description\":\"Reliez les Alternatives \u00e0 v\u00e9lo\",\"potentialAction\":[{\"@type\":\"SearchAction\",\"target\":{\"@type\":\"EntryPoint\",\"urlTemplate\":\"https:\\\/\\\/www.altercampagne.net\\\/?s={search_term_string}\"},\"query-input\":{\"@type\":\"PropertyValueSpecification\",\"valueRequired\":true,\"valueName\":\"search_term_string\"}}],\"inLanguage\":\"fr-FR\"},{\"@type\":\"Person\",\"@id\":\"https:\\\/\\\/www.altercampagne.net\\\/#\\\/schema\\\/person\\\/0f261460c09e430caa0f9bcffa319109\",\"name\":\"Mathieu\",\"image\":{\"@type\":\"ImageObject\",\"inLanguage\":\"fr-FR\",\"@id\":\"https:\\\/\\\/secure.gravatar.com\\\/avatar\\\/aa9d3d24c83f2141e5e2709d0f63d09a99f6be6bb7a50abc4915838d9f54501a?s=96&d=mm&r=g\",\"url\":\"https:\\\/\\\/secure.gravatar.com\\\/avatar\\\/aa9d3d24c83f2141e5e2709d0f63d09a99f6be6bb7a50abc4915838d9f54501a?s=96&d=mm&r=g\",\"contentUrl\":\"https:\\\/\\\/secure.gravatar.com\\\/avatar\\\/aa9d3d24c83f2141e5e2709d0f63d09a99f6be6bb7a50abc4915838d9f54501a?s=96&d=mm&r=g\",\"caption\":\"Mathieu\"},\"url\":\"https:\\\/\\\/www.altercampagne.net\\\/?author=214\"}]}<\/script>\n<!-- \/ Yoast SEO plugin. -->","yoast_head_json":{"title":"L\u2019AlterTour d\u00e9couvre les initiatives locales - AlterTour","robots":{"index":"index","follow":"follow","max-snippet":"max-snippet:-1","max-image-preview":"max-image-preview:large","max-video-preview":"max-video-preview:-1"},"canonical":"https:\/\/www.altercampagne.net\/?p=12012","og_locale":"fr_FR","og_type":"article","og_title":"L\u2019AlterTour d\u00e9couvre les initiatives locales - AlterTour","og_description":"L\u2019AlterTour est une sorte de tour de France \u00e0 v\u00e9lo des initiatives \u00e9cologiques, solidaires et autres, du moment qu\u2019elles sont alternatives. Depuis lundi, la soixantaine de participants a pos\u00e9 leurs v\u00e9los \u00e0 Saint-Di\u00e9-des-Vosges. Lundi, est arriv\u00e9e une dr\u00f4le \u00e9quipe de cyclistes \u00e0 Saint-Di\u00e9-des-Vosges. La soixantaine de participants \u00e0 ce tour ... Read More","og_url":"https:\/\/www.altercampagne.net\/?p=12012","og_site_name":"AlterTour","article_published_time":"2018-08-16T18:11:55+00:00","article_modified_time":"2018-09-03T15:23:49+00:00","og_image":[{"width":1000,"height":523,"url":"https:\/\/www.altercampagne.net\/wp-content\/uploads\/2018\/09\/AT2018-08-16-L-Altertour-decouvre-les-initiatives-locales-03.jpg","type":"image\/jpeg"}],"author":"Mathieu","twitter_card":"summary_large_image","twitter_misc":{"\u00c9crit par":"Mathieu","Dur\u00e9e de lecture estim\u00e9e":"3 minutes"},"schema":{"@context":"https:\/\/schema.org","@graph":[{"@type":"Article","@id":"https:\/\/www.altercampagne.net\/?p=12012#article","isPartOf":{"@id":"https:\/\/www.altercampagne.net\/?p=12012"},"author":{"name":"Mathieu","@id":"https:\/\/www.altercampagne.net\/#\/schema\/person\/0f261460c09e430caa0f9bcffa319109"},"headline":"L\u2019AlterTour d\u00e9couvre les initiatives locales","datePublished":"2018-08-16T18:11:55+00:00","dateModified":"2018-09-03T15:23:49+00:00","mainEntityOfPage":{"@id":"https:\/\/www.altercampagne.net\/?p=12012"},"wordCount":547,"image":{"@id":"https:\/\/www.altercampagne.net\/?p=12012#primaryimage"},"thumbnailUrl":"https:\/\/www.altercampagne.net\/wp-content\/uploads\/2018\/09\/AT2018-08-16-L-Altertour-decouvre-les-initiatives-locales-03.jpg","keywords":["Lorraine","Vosges","Saint-Di\u00e9-des-Vosges","Vosges Matin"],"articleSection":["Grand Est","Revue de presse","\u00c9dition 2018"],"inLanguage":"fr-FR"},{"@type":"WebPage","@id":"https:\/\/www.altercampagne.net\/?p=12012","url":"https:\/\/www.altercampagne.net\/?p=12012","name":"L\u2019AlterTour d\u00e9couvre les initiatives locales - AlterTour","isPartOf":{"@id":"https:\/\/www.altercampagne.net\/#website"},"primaryImageOfPage":{"@id":"https:\/\/www.altercampagne.net\/?p=12012#primaryimage"},"image":{"@id":"https:\/\/www.altercampagne.net\/?p=12012#primaryimage"},"thumbnailUrl":"https:\/\/www.altercampagne.net\/wp-content\/uploads\/2018\/09\/AT2018-08-16-L-Altertour-decouvre-les-initiatives-locales-03.jpg","datePublished":"2018-08-16T18:11:55+00:00","dateModified":"2018-09-03T15:23:49+00:00","author":{"@id":"https:\/\/www.altercampagne.net\/#\/schema\/person\/0f261460c09e430caa0f9bcffa319109"},"breadcrumb":{"@id":"https:\/\/www.altercampagne.net\/?p=12012#breadcrumb"},"inLanguage":"fr-FR","potentialAction":[{"@type":"ReadAction","target":["https:\/\/www.altercampagne.net\/?p=12012"]}]},{"@type":"ImageObject","inLanguage":"fr-FR","@id":"https:\/\/www.altercampagne.net\/?p=12012#primaryimage","url":"https:\/\/www.altercampagne.net\/wp-content\/uploads\/2018\/09\/AT2018-08-16-L-Altertour-decouvre-les-initiatives-locales-03.jpg","contentUrl":"https:\/\/www.altercampagne.net\/wp-content\/uploads\/2018\/09\/AT2018-08-16-L-Altertour-decouvre-les-initiatives-locales-03.jpg","width":1000,"height":523},{"@type":"BreadcrumbList","@id":"https:\/\/www.altercampagne.net\/?p=12012#breadcrumb","itemListElement":[{"@type":"ListItem","position":1,"name":"Accueil","item":"https:\/\/www.altercampagne.net\/"},{"@type":"ListItem","position":2,"name":"L\u2019AlterTour d\u00e9couvre les initiatives locales"}]},{"@type":"WebSite","@id":"https:\/\/www.altercampagne.net\/#website","url":"https:\/\/www.altercampagne.net\/","name":"AlterTour","description":"Reliez les Alternatives \u00e0 v\u00e9lo","potentialAction":[{"@type":"SearchAction","target":{"@type":"EntryPoint","urlTemplate":"https:\/\/www.altercampagne.net\/?s={search_term_string}"},"query-input":{"@type":"PropertyValueSpecification","valueRequired":true,"valueName":"search_term_string"}}],"inLanguage":"fr-FR"},{"@type":"Person","@id":"https:\/\/www.altercampagne.net\/#\/schema\/person\/0f261460c09e430caa0f9bcffa319109","name":"Mathieu","image":{"@type":"ImageObject","inLanguage":"fr-FR","@id":"https:\/\/secure.gravatar.com\/avatar\/aa9d3d24c83f2141e5e2709d0f63d09a99f6be6bb7a50abc4915838d9f54501a?s=96&d=mm&r=g","url":"https:\/\/secure.gravatar.com\/avatar\/aa9d3d24c83f2141e5e2709d0f63d09a99f6be6bb7a50abc4915838d9f54501a?s=96&d=mm&r=g","contentUrl":"https:\/\/secure.gravatar.com\/avatar\/aa9d3d24c83f2141e5e2709d0f63d09a99f6be6bb7a50abc4915838d9f54501a?s=96&d=mm&r=g","caption":"Mathieu"},"url":"https:\/\/www.altercampagne.net\/?author=214"}]}},"_links":{"self":[{"href":"https:\/\/www.altercampagne.net\/index.php?rest_route=\/wp\/v2\/posts\/12012","targetHints":{"allow":["GET"]}}],"collection":[{"href":"https:\/\/www.altercampagne.net\/index.php?rest_route=\/wp\/v2\/posts"}],"about":[{"href":"https:\/\/www.altercampagne.net\/index.php?rest_route=\/wp\/v2\/types\/post"}],"author":[{"embeddable":true,"href":"https:\/\/www.altercampagne.net\/index.php?rest_route=\/wp\/v2\/users\/214"}],"replies":[{"embeddable":true,"href":"https:\/\/www.altercampagne.net\/index.php?rest_route=%2Fwp%2Fv2%2Fcomments&post=12012"}],"version-history":[{"count":0,"href":"https:\/\/www.altercampagne.net\/index.php?rest_route=\/wp\/v2\/posts\/12012\/revisions"}],"wp:featuredmedia":[{"embeddable":true,"href":"https:\/\/www.altercampagne.net\/index.php?rest_route=\/wp\/v2\/media\/12013"}],"wp:attachment":[{"href":"https:\/\/www.altercampagne.net\/index.php?rest_route=%2Fwp%2Fv2%2Fmedia&parent=12012"}],"wp:term":[{"taxonomy":"category","embeddable":true,"href":"https:\/\/www.altercampagne.net\/index.php?rest_route=%2Fwp%2Fv2%2Fcategories&post=12012"},{"taxonomy":"post_tag","embeddable":true,"href":"https:\/\/www.altercampagne.net\/index.php?rest_route=%2Fwp%2Fv2%2Ftags&post=12012"}],"curies":[{"name":"wp","href":"https:\/\/api.w.org\/{rel}","templated":true}]}}